{"id":8253,"date":"2016-03-31T14:09:00","date_gmt":"2016-03-31T13:09:00","guid":{"rendered":"http:\/\/www.escalade.pro\/news\/?p=8253"},"modified":"2023-03-21T11:57:37","modified_gmt":"2023-03-21T10:57:37","slug":"video-ski-face-sud-moine","status":"publish","type":"post","link":"https:\/\/www.escalade.pro\/news\/video-ski-face-sud-moine\/","title":{"rendered":"Vid\u00e9o et interview ski: face sud du Moine"},"content":{"rendered":"<figure id=\"attachment_8259\" aria-describedby=\"caption-attachment-8259\" style=\"width: 300px\" class=\"wp-caption aligncenter\"><a href=\"http:\/\/www.escalade.pro\/news\/wp-content\/uploads\/2016\/03\/moine.jpg\" rel=\"attachment wp-att-8259\"><img loading=\"lazy\" decoding=\"async\" class=\"size-medium wp-image-8259\" src=\"http:\/\/www.escalade.pro\/news\/wp-content\/uploads\/2016\/03\/moine-300x225.jpg\" alt=\"\u00a9 Titi Gentet\" width=\"300\" height=\"225\" srcset=\"https:\/\/www.escalade.pro\/news\/wp-content\/uploads\/2016\/03\/moine-300x225.jpg 300w, https:\/\/www.escalade.pro\/news\/wp-content\/uploads\/2016\/03\/moine-768x576.jpg 768w, https:\/\/www.escalade.pro\/news\/wp-content\/uploads\/2016\/03\/moine-600x450.jpg 600w, https:\/\/www.escalade.pro\/news\/wp-content\/uploads\/2016\/03\/moine-200x150.jpg 200w, https:\/\/www.escalade.pro\/news\/wp-content\/uploads\/2016\/03\/moine.jpg 900w\" sizes=\"auto, (max-width: 300px) 100vw, 300px\" \/><\/a><figcaption id=\"caption-attachment-8259\" class=\"wp-caption-text\">\u00a9 Titi Gentet<\/figcaption><\/figure>\n<p>Plusieurs premi\u00e8res en ski de pente raide superbes ont \u00e9t\u00e9 r\u00e9alis\u00e9es cet hiver, avec par exemple Vivian Bruchez et Kilian Jornet \u00e0 l&rsquo;Aiguille du Chardonnet (<a href=\"http:\/\/vivianbruchez.blogspot.fr\/2016\/03\/la-vire-de-lune.html\" target=\"_blank\" rel=\"noopener\">vivianbruchez.blogspot.fr<\/a>) ou encore Julien \u00ab\u00a0Pica\u00a0\u00bb Herry et ses potes \u00e0 la Grande Rocheuse (<a href=\"http:\/\/www.tvmountain.com\/video\/glisse\/11163-grande-rocheuse-pilier-sud-premiere-ski-snowboard-chamonix-mont-blanc-alpinisme-pente-raide.html\" target=\"_blank\" rel=\"noopener\">www.tvmountain.com<\/a>). <strong>Si cette descente de la face sud de l&rsquo;Aiguille du Moine (3412m, massif du Mont Blanc ) le samedi 26 mars par Yannick Boissenot (<a href=\"http:\/\/www.redpointmovie.com\/#!films\/c1yv8\" target=\"_blank\" rel=\"noopener\">www.redpointmovie.com<\/a>), Steph \u00ab\u00a0Groug\u00a0\u00bb Roguet (<a href=\"http:\/\/faceauvide.com\/\" target=\"_blank\" rel=\"noopener\">www.faceauvide.com<\/a>), \u00ab\u00a0Titi\u00a0\u00bb Gentet et Nico Brunel n&rsquo;est pas une premi\u00e8re, cela reste une r\u00e9alisation particuli\u00e8re par son exposition et sa raideur (si la vid\u00e9o vous laisse insensible, engagez vous dans les forces sp\u00e9ciales), mais aussi et surtout par l&rsquo;hommage au talent et \u00e0 l&rsquo;audace de Jean-Marc Boivin qui, en 1987, osait se lancer dans cette face avec des skis droits de plus de deux m\u00e8tres.<\/strong><\/p>\n<p><strong><u>Groug raconte:<\/u><br \/>\n\u00ab\u00a0La journ\u00e9e a mal commenc\u00e9 pour moi. Je n&rsquo;ai pas le forfait pour la saison, le temps que je fasse la queue pour prendre mon ticket et les copains avaient pris la benne trois quarts d&rsquo;heure avant moi! J&rsquo;ai du cravacher dur pour les rattraper. En skiant la Vall\u00e9e Blanche j&rsquo;ai m\u00eame failli tomber dans une crevasse car je regardais plus la face que o\u00f9 je mettais mes skis.<br \/>\nLa face est bien enneig\u00e9e cette ann\u00e9e, nous n&rsquo;avons pas sorti la corde durant la mont\u00e9e et pour la descente la neige \u00e9tait juste revenue comme il faut, nous avons eu beaucoup de chance. Mais quand tu chausses au sommet, qui est confortable, les 50\/60 premiers m\u00e8tres sont vraiment tr\u00e8s tr\u00e8s raides. Ce sont les 10 virages les plus raides que j&rsquo;ai jamais faits, de plus il faut les poser sans mise en jambe. Mais la vid\u00e9o att\u00e9nue l&rsquo;inclinaison de la pente malheureusement.<br \/>\nNous n&rsquo;avons pas utilis\u00e9 exactement le m\u00eame itin\u00e9raire que Boivin qui \u00e9tait pass\u00e9 plus \u00e0 droite quand on regarde la face d&rsquo;en bas. Notre itin\u00e9raire est plus direct, par un couloir \u00e0 c\u00f4t\u00e9 d&rsquo;un grand gendarme, mais la neige nous semblait meilleure, plus d\u00e9caill\u00e9e, et il \u00e9vite la grande travers\u00e9e sur le bas de la face.<br \/>\nNous avons d\u00fb sortir 2 fois la corde durant la descente, une fois pour un rappel skis aux pieds dans un \u00e9troiture, une autre fois sur un corps mort pour assurer une travers\u00e9e \u00e0 la sortie de la face. A cette endroit JMB avait pu passer tout droit mais la rimaye rendait cette ann\u00e9e ce passage impossible \u00e0 ski.\u00a0\u00bb<br \/>\n<\/strong><\/p>\n","protected":false},"excerpt":{"rendered":"<p>Plusieurs premi\u00e8res en ski de pente raide superbes ont \u00e9t\u00e9 r\u00e9alis\u00e9es cet hiver, avec par exemple Vivian Bruchez et Kilian<\/p>\n","protected":false},"author":1,"featured_media":0,"comment_status":"open","ping_status":"open","sticky":false,"template":"","format":"standard","meta":{"colormag_page_container_layout":"default_layout","colormag_page_sidebar_layout":"default_layout","_monsterinsights_skip_tracking":false,"_monsterinsights_sitenote_active":false,"_monsterinsights_sitenote_note":"","_monsterinsights_sitenote_category":0,"ngg_post_thumbnail":0,"jetpack_post_was_ever_published":false,"_jetpack_newsletter_access":"","_jetpack_dont_email_post_to_subs":false,"_jetpack_newsletter_tier_id":0,"_jetpack_memberships_contains_paywalled_content":false,"_jetpack_memberships_contains_paid_content":false,"footnotes":"","jetpack_publicize_message":"","jetpack_publicize_feature_enabled":true,"jetpack_social_post_already_shared":true,"jetpack_social_options":{"image_generator_settings":{"template":"highway","default_image_id":0,"font":"","enabled":false},"version":2}},"categories":[5,1,8,7],"tags":[],"class_list":["post-8253","post","type-post","status-publish","format-standard","hentry","category-alpinisme","category-news","category-ski-freeride","category-videos"],"yoast_head":"<!-- This site is optimized with the Yoast SEO plugin v27.4 - https:\/\/yoast.com\/product\/yoast-seo-wordpress\/ -->\n<title>Vid\u00e9o et interview ski: face sud du Moine &#8211; L&#039;Arqu\u00e9e Libre - Fred Vionnet entraineur\/moniteur escalade<\/title>\n<meta name=\"robots\" content=\"index, follow, max-snippet:-1, max-image-preview:large, max-video-preview:-1\" \/>\n<link rel=\"canonical\" href=\"https:\/\/www.escalade.pro\/news\/video-ski-face-sud-moine\/\" \/>\n<meta property=\"og:locale\" content=\"fr_FR\" \/>\n<meta property=\"og:type\" content=\"article\" \/>\n<meta property=\"og:title\" content=\"Vid\u00e9o et interview ski: face sud du Moine &#8211; L&#039;Arqu\u00e9e Libre - Fred Vionnet entraineur\/moniteur escalade\" \/>\n<meta property=\"og:description\" content=\"Plusieurs premi\u00e8res en ski de pente raide superbes ont \u00e9t\u00e9 r\u00e9alis\u00e9es cet hiver, avec par exemple Vivian Bruchez et Kilian\" \/>\n<meta property=\"og:url\" content=\"https:\/\/www.escalade.pro\/news\/video-ski-face-sud-moine\/\" \/>\n<meta property=\"og:site_name\" content=\"L&#039;Arqu\u00e9e Libre - Fred Vionnet entraineur\/moniteur escalade\" \/>\n<meta property=\"article:publisher\" content=\"https:\/\/www.facebook.com\/grimpisme\/\" \/>\n<meta property=\"article:author\" content=\"https:\/\/www.facebook.com\/fredCaillouXvionnet\" \/>\n<meta property=\"article:published_time\" content=\"2016-03-31T13:09:00+00:00\" \/>\n<meta property=\"article:modified_time\" content=\"2023-03-21T10:57:37+00:00\" \/>\n<meta property=\"og:image\" content=\"http:\/\/www.escalade.pro\/news\/wp-content\/uploads\/2016\/03\/moine-300x225.jpg\" \/>\n<meta name=\"author\" content=\"Fred Vionnet\" \/>\n<meta name=\"twitter:card\" content=\"summary_large_image\" \/>\n<meta name=\"twitter:label1\" content=\"\u00c9crit par\" \/>\n\t<meta name=\"twitter:data1\" content=\"Fred Vionnet\" \/>\n\t<meta name=\"twitter:label2\" content=\"Dur\u00e9e de lecture estim\u00e9e\" \/>\n\t<meta name=\"twitter:data2\" content=\"3 minutes\" \/>\n<script type=\"application\/ld+json\" class=\"yoast-schema-graph\">{\"@context\":\"https:\\\/\\\/schema.org\",\"@graph\":[{\"@type\":\"Article\",\"@id\":\"https:\\\/\\\/www.escalade.pro\\\/news\\\/video-ski-face-sud-moine\\\/#article\",\"isPartOf\":{\"@id\":\"https:\\\/\\\/www.escalade.pro\\\/news\\\/video-ski-face-sud-moine\\\/\"},\"author\":{\"name\":\"Fred Vionnet\",\"@id\":\"https:\\\/\\\/www.escalade.pro\\\/news\\\/#\\\/schema\\\/person\\\/e0e0520aa48cfda56ae5406c2fe2caeb\"},\"headline\":\"Vid\u00e9o et interview ski: face sud du Moine\",\"datePublished\":\"2016-03-31T13:09:00+00:00\",\"dateModified\":\"2023-03-21T10:57:37+00:00\",\"mainEntityOfPage\":{\"@id\":\"https:\\\/\\\/www.escalade.pro\\\/news\\\/video-ski-face-sud-moine\\\/\"},\"wordCount\":443,\"commentCount\":2,\"publisher\":{\"@id\":\"https:\\\/\\\/www.escalade.pro\\\/news\\\/#organization\"},\"image\":{\"@id\":\"https:\\\/\\\/www.escalade.pro\\\/news\\\/video-ski-face-sud-moine\\\/#primaryimage\"},\"thumbnailUrl\":\"http:\\\/\\\/www.escalade.pro\\\/news\\\/wp-content\\\/uploads\\\/2016\\\/03\\\/moine-300x225.jpg\",\"articleSection\":[\"Alpinisme\",\"News et actu\",\"Ski de rando et freeride\",\"Vid\u00e9os\"],\"inLanguage\":\"fr-FR\",\"potentialAction\":[{\"@type\":\"CommentAction\",\"name\":\"Comment\",\"target\":[\"https:\\\/\\\/www.escalade.pro\\\/news\\\/video-ski-face-sud-moine\\\/#respond\"]}]},{\"@type\":\"WebPage\",\"@id\":\"https:\\\/\\\/www.escalade.pro\\\/news\\\/video-ski-face-sud-moine\\\/\",\"url\":\"https:\\\/\\\/www.escalade.pro\\\/news\\\/video-ski-face-sud-moine\\\/\",\"name\":\"Vid\u00e9o et interview ski: face sud du Moine &#8211; L&#039;Arqu\u00e9e Libre - Fred Vionnet entraineur\\\/moniteur escalade\",\"isPartOf\":{\"@id\":\"https:\\\/\\\/www.escalade.pro\\\/news\\\/#website\"},\"primaryImageOfPage\":{\"@id\":\"https:\\\/\\\/www.escalade.pro\\\/news\\\/video-ski-face-sud-moine\\\/#primaryimage\"},\"image\":{\"@id\":\"https:\\\/\\\/www.escalade.pro\\\/news\\\/video-ski-face-sud-moine\\\/#primaryimage\"},\"thumbnailUrl\":\"http:\\\/\\\/www.escalade.pro\\\/news\\\/wp-content\\\/uploads\\\/2016\\\/03\\\/moine-300x225.jpg\",\"datePublished\":\"2016-03-31T13:09:00+00:00\",\"dateModified\":\"2023-03-21T10:57:37+00:00\",\"breadcrumb\":{\"@id\":\"https:\\\/\\\/www.escalade.pro\\\/news\\\/video-ski-face-sud-moine\\\/#breadcrumb\"},\"inLanguage\":\"fr-FR\",\"potentialAction\":[{\"@type\":\"ReadAction\",\"target\":[\"https:\\\/\\\/www.escalade.pro\\\/news\\\/video-ski-face-sud-moine\\\/\"]}]},{\"@type\":\"ImageObject\",\"inLanguage\":\"fr-FR\",\"@id\":\"https:\\\/\\\/www.escalade.pro\\\/news\\\/video-ski-face-sud-moine\\\/#primaryimage\",\"url\":\"https:\\\/\\\/www.escalade.pro\\\/news\\\/wp-content\\\/uploads\\\/2016\\\/03\\\/moine.jpg\",\"contentUrl\":\"https:\\\/\\\/www.escalade.pro\\\/news\\\/wp-content\\\/uploads\\\/2016\\\/03\\\/moine.jpg\",\"width\":900,\"height\":675,\"caption\":\"\u00a9 Titi Gentet\"},{\"@type\":\"BreadcrumbList\",\"@id\":\"https:\\\/\\\/www.escalade.pro\\\/news\\\/video-ski-face-sud-moine\\\/#breadcrumb\",\"itemListElement\":[{\"@type\":\"ListItem\",\"position\":1,\"name\":\"Accueil\",\"item\":\"https:\\\/\\\/www.escalade.pro\\\/news\\\/\"},{\"@type\":\"ListItem\",\"position\":2,\"name\":\"Vid\u00e9o et interview ski: face sud du Moine\"}]},{\"@type\":\"WebSite\",\"@id\":\"https:\\\/\\\/www.escalade.pro\\\/news\\\/#website\",\"url\":\"https:\\\/\\\/www.escalade.pro\\\/news\\\/\",\"name\":\"L&#039;Arqu\u00e9e Libre - Fred Vionnet entraineur\\\/moniteur escalade\",\"description\":\"Coaching et entrainement escalade. Buoux, C\u00e9\u00fcse et Fontainebleau.\",\"publisher\":{\"@id\":\"https:\\\/\\\/www.escalade.pro\\\/news\\\/#organization\"},\"potentialAction\":[{\"@type\":\"SearchAction\",\"target\":{\"@type\":\"EntryPoint\",\"urlTemplate\":\"https:\\\/\\\/www.escalade.pro\\\/news\\\/?s={search_term_string}\"},\"query-input\":{\"@type\":\"PropertyValueSpecification\",\"valueRequired\":true,\"valueName\":\"search_term_string\"}}],\"inLanguage\":\"fr-FR\"},{\"@type\":\"Organization\",\"@id\":\"https:\\\/\\\/www.escalade.pro\\\/news\\\/#organization\",\"name\":\"L&#039;Arqu\u00e9e Libre - Fred Vionnet entraineur\\\/moniteur escalade\",\"url\":\"https:\\\/\\\/www.escalade.pro\\\/news\\\/\",\"logo\":{\"@type\":\"ImageObject\",\"inLanguage\":\"fr-FR\",\"@id\":\"https:\\\/\\\/www.escalade.pro\\\/news\\\/#\\\/schema\\\/logo\\\/image\\\/\",\"url\":\"https:\\\/\\\/www.escalade.pro\\\/news\\\/wp-content\\\/uploads\\\/2026\\\/04\\\/logo-wp-AL-avril-2026-1.jpg\",\"contentUrl\":\"https:\\\/\\\/www.escalade.pro\\\/news\\\/wp-content\\\/uploads\\\/2026\\\/04\\\/logo-wp-AL-avril-2026-1.jpg\",\"width\":1955,\"height\":902,\"caption\":\"L&#039;Arqu\u00e9e Libre - Fred Vionnet entraineur\\\/moniteur escalade\"},\"image\":{\"@id\":\"https:\\\/\\\/www.escalade.pro\\\/news\\\/#\\\/schema\\\/logo\\\/image\\\/\"},\"sameAs\":[\"https:\\\/\\\/www.facebook.com\\\/grimpisme\\\/\",\"https:\\\/\\\/www.instagram.com\\\/grimpisme\\\/\",\"https:\\\/\\\/www.linkedin.com\\\/in\\\/fred-vionnet-6284b96a\\\/\",\"https:\\\/\\\/fr.pinterest.com\\\/grimpisme\\\/\",\"https:\\\/\\\/www.youtube.com\\\/@grimpisme\"]},{\"@type\":\"Person\",\"@id\":\"https:\\\/\\\/www.escalade.pro\\\/news\\\/#\\\/schema\\\/person\\\/e0e0520aa48cfda56ae5406c2fe2caeb\",\"name\":\"Fred Vionnet\",\"image\":{\"@type\":\"ImageObject\",\"inLanguage\":\"fr-FR\",\"@id\":\"https:\\\/\\\/secure.gravatar.com\\\/avatar\\\/a2f6c5fc695da895033dcd95afaa6aeda795d5122ab3a22a03e24aab7f3d96a6?s=96&d=blank&r=g\",\"url\":\"https:\\\/\\\/secure.gravatar.com\\\/avatar\\\/a2f6c5fc695da895033dcd95afaa6aeda795d5122ab3a22a03e24aab7f3d96a6?s=96&d=blank&r=g\",\"contentUrl\":\"https:\\\/\\\/secure.gravatar.com\\\/avatar\\\/a2f6c5fc695da895033dcd95afaa6aeda795d5122ab3a22a03e24aab7f3d96a6?s=96&d=blank&r=g\",\"caption\":\"Fred Vionnet\"},\"description\":\"Coach escalade en Haute Savoie. Pas contre une grande voie non plus. Mais on va \u00e0 C\u00e9\u00fcse, Fontainebleau, Buoux ou encore les Gorges du Verdon quand vous voulez.\",\"sameAs\":[\"http:\\\/\\\/www.grimpisme.com\",\"https:\\\/\\\/www.facebook.com\\\/fredCaillouXvionnet\",\"https:\\\/\\\/www.linkedin.com\\\/profile\\\/preview?vpa=pub&locale=fr_FR\",\"https:\\\/\\\/fr.pinterest.com\\\/grimpisme\\\/\",\"https:\\\/\\\/www.youtube.com\\\/user\\\/grimpisme\",\"https:\\\/\\\/soundcloud.com\\\/fredvionnet\"],\"url\":\"https:\\\/\\\/www.escalade.pro\\\/news\\\/author\\\/fred\\\/\"}]}<\/script>\n<!-- \/ Yoast SEO plugin. -->","yoast_head_json":{"title":"Vid\u00e9o et interview ski: face sud du Moine &#8211; L&#039;Arqu\u00e9e Libre - Fred Vionnet entraineur\/moniteur escalade","robots":{"index":"index","follow":"follow","max-snippet":"max-snippet:-1","max-image-preview":"max-image-preview:large","max-video-preview":"max-video-preview:-1"},"canonical":"https:\/\/www.escalade.pro\/news\/video-ski-face-sud-moine\/","og_locale":"fr_FR","og_type":"article","og_title":"Vid\u00e9o et interview ski: face sud du Moine &#8211; L&#039;Arqu\u00e9e Libre - Fred Vionnet entraineur\/moniteur escalade","og_description":"Plusieurs premi\u00e8res en ski de pente raide superbes ont \u00e9t\u00e9 r\u00e9alis\u00e9es cet hiver, avec par exemple Vivian Bruchez et Kilian","og_url":"https:\/\/www.escalade.pro\/news\/video-ski-face-sud-moine\/","og_site_name":"L&#039;Arqu\u00e9e Libre - Fred Vionnet entraineur\/moniteur escalade","article_publisher":"https:\/\/www.facebook.com\/grimpisme\/","article_author":"https:\/\/www.facebook.com\/fredCaillouXvionnet","article_published_time":"2016-03-31T13:09:00+00:00","article_modified_time":"2023-03-21T10:57:37+00:00","og_image":[{"url":"http:\/\/www.escalade.pro\/news\/wp-content\/uploads\/2016\/03\/moine-300x225.jpg","type":"","width":"","height":""}],"author":"Fred Vionnet","twitter_card":"summary_large_image","twitter_misc":{"\u00c9crit par":"Fred Vionnet","Dur\u00e9e de lecture estim\u00e9e":"3 minutes"},"schema":{"@context":"https:\/\/schema.org","@graph":[{"@type":"Article","@id":"https:\/\/www.escalade.pro\/news\/video-ski-face-sud-moine\/#article","isPartOf":{"@id":"https:\/\/www.escalade.pro\/news\/video-ski-face-sud-moine\/"},"author":{"name":"Fred Vionnet","@id":"https:\/\/www.escalade.pro\/news\/#\/schema\/person\/e0e0520aa48cfda56ae5406c2fe2caeb"},"headline":"Vid\u00e9o et interview ski: face sud du Moine","datePublished":"2016-03-31T13:09:00+00:00","dateModified":"2023-03-21T10:57:37+00:00","mainEntityOfPage":{"@id":"https:\/\/www.escalade.pro\/news\/video-ski-face-sud-moine\/"},"wordCount":443,"commentCount":2,"publisher":{"@id":"https:\/\/www.escalade.pro\/news\/#organization"},"image":{"@id":"https:\/\/www.escalade.pro\/news\/video-ski-face-sud-moine\/#primaryimage"},"thumbnailUrl":"http:\/\/www.escalade.pro\/news\/wp-content\/uploads\/2016\/03\/moine-300x225.jpg","articleSection":["Alpinisme","News et actu","Ski de rando et freeride","Vid\u00e9os"],"inLanguage":"fr-FR","potentialAction":[{"@type":"CommentAction","name":"Comment","target":["https:\/\/www.escalade.pro\/news\/video-ski-face-sud-moine\/#respond"]}]},{"@type":"WebPage","@id":"https:\/\/www.escalade.pro\/news\/video-ski-face-sud-moine\/","url":"https:\/\/www.escalade.pro\/news\/video-ski-face-sud-moine\/","name":"Vid\u00e9o et interview ski: face sud du Moine &#8211; L&#039;Arqu\u00e9e Libre - Fred Vionnet entraineur\/moniteur escalade","isPartOf":{"@id":"https:\/\/www.escalade.pro\/news\/#website"},"primaryImageOfPage":{"@id":"https:\/\/www.escalade.pro\/news\/video-ski-face-sud-moine\/#primaryimage"},"image":{"@id":"https:\/\/www.escalade.pro\/news\/video-ski-face-sud-moine\/#primaryimage"},"thumbnailUrl":"http:\/\/www.escalade.pro\/news\/wp-content\/uploads\/2016\/03\/moine-300x225.jpg","datePublished":"2016-03-31T13:09:00+00:00","dateModified":"2023-03-21T10:57:37+00:00","breadcrumb":{"@id":"https:\/\/www.escalade.pro\/news\/video-ski-face-sud-moine\/#breadcrumb"},"inLanguage":"fr-FR","potentialAction":[{"@type":"ReadAction","target":["https:\/\/www.escalade.pro\/news\/video-ski-face-sud-moine\/"]}]},{"@type":"ImageObject","inLanguage":"fr-FR","@id":"https:\/\/www.escalade.pro\/news\/video-ski-face-sud-moine\/#primaryimage","url":"https:\/\/www.escalade.pro\/news\/wp-content\/uploads\/2016\/03\/moine.jpg","contentUrl":"https:\/\/www.escalade.pro\/news\/wp-content\/uploads\/2016\/03\/moine.jpg","width":900,"height":675,"caption":"\u00a9 Titi Gentet"},{"@type":"BreadcrumbList","@id":"https:\/\/www.escalade.pro\/news\/video-ski-face-sud-moine\/#breadcrumb","itemListElement":[{"@type":"ListItem","position":1,"name":"Accueil","item":"https:\/\/www.escalade.pro\/news\/"},{"@type":"ListItem","position":2,"name":"Vid\u00e9o et interview ski: face sud du Moine"}]},{"@type":"WebSite","@id":"https:\/\/www.escalade.pro\/news\/#website","url":"https:\/\/www.escalade.pro\/news\/","name":"L&#039;Arqu\u00e9e Libre - Fred Vionnet entraineur\/moniteur escalade","description":"Coaching et entrainement escalade. Buoux, C\u00e9\u00fcse et Fontainebleau.","publisher":{"@id":"https:\/\/www.escalade.pro\/news\/#organization"},"potentialAction":[{"@type":"SearchAction","target":{"@type":"EntryPoint","urlTemplate":"https:\/\/www.escalade.pro\/news\/?s={search_term_string}"},"query-input":{"@type":"PropertyValueSpecification","valueRequired":true,"valueName":"search_term_string"}}],"inLanguage":"fr-FR"},{"@type":"Organization","@id":"https:\/\/www.escalade.pro\/news\/#organization","name":"L&#039;Arqu\u00e9e Libre - Fred Vionnet entraineur\/moniteur escalade","url":"https:\/\/www.escalade.pro\/news\/","logo":{"@type":"ImageObject","inLanguage":"fr-FR","@id":"https:\/\/www.escalade.pro\/news\/#\/schema\/logo\/image\/","url":"https:\/\/www.escalade.pro\/news\/wp-content\/uploads\/2026\/04\/logo-wp-AL-avril-2026-1.jpg","contentUrl":"https:\/\/www.escalade.pro\/news\/wp-content\/uploads\/2026\/04\/logo-wp-AL-avril-2026-1.jpg","width":1955,"height":902,"caption":"L&#039;Arqu\u00e9e Libre - Fred Vionnet entraineur\/moniteur escalade"},"image":{"@id":"https:\/\/www.escalade.pro\/news\/#\/schema\/logo\/image\/"},"sameAs":["https:\/\/www.facebook.com\/grimpisme\/","https:\/\/www.instagram.com\/grimpisme\/","https:\/\/www.linkedin.com\/in\/fred-vionnet-6284b96a\/","https:\/\/fr.pinterest.com\/grimpisme\/","https:\/\/www.youtube.com\/@grimpisme"]},{"@type":"Person","@id":"https:\/\/www.escalade.pro\/news\/#\/schema\/person\/e0e0520aa48cfda56ae5406c2fe2caeb","name":"Fred Vionnet","image":{"@type":"ImageObject","inLanguage":"fr-FR","@id":"https:\/\/secure.gravatar.com\/avatar\/a2f6c5fc695da895033dcd95afaa6aeda795d5122ab3a22a03e24aab7f3d96a6?s=96&d=blank&r=g","url":"https:\/\/secure.gravatar.com\/avatar\/a2f6c5fc695da895033dcd95afaa6aeda795d5122ab3a22a03e24aab7f3d96a6?s=96&d=blank&r=g","contentUrl":"https:\/\/secure.gravatar.com\/avatar\/a2f6c5fc695da895033dcd95afaa6aeda795d5122ab3a22a03e24aab7f3d96a6?s=96&d=blank&r=g","caption":"Fred Vionnet"},"description":"Coach escalade en Haute Savoie. Pas contre une grande voie non plus. Mais on va \u00e0 C\u00e9\u00fcse, Fontainebleau, Buoux ou encore les Gorges du Verdon quand vous voulez.","sameAs":["http:\/\/www.grimpisme.com","https:\/\/www.facebook.com\/fredCaillouXvionnet","https:\/\/www.linkedin.com\/profile\/preview?vpa=pub&locale=fr_FR","https:\/\/fr.pinterest.com\/grimpisme\/","https:\/\/www.youtube.com\/user\/grimpisme","https:\/\/soundcloud.com\/fredvionnet"],"url":"https:\/\/www.escalade.pro\/news\/author\/fred\/"}]}},"jetpack_publicize_connections":[],"jetpack_featured_media_url":"","jetpack_sharing_enabled":true,"jetpack_shortlink":"https:\/\/wp.me\/p68Rw6-297","jetpack-related-posts":[{"id":8327,"url":"https:\/\/www.escalade.pro\/news\/video-ski-face-nord-courtes-voie-des-autrichiens\/","url_meta":{"origin":8253,"position":0},"title":"Vid\u00e9o et interview ski: face nord des Courtes, voie des Autrichiens","author":"Fred Vionnet","date":"12 avril 2016","format":false,"excerpt":"Yannick Boissenot (redpointmovie.com) et Steph \"Groug\" Roguet continuent leur exceptionnelle moisson de pentes raides sur cette saison 2016. Accompagn\u00e9s de Titi Gentet et Nico Brunel (comme \u00e0 l'aiguille du Moine, voir article), ils ont r\u00e9alis\u00e9 dimanche 10 avril 2016 une des rares r\u00e9p\u00e9titions (la 4\u00e8me?) \u00e0 ski de la mythique\u2026","rel":"","context":"Dans &quot;Alpinisme&quot;","block_context":{"text":"Alpinisme","link":"https:\/\/www.escalade.pro\/news\/category\/alpinisme\/"},"img":{"alt_text":"ski face nord courtes voie autrichiens","src":"https:\/\/i0.wp.com\/www.escalade.pro\/news\/wp-content\/uploads\/2016\/04\/ski_courtes-300x169.jpg?resize=350%2C200","width":350,"height":200},"classes":[]},{"id":8380,"url":"https:\/\/www.escalade.pro\/news\/ski-tony-lamiche-nant-blanc\/","url_meta":{"origin":8253,"position":1},"title":"Ski de pente raide: Tony Lamiche parle du Nant Blanc","author":"Fred Vionnet","date":"25 avril 2016","format":false,"excerpt":"Les r\u00e9p\u00e9titions et ouvertures en pente raide continuent \u00e0 un rythme effr\u00e9n\u00e9 en ce mois d'avril 2016 dans le massif du Mont Blanc (voir sur penteraide.com), m\u00eame si le gros mauvais temps actuel et les fortes chutes de neige en haute montagne collent momentan\u00e9ment les \u00e9nerv\u00e9s au bar ou derri\u00e8re\u2026","rel":"","context":"Dans &quot;Alpinisme&quot;","block_context":{"text":"Alpinisme","link":"https:\/\/www.escalade.pro\/news\/category\/alpinisme\/"},"img":{"alt_text":"descente ski nant blanc","src":"https:\/\/i0.wp.com\/www.escalade.pro\/news\/wp-content\/uploads\/2016\/04\/ski_nant_blanc-300x169.jpg?resize=350%2C200","width":350,"height":200},"classes":[]},{"id":14887,"url":"https:\/\/www.escalade.pro\/news\/aiguille-perseverance-arete-sud\/","url_meta":{"origin":8253,"position":2},"title":"Aiguilles de la Pers\u00e9v\u00e9rance et des Chamois, Aiguilles rouges","author":"Fred Vionnet","date":"6 ao\u00fbt 2017","format":false,"excerpt":"J\u2019avais en t\u00eate cette ar\u00eate (sud int\u00e9grale) de l\u2019Aiguille de la Pers\u00e9v\u00e9rance depuis 15\/20 ans, depuis un but par peur de l\u2019orage. Cette course m\u2019a beaucoup plu.","rel":"","context":"Dans &quot;Alpinisme&quot;","block_context":{"text":"Alpinisme","link":"https:\/\/www.escalade.pro\/news\/category\/alpinisme\/"},"img":{"alt_text":"arete sud aiguille perseverance","src":"https:\/\/i0.wp.com\/www.escalade.pro\/news\/wp-content\/uploads\/2017\/08\/P1100637.jpg?resize=350%2C200&ssl=1","width":350,"height":200,"srcset":"https:\/\/i0.wp.com\/www.escalade.pro\/news\/wp-content\/uploads\/2017\/08\/P1100637.jpg?resize=350%2C200&ssl=1 1x, https:\/\/i0.wp.com\/www.escalade.pro\/news\/wp-content\/uploads\/2017\/08\/P1100637.jpg?resize=525%2C300&ssl=1 1.5x, https:\/\/i0.wp.com\/www.escalade.pro\/news\/wp-content\/uploads\/2017\/08\/P1100637.jpg?resize=700%2C400&ssl=1 2x, https:\/\/i0.wp.com\/www.escalade.pro\/news\/wp-content\/uploads\/2017\/08\/P1100637.jpg?resize=1050%2C600&ssl=1 3x, https:\/\/i0.wp.com\/www.escalade.pro\/news\/wp-content\/uploads\/2017\/08\/P1100637.jpg?resize=1400%2C800&ssl=1 4x"},"classes":[]},{"id":8491,"url":"https:\/\/www.escalade.pro\/news\/video-ski-poudre-petit-envers\/","url_meta":{"origin":8253,"position":3},"title":"Vid\u00e9o ski: poudre au Petit Envers","author":"Fred Vionnet","date":"28 avril 2016","format":false,"excerpt":"J'ai rat\u00e9 pas mal de cr\u00e9neaux de poudre sur ce mois d'avril, mais pas celui l\u00e0! Un peu de monde \u00e0 la benne de l'Aiguille du Midi ce matin, mais finalement \u00e7a a bien d\u00e9bit\u00e9 et ensuite la majorit\u00e9 des skieurs s'est r\u00e9partie entre la Vall\u00e9e Blanche classique et le\u2026","rel":"","context":"Dans &quot;News et actu&quot;","block_context":{"text":"News et actu","link":"https:\/\/www.escalade.pro\/news\/category\/news\/"},"img":{"alt_text":"ski petit envers chamonix","src":"https:\/\/i0.wp.com\/www.escalade.pro\/news\/wp-content\/uploads\/2016\/04\/envers-1-300x300.jpg?resize=350%2C200","width":350,"height":200},"classes":[]},{"id":8001,"url":"https:\/\/www.escalade.pro\/news\/z-couturier-ski-aiguille-verte\/","url_meta":{"origin":8253,"position":4},"title":"Les \u00ab\u00a0Z\u00a0\u00bb \u00e0 ski (Aiguille Verte)","author":"Fred Vionnet","date":"16 mars 2016","format":false,"excerpt":"Lundi, Steph \"Groug\" Roguet (faceauvide.com), Yannick Boissenot (redpointmovie.com) et Marc L\u00e9onard ont ski\u00e9 les \"Z\" de la face nord de de l'Aiguille Verte (4122m, massif du Mont Blanc). Cette itin\u00e9raire en bordure (rive gauche) du couloir Couturier avait \u00e9t\u00e9 ski\u00e9 pour la premi\u00e8re fois le 25\/04\/2013 par Vivian BrucheZ et\u2026","rel":"","context":"Dans &quot;Alpinisme&quot;","block_context":{"text":"Alpinisme","link":"https:\/\/www.escalade.pro\/news\/category\/alpinisme\/"},"img":{"alt_text":"ski couloir couturier aiguille verte","src":"https:\/\/i0.wp.com\/www.escalade.pro\/news\/wp-content\/uploads\/2016\/03\/z_couturier-300x153.jpg?resize=350%2C200","width":350,"height":200},"classes":[]},{"id":8305,"url":"https:\/\/www.escalade.pro\/news\/ski-breche-berard-10mars2016\/","url_meta":{"origin":8253,"position":5},"title":"Vid\u00e9oTOPO ski: Br\u00e8che de B\u00e9rard, 10 mars 2016","author":"Fred Vionnet","date":"12 avril 2016","format":false,"excerpt":"Apr\u00e8s 2 semaines de pause me revoil\u00e0 sur les skis, septique sur les conditions vu les chaleurs que nous avons eu en vall\u00e9e derni\u00e8rement. Finalement nous avons fait du bon ski \u00e0 la Br\u00e8che de B\u00e9rard et la montagne est plus enneig\u00e9e que le 28 mars de l'ann\u00e9e derni\u00e8re (heureusement\u2026","rel":"","context":"Dans &quot;Ski de rando et freeride&quot;","block_context":{"text":"Ski de rando et freeride","link":"https:\/\/www.escalade.pro\/news\/category\/ski-freeride\/"},"img":{"alt_text":"breche berard ski rando","src":"https:\/\/i0.wp.com\/www.escalade.pro\/news\/wp-content\/uploads\/2016\/04\/pano1_breche-300x104.jpg?resize=350%2C200","width":350,"height":200},"classes":[]}],"_links":{"self":[{"href":"https:\/\/www.escalade.pro\/news\/wp-json\/wp\/v2\/posts\/8253","targetHints":{"allow":["GET"]}}],"collection":[{"href":"https:\/\/www.escalade.pro\/news\/wp-json\/wp\/v2\/posts"}],"about":[{"href":"https:\/\/www.escalade.pro\/news\/wp-json\/wp\/v2\/types\/post"}],"author":[{"embeddable":true,"href":"https:\/\/www.escalade.pro\/news\/wp-json\/wp\/v2\/users\/1"}],"replies":[{"embeddable":true,"href":"https:\/\/www.escalade.pro\/news\/wp-json\/wp\/v2\/comments?post=8253"}],"version-history":[{"count":16,"href":"https:\/\/www.escalade.pro\/news\/wp-json\/wp\/v2\/posts\/8253\/revisions"}],"predecessor-version":[{"id":22680,"href":"https:\/\/www.escalade.pro\/news\/wp-json\/wp\/v2\/posts\/8253\/revisions\/22680"}],"wp:attachment":[{"href":"https:\/\/www.escalade.pro\/news\/wp-json\/wp\/v2\/media?parent=8253"}],"wp:term":[{"taxonomy":"category","embeddable":true,"href":"https:\/\/www.escalade.pro\/news\/wp-json\/wp\/v2\/categories?post=8253"},{"taxonomy":"post_tag","embeddable":true,"href":"https:\/\/www.escalade.pro\/news\/wp-json\/wp\/v2\/tags?post=8253"}],"curies":[{"name":"wp","href":"https:\/\/api.w.org\/{rel}","templated":true}]}}