{"id":7935,"date":"2016-03-11T10:08:43","date_gmt":"2016-03-11T09:08:43","guid":{"rendered":"http:\/\/www.escalade.pro\/news\/?p=7935"},"modified":"2016-03-11T10:19:01","modified_gmt":"2016-03-11T09:19:01","slug":"video-oliana-et-le-nouveau-projet-de-sharma","status":"publish","type":"post","link":"https:\/\/www.escalade.pro\/news\/video-oliana-et-le-nouveau-projet-de-sharma\/","title":{"rendered":"Vid\u00e9o: Oliana et le nouveau projet de Sharma"},"content":{"rendered":"<p>Dave Graham, Daniel Woods, et Kleman Becan mettent des essais \u00e0 Oliana, tr\u00e8s bien ce sont des grimpeurs pro et il s&rsquo;\u00e9clatent&#8230; Mais <strong>le plus int\u00e9ressant dans cette vid\u00e9o est \u00e0 voir \u00e0 la fin, sur la derni\u00e8re minute, avec Chris Sharma qui travaille \u00ab\u00a0Le Blond\u00a0\u00bb project, une ligne qu&rsquo;il a \u00e9quip\u00e9e 3 ans en arri\u00e8re, juste \u00e0 droite de la fameuse <a href=\"http:\/\/www.escalade.pro\/news\/century-offwidth\/\" target=\"_blank\">\u00ab\u00a0Dura Dura\u00a0\u00bb<\/a>. Vu la difficult\u00e9 on comprend effectivement mieux pourquoi il s&rsquo;est beaucoup entra\u00een\u00e9 en bloc derni\u00e8rement (voir cette <a href=\"http:\/\/www.escalade.pro\/news\/video-sharma-robinson-alcaniz-bloc\/\">news du 23 f\u00e9vrier<\/a>), sauf que l\u00e0 \u00e7a dure sur 30 m\u00e8tres!<\/strong><\/p>\n<p><iframe loading=\"lazy\" width=\"560\" height=\"315\" src=\"https:\/\/www.youtube.com\/embed\/NJ1sXHaxspM\" frameborder=\"0\" allowfullscreen><\/iframe><\/p>\n","protected":false},"excerpt":{"rendered":"<p>Dave Graham, Daniel Woods, et Kleman Becan mettent des essais \u00e0 Oliana, tr\u00e8s bien ce sont des grimpeurs pro et<\/p>\n","protected":false},"author":1,"featured_media":0,"comment_status":"open","ping_status":"open","sticky":false,"template":"","format":"standard","meta":{"colormag_page_container_layout":"default_layout","colormag_page_sidebar_layout":"default_layout","_monsterinsights_skip_tracking":false,"_monsterinsights_sitenote_active":false,"_monsterinsights_sitenote_note":"","_monsterinsights_sitenote_category":0,"ngg_post_thumbnail":0,"jetpack_post_was_ever_published":false,"_jetpack_newsletter_access":"","_jetpack_dont_email_post_to_subs":false,"_jetpack_newsletter_tier_id":0,"_jetpack_memberships_contains_paywalled_content":false,"_jetpack_memberships_contains_paid_content":false,"footnotes":"","jetpack_publicize_message":"","jetpack_publicize_feature_enabled":true,"jetpack_social_post_already_shared":true,"jetpack_social_options":{"image_generator_settings":{"template":"highway","default_image_id":0,"font":"","enabled":false},"version":2}},"categories":[4,1,7],"tags":[],"class_list":["post-7935","post","type-post","status-publish","format-standard","hentry","category-escalade","category-news","category-videos"],"yoast_head":"<!-- This site is optimized with the Yoast SEO plugin v27.5 - https:\/\/yoast.com\/product\/yoast-seo-wordpress\/ -->\n<title>Vid\u00e9o: Oliana et le nouveau projet de Sharma &#8211; L&#039;Arqu\u00e9e Libre - Fred Vionnet entraineur\/moniteur escalade<\/title>\n<meta name=\"robots\" content=\"index, follow, max-snippet:-1, max-image-preview:large, max-video-preview:-1\" \/>\n<link rel=\"canonical\" href=\"https:\/\/www.escalade.pro\/news\/video-oliana-et-le-nouveau-projet-de-sharma\/\" \/>\n<meta property=\"og:locale\" content=\"fr_FR\" \/>\n<meta property=\"og:type\" content=\"article\" \/>\n<meta property=\"og:title\" content=\"Vid\u00e9o: Oliana et le nouveau projet de Sharma &#8211; L&#039;Arqu\u00e9e Libre - Fred Vionnet entraineur\/moniteur escalade\" \/>\n<meta property=\"og:description\" content=\"Dave Graham, Daniel Woods, et Kleman Becan mettent des essais \u00e0 Oliana, tr\u00e8s bien ce sont des grimpeurs pro et\" \/>\n<meta property=\"og:url\" content=\"https:\/\/www.escalade.pro\/news\/video-oliana-et-le-nouveau-projet-de-sharma\/\" \/>\n<meta property=\"og:site_name\" content=\"L&#039;Arqu\u00e9e Libre - Fred Vionnet entraineur\/moniteur escalade\" \/>\n<meta property=\"article:publisher\" content=\"https:\/\/www.facebook.com\/grimpisme\/\" \/>\n<meta property=\"article:author\" content=\"https:\/\/www.facebook.com\/fredCaillouXvionnet\" \/>\n<meta property=\"article:published_time\" content=\"2016-03-11T09:08:43+00:00\" \/>\n<meta property=\"article:modified_time\" content=\"2016-03-11T09:19:01+00:00\" \/>\n<meta name=\"author\" content=\"Fred Vionnet\" \/>\n<meta name=\"twitter:card\" content=\"summary_large_image\" \/>\n<meta name=\"twitter:label1\" content=\"\u00c9crit par\" \/>\n\t<meta name=\"twitter:data1\" content=\"Fred Vionnet\" \/>\n<script type=\"application\/ld+json\" class=\"yoast-schema-graph\">{\"@context\":\"https:\\\/\\\/schema.org\",\"@graph\":[{\"@type\":\"Article\",\"@id\":\"https:\\\/\\\/www.escalade.pro\\\/news\\\/video-oliana-et-le-nouveau-projet-de-sharma\\\/#article\",\"isPartOf\":{\"@id\":\"https:\\\/\\\/www.escalade.pro\\\/news\\\/video-oliana-et-le-nouveau-projet-de-sharma\\\/\"},\"author\":{\"name\":\"Fred Vionnet\",\"@id\":\"https:\\\/\\\/www.escalade.pro\\\/news\\\/#\\\/schema\\\/person\\\/e0e0520aa48cfda56ae5406c2fe2caeb\"},\"headline\":\"Vid\u00e9o: Oliana et le nouveau projet de Sharma\",\"datePublished\":\"2016-03-11T09:08:43+00:00\",\"dateModified\":\"2016-03-11T09:19:01+00:00\",\"mainEntityOfPage\":{\"@id\":\"https:\\\/\\\/www.escalade.pro\\\/news\\\/video-oliana-et-le-nouveau-projet-de-sharma\\\/\"},\"wordCount\":106,\"commentCount\":0,\"publisher\":{\"@id\":\"https:\\\/\\\/www.escalade.pro\\\/news\\\/#organization\"},\"articleSection\":[\"Escalade\",\"News et actu\",\"Vid\u00e9os\"],\"inLanguage\":\"fr-FR\",\"potentialAction\":[{\"@type\":\"CommentAction\",\"name\":\"Comment\",\"target\":[\"https:\\\/\\\/www.escalade.pro\\\/news\\\/video-oliana-et-le-nouveau-projet-de-sharma\\\/#respond\"]}]},{\"@type\":\"WebPage\",\"@id\":\"https:\\\/\\\/www.escalade.pro\\\/news\\\/video-oliana-et-le-nouveau-projet-de-sharma\\\/\",\"url\":\"https:\\\/\\\/www.escalade.pro\\\/news\\\/video-oliana-et-le-nouveau-projet-de-sharma\\\/\",\"name\":\"Vid\u00e9o: Oliana et le nouveau projet de Sharma &#8211; L&#039;Arqu\u00e9e Libre - Fred Vionnet entraineur\\\/moniteur escalade\",\"isPartOf\":{\"@id\":\"https:\\\/\\\/www.escalade.pro\\\/news\\\/#website\"},\"datePublished\":\"2016-03-11T09:08:43+00:00\",\"dateModified\":\"2016-03-11T09:19:01+00:00\",\"breadcrumb\":{\"@id\":\"https:\\\/\\\/www.escalade.pro\\\/news\\\/video-oliana-et-le-nouveau-projet-de-sharma\\\/#breadcrumb\"},\"inLanguage\":\"fr-FR\",\"potentialAction\":[{\"@type\":\"ReadAction\",\"target\":[\"https:\\\/\\\/www.escalade.pro\\\/news\\\/video-oliana-et-le-nouveau-projet-de-sharma\\\/\"]}]},{\"@type\":\"BreadcrumbList\",\"@id\":\"https:\\\/\\\/www.escalade.pro\\\/news\\\/video-oliana-et-le-nouveau-projet-de-sharma\\\/#breadcrumb\",\"itemListElement\":[{\"@type\":\"ListItem\",\"position\":1,\"name\":\"Accueil\",\"item\":\"https:\\\/\\\/www.escalade.pro\\\/news\\\/\"},{\"@type\":\"ListItem\",\"position\":2,\"name\":\"Vid\u00e9o: Oliana et le nouveau projet de Sharma\"}]},{\"@type\":\"WebSite\",\"@id\":\"https:\\\/\\\/www.escalade.pro\\\/news\\\/#website\",\"url\":\"https:\\\/\\\/www.escalade.pro\\\/news\\\/\",\"name\":\"L&#039;Arqu\u00e9e Libre - Fred Vionnet entraineur\\\/moniteur escalade\",\"description\":\"Coaching et entrainement escalade. Buoux, C\u00e9\u00fcse et Fontainebleau.\",\"publisher\":{\"@id\":\"https:\\\/\\\/www.escalade.pro\\\/news\\\/#organization\"},\"potentialAction\":[{\"@type\":\"SearchAction\",\"target\":{\"@type\":\"EntryPoint\",\"urlTemplate\":\"https:\\\/\\\/www.escalade.pro\\\/news\\\/?s={search_term_string}\"},\"query-input\":{\"@type\":\"PropertyValueSpecification\",\"valueRequired\":true,\"valueName\":\"search_term_string\"}}],\"inLanguage\":\"fr-FR\"},{\"@type\":\"Organization\",\"@id\":\"https:\\\/\\\/www.escalade.pro\\\/news\\\/#organization\",\"name\":\"L&#039;Arqu\u00e9e Libre - Fred Vionnet entraineur\\\/moniteur escalade\",\"url\":\"https:\\\/\\\/www.escalade.pro\\\/news\\\/\",\"logo\":{\"@type\":\"ImageObject\",\"inLanguage\":\"fr-FR\",\"@id\":\"https:\\\/\\\/www.escalade.pro\\\/news\\\/#\\\/schema\\\/logo\\\/image\\\/\",\"url\":\"https:\\\/\\\/www.escalade.pro\\\/news\\\/wp-content\\\/uploads\\\/2026\\\/04\\\/logo-wp-AL-avril-2026-1.jpg\",\"contentUrl\":\"https:\\\/\\\/www.escalade.pro\\\/news\\\/wp-content\\\/uploads\\\/2026\\\/04\\\/logo-wp-AL-avril-2026-1.jpg\",\"width\":1955,\"height\":902,\"caption\":\"L&#039;Arqu\u00e9e Libre - Fred Vionnet entraineur\\\/moniteur escalade\"},\"image\":{\"@id\":\"https:\\\/\\\/www.escalade.pro\\\/news\\\/#\\\/schema\\\/logo\\\/image\\\/\"},\"sameAs\":[\"https:\\\/\\\/www.facebook.com\\\/grimpisme\\\/\",\"https:\\\/\\\/www.instagram.com\\\/grimpisme\\\/\",\"https:\\\/\\\/www.linkedin.com\\\/in\\\/fred-vionnet-6284b96a\\\/\",\"https:\\\/\\\/fr.pinterest.com\\\/grimpisme\\\/\",\"https:\\\/\\\/www.youtube.com\\\/@grimpisme\"]},{\"@type\":\"Person\",\"@id\":\"https:\\\/\\\/www.escalade.pro\\\/news\\\/#\\\/schema\\\/person\\\/e0e0520aa48cfda56ae5406c2fe2caeb\",\"name\":\"Fred Vionnet\",\"image\":{\"@type\":\"ImageObject\",\"inLanguage\":\"fr-FR\",\"@id\":\"https:\\\/\\\/secure.gravatar.com\\\/avatar\\\/a2f6c5fc695da895033dcd95afaa6aeda795d5122ab3a22a03e24aab7f3d96a6?s=96&d=blank&r=g\",\"url\":\"https:\\\/\\\/secure.gravatar.com\\\/avatar\\\/a2f6c5fc695da895033dcd95afaa6aeda795d5122ab3a22a03e24aab7f3d96a6?s=96&d=blank&r=g\",\"contentUrl\":\"https:\\\/\\\/secure.gravatar.com\\\/avatar\\\/a2f6c5fc695da895033dcd95afaa6aeda795d5122ab3a22a03e24aab7f3d96a6?s=96&d=blank&r=g\",\"caption\":\"Fred Vionnet\"},\"description\":\"Coach escalade en Haute Savoie. Pas contre une grande voie non plus. Mais on va \u00e0 C\u00e9\u00fcse, Fontainebleau, Buoux ou encore les Gorges du Verdon quand vous voulez.\",\"sameAs\":[\"http:\\\/\\\/www.grimpisme.com\",\"https:\\\/\\\/www.facebook.com\\\/fredCaillouXvionnet\",\"https:\\\/\\\/www.linkedin.com\\\/profile\\\/preview?vpa=pub&locale=fr_FR\",\"https:\\\/\\\/fr.pinterest.com\\\/grimpisme\\\/\",\"https:\\\/\\\/www.youtube.com\\\/user\\\/grimpisme\",\"https:\\\/\\\/soundcloud.com\\\/fredvionnet\"],\"url\":\"https:\\\/\\\/www.escalade.pro\\\/news\\\/author\\\/fred\\\/\"}]}<\/script>\n<!-- \/ Yoast SEO plugin. -->","yoast_head_json":{"title":"Vid\u00e9o: Oliana et le nouveau projet de Sharma &#8211; L&#039;Arqu\u00e9e Libre - Fred Vionnet entraineur\/moniteur escalade","robots":{"index":"index","follow":"follow","max-snippet":"max-snippet:-1","max-image-preview":"max-image-preview:large","max-video-preview":"max-video-preview:-1"},"canonical":"https:\/\/www.escalade.pro\/news\/video-oliana-et-le-nouveau-projet-de-sharma\/","og_locale":"fr_FR","og_type":"article","og_title":"Vid\u00e9o: Oliana et le nouveau projet de Sharma &#8211; L&#039;Arqu\u00e9e Libre - Fred Vionnet entraineur\/moniteur escalade","og_description":"Dave Graham, Daniel Woods, et Kleman Becan mettent des essais \u00e0 Oliana, tr\u00e8s bien ce sont des grimpeurs pro et","og_url":"https:\/\/www.escalade.pro\/news\/video-oliana-et-le-nouveau-projet-de-sharma\/","og_site_name":"L&#039;Arqu\u00e9e Libre - Fred Vionnet entraineur\/moniteur escalade","article_publisher":"https:\/\/www.facebook.com\/grimpisme\/","article_author":"https:\/\/www.facebook.com\/fredCaillouXvionnet","article_published_time":"2016-03-11T09:08:43+00:00","article_modified_time":"2016-03-11T09:19:01+00:00","author":"Fred Vionnet","twitter_card":"summary_large_image","twitter_misc":{"\u00c9crit par":"Fred Vionnet"},"schema":{"@context":"https:\/\/schema.org","@graph":[{"@type":"Article","@id":"https:\/\/www.escalade.pro\/news\/video-oliana-et-le-nouveau-projet-de-sharma\/#article","isPartOf":{"@id":"https:\/\/www.escalade.pro\/news\/video-oliana-et-le-nouveau-projet-de-sharma\/"},"author":{"name":"Fred Vionnet","@id":"https:\/\/www.escalade.pro\/news\/#\/schema\/person\/e0e0520aa48cfda56ae5406c2fe2caeb"},"headline":"Vid\u00e9o: Oliana et le nouveau projet de Sharma","datePublished":"2016-03-11T09:08:43+00:00","dateModified":"2016-03-11T09:19:01+00:00","mainEntityOfPage":{"@id":"https:\/\/www.escalade.pro\/news\/video-oliana-et-le-nouveau-projet-de-sharma\/"},"wordCount":106,"commentCount":0,"publisher":{"@id":"https:\/\/www.escalade.pro\/news\/#organization"},"articleSection":["Escalade","News et actu","Vid\u00e9os"],"inLanguage":"fr-FR","potentialAction":[{"@type":"CommentAction","name":"Comment","target":["https:\/\/www.escalade.pro\/news\/video-oliana-et-le-nouveau-projet-de-sharma\/#respond"]}]},{"@type":"WebPage","@id":"https:\/\/www.escalade.pro\/news\/video-oliana-et-le-nouveau-projet-de-sharma\/","url":"https:\/\/www.escalade.pro\/news\/video-oliana-et-le-nouveau-projet-de-sharma\/","name":"Vid\u00e9o: Oliana et le nouveau projet de Sharma &#8211; L&#039;Arqu\u00e9e Libre - Fred Vionnet entraineur\/moniteur escalade","isPartOf":{"@id":"https:\/\/www.escalade.pro\/news\/#website"},"datePublished":"2016-03-11T09:08:43+00:00","dateModified":"2016-03-11T09:19:01+00:00","breadcrumb":{"@id":"https:\/\/www.escalade.pro\/news\/video-oliana-et-le-nouveau-projet-de-sharma\/#breadcrumb"},"inLanguage":"fr-FR","potentialAction":[{"@type":"ReadAction","target":["https:\/\/www.escalade.pro\/news\/video-oliana-et-le-nouveau-projet-de-sharma\/"]}]},{"@type":"BreadcrumbList","@id":"https:\/\/www.escalade.pro\/news\/video-oliana-et-le-nouveau-projet-de-sharma\/#breadcrumb","itemListElement":[{"@type":"ListItem","position":1,"name":"Accueil","item":"https:\/\/www.escalade.pro\/news\/"},{"@type":"ListItem","position":2,"name":"Vid\u00e9o: Oliana et le nouveau projet de Sharma"}]},{"@type":"WebSite","@id":"https:\/\/www.escalade.pro\/news\/#website","url":"https:\/\/www.escalade.pro\/news\/","name":"L&#039;Arqu\u00e9e Libre - Fred Vionnet entraineur\/moniteur escalade","description":"Coaching et entrainement escalade. Buoux, C\u00e9\u00fcse et Fontainebleau.","publisher":{"@id":"https:\/\/www.escalade.pro\/news\/#organization"},"potentialAction":[{"@type":"SearchAction","target":{"@type":"EntryPoint","urlTemplate":"https:\/\/www.escalade.pro\/news\/?s={search_term_string}"},"query-input":{"@type":"PropertyValueSpecification","valueRequired":true,"valueName":"search_term_string"}}],"inLanguage":"fr-FR"},{"@type":"Organization","@id":"https:\/\/www.escalade.pro\/news\/#organization","name":"L&#039;Arqu\u00e9e Libre - Fred Vionnet entraineur\/moniteur escalade","url":"https:\/\/www.escalade.pro\/news\/","logo":{"@type":"ImageObject","inLanguage":"fr-FR","@id":"https:\/\/www.escalade.pro\/news\/#\/schema\/logo\/image\/","url":"https:\/\/www.escalade.pro\/news\/wp-content\/uploads\/2026\/04\/logo-wp-AL-avril-2026-1.jpg","contentUrl":"https:\/\/www.escalade.pro\/news\/wp-content\/uploads\/2026\/04\/logo-wp-AL-avril-2026-1.jpg","width":1955,"height":902,"caption":"L&#039;Arqu\u00e9e Libre - Fred Vionnet entraineur\/moniteur escalade"},"image":{"@id":"https:\/\/www.escalade.pro\/news\/#\/schema\/logo\/image\/"},"sameAs":["https:\/\/www.facebook.com\/grimpisme\/","https:\/\/www.instagram.com\/grimpisme\/","https:\/\/www.linkedin.com\/in\/fred-vionnet-6284b96a\/","https:\/\/fr.pinterest.com\/grimpisme\/","https:\/\/www.youtube.com\/@grimpisme"]},{"@type":"Person","@id":"https:\/\/www.escalade.pro\/news\/#\/schema\/person\/e0e0520aa48cfda56ae5406c2fe2caeb","name":"Fred Vionnet","image":{"@type":"ImageObject","inLanguage":"fr-FR","@id":"https:\/\/secure.gravatar.com\/avatar\/a2f6c5fc695da895033dcd95afaa6aeda795d5122ab3a22a03e24aab7f3d96a6?s=96&d=blank&r=g","url":"https:\/\/secure.gravatar.com\/avatar\/a2f6c5fc695da895033dcd95afaa6aeda795d5122ab3a22a03e24aab7f3d96a6?s=96&d=blank&r=g","contentUrl":"https:\/\/secure.gravatar.com\/avatar\/a2f6c5fc695da895033dcd95afaa6aeda795d5122ab3a22a03e24aab7f3d96a6?s=96&d=blank&r=g","caption":"Fred Vionnet"},"description":"Coach escalade en Haute Savoie. Pas contre une grande voie non plus. Mais on va \u00e0 C\u00e9\u00fcse, Fontainebleau, Buoux ou encore les Gorges du Verdon quand vous voulez.","sameAs":["http:\/\/www.grimpisme.com","https:\/\/www.facebook.com\/fredCaillouXvionnet","https:\/\/www.linkedin.com\/profile\/preview?vpa=pub&locale=fr_FR","https:\/\/fr.pinterest.com\/grimpisme\/","https:\/\/www.youtube.com\/user\/grimpisme","https:\/\/soundcloud.com\/fredvionnet"],"url":"https:\/\/www.escalade.pro\/news\/author\/fred\/"}]}},"jetpack_publicize_connections":[],"jetpack_featured_media_url":"","jetpack_sharing_enabled":true,"jetpack_shortlink":"https:\/\/wp.me\/p68Rw6-23Z","jetpack-related-posts":[{"id":12602,"url":"https:\/\/www.escalade.pro\/news\/video-sharma-blond-project-oliana\/","url_meta":{"origin":7935,"position":0},"title":"Vid\u00e9o: Sharma et \u00ab\u00a0Le Blond Project\u00a0\u00bb","author":"Fred Vionnet","date":"26 ao\u00fbt 2016","format":false,"excerpt":"Chris Sharma nous en montre beaucoup plus de son nouveau projet d'Oliana, avec ce possible 9c juste \u00e0 droite de la \"Dura Dura\". Cette voie est nomm\u00e9e \"Le Blond Project\", un merveilleux hommage \u00e0 Patrick Edlinger, le meilleur qui puisse \u00eatre fait sans aucuns doutes. Ce n'est pas Khal Drogo\u2026","rel":"","context":"Dans &quot;Escalade&quot;","block_context":{"text":"Escalade","link":"https:\/\/www.escalade.pro\/news\/category\/escalade\/"},"img":{"alt_text":"","src":"https:\/\/i0.wp.com\/www.escalade.pro\/news\/wp-content\/uploads\/2016\/08\/sharma_blond.jpg?resize=350%2C200&ssl=1","width":350,"height":200,"srcset":"https:\/\/i0.wp.com\/www.escalade.pro\/news\/wp-content\/uploads\/2016\/08\/sharma_blond.jpg?resize=350%2C200&ssl=1 1x, https:\/\/i0.wp.com\/www.escalade.pro\/news\/wp-content\/uploads\/2016\/08\/sharma_blond.jpg?resize=525%2C300&ssl=1 1.5x, https:\/\/i0.wp.com\/www.escalade.pro\/news\/wp-content\/uploads\/2016\/08\/sharma_blond.jpg?resize=700%2C400&ssl=1 2x"},"classes":[]},{"id":13064,"url":"https:\/\/www.escalade.pro\/news\/video-chris-sharma-joe-mama\/","url_meta":{"origin":7935,"position":1},"title":"Vid\u00e9o: la saison des croix espagnoles arrive avec Chris Sharma dans \u00ab\u00a0Joe Mama\u00a0\u00bb 9a+","author":"Fred Vionnet","date":"26 octobre 2016","format":false,"excerpt":"La collante arrive sur l'Espagne et Chris Sharma revient sur les falaises, particuli\u00e8rement \u00e0 Oliana o\u00f9 il r\u00e9p\u00e8te le 9a+ \"Joe Mama\" de Klemen Becan. Maintenant place au PROJET.","rel":"","context":"Dans &quot;Escalade&quot;","block_context":{"text":"Escalade","link":"https:\/\/www.escalade.pro\/news\/category\/escalade\/"},"img":{"alt_text":"","src":"https:\/\/i0.wp.com\/www.escalade.pro\/news\/wp-content\/uploads\/2016\/10\/Capture-d%E2%80%99e%CC%81cran-2016-10-26-a%CC%80-08.53.10.png?resize=350%2C200&ssl=1","width":350,"height":200,"srcset":"https:\/\/i0.wp.com\/www.escalade.pro\/news\/wp-content\/uploads\/2016\/10\/Capture-d%E2%80%99e%CC%81cran-2016-10-26-a%CC%80-08.53.10.png?resize=350%2C200&ssl=1 1x, https:\/\/i0.wp.com\/www.escalade.pro\/news\/wp-content\/uploads\/2016\/10\/Capture-d%E2%80%99e%CC%81cran-2016-10-26-a%CC%80-08.53.10.png?resize=525%2C300&ssl=1 1.5x, https:\/\/i0.wp.com\/www.escalade.pro\/news\/wp-content\/uploads\/2016\/10\/Capture-d%E2%80%99e%CC%81cran-2016-10-26-a%CC%80-08.53.10.png?resize=700%2C400&ssl=1 2x"},"classes":[]},{"id":5002,"url":"https:\/\/www.escalade.pro\/news\/video-sharma-el-bon-combat\/","url_meta":{"origin":7935,"position":2},"title":"Video: Sharma Climbing \u00ab\u00a0El Bon Combat\u00a0\u00bb Vid\u00e9o: Sharma is back","author":"Fred Vionnet","date":"24 avril 2015","format":false,"excerpt":"La news n'est plus tr\u00e8s fra\u00eeche et la vid\u00e9o tourne depuis hier soir. Dans l'espace temps du web cela signifie un \u00e9ternit\u00e9 mais je ne pouvais pas occulter cette vid\u00e9o du King Chris Sharma qui a r\u00e9ussi \u00e0 revenir aux affaires avec \"El Bon Combat\" en 9b ou 9b+ (Cova\u2026","rel":"","context":"Dans &quot;Escalade&quot;","block_context":{"text":"Escalade","link":"https:\/\/www.escalade.pro\/news\/category\/escalade\/"},"img":{"alt_text":"","src":"","width":0,"height":0},"classes":[]},{"id":11992,"url":"https:\/\/www.escalade.pro\/news\/video-piotrek-schab-papichulo-oliana\/","url_meta":{"origin":7935,"position":3},"title":"Vid\u00e9o: Piotrek Schab dans \u00ab\u00a0Papichulo\u00a0\u00bb 9a+","author":"Fred Vionnet","date":"2 juillet 2016","format":false,"excerpt":"De belles images du jeune polonais Piotrek Schab (20ans) dans le 9a+ de Chris Sharma, \"Papichulo\" (40 m\u00e8tres Oliana, Catalogne). Manque juste des images \"live\" du combat dans la dalle de sortie. Cliquez sur CC en bas \u00e0 droite pour les sous-titres.","rel":"","context":"Dans &quot;Escalade&quot;","block_context":{"text":"Escalade","link":"https:\/\/www.escalade.pro\/news\/category\/escalade\/"},"img":{"alt_text":"","src":"https:\/\/i0.wp.com\/www.escalade.pro\/news\/wp-content\/uploads\/2016\/07\/schab_papichulo.jpg?resize=350%2C200&ssl=1","width":350,"height":200,"srcset":"https:\/\/i0.wp.com\/www.escalade.pro\/news\/wp-content\/uploads\/2016\/07\/schab_papichulo.jpg?resize=350%2C200&ssl=1 1x, https:\/\/i0.wp.com\/www.escalade.pro\/news\/wp-content\/uploads\/2016\/07\/schab_papichulo.jpg?resize=525%2C300&ssl=1 1.5x, https:\/\/i0.wp.com\/www.escalade.pro\/news\/wp-content\/uploads\/2016\/07\/schab_papichulo.jpg?resize=700%2C400&ssl=1 2x"},"classes":[]},{"id":18917,"url":"https:\/\/www.escalade.pro\/news\/video-cedric-lachat-pachamama\/","url_meta":{"origin":7935,"position":4},"title":"Vid\u00e9o: C\u00e9dric Lachat raconte \u00ab\u00a0Pachamama\u00a0\u00bb (9a+), Oliana","author":"Fred Vionnet","date":"27 f\u00e9vrier 2020","format":false,"excerpt":"C\u00e9dric Lachat a r\u00e9ussi en janvier dernier la s\u00e9v\u00e8re \u201cPachamama\u201d (9a+) de Chris Sharma \u00e0 Olinana et raconte en d\u00e9tails sa vision de la voie. Je trouve tr\u00e8s int\u00e9ressant de revenir sur son analyse.","rel":"","context":"Dans &quot;Conseils entrainement escalade&quot;","block_context":{"text":"Conseils entrainement escalade","link":"https:\/\/www.escalade.pro\/news\/category\/entrainement-escalade\/"},"img":{"alt_text":"cedric lachat escalade pachamama","src":"https:\/\/i0.wp.com\/www.escalade.pro\/news\/wp-content\/uploads\/2020\/02\/cedric-lachat-escalade-pachamama.png?resize=350%2C200&ssl=1","width":350,"height":200,"srcset":"https:\/\/i0.wp.com\/www.escalade.pro\/news\/wp-content\/uploads\/2020\/02\/cedric-lachat-escalade-pachamama.png?resize=350%2C200&ssl=1 1x, https:\/\/i0.wp.com\/www.escalade.pro\/news\/wp-content\/uploads\/2020\/02\/cedric-lachat-escalade-pachamama.png?resize=525%2C300&ssl=1 1.5x"},"classes":[]},{"id":8032,"url":"https:\/\/www.escalade.pro\/news\/video-alex-megos-episode-1-momentum\/","url_meta":{"origin":7935,"position":5},"title":"Vid\u00e9o: Alex Megos, Episode 1 &#8211; Momentum","author":"Fred Vionnet","date":"18 mars 2016","format":false,"excerpt":"On connait finalement peu Alex Megos, qui fait plus parler de lui par ses croix dans le Frankenjura et son niveau physique \u00e0 l'entrainement, que par sa pr\u00e9sence dans les spots \u00e0 la mode (Oliana et Santa Linya par exemple) o\u00f9 se retrouvent les meilleurs grimpeurs du moment. Du coup\u2026","rel":"","context":"Dans &quot;Escalade&quot;","block_context":{"text":"Escalade","link":"https:\/\/www.escalade.pro\/news\/category\/escalade\/"},"img":{"alt_text":"","src":"","width":0,"height":0},"classes":[]}],"_links":{"self":[{"href":"https:\/\/www.escalade.pro\/news\/wp-json\/wp\/v2\/posts\/7935","targetHints":{"allow":["GET"]}}],"collection":[{"href":"https:\/\/www.escalade.pro\/news\/wp-json\/wp\/v2\/posts"}],"about":[{"href":"https:\/\/www.escalade.pro\/news\/wp-json\/wp\/v2\/types\/post"}],"author":[{"embeddable":true,"href":"https:\/\/www.escalade.pro\/news\/wp-json\/wp\/v2\/users\/1"}],"replies":[{"embeddable":true,"href":"https:\/\/www.escalade.pro\/news\/wp-json\/wp\/v2\/comments?post=7935"}],"version-history":[{"count":6,"href":"https:\/\/www.escalade.pro\/news\/wp-json\/wp\/v2\/posts\/7935\/revisions"}],"predecessor-version":[{"id":7941,"href":"https:\/\/www.escalade.pro\/news\/wp-json\/wp\/v2\/posts\/7935\/revisions\/7941"}],"wp:attachment":[{"href":"https:\/\/www.escalade.pro\/news\/wp-json\/wp\/v2\/media?parent=7935"}],"wp:term":[{"taxonomy":"category","embeddable":true,"href":"https:\/\/www.escalade.pro\/news\/wp-json\/wp\/v2\/categories?post=7935"},{"taxonomy":"post_tag","embeddable":true,"href":"https:\/\/www.escalade.pro\/news\/wp-json\/wp\/v2\/tags?post=7935"}],"curies":[{"name":"wp","href":"https:\/\/api.w.org\/{rel}","templated":true}]}}