{"id":7909,"date":"2016-03-08T08:32:01","date_gmt":"2016-03-08T07:32:01","guid":{"rendered":"http:\/\/www.escalade.pro\/news\/?p=7909"},"modified":"2016-03-08T08:35:11","modified_gmt":"2016-03-08T07:35:11","slug":"video-ski-pas-de-chevre","status":"publish","type":"post","link":"https:\/\/www.escalade.pro\/news\/video-ski-pas-de-chevre\/","title":{"rendered":"Vid\u00e9o: ski au Pas de Ch\u00e8vre"},"content":{"rendered":"<p>Apr\u00e8s la sortie d&rsquo;hier au <strong>Pas de Ch\u00e8vre<\/strong> (voir le <a href=\"http:\/\/www.escalade.pro\/news\/conditions-pas-chevre-7-mars-2016\/\">compte rendu<\/a>), voici la vid\u00e9o. Plus que la poudre, vous remarquerez rapidement en la visionnant que je mets en avant la phase d&rsquo;approche en train depuis la maison. <strong>La vall\u00e9e de Chamonix (plus largement la vall\u00e9e de l&rsquo;Arve en \u00e9largissant jusqu&rsquo;\u00e0 Annecy) est, comme cela commence \u00e0 se savoir, tr\u00e8s tr\u00e8s pollu\u00e9e. Dans la vall\u00e9e de Cham on peut facilement se d\u00e9placer avec les transports en commun, qui sont gratuits pour les touristes, les gens du pays et les titulaires du forfait Cham Unlimited (bus uniquement dans ce cas).<\/strong> Les horaires ont \u00e9t\u00e9 revus r\u00e9cemment et c&rsquo;est assez pratique de combiner bus et train. Pour ma part j&rsquo;attends les beaux jours pour pouvoir me rendre au travail \u00e0 v\u00e9lo, m\u00eame si malheureusment on manque de pistes cyclables.<\/p>\n<p>Plus d&rsquo;infos sur les <a href=\"http:\/\/www.chamonix.com\/se-deplacer,13,fr.html\" target=\"_blank\">transports en commun dans la vall\u00e9e de Chamonix ici<\/a>.<\/p>\n<p><iframe loading=\"lazy\" width=\"560\" height=\"315\" src=\"https:\/\/www.youtube.com\/embed\/KmwZbu5269w\" frameborder=\"0\" allowfullscreen><\/iframe><\/p>\n","protected":false},"excerpt":{"rendered":"<p>Apr\u00e8s la sortie d&rsquo;hier au Pas de Ch\u00e8vre (voir le compte rendu), voici la vid\u00e9o. Plus que la poudre, vous<\/p>\n","protected":false},"author":1,"featured_media":0,"comment_status":"open","ping_status":"open","sticky":false,"template":"","format":"standard","meta":{"colormag_page_container_layout":"default_layout","colormag_page_sidebar_layout":"default_layout","_monsterinsights_skip_tracking":false,"ngg_post_thumbnail":0,"_jetpack_newsletter_access":"","_jetpack_dont_email_post_to_subs":false,"_jetpack_newsletter_tier_id":0,"_jetpack_memberships_contains_paywalled_content":false,"_jetpack_feature_clip_id":0,"_jetpack_memberships_contains_paid_content":false,"footnotes":"","jetpack_publicize_message":"","jetpack_publicize_feature_enabled":true,"jetpack_social_post_already_shared":true,"jetpack_social_options":{"image_generator_settings":{"template":"highway","default_image_id":0,"font":"","enabled":false},"version":2},"jetpack_post_was_ever_published":false},"categories":[10,8,7],"tags":[],"class_list":["post-7909","post","type-post","status-publish","format-standard","hentry","category-environnement","category-ski-freeride","category-videos"],"yoast_head":"<!-- This site is optimized with the Yoast SEO plugin v28.3 - https:\/\/yoast.com\/product\/yoast-seo-wordpress\/ -->\n<title>Vid\u00e9o: ski au Pas de Ch\u00e8vre &#8211; L&#039;Arqu\u00e9e Libre - Fred Vionnet entraineur\/moniteur escalade<\/title>\n<meta name=\"robots\" content=\"index, follow, max-snippet:-1, max-image-preview:large, max-video-preview:-1\" \/>\n<link rel=\"canonical\" href=\"https:\/\/www.escalade.pro\/news\/video-ski-pas-de-chevre\/\" \/>\n<meta property=\"og:locale\" content=\"fr_FR\" \/>\n<meta property=\"og:type\" content=\"article\" \/>\n<meta property=\"og:title\" content=\"Vid\u00e9o: ski au Pas de Ch\u00e8vre &#8211; L&#039;Arqu\u00e9e Libre - Fred Vionnet entraineur\/moniteur escalade\" \/>\n<meta property=\"og:description\" content=\"Apr\u00e8s la sortie d&rsquo;hier au Pas de Ch\u00e8vre (voir le compte rendu), voici la vid\u00e9o. Plus que la poudre, vous\" \/>\n<meta property=\"og:url\" content=\"https:\/\/www.escalade.pro\/news\/video-ski-pas-de-chevre\/\" \/>\n<meta property=\"og:site_name\" content=\"L&#039;Arqu\u00e9e Libre - Fred Vionnet entraineur\/moniteur escalade\" \/>\n<meta property=\"article:publisher\" content=\"https:\/\/www.facebook.com\/grimpisme\/\" \/>\n<meta property=\"article:author\" content=\"https:\/\/www.facebook.com\/fredCaillouXvionnet\" \/>\n<meta property=\"article:published_time\" content=\"2016-03-08T07:32:01+00:00\" \/>\n<meta property=\"article:modified_time\" content=\"2016-03-08T07:35:11+00:00\" \/>\n<meta name=\"author\" content=\"Fred Vionnet\" \/>\n<meta name=\"twitter:card\" content=\"summary_large_image\" \/>\n<meta name=\"twitter:label1\" content=\"\u00c9crit par\" \/>\n\t<meta name=\"twitter:data1\" content=\"Fred Vionnet\" \/>\n\t<meta name=\"twitter:label2\" content=\"Dur\u00e9e de lecture estim\u00e9e\" \/>\n\t<meta name=\"twitter:data2\" content=\"1 minute\" \/>\n<script type=\"application\/ld+json\" class=\"yoast-schema-graph\">{\"@context\":\"https:\\\/\\\/schema.org\",\"@graph\":[{\"@type\":\"Article\",\"@id\":\"https:\\\/\\\/www.escalade.pro\\\/news\\\/video-ski-pas-de-chevre\\\/#article\",\"isPartOf\":{\"@id\":\"https:\\\/\\\/www.escalade.pro\\\/news\\\/video-ski-pas-de-chevre\\\/\"},\"author\":{\"name\":\"Fred Vionnet\",\"@id\":\"https:\\\/\\\/www.escalade.pro\\\/news\\\/#\\\/schema\\\/person\\\/e0e0520aa48cfda56ae5406c2fe2caeb\"},\"headline\":\"Vid\u00e9o: ski au Pas de Ch\u00e8vre\",\"datePublished\":\"2016-03-08T07:32:01+00:00\",\"dateModified\":\"2016-03-08T07:35:11+00:00\",\"mainEntityOfPage\":{\"@id\":\"https:\\\/\\\/www.escalade.pro\\\/news\\\/video-ski-pas-de-chevre\\\/\"},\"wordCount\":170,\"commentCount\":2,\"publisher\":{\"@id\":\"https:\\\/\\\/www.escalade.pro\\\/news\\\/#organization\"},\"articleSection\":[\"Environnement\",\"Ski de rando et freeride\",\"Vid\u00e9os\"],\"inLanguage\":\"fr-FR\",\"potentialAction\":[{\"@type\":\"CommentAction\",\"name\":\"Comment\",\"target\":[\"https:\\\/\\\/www.escalade.pro\\\/news\\\/video-ski-pas-de-chevre\\\/#respond\"]}]},{\"@type\":\"WebPage\",\"@id\":\"https:\\\/\\\/www.escalade.pro\\\/news\\\/video-ski-pas-de-chevre\\\/\",\"url\":\"https:\\\/\\\/www.escalade.pro\\\/news\\\/video-ski-pas-de-chevre\\\/\",\"name\":\"Vid\u00e9o: ski au Pas de Ch\u00e8vre &#8211; L&#039;Arqu\u00e9e Libre - Fred Vionnet entraineur\\\/moniteur escalade\",\"isPartOf\":{\"@id\":\"https:\\\/\\\/www.escalade.pro\\\/news\\\/#website\"},\"datePublished\":\"2016-03-08T07:32:01+00:00\",\"dateModified\":\"2016-03-08T07:35:11+00:00\",\"breadcrumb\":{\"@id\":\"https:\\\/\\\/www.escalade.pro\\\/news\\\/video-ski-pas-de-chevre\\\/#breadcrumb\"},\"inLanguage\":\"fr-FR\",\"potentialAction\":[{\"@type\":\"ReadAction\",\"target\":[\"https:\\\/\\\/www.escalade.pro\\\/news\\\/video-ski-pas-de-chevre\\\/\"]}]},{\"@type\":\"BreadcrumbList\",\"@id\":\"https:\\\/\\\/www.escalade.pro\\\/news\\\/video-ski-pas-de-chevre\\\/#breadcrumb\",\"itemListElement\":[{\"@type\":\"ListItem\",\"position\":1,\"name\":\"Accueil\",\"item\":\"https:\\\/\\\/www.escalade.pro\\\/news\\\/\"},{\"@type\":\"ListItem\",\"position\":2,\"name\":\"Vid\u00e9o: ski au Pas de Ch\u00e8vre\"}]},{\"@type\":\"WebSite\",\"@id\":\"https:\\\/\\\/www.escalade.pro\\\/news\\\/#website\",\"url\":\"https:\\\/\\\/www.escalade.pro\\\/news\\\/\",\"name\":\"L&#039;Arqu\u00e9e Libre - Fred Vionnet entraineur\\\/moniteur escalade\",\"description\":\"Coaching et entrainement escalade. Buoux, C\u00e9\u00fcse et Fontainebleau.\",\"publisher\":{\"@id\":\"https:\\\/\\\/www.escalade.pro\\\/news\\\/#organization\"},\"potentialAction\":[{\"@type\":\"SearchAction\",\"target\":{\"@type\":\"EntryPoint\",\"urlTemplate\":\"https:\\\/\\\/www.escalade.pro\\\/news\\\/?s={search_term_string}\"},\"query-input\":{\"@type\":\"PropertyValueSpecification\",\"valueRequired\":true,\"valueName\":\"search_term_string\"}}],\"inLanguage\":\"fr-FR\"},{\"@type\":\"Organization\",\"@id\":\"https:\\\/\\\/www.escalade.pro\\\/news\\\/#organization\",\"name\":\"L&#039;Arqu\u00e9e Libre - Fred Vionnet entraineur\\\/moniteur escalade\",\"url\":\"https:\\\/\\\/www.escalade.pro\\\/news\\\/\",\"logo\":{\"@type\":\"ImageObject\",\"inLanguage\":\"fr-FR\",\"@id\":\"https:\\\/\\\/www.escalade.pro\\\/news\\\/#\\\/schema\\\/logo\\\/image\\\/\",\"url\":\"https:\\\/\\\/www.escalade.pro\\\/news\\\/wp-content\\\/uploads\\\/2026\\\/04\\\/logo-wp-AL-avril-2026-1.jpg\",\"contentUrl\":\"https:\\\/\\\/www.escalade.pro\\\/news\\\/wp-content\\\/uploads\\\/2026\\\/04\\\/logo-wp-AL-avril-2026-1.jpg\",\"width\":1955,\"height\":902,\"caption\":\"L&#039;Arqu\u00e9e Libre - Fred Vionnet entraineur\\\/moniteur escalade\"},\"image\":{\"@id\":\"https:\\\/\\\/www.escalade.pro\\\/news\\\/#\\\/schema\\\/logo\\\/image\\\/\"},\"sameAs\":[\"https:\\\/\\\/www.facebook.com\\\/grimpisme\\\/\",\"https:\\\/\\\/www.instagram.com\\\/grimpisme\\\/\",\"https:\\\/\\\/www.linkedin.com\\\/in\\\/fred-vionnet-6284b96a\\\/\",\"https:\\\/\\\/fr.pinterest.com\\\/grimpisme\\\/\",\"https:\\\/\\\/www.youtube.com\\\/@grimpisme\"]},{\"@type\":\"Person\",\"@id\":\"https:\\\/\\\/www.escalade.pro\\\/news\\\/#\\\/schema\\\/person\\\/e0e0520aa48cfda56ae5406c2fe2caeb\",\"name\":\"Fred Vionnet\",\"image\":{\"@type\":\"ImageObject\",\"inLanguage\":\"fr-FR\",\"@id\":\"https:\\\/\\\/secure.gravatar.com\\\/avatar\\\/a2f6c5fc695da895033dcd95afaa6aeda795d5122ab3a22a03e24aab7f3d96a6?s=96&d=blank&r=g\",\"url\":\"https:\\\/\\\/secure.gravatar.com\\\/avatar\\\/a2f6c5fc695da895033dcd95afaa6aeda795d5122ab3a22a03e24aab7f3d96a6?s=96&d=blank&r=g\",\"contentUrl\":\"https:\\\/\\\/secure.gravatar.com\\\/avatar\\\/a2f6c5fc695da895033dcd95afaa6aeda795d5122ab3a22a03e24aab7f3d96a6?s=96&d=blank&r=g\",\"caption\":\"Fred Vionnet\"},\"description\":\"Coach escalade en Haute Savoie. Pas contre une grande voie non plus. Mais on va \u00e0 C\u00e9\u00fcse, Fontainebleau, Buoux ou encore les Gorges du Verdon quand vous voulez.\",\"sameAs\":[\"http:\\\/\\\/www.grimpisme.com\",\"https:\\\/\\\/www.facebook.com\\\/fredCaillouXvionnet\",\"https:\\\/\\\/www.linkedin.com\\\/profile\\\/preview?vpa=pub&locale=fr_FR\",\"https:\\\/\\\/fr.pinterest.com\\\/grimpisme\\\/\",\"https:\\\/\\\/www.youtube.com\\\/user\\\/grimpisme\",\"https:\\\/\\\/soundcloud.com\\\/fredvionnet\"],\"url\":\"https:\\\/\\\/www.escalade.pro\\\/news\\\/author\\\/fred\\\/\"}]}<\/script>\n<!-- \/ Yoast SEO plugin. -->","yoast_head_json":{"title":"Vid\u00e9o: ski au Pas de Ch\u00e8vre &#8211; L&#039;Arqu\u00e9e Libre - Fred Vionnet entraineur\/moniteur escalade","robots":{"index":"index","follow":"follow","max-snippet":"max-snippet:-1","max-image-preview":"max-image-preview:large","max-video-preview":"max-video-preview:-1"},"canonical":"https:\/\/www.escalade.pro\/news\/video-ski-pas-de-chevre\/","og_locale":"fr_FR","og_type":"article","og_title":"Vid\u00e9o: ski au Pas de Ch\u00e8vre &#8211; L&#039;Arqu\u00e9e Libre - Fred Vionnet entraineur\/moniteur escalade","og_description":"Apr\u00e8s la sortie d&rsquo;hier au Pas de Ch\u00e8vre (voir le compte rendu), voici la vid\u00e9o. Plus que la poudre, vous","og_url":"https:\/\/www.escalade.pro\/news\/video-ski-pas-de-chevre\/","og_site_name":"L&#039;Arqu\u00e9e Libre - Fred Vionnet entraineur\/moniteur escalade","article_publisher":"https:\/\/www.facebook.com\/grimpisme\/","article_author":"https:\/\/www.facebook.com\/fredCaillouXvionnet","article_published_time":"2016-03-08T07:32:01+00:00","article_modified_time":"2016-03-08T07:35:11+00:00","author":"Fred Vionnet","twitter_card":"summary_large_image","twitter_misc":{"\u00c9crit par":"Fred Vionnet","Dur\u00e9e de lecture estim\u00e9e":"1 minute"},"schema":{"@context":"https:\/\/schema.org","@graph":[{"@type":"Article","@id":"https:\/\/www.escalade.pro\/news\/video-ski-pas-de-chevre\/#article","isPartOf":{"@id":"https:\/\/www.escalade.pro\/news\/video-ski-pas-de-chevre\/"},"author":{"name":"Fred Vionnet","@id":"https:\/\/www.escalade.pro\/news\/#\/schema\/person\/e0e0520aa48cfda56ae5406c2fe2caeb"},"headline":"Vid\u00e9o: ski au Pas de Ch\u00e8vre","datePublished":"2016-03-08T07:32:01+00:00","dateModified":"2016-03-08T07:35:11+00:00","mainEntityOfPage":{"@id":"https:\/\/www.escalade.pro\/news\/video-ski-pas-de-chevre\/"},"wordCount":170,"commentCount":2,"publisher":{"@id":"https:\/\/www.escalade.pro\/news\/#organization"},"articleSection":["Environnement","Ski de rando et freeride","Vid\u00e9os"],"inLanguage":"fr-FR","potentialAction":[{"@type":"CommentAction","name":"Comment","target":["https:\/\/www.escalade.pro\/news\/video-ski-pas-de-chevre\/#respond"]}]},{"@type":"WebPage","@id":"https:\/\/www.escalade.pro\/news\/video-ski-pas-de-chevre\/","url":"https:\/\/www.escalade.pro\/news\/video-ski-pas-de-chevre\/","name":"Vid\u00e9o: ski au Pas de Ch\u00e8vre &#8211; L&#039;Arqu\u00e9e Libre - Fred Vionnet entraineur\/moniteur escalade","isPartOf":{"@id":"https:\/\/www.escalade.pro\/news\/#website"},"datePublished":"2016-03-08T07:32:01+00:00","dateModified":"2016-03-08T07:35:11+00:00","breadcrumb":{"@id":"https:\/\/www.escalade.pro\/news\/video-ski-pas-de-chevre\/#breadcrumb"},"inLanguage":"fr-FR","potentialAction":[{"@type":"ReadAction","target":["https:\/\/www.escalade.pro\/news\/video-ski-pas-de-chevre\/"]}]},{"@type":"BreadcrumbList","@id":"https:\/\/www.escalade.pro\/news\/video-ski-pas-de-chevre\/#breadcrumb","itemListElement":[{"@type":"ListItem","position":1,"name":"Accueil","item":"https:\/\/www.escalade.pro\/news\/"},{"@type":"ListItem","position":2,"name":"Vid\u00e9o: ski au Pas de Ch\u00e8vre"}]},{"@type":"WebSite","@id":"https:\/\/www.escalade.pro\/news\/#website","url":"https:\/\/www.escalade.pro\/news\/","name":"L&#039;Arqu\u00e9e Libre - Fred Vionnet entraineur\/moniteur escalade","description":"Coaching et entrainement escalade. Buoux, C\u00e9\u00fcse et Fontainebleau.","publisher":{"@id":"https:\/\/www.escalade.pro\/news\/#organization"},"potentialAction":[{"@type":"SearchAction","target":{"@type":"EntryPoint","urlTemplate":"https:\/\/www.escalade.pro\/news\/?s={search_term_string}"},"query-input":{"@type":"PropertyValueSpecification","valueRequired":true,"valueName":"search_term_string"}}],"inLanguage":"fr-FR"},{"@type":"Organization","@id":"https:\/\/www.escalade.pro\/news\/#organization","name":"L&#039;Arqu\u00e9e Libre - Fred Vionnet entraineur\/moniteur escalade","url":"https:\/\/www.escalade.pro\/news\/","logo":{"@type":"ImageObject","inLanguage":"fr-FR","@id":"https:\/\/www.escalade.pro\/news\/#\/schema\/logo\/image\/","url":"https:\/\/www.escalade.pro\/news\/wp-content\/uploads\/2026\/04\/logo-wp-AL-avril-2026-1.jpg","contentUrl":"https:\/\/www.escalade.pro\/news\/wp-content\/uploads\/2026\/04\/logo-wp-AL-avril-2026-1.jpg","width":1955,"height":902,"caption":"L&#039;Arqu\u00e9e Libre - Fred Vionnet entraineur\/moniteur escalade"},"image":{"@id":"https:\/\/www.escalade.pro\/news\/#\/schema\/logo\/image\/"},"sameAs":["https:\/\/www.facebook.com\/grimpisme\/","https:\/\/www.instagram.com\/grimpisme\/","https:\/\/www.linkedin.com\/in\/fred-vionnet-6284b96a\/","https:\/\/fr.pinterest.com\/grimpisme\/","https:\/\/www.youtube.com\/@grimpisme"]},{"@type":"Person","@id":"https:\/\/www.escalade.pro\/news\/#\/schema\/person\/e0e0520aa48cfda56ae5406c2fe2caeb","name":"Fred Vionnet","image":{"@type":"ImageObject","inLanguage":"fr-FR","@id":"https:\/\/secure.gravatar.com\/avatar\/a2f6c5fc695da895033dcd95afaa6aeda795d5122ab3a22a03e24aab7f3d96a6?s=96&d=blank&r=g","url":"https:\/\/secure.gravatar.com\/avatar\/a2f6c5fc695da895033dcd95afaa6aeda795d5122ab3a22a03e24aab7f3d96a6?s=96&d=blank&r=g","contentUrl":"https:\/\/secure.gravatar.com\/avatar\/a2f6c5fc695da895033dcd95afaa6aeda795d5122ab3a22a03e24aab7f3d96a6?s=96&d=blank&r=g","caption":"Fred Vionnet"},"description":"Coach escalade en Haute Savoie. Pas contre une grande voie non plus. Mais on va \u00e0 C\u00e9\u00fcse, Fontainebleau, Buoux ou encore les Gorges du Verdon quand vous voulez.","sameAs":["http:\/\/www.grimpisme.com","https:\/\/www.facebook.com\/fredCaillouXvionnet","https:\/\/www.linkedin.com\/profile\/preview?vpa=pub&locale=fr_FR","https:\/\/fr.pinterest.com\/grimpisme\/","https:\/\/www.youtube.com\/user\/grimpisme","https:\/\/soundcloud.com\/fredvionnet"],"url":"https:\/\/www.escalade.pro\/news\/author\/fred\/"}]}},"jetpack_publicize_connections":[],"jetpack_sharing_enabled":true,"jetpack_shortlink":"https:\/\/wp.me\/p68Rw6-23z","jetpack-related-posts":[{"id":7881,"url":"https:\/\/www.escalade.pro\/news\/conditions-pas-chevre-7-mars-2016\/","url_meta":{"origin":7909,"position":0},"title":"Conditions Pas de Ch\u00e8vre 7 mars 2016","author":"Fred Vionnet","date":"7 mars 2016","format":false,"excerpt":"Le dimanche 6 mars 2016 restera dans les annales des journ\u00e9es de grosse poudre. Vu que nous nous sommes repos\u00e9s \u00e0 la maison, on va dire que le lundi \u00e9tait aussi tr\u00e8s tr\u00e8s bon, avec certainement moins de monde. M\u00eame si on n'a pas fait pas les toutes premi\u00e8res places,\u2026","rel":"","context":"Dans &quot;News et actu&quot;","block_context":{"text":"News et actu","link":"https:\/\/www.escalade.pro\/news\/category\/news\/"},"img":{"alt_text":"pas de chevre chamonix mont blanc","src":"https:\/\/i0.wp.com\/www.escalade.pro\/news\/wp-content\/uploads\/2016\/03\/P1080386-300x225.jpg?resize=350%2C200","width":350,"height":200},"classes":[]},{"id":1100,"url":"https:\/\/www.escalade.pro\/news\/mont-blanc-cheilon-luette\/","url_meta":{"origin":7909,"position":1},"title":"Mont Blanc de Cheilon(3827m) and Luette(3548m), SwitzerlandMont Blanc de Cheilon(3827m) et Luette(3548m), Valais Suisse","author":"Fred Vionnet","date":"15 avril 2014","format":false,"excerpt":"2 fantastic days skiing in Switzerland. Apr\u00e8s avoir court-circuit\u00e9 mon trajet par l'Italie au m\u00e9pris des limitations de vitesse mais \u00e0 grand renfort de p\u00e9ages autoroutiers, me voici pour la deuxi\u00e8me fois seulement dans le Valais Suisse pour skier. Les copains et copines qui viennent de la Yaute (Martial, Anna,\u2026","rel":"","context":"Dans &quot;Ski de rando et freeride&quot;","block_context":{"text":"Ski de rando et freeride","link":"https:\/\/www.escalade.pro\/news\/category\/ski-freeride\/"},"img":{"alt_text":"ski mont blanc cheilon","src":"https:\/\/i0.wp.com\/www.escalade.pro\/news\/wp-content\/uploads\/2014\/04\/P1030653-2-300x215.jpg?resize=350%2C200","width":350,"height":200},"classes":[]},{"id":11636,"url":"https:\/\/www.escalade.pro\/news\/ski-col-agnel-queyras\/","url_meta":{"origin":7909,"position":2},"title":"7 mai 2012&#8230; du bon ski au col Agnel","author":"Fred Vionnet","date":"7 mai 2012","format":false,"excerpt":"Pour certains ce lundi 7 mai 2012 est le d\u00e9but de la fin (les chars sovi\u00e9tiques sont d\u00e9j\u00e0 \u00e0 Oulx), pour d'autres ce sont les grandes esp\u00e9rances qui fleurissent (les banques vont arr\u00eater de mener le monde). Et bien pour nous ce sera du tr\u00e8s bon ski au sommet E\u2026","rel":"","context":"Dans &quot;Ski de rando et freeride&quot;","block_context":{"text":"Ski de rando et freeride","link":"https:\/\/www.escalade.pro\/news\/category\/ski-freeride\/"},"img":{"alt_text":"","src":"","width":0,"height":0},"classes":[]},{"id":4377,"url":"https:\/\/www.escalade.pro\/news\/arpelistock-col-ignes\/","url_meta":{"origin":7909,"position":3},"title":"Arpelistock et col des Ignes","author":"Fred Vionnet","date":"21 f\u00e9vrier 2015","format":false,"excerpt":"Habiter dans la vall\u00e9e de Cham c\u2019est bien parce que tu as tout pour la pratique de la montagne \u00e0 port\u00e9e de main. En gros bonus la fronti\u00e8re est toute proche, et aller skier dans le Valais est aussi rapide et surtout moins chez que d\u2019aller s\u2019entasser dans les Aravis\u2026","rel":"","context":"Dans &quot;Ski de rando et freeride&quot;","block_context":{"text":"Ski de rando et freeride","link":"https:\/\/www.escalade.pro\/news\/category\/ski-freeride\/"},"img":{"alt_text":"arpelistock ski suisse","src":"https:\/\/i0.wp.com\/www.escalade.pro\/news\/wp-content\/uploads\/2015\/02\/IMG_5629-300x179.jpg?resize=350%2C200","width":350,"height":200},"classes":[]},{"id":1528,"url":"https:\/\/www.escalade.pro\/news\/pic-jocelme-col-verdonne-ski-rando\/","url_meta":{"origin":7909,"position":4},"title":"Pic Jocelme and col de Verdonne in Valgaudemar valleyLe Valgo c&rsquo;est bo, Pic Jocelme et col de Verdonne","author":"Fred Vionnet","date":"5 mai 2014","format":false,"excerpt":"We had a great weekend in Valgaudemar valley. Spending 2 nights in refuge du Chabourneou. We skied Pic Jocelme (3457m) on the first morning. And we skied north side of col de Verdonne on the last day Dernier hiver pour moi dans le 05, dernier weekend de ski de la\u2026","rel":"","context":"Dans &quot;Ski de rando et freeride&quot;","block_context":{"text":"Ski de rando et freeride","link":"https:\/\/www.escalade.pro\/news\/category\/ski-freeride\/"},"img":{"alt_text":"refuge chabourneou valgaudemar","src":"https:\/\/i0.wp.com\/www.escalade.pro\/news\/wp-content\/uploads\/2014\/05\/refuge-300x225.jpg?resize=350%2C200","width":350,"height":200},"classes":[]},{"id":8253,"url":"https:\/\/www.escalade.pro\/news\/video-ski-face-sud-moine\/","url_meta":{"origin":7909,"position":5},"title":"Vid\u00e9o et interview ski: face sud du Moine","author":"Fred Vionnet","date":"31 mars 2016","format":false,"excerpt":"Plusieurs premi\u00e8res en ski de pente raide superbes ont \u00e9t\u00e9 r\u00e9alis\u00e9es cet hiver, avec par exemple Vivian Bruchez et Kilian Jornet \u00e0 l'Aiguille du Chardonnet (vivianbruchez.blogspot.fr) ou encore Julien \"Pica\" Herry et ses potes \u00e0 la Grande Rocheuse (www.tvmountain.com). Si cette descente de la face sud de l'Aiguille du Moine\u2026","rel":"","context":"Dans &quot;Alpinisme&quot;","block_context":{"text":"Alpinisme","link":"https:\/\/www.escalade.pro\/news\/category\/alpinisme\/"},"img":{"alt_text":"\u00a9 Titi Gentet","src":"https:\/\/i0.wp.com\/www.escalade.pro\/news\/wp-content\/uploads\/2016\/03\/moine-300x225.jpg?resize=350%2C200","width":350,"height":200},"classes":[]}],"jetpack_featured_media_url":"","_links":{"self":[{"href":"https:\/\/www.escalade.pro\/news\/wp-json\/wp\/v2\/posts\/7909","targetHints":{"allow":["GET"]}}],"collection":[{"href":"https:\/\/www.escalade.pro\/news\/wp-json\/wp\/v2\/posts"}],"about":[{"href":"https:\/\/www.escalade.pro\/news\/wp-json\/wp\/v2\/types\/post"}],"author":[{"embeddable":true,"href":"https:\/\/www.escalade.pro\/news\/wp-json\/wp\/v2\/users\/1"}],"replies":[{"embeddable":true,"href":"https:\/\/www.escalade.pro\/news\/wp-json\/wp\/v2\/comments?post=7909"}],"version-history":[{"count":6,"href":"https:\/\/www.escalade.pro\/news\/wp-json\/wp\/v2\/posts\/7909\/revisions"}],"predecessor-version":[{"id":7916,"href":"https:\/\/www.escalade.pro\/news\/wp-json\/wp\/v2\/posts\/7909\/revisions\/7916"}],"wp:attachment":[{"href":"https:\/\/www.escalade.pro\/news\/wp-json\/wp\/v2\/media?parent=7909"}],"wp:term":[{"taxonomy":"category","embeddable":true,"href":"https:\/\/www.escalade.pro\/news\/wp-json\/wp\/v2\/categories?post=7909"},{"taxonomy":"post_tag","embeddable":true,"href":"https:\/\/www.escalade.pro\/news\/wp-json\/wp\/v2\/tags?post=7909"}],"curies":[{"name":"wp","href":"https:\/\/api.w.org\/{rel}","templated":true}]}}