{"id":7632,"date":"2016-02-10T18:49:24","date_gmt":"2016-02-10T17:49:24","guid":{"rendered":"http:\/\/www.escalade.pro\/news\/?p=7632"},"modified":"2016-02-10T18:49:24","modified_gmt":"2016-02-10T17:49:24","slug":"videos-grimpe-oman-arnaud-petit","status":"publish","type":"post","link":"https:\/\/www.escalade.pro\/news\/videos-grimpe-oman-arnaud-petit\/","title":{"rendered":"Vid\u00e9os: grimpe \u00e0 Oman avec Arnaud Petit"},"content":{"rendered":"<p><strong>Invit\u00e9 par Read Macadam qui habite dans le pays et accompagn\u00e9 par le roumain Alex Ruscior, Arnaud Petit a visit\u00e9 en janvier dernier les falaises du Sultanat d&rsquo;Oman.<\/strong> Il n&rsquo;a \u00e9videmment pas pu s&#8217;emp\u00eacher de tirer \u00e9galement quelques longueurs!<\/p>\n<p><u>Plus d&rsquo;infos sur le blog d&rsquo;Arnaud:<\/u><br \/>\n<a href=\"https:\/\/vagabondsdelaverticale.wordpress.com\/2016\/01\/30\/oman-du-calcaire-a-linfini\/\" target=\"_blank\">vagabondsdelaverticale.wordpress.com\/<\/a><\/p>\n<p><iframe loading=\"lazy\" src=\"https:\/\/player.vimeo.com\/video\/153750983\" width=\"500\" height=\"281\" frameborder=\"0\" webkitallowfullscreen mozallowfullscreen allowfullscreen><\/iframe><\/p>\n<p><iframe loading=\"lazy\" src=\"https:\/\/player.vimeo.com\/video\/154739537\" width=\"500\" height=\"281\" frameborder=\"0\" webkitallowfullscreen mozallowfullscreen allowfullscreen><\/iframe><\/p>\n","protected":false},"excerpt":{"rendered":"<p>Invit\u00e9 par Read Macadam qui habite dans le pays et accompagn\u00e9 par le roumain Alex Ruscior, Arnaud Petit a visit\u00e9<\/p>\n","protected":false},"author":1,"featured_media":0,"comment_status":"open","ping_status":"open","sticky":false,"template":"","format":"standard","meta":{"colormag_page_container_layout":"default_layout","colormag_page_sidebar_layout":"default_layout","_monsterinsights_skip_tracking":false,"_monsterinsights_sitenote_active":false,"_monsterinsights_sitenote_note":"","_monsterinsights_sitenote_category":0,"ngg_post_thumbnail":0,"jetpack_post_was_ever_published":false,"_jetpack_newsletter_access":"","_jetpack_dont_email_post_to_subs":false,"_jetpack_newsletter_tier_id":0,"_jetpack_memberships_contains_paywalled_content":false,"_jetpack_memberships_contains_paid_content":false,"footnotes":"","jetpack_publicize_message":"","jetpack_publicize_feature_enabled":true,"jetpack_social_post_already_shared":true,"jetpack_social_options":{"image_generator_settings":{"template":"highway","default_image_id":0,"font":"","enabled":false},"version":2}},"categories":[4,1,7],"tags":[],"class_list":["post-7632","post","type-post","status-publish","format-standard","hentry","category-escalade","category-news","category-videos"],"yoast_head":"<!-- This site is optimized with the Yoast SEO plugin v27.5 - https:\/\/yoast.com\/product\/yoast-seo-wordpress\/ -->\n<title>Vid\u00e9os: grimpe \u00e0 Oman avec Arnaud Petit &#8211; L&#039;Arqu\u00e9e Libre - Fred Vionnet entraineur\/moniteur escalade<\/title>\n<meta name=\"robots\" content=\"index, follow, max-snippet:-1, max-image-preview:large, max-video-preview:-1\" \/>\n<link rel=\"canonical\" href=\"https:\/\/www.escalade.pro\/news\/videos-grimpe-oman-arnaud-petit\/\" \/>\n<meta property=\"og:locale\" content=\"fr_FR\" \/>\n<meta property=\"og:type\" content=\"article\" \/>\n<meta property=\"og:title\" content=\"Vid\u00e9os: grimpe \u00e0 Oman avec Arnaud Petit &#8211; L&#039;Arqu\u00e9e Libre - Fred Vionnet entraineur\/moniteur escalade\" \/>\n<meta property=\"og:description\" content=\"Invit\u00e9 par Read Macadam qui habite dans le pays et accompagn\u00e9 par le roumain Alex Ruscior, Arnaud Petit a visit\u00e9\" \/>\n<meta property=\"og:url\" content=\"https:\/\/www.escalade.pro\/news\/videos-grimpe-oman-arnaud-petit\/\" \/>\n<meta property=\"og:site_name\" content=\"L&#039;Arqu\u00e9e Libre - Fred Vionnet entraineur\/moniteur escalade\" \/>\n<meta property=\"article:publisher\" content=\"https:\/\/www.facebook.com\/grimpisme\/\" \/>\n<meta property=\"article:author\" content=\"https:\/\/www.facebook.com\/fredCaillouXvionnet\" \/>\n<meta property=\"article:published_time\" content=\"2016-02-10T17:49:24+00:00\" \/>\n<meta name=\"author\" content=\"Fred Vionnet\" \/>\n<meta name=\"twitter:card\" content=\"summary_large_image\" \/>\n<meta name=\"twitter:label1\" content=\"\u00c9crit par\" \/>\n\t<meta name=\"twitter:data1\" content=\"Fred Vionnet\" \/>\n<script type=\"application\/ld+json\" class=\"yoast-schema-graph\">{\"@context\":\"https:\\\/\\\/schema.org\",\"@graph\":[{\"@type\":\"Article\",\"@id\":\"https:\\\/\\\/www.escalade.pro\\\/news\\\/videos-grimpe-oman-arnaud-petit\\\/#article\",\"isPartOf\":{\"@id\":\"https:\\\/\\\/www.escalade.pro\\\/news\\\/videos-grimpe-oman-arnaud-petit\\\/\"},\"author\":{\"name\":\"Fred Vionnet\",\"@id\":\"https:\\\/\\\/www.escalade.pro\\\/news\\\/#\\\/schema\\\/person\\\/e0e0520aa48cfda56ae5406c2fe2caeb\"},\"headline\":\"Vid\u00e9os: grimpe \u00e0 Oman avec Arnaud Petit\",\"datePublished\":\"2016-02-10T17:49:24+00:00\",\"mainEntityOfPage\":{\"@id\":\"https:\\\/\\\/www.escalade.pro\\\/news\\\/videos-grimpe-oman-arnaud-petit\\\/\"},\"wordCount\":56,\"commentCount\":0,\"publisher\":{\"@id\":\"https:\\\/\\\/www.escalade.pro\\\/news\\\/#organization\"},\"articleSection\":[\"Escalade\",\"News et actu\",\"Vid\u00e9os\"],\"inLanguage\":\"fr-FR\",\"potentialAction\":[{\"@type\":\"CommentAction\",\"name\":\"Comment\",\"target\":[\"https:\\\/\\\/www.escalade.pro\\\/news\\\/videos-grimpe-oman-arnaud-petit\\\/#respond\"]}]},{\"@type\":\"WebPage\",\"@id\":\"https:\\\/\\\/www.escalade.pro\\\/news\\\/videos-grimpe-oman-arnaud-petit\\\/\",\"url\":\"https:\\\/\\\/www.escalade.pro\\\/news\\\/videos-grimpe-oman-arnaud-petit\\\/\",\"name\":\"Vid\u00e9os: grimpe \u00e0 Oman avec Arnaud Petit &#8211; L&#039;Arqu\u00e9e Libre - Fred Vionnet entraineur\\\/moniteur escalade\",\"isPartOf\":{\"@id\":\"https:\\\/\\\/www.escalade.pro\\\/news\\\/#website\"},\"datePublished\":\"2016-02-10T17:49:24+00:00\",\"breadcrumb\":{\"@id\":\"https:\\\/\\\/www.escalade.pro\\\/news\\\/videos-grimpe-oman-arnaud-petit\\\/#breadcrumb\"},\"inLanguage\":\"fr-FR\",\"potentialAction\":[{\"@type\":\"ReadAction\",\"target\":[\"https:\\\/\\\/www.escalade.pro\\\/news\\\/videos-grimpe-oman-arnaud-petit\\\/\"]}]},{\"@type\":\"BreadcrumbList\",\"@id\":\"https:\\\/\\\/www.escalade.pro\\\/news\\\/videos-grimpe-oman-arnaud-petit\\\/#breadcrumb\",\"itemListElement\":[{\"@type\":\"ListItem\",\"position\":1,\"name\":\"Accueil\",\"item\":\"https:\\\/\\\/www.escalade.pro\\\/news\\\/\"},{\"@type\":\"ListItem\",\"position\":2,\"name\":\"Vid\u00e9os: grimpe \u00e0 Oman avec Arnaud Petit\"}]},{\"@type\":\"WebSite\",\"@id\":\"https:\\\/\\\/www.escalade.pro\\\/news\\\/#website\",\"url\":\"https:\\\/\\\/www.escalade.pro\\\/news\\\/\",\"name\":\"L&#039;Arqu\u00e9e Libre - Fred Vionnet entraineur\\\/moniteur escalade\",\"description\":\"Coaching et entrainement escalade. Buoux, C\u00e9\u00fcse et Fontainebleau.\",\"publisher\":{\"@id\":\"https:\\\/\\\/www.escalade.pro\\\/news\\\/#organization\"},\"potentialAction\":[{\"@type\":\"SearchAction\",\"target\":{\"@type\":\"EntryPoint\",\"urlTemplate\":\"https:\\\/\\\/www.escalade.pro\\\/news\\\/?s={search_term_string}\"},\"query-input\":{\"@type\":\"PropertyValueSpecification\",\"valueRequired\":true,\"valueName\":\"search_term_string\"}}],\"inLanguage\":\"fr-FR\"},{\"@type\":\"Organization\",\"@id\":\"https:\\\/\\\/www.escalade.pro\\\/news\\\/#organization\",\"name\":\"L&#039;Arqu\u00e9e Libre - Fred Vionnet entraineur\\\/moniteur escalade\",\"url\":\"https:\\\/\\\/www.escalade.pro\\\/news\\\/\",\"logo\":{\"@type\":\"ImageObject\",\"inLanguage\":\"fr-FR\",\"@id\":\"https:\\\/\\\/www.escalade.pro\\\/news\\\/#\\\/schema\\\/logo\\\/image\\\/\",\"url\":\"https:\\\/\\\/www.escalade.pro\\\/news\\\/wp-content\\\/uploads\\\/2026\\\/04\\\/logo-wp-AL-avril-2026-1.jpg\",\"contentUrl\":\"https:\\\/\\\/www.escalade.pro\\\/news\\\/wp-content\\\/uploads\\\/2026\\\/04\\\/logo-wp-AL-avril-2026-1.jpg\",\"width\":1955,\"height\":902,\"caption\":\"L&#039;Arqu\u00e9e Libre - Fred Vionnet entraineur\\\/moniteur escalade\"},\"image\":{\"@id\":\"https:\\\/\\\/www.escalade.pro\\\/news\\\/#\\\/schema\\\/logo\\\/image\\\/\"},\"sameAs\":[\"https:\\\/\\\/www.facebook.com\\\/grimpisme\\\/\",\"https:\\\/\\\/www.instagram.com\\\/grimpisme\\\/\",\"https:\\\/\\\/www.linkedin.com\\\/in\\\/fred-vionnet-6284b96a\\\/\",\"https:\\\/\\\/fr.pinterest.com\\\/grimpisme\\\/\",\"https:\\\/\\\/www.youtube.com\\\/@grimpisme\"]},{\"@type\":\"Person\",\"@id\":\"https:\\\/\\\/www.escalade.pro\\\/news\\\/#\\\/schema\\\/person\\\/e0e0520aa48cfda56ae5406c2fe2caeb\",\"name\":\"Fred Vionnet\",\"image\":{\"@type\":\"ImageObject\",\"inLanguage\":\"fr-FR\",\"@id\":\"https:\\\/\\\/secure.gravatar.com\\\/avatar\\\/a2f6c5fc695da895033dcd95afaa6aeda795d5122ab3a22a03e24aab7f3d96a6?s=96&d=blank&r=g\",\"url\":\"https:\\\/\\\/secure.gravatar.com\\\/avatar\\\/a2f6c5fc695da895033dcd95afaa6aeda795d5122ab3a22a03e24aab7f3d96a6?s=96&d=blank&r=g\",\"contentUrl\":\"https:\\\/\\\/secure.gravatar.com\\\/avatar\\\/a2f6c5fc695da895033dcd95afaa6aeda795d5122ab3a22a03e24aab7f3d96a6?s=96&d=blank&r=g\",\"caption\":\"Fred Vionnet\"},\"description\":\"Coach escalade en Haute Savoie. Pas contre une grande voie non plus. Mais on va \u00e0 C\u00e9\u00fcse, Fontainebleau, Buoux ou encore les Gorges du Verdon quand vous voulez.\",\"sameAs\":[\"http:\\\/\\\/www.grimpisme.com\",\"https:\\\/\\\/www.facebook.com\\\/fredCaillouXvionnet\",\"https:\\\/\\\/www.linkedin.com\\\/profile\\\/preview?vpa=pub&locale=fr_FR\",\"https:\\\/\\\/fr.pinterest.com\\\/grimpisme\\\/\",\"https:\\\/\\\/www.youtube.com\\\/user\\\/grimpisme\",\"https:\\\/\\\/soundcloud.com\\\/fredvionnet\"],\"url\":\"https:\\\/\\\/www.escalade.pro\\\/news\\\/author\\\/fred\\\/\"}]}<\/script>\n<!-- \/ Yoast SEO plugin. -->","yoast_head_json":{"title":"Vid\u00e9os: grimpe \u00e0 Oman avec Arnaud Petit &#8211; L&#039;Arqu\u00e9e Libre - Fred Vionnet entraineur\/moniteur escalade","robots":{"index":"index","follow":"follow","max-snippet":"max-snippet:-1","max-image-preview":"max-image-preview:large","max-video-preview":"max-video-preview:-1"},"canonical":"https:\/\/www.escalade.pro\/news\/videos-grimpe-oman-arnaud-petit\/","og_locale":"fr_FR","og_type":"article","og_title":"Vid\u00e9os: grimpe \u00e0 Oman avec Arnaud Petit &#8211; L&#039;Arqu\u00e9e Libre - Fred Vionnet entraineur\/moniteur escalade","og_description":"Invit\u00e9 par Read Macadam qui habite dans le pays et accompagn\u00e9 par le roumain Alex Ruscior, Arnaud Petit a visit\u00e9","og_url":"https:\/\/www.escalade.pro\/news\/videos-grimpe-oman-arnaud-petit\/","og_site_name":"L&#039;Arqu\u00e9e Libre - Fred Vionnet entraineur\/moniteur escalade","article_publisher":"https:\/\/www.facebook.com\/grimpisme\/","article_author":"https:\/\/www.facebook.com\/fredCaillouXvionnet","article_published_time":"2016-02-10T17:49:24+00:00","author":"Fred Vionnet","twitter_card":"summary_large_image","twitter_misc":{"\u00c9crit par":"Fred Vionnet"},"schema":{"@context":"https:\/\/schema.org","@graph":[{"@type":"Article","@id":"https:\/\/www.escalade.pro\/news\/videos-grimpe-oman-arnaud-petit\/#article","isPartOf":{"@id":"https:\/\/www.escalade.pro\/news\/videos-grimpe-oman-arnaud-petit\/"},"author":{"name":"Fred Vionnet","@id":"https:\/\/www.escalade.pro\/news\/#\/schema\/person\/e0e0520aa48cfda56ae5406c2fe2caeb"},"headline":"Vid\u00e9os: grimpe \u00e0 Oman avec Arnaud Petit","datePublished":"2016-02-10T17:49:24+00:00","mainEntityOfPage":{"@id":"https:\/\/www.escalade.pro\/news\/videos-grimpe-oman-arnaud-petit\/"},"wordCount":56,"commentCount":0,"publisher":{"@id":"https:\/\/www.escalade.pro\/news\/#organization"},"articleSection":["Escalade","News et actu","Vid\u00e9os"],"inLanguage":"fr-FR","potentialAction":[{"@type":"CommentAction","name":"Comment","target":["https:\/\/www.escalade.pro\/news\/videos-grimpe-oman-arnaud-petit\/#respond"]}]},{"@type":"WebPage","@id":"https:\/\/www.escalade.pro\/news\/videos-grimpe-oman-arnaud-petit\/","url":"https:\/\/www.escalade.pro\/news\/videos-grimpe-oman-arnaud-petit\/","name":"Vid\u00e9os: grimpe \u00e0 Oman avec Arnaud Petit &#8211; L&#039;Arqu\u00e9e Libre - Fred Vionnet entraineur\/moniteur escalade","isPartOf":{"@id":"https:\/\/www.escalade.pro\/news\/#website"},"datePublished":"2016-02-10T17:49:24+00:00","breadcrumb":{"@id":"https:\/\/www.escalade.pro\/news\/videos-grimpe-oman-arnaud-petit\/#breadcrumb"},"inLanguage":"fr-FR","potentialAction":[{"@type":"ReadAction","target":["https:\/\/www.escalade.pro\/news\/videos-grimpe-oman-arnaud-petit\/"]}]},{"@type":"BreadcrumbList","@id":"https:\/\/www.escalade.pro\/news\/videos-grimpe-oman-arnaud-petit\/#breadcrumb","itemListElement":[{"@type":"ListItem","position":1,"name":"Accueil","item":"https:\/\/www.escalade.pro\/news\/"},{"@type":"ListItem","position":2,"name":"Vid\u00e9os: grimpe \u00e0 Oman avec Arnaud Petit"}]},{"@type":"WebSite","@id":"https:\/\/www.escalade.pro\/news\/#website","url":"https:\/\/www.escalade.pro\/news\/","name":"L&#039;Arqu\u00e9e Libre - Fred Vionnet entraineur\/moniteur escalade","description":"Coaching et entrainement escalade. Buoux, C\u00e9\u00fcse et Fontainebleau.","publisher":{"@id":"https:\/\/www.escalade.pro\/news\/#organization"},"potentialAction":[{"@type":"SearchAction","target":{"@type":"EntryPoint","urlTemplate":"https:\/\/www.escalade.pro\/news\/?s={search_term_string}"},"query-input":{"@type":"PropertyValueSpecification","valueRequired":true,"valueName":"search_term_string"}}],"inLanguage":"fr-FR"},{"@type":"Organization","@id":"https:\/\/www.escalade.pro\/news\/#organization","name":"L&#039;Arqu\u00e9e Libre - Fred Vionnet entraineur\/moniteur escalade","url":"https:\/\/www.escalade.pro\/news\/","logo":{"@type":"ImageObject","inLanguage":"fr-FR","@id":"https:\/\/www.escalade.pro\/news\/#\/schema\/logo\/image\/","url":"https:\/\/www.escalade.pro\/news\/wp-content\/uploads\/2026\/04\/logo-wp-AL-avril-2026-1.jpg","contentUrl":"https:\/\/www.escalade.pro\/news\/wp-content\/uploads\/2026\/04\/logo-wp-AL-avril-2026-1.jpg","width":1955,"height":902,"caption":"L&#039;Arqu\u00e9e Libre - Fred Vionnet entraineur\/moniteur escalade"},"image":{"@id":"https:\/\/www.escalade.pro\/news\/#\/schema\/logo\/image\/"},"sameAs":["https:\/\/www.facebook.com\/grimpisme\/","https:\/\/www.instagram.com\/grimpisme\/","https:\/\/www.linkedin.com\/in\/fred-vionnet-6284b96a\/","https:\/\/fr.pinterest.com\/grimpisme\/","https:\/\/www.youtube.com\/@grimpisme"]},{"@type":"Person","@id":"https:\/\/www.escalade.pro\/news\/#\/schema\/person\/e0e0520aa48cfda56ae5406c2fe2caeb","name":"Fred Vionnet","image":{"@type":"ImageObject","inLanguage":"fr-FR","@id":"https:\/\/secure.gravatar.com\/avatar\/a2f6c5fc695da895033dcd95afaa6aeda795d5122ab3a22a03e24aab7f3d96a6?s=96&d=blank&r=g","url":"https:\/\/secure.gravatar.com\/avatar\/a2f6c5fc695da895033dcd95afaa6aeda795d5122ab3a22a03e24aab7f3d96a6?s=96&d=blank&r=g","contentUrl":"https:\/\/secure.gravatar.com\/avatar\/a2f6c5fc695da895033dcd95afaa6aeda795d5122ab3a22a03e24aab7f3d96a6?s=96&d=blank&r=g","caption":"Fred Vionnet"},"description":"Coach escalade en Haute Savoie. Pas contre une grande voie non plus. Mais on va \u00e0 C\u00e9\u00fcse, Fontainebleau, Buoux ou encore les Gorges du Verdon quand vous voulez.","sameAs":["http:\/\/www.grimpisme.com","https:\/\/www.facebook.com\/fredCaillouXvionnet","https:\/\/www.linkedin.com\/profile\/preview?vpa=pub&locale=fr_FR","https:\/\/fr.pinterest.com\/grimpisme\/","https:\/\/www.youtube.com\/user\/grimpisme","https:\/\/soundcloud.com\/fredvionnet"],"url":"https:\/\/www.escalade.pro\/news\/author\/fred\/"}]}},"jetpack_publicize_connections":[],"jetpack_featured_media_url":"","jetpack_sharing_enabled":true,"jetpack_shortlink":"https:\/\/wp.me\/p68Rw6-1Z6","jetpack-related-posts":[{"id":3661,"url":"https:\/\/www.escalade.pro\/news\/video-arnaud-petit-biographie\/","url_meta":{"origin":7632,"position":0},"title":"Video: Arnaud Petit and Biographie (C\u00e9\u00fcse)Vid\u00e9o: Arnaud Petit dans Biographie","author":"Fred Vionnet","date":"17 octobre 2014","format":false,"excerpt":"Arnaud Petit talks about his 20-year struggle on Biographie( Realization), C\u00e9\u00fcse. Je me souviens avoir vu Arnaud tomber \u00e0 l'un des derniers mouvements avant le premier relais de Biographie \u00e0 C\u00e9\u00fcse, apr\u00e8s un tr\u00e8s beau combat. Arnaud raconte l'histoire qu'il a v\u00e9cu avec cette voie, et qu'il vit encore... n'ayant\u2026","rel":"","context":"Dans &quot;Escalade&quot;","block_context":{"text":"Escalade","link":"https:\/\/www.escalade.pro\/news\/category\/escalade\/"},"img":{"alt_text":"","src":"","width":0,"height":0},"classes":[]},{"id":741,"url":"https:\/\/www.escalade.pro\/news\/nouvelle-grande-voie-corse-arnaud-petit\/","url_meta":{"origin":7632,"position":1},"title":"New multi pitch in Corsica by Arnaud Petit en Jeff ArnoldiNouvelle grande voie en Corse par A.Petit et J.Arnoldi","author":"Fred Vionnet","date":"25 mars 2014","format":false,"excerpt":"\u00ab Le non-sens et la joie \u00bb - Cascioni \u2013 Corsica - 250 m \u2013 8a max \u2013 7b oblig. Opened in march by Arnaud Petit and Jeff Arnoldi. More photos on Arnaud's blog. Route description, thanks to Jeff: \"A beautiful steep route on orange granite, mainly on gear (14\u2026","rel":"","context":"Dans &quot;Escalade&quot;","block_context":{"text":"Escalade","link":"https:\/\/www.escalade.pro\/news\/category\/escalade\/"},"img":{"alt_text":"climbing corsica arnaud petit","src":"https:\/\/i0.wp.com\/www.escalade.pro\/news\/wp-content\/uploads\/2014\/03\/1795761_225044897703047_291098976_n.jpg?resize=350%2C200","width":350,"height":200,"srcset":"https:\/\/i0.wp.com\/www.escalade.pro\/news\/wp-content\/uploads\/2014\/03\/1795761_225044897703047_291098976_n.jpg?resize=350%2C200 1x, https:\/\/i0.wp.com\/www.escalade.pro\/news\/wp-content\/uploads\/2014\/03\/1795761_225044897703047_291098976_n.jpg?resize=525%2C300 1.5x"},"classes":[]},{"id":13199,"url":"https:\/\/www.escalade.pro\/news\/video-caroline-ciavaldini-petit-grand-capucin\/","url_meta":{"origin":7632,"position":2},"title":"Vid\u00e9o: Caroline Ciavaldini dans la voie Petit au Grand Capucin","author":"Fred Vionnet","date":"21 novembre 2016","format":false,"excerpt":"L'ex-comp\u00e9titrice Caroline Ciavaldini r\u00e9ussissait durant l'\u00e9t\u00e9 2016 l'ascension en libre de la voie Petit au Grand Capucin (3838m, massif du Mont Blanc). Equip\u00e9e par Arnaud Petit en 1997, cette voie de trad avait \u00e9t\u00e9 lib\u00e9r\u00e9e pour la premi\u00e8re fois par Alex Huber en 2005, pour 450m de grimpe en 8b\u2026","rel":"","context":"Dans &quot;Alpinisme&quot;","block_context":{"text":"Alpinisme","link":"https:\/\/www.escalade.pro\/news\/category\/alpinisme\/"},"img":{"alt_text":"","src":"https:\/\/i0.wp.com\/www.escalade.pro\/news\/wp-content\/uploads\/2016\/11\/Capture-d%E2%80%99e%CC%81cran-2016-11-21-a%CC%80-16.56.07.png?resize=350%2C200&ssl=1","width":350,"height":200,"srcset":"https:\/\/i0.wp.com\/www.escalade.pro\/news\/wp-content\/uploads\/2016\/11\/Capture-d%E2%80%99e%CC%81cran-2016-11-21-a%CC%80-16.56.07.png?resize=350%2C200&ssl=1 1x, https:\/\/i0.wp.com\/www.escalade.pro\/news\/wp-content\/uploads\/2016\/11\/Capture-d%E2%80%99e%CC%81cran-2016-11-21-a%CC%80-16.56.07.png?resize=525%2C300&ssl=1 1.5x, https:\/\/i0.wp.com\/www.escalade.pro\/news\/wp-content\/uploads\/2016\/11\/Capture-d%E2%80%99e%CC%81cran-2016-11-21-a%CC%80-16.56.07.png?resize=700%2C400&ssl=1 2x"},"classes":[]},{"id":19559,"url":"https:\/\/www.escalade.pro\/news\/petit-bargy-voies-trous-petiole\/","url_meta":{"origin":7632,"position":3},"title":"Petit Bargy, voies des Trous pas la \u00ab\u00a0variante \u00e0 P\u00e9tiole\u00a0\u00bb","author":"Fred Vionnet","date":"21 juillet 2020","format":false,"excerpt":"Plus on monte et plus c'est beau, avec des cannelures au gruy\u00e8re, des trous. On d\u00e9passe rapidement les \u00e9quipeurs \u00e0 notre gauche. Ils ont l'air de bien s'amuser \u00e0 balancer des grosses mottes de mousse et de terreau dans le vide.","rel":"","context":"Dans &quot;Alpinisme&quot;","block_context":{"text":"Alpinisme","link":"https:\/\/www.escalade.pro\/news\/category\/alpinisme\/"},"img":{"alt_text":"escalade petit bargy voie trous","src":"https:\/\/i0.wp.com\/www.escalade.pro\/news\/wp-content\/uploads\/2020\/07\/P1020399.jpg?resize=350%2C200&ssl=1","width":350,"height":200,"srcset":"https:\/\/i0.wp.com\/www.escalade.pro\/news\/wp-content\/uploads\/2020\/07\/P1020399.jpg?resize=350%2C200&ssl=1 1x, https:\/\/i0.wp.com\/www.escalade.pro\/news\/wp-content\/uploads\/2020\/07\/P1020399.jpg?resize=525%2C300&ssl=1 1.5x, https:\/\/i0.wp.com\/www.escalade.pro\/news\/wp-content\/uploads\/2020\/07\/P1020399.jpg?resize=700%2C400&ssl=1 2x"},"classes":[]},{"id":6657,"url":"https:\/\/www.escalade.pro\/news\/visiter-nepal\/","url_meta":{"origin":7632,"position":4},"title":"Il faut continuer de se rendre au N\u00e9pal","author":"Fred Vionnet","date":"25 octobre 2015","format":false,"excerpt":"La fr\u00e9quentation touristique au N\u00e9pal s'est effondr\u00e9e depuis les tremblements de terre d'avril et mai 2015, ce qui est une catastrophe pour l'\u00e9conomie n\u00e9palaise dans les zones non-touch\u00e9es par le s\u00e9isme, et \u00e9galement dans les zones en reconstruction qui ont plus que jamais besoin d\u2019accueillir les trekkeurs pour avoir des\u2026","rel":"","context":"Dans &quot;News et actu&quot;","block_context":{"text":"News et actu","link":"https:\/\/www.escalade.pro\/news\/category\/news\/"},"img":{"alt_text":"","src":"","width":0,"height":0},"classes":[]},{"id":20788,"url":"https:\/\/www.escalade.pro\/news\/video-bloc-nico-pelorson-big-island-assis\/","url_meta":{"origin":7632,"position":5},"title":"Vid\u00e9o bloc: Nico Pelorson dans \u00ab\u00a0Big Island Assis\u00a0\u00bb (8c+?\/9a)","author":"Fred Vionnet","date":"13 avril 2021","format":false,"excerpt":"\"The Island\", \"Big Island\", \"Big Island assis\", \"Enfin Seul\"... depuis son ouverture incompl\u00e8te en 2008 par Dave Graham, ce bloc n'a cess\u00e9 d'\u00e9voluer et de faire parler. Et ce n'est pas fini!","rel":"","context":"Dans &quot;Escalade&quot;","block_context":{"text":"Escalade","link":"https:\/\/www.escalade.pro\/news\/category\/escalade\/"},"img":{"alt_text":"video bloc escalade nico pelorson fontainebleau big island","src":"https:\/\/i0.wp.com\/www.escalade.pro\/news\/wp-content\/uploads\/2021\/04\/nico_pelorson.jpg?resize=350%2C200&ssl=1","width":350,"height":200,"srcset":"https:\/\/i0.wp.com\/www.escalade.pro\/news\/wp-content\/uploads\/2021\/04\/nico_pelorson.jpg?resize=350%2C200&ssl=1 1x, https:\/\/i0.wp.com\/www.escalade.pro\/news\/wp-content\/uploads\/2021\/04\/nico_pelorson.jpg?resize=525%2C300&ssl=1 1.5x, https:\/\/i0.wp.com\/www.escalade.pro\/news\/wp-content\/uploads\/2021\/04\/nico_pelorson.jpg?resize=700%2C400&ssl=1 2x"},"classes":[]}],"_links":{"self":[{"href":"https:\/\/www.escalade.pro\/news\/wp-json\/wp\/v2\/posts\/7632","targetHints":{"allow":["GET"]}}],"collection":[{"href":"https:\/\/www.escalade.pro\/news\/wp-json\/wp\/v2\/posts"}],"about":[{"href":"https:\/\/www.escalade.pro\/news\/wp-json\/wp\/v2\/types\/post"}],"author":[{"embeddable":true,"href":"https:\/\/www.escalade.pro\/news\/wp-json\/wp\/v2\/users\/1"}],"replies":[{"embeddable":true,"href":"https:\/\/www.escalade.pro\/news\/wp-json\/wp\/v2\/comments?post=7632"}],"version-history":[{"count":4,"href":"https:\/\/www.escalade.pro\/news\/wp-json\/wp\/v2\/posts\/7632\/revisions"}],"predecessor-version":[{"id":7636,"href":"https:\/\/www.escalade.pro\/news\/wp-json\/wp\/v2\/posts\/7632\/revisions\/7636"}],"wp:attachment":[{"href":"https:\/\/www.escalade.pro\/news\/wp-json\/wp\/v2\/media?parent=7632"}],"wp:term":[{"taxonomy":"category","embeddable":true,"href":"https:\/\/www.escalade.pro\/news\/wp-json\/wp\/v2\/categories?post=7632"},{"taxonomy":"post_tag","embeddable":true,"href":"https:\/\/www.escalade.pro\/news\/wp-json\/wp\/v2\/tags?post=7632"}],"curies":[{"name":"wp","href":"https:\/\/api.w.org\/{rel}","templated":true}]}}