{"id":6560,"date":"2015-10-14T20:18:31","date_gmt":"2015-10-14T19:18:31","guid":{"rendered":"http:\/\/www.escalade.pro\/news\/?p=6560"},"modified":"2016-03-29T13:50:12","modified_gmt":"2016-03-29T12:50:12","slug":"face-ouest-buet","status":"publish","type":"post","link":"https:\/\/www.escalade.pro\/news\/face-ouest-buet\/","title":{"rendered":"La face ouest du Buet"},"content":{"rendered":"<p><a href=\"http:\/\/www.escalade.pro\/news\/wp-content\/uploads\/2015\/10\/P1150747.jpg\"><img loading=\"lazy\" decoding=\"async\" class=\"aligncenter size-medium wp-image-6577\" src=\"http:\/\/www.escalade.pro\/news\/wp-content\/uploads\/2015\/10\/P1150747-300x169.jpg\" alt=\"buet depuis anterne\" width=\"300\" height=\"169\" srcset=\"https:\/\/www.escalade.pro\/news\/wp-content\/uploads\/2015\/10\/P1150747-300x169.jpg 300w, https:\/\/www.escalade.pro\/news\/wp-content\/uploads\/2015\/10\/P1150747-600x338.jpg 600w, https:\/\/www.escalade.pro\/news\/wp-content\/uploads\/2015\/10\/P1150747-250x141.jpg 250w, https:\/\/www.escalade.pro\/news\/wp-content\/uploads\/2015\/10\/P1150747.jpg 1000w\" sizes=\"auto, (max-width: 300px) 100vw, 300px\" \/><\/a> Dimanche aprem nous sommes all\u00e9s nous d\u00e9gourdir les jambes sur les Fonts et Anterne, dans le Haut Giffre de mon enfance si sauvage et pr\u00e9serv\u00e9. Comme quoi contrairement \u00e0 ce que peuvent dirent certaines mauvaises langues il n&rsquo;y a pas des remont\u00e9es m\u00e9caniques partout en Haute Savoie, merci \u00e0 la <a href=\"http:\/\/www.reserves-naturelles.org\/sixt-passy\" target=\"_blank\">R\u00e9serve Naturelle de Sixt-Passy<\/a>! <\/p>\nngg_shortcode_0_placeholder\n<p>On en a pris plein les mirettes avec le Cirque des Fonts et cette massive face Ouest du Buet que j&rsquo;ai ski\u00e9 en 2006 par le Couloir du Lion dans une neige compl\u00e8tement pourrie, pourrie du sommet au dernier virage en s&rsquo;arr\u00eatant \u00e0 la voiture \u00e0 Salvagny. Je me souviens \u00e9galement de la remont\u00e9e de 150 m\u00e8tres en pleine face pour trouver cette satan\u00e9e entr\u00e9e du couloir. Mais bon pour Patrick Gabarrou c&rsquo;\u00e9tait bien plus tendu (lire le texte dans l&rsquo;image ci-dessous)&#8230;<\/p>\n<figure id=\"attachment_6579\" aria-describedby=\"caption-attachment-6579\" style=\"width: 297px\" class=\"wp-caption aligncenter\"><a href=\"http:\/\/www.escalade.pro\/news\/wp-content\/uploads\/2015\/10\/vertical.jpg\"><img loading=\"lazy\" decoding=\"async\" class=\"wp-image-6579 size-medium\" src=\"http:\/\/www.escalade.pro\/news\/wp-content\/uploads\/2015\/10\/vertical-297x300.jpg\" alt=\"buet couloir ski face ouest lion\" width=\"297\" height=\"300\" srcset=\"https:\/\/www.escalade.pro\/news\/wp-content\/uploads\/2015\/10\/vertical-297x300.jpg 297w, https:\/\/www.escalade.pro\/news\/wp-content\/uploads\/2015\/10\/vertical-1013x1024.jpg 1013w, https:\/\/www.escalade.pro\/news\/wp-content\/uploads\/2015\/10\/vertical-600x607.jpg 600w, https:\/\/www.escalade.pro\/news\/wp-content\/uploads\/2015\/10\/vertical-148x150.jpg 148w, https:\/\/www.escalade.pro\/news\/wp-content\/uploads\/2015\/10\/vertical.jpg 1200w\" sizes=\"auto, (max-width: 297px) 100vw, 297px\" \/><\/a><figcaption id=\"caption-attachment-6579\" class=\"wp-caption-text\">\u00a9Vertical<\/figcaption><\/figure>\nngg_shortcode_1_placeholder\n<p>Cette descente du Couloir du Lion en montant par le vallon de B\u00e9rard reste un sacr\u00e9 souvenir, on se sent tr\u00e8s petit dans cette face tr\u00e8s raide, vaste et avalancheuse culminant pourtant \u00e0 peine \u00e0 3097m mais offrant un d\u00e9nivel\u00e9 de 1400 m\u00e8tres jusqu&rsquo;aux Chalets des Fonds, avec une approche et un retour tr\u00e8s longs. R\u00e9cemment le Grand Couloir a \u00e9t\u00e9 mis en lumi\u00e8re par Step Roguet et Titi Gentet (voir sur <a href=\"http:\/\/faceauvide.com\/Grand-couloir-ouest-du-Buet\" target=\"_blank\">faceauvide.com<\/a> et aussi le d\u00e9montage en r\u00e8gle des bien-pensants sur <a href=\"http:\/\/www.skitour.fr\/sorties\/le-buet,54899.html\" target=\"_blank\">Skitour<\/a> pour rigoler) puis par une vid\u00e9o de <a href=\"http:\/\/www.tvmountain.com\/video\/glisse\/10777-le-buet-grand-couloir-ouest-salvagny-sixt-ski-de-randonnee-pente-raide-aiguilles-rouges-chamonix.html\" target=\"_blank\">TV Mountain<\/a> que je place ci-dessous. Ca doit vraiment \u00eatre un grand moment de skier cet itin\u00e9raire mais le cr\u00e9neau favorable peut \u00eatre tr\u00e8s court. <\/p>\n<p><iframe loading=\"lazy\" src=\"https:\/\/www.youtube.com\/embed\/zHjaRNUL5Uw\" width=\"560\" height=\"315\" frameborder=\"0\" allowfullscreen=\"allowfullscreen\"><\/iframe><\/p>\n","protected":false},"excerpt":{"rendered":"<p>Dimanche aprem nous sommes all\u00e9s nous d\u00e9gourdir les jambes sur les Fonts et Anterne, dans le Haut Giffre de mon<\/p>\n","protected":false},"author":1,"featured_media":0,"comment_status":"open","ping_status":"open","sticky":false,"template":"","format":"standard","meta":{"colormag_page_container_layout":"default_layout","colormag_page_sidebar_layout":"default_layout","_monsterinsights_skip_tracking":false,"_monsterinsights_sitenote_active":false,"_monsterinsights_sitenote_note":"","_monsterinsights_sitenote_category":0,"ngg_post_thumbnail":0,"jetpack_post_was_ever_published":false,"_jetpack_newsletter_access":"","_jetpack_dont_email_post_to_subs":false,"_jetpack_newsletter_tier_id":0,"_jetpack_memberships_contains_paywalled_content":false,"_jetpack_memberships_contains_paid_content":false,"footnotes":"","jetpack_publicize_message":"","jetpack_publicize_feature_enabled":true,"jetpack_social_post_already_shared":true,"jetpack_social_options":{"image_generator_settings":{"template":"highway","default_image_id":0,"font":"","enabled":false},"version":2}},"categories":[10,8,13],"tags":[],"class_list":["post-6560","post","type-post","status-publish","format-standard","hentry","category-environnement","category-ski-freeride","category-topos"],"yoast_head":"<!-- This site is optimized with the Yoast SEO plugin v27.5 - https:\/\/yoast.com\/product\/yoast-seo-wordpress\/ -->\n<title>La face ouest du Buet &#8211; L&#039;Arqu\u00e9e Libre - Fred Vionnet entraineur\/moniteur escalade<\/title>\n<meta name=\"robots\" content=\"index, follow, max-snippet:-1, max-image-preview:large, max-video-preview:-1\" \/>\n<link rel=\"canonical\" href=\"https:\/\/www.escalade.pro\/news\/face-ouest-buet\/\" \/>\n<meta property=\"og:locale\" content=\"fr_FR\" \/>\n<meta property=\"og:type\" content=\"article\" \/>\n<meta property=\"og:title\" content=\"La face ouest du Buet &#8211; L&#039;Arqu\u00e9e Libre - Fred Vionnet entraineur\/moniteur escalade\" \/>\n<meta property=\"og:description\" content=\"Dimanche aprem nous sommes all\u00e9s nous d\u00e9gourdir les jambes sur les Fonts et Anterne, dans le Haut Giffre de mon\" \/>\n<meta property=\"og:url\" content=\"https:\/\/www.escalade.pro\/news\/face-ouest-buet\/\" \/>\n<meta property=\"og:site_name\" content=\"L&#039;Arqu\u00e9e Libre - Fred Vionnet entraineur\/moniteur escalade\" \/>\n<meta property=\"article:publisher\" content=\"https:\/\/www.facebook.com\/grimpisme\/\" \/>\n<meta property=\"article:author\" content=\"https:\/\/www.facebook.com\/fredCaillouXvionnet\" \/>\n<meta property=\"article:published_time\" content=\"2015-10-14T19:18:31+00:00\" \/>\n<meta property=\"article:modified_time\" content=\"2016-03-29T12:50:12+00:00\" \/>\n<meta property=\"og:image\" content=\"http:\/\/www.escalade.pro\/news\/wp-content\/uploads\/2015\/10\/P1150747-300x169.jpg\" \/>\n<meta name=\"author\" content=\"Fred Vionnet\" \/>\n<meta name=\"twitter:card\" content=\"summary_large_image\" \/>\n<meta name=\"twitter:label1\" content=\"\u00c9crit par\" \/>\n\t<meta name=\"twitter:data1\" content=\"Fred Vionnet\" \/>\n\t<meta name=\"twitter:label2\" content=\"Dur\u00e9e de lecture estim\u00e9e\" \/>\n\t<meta name=\"twitter:data2\" content=\"1 minute\" \/>\n<script type=\"application\/ld+json\" class=\"yoast-schema-graph\">{\"@context\":\"https:\\\/\\\/schema.org\",\"@graph\":[{\"@type\":\"Article\",\"@id\":\"https:\\\/\\\/www.escalade.pro\\\/news\\\/face-ouest-buet\\\/#article\",\"isPartOf\":{\"@id\":\"https:\\\/\\\/www.escalade.pro\\\/news\\\/face-ouest-buet\\\/\"},\"author\":{\"name\":\"Fred Vionnet\",\"@id\":\"https:\\\/\\\/www.escalade.pro\\\/news\\\/#\\\/schema\\\/person\\\/e0e0520aa48cfda56ae5406c2fe2caeb\"},\"headline\":\"La face ouest du Buet\",\"datePublished\":\"2015-10-14T19:18:31+00:00\",\"dateModified\":\"2016-03-29T12:50:12+00:00\",\"mainEntityOfPage\":{\"@id\":\"https:\\\/\\\/www.escalade.pro\\\/news\\\/face-ouest-buet\\\/\"},\"wordCount\":287,\"commentCount\":0,\"publisher\":{\"@id\":\"https:\\\/\\\/www.escalade.pro\\\/news\\\/#organization\"},\"image\":{\"@id\":\"https:\\\/\\\/www.escalade.pro\\\/news\\\/face-ouest-buet\\\/#primaryimage\"},\"thumbnailUrl\":\"http:\\\/\\\/www.escalade.pro\\\/news\\\/wp-content\\\/uploads\\\/2015\\\/10\\\/P1150747-300x169.jpg\",\"articleSection\":[\"Environnement\",\"Ski de rando et freeride\",\"Topos\"],\"inLanguage\":\"fr-FR\",\"potentialAction\":[{\"@type\":\"CommentAction\",\"name\":\"Comment\",\"target\":[\"https:\\\/\\\/www.escalade.pro\\\/news\\\/face-ouest-buet\\\/#respond\"]}]},{\"@type\":\"WebPage\",\"@id\":\"https:\\\/\\\/www.escalade.pro\\\/news\\\/face-ouest-buet\\\/\",\"url\":\"https:\\\/\\\/www.escalade.pro\\\/news\\\/face-ouest-buet\\\/\",\"name\":\"La face ouest du Buet &#8211; L&#039;Arqu\u00e9e Libre - Fred Vionnet entraineur\\\/moniteur escalade\",\"isPartOf\":{\"@id\":\"https:\\\/\\\/www.escalade.pro\\\/news\\\/#website\"},\"primaryImageOfPage\":{\"@id\":\"https:\\\/\\\/www.escalade.pro\\\/news\\\/face-ouest-buet\\\/#primaryimage\"},\"image\":{\"@id\":\"https:\\\/\\\/www.escalade.pro\\\/news\\\/face-ouest-buet\\\/#primaryimage\"},\"thumbnailUrl\":\"http:\\\/\\\/www.escalade.pro\\\/news\\\/wp-content\\\/uploads\\\/2015\\\/10\\\/P1150747-300x169.jpg\",\"datePublished\":\"2015-10-14T19:18:31+00:00\",\"dateModified\":\"2016-03-29T12:50:12+00:00\",\"breadcrumb\":{\"@id\":\"https:\\\/\\\/www.escalade.pro\\\/news\\\/face-ouest-buet\\\/#breadcrumb\"},\"inLanguage\":\"fr-FR\",\"potentialAction\":[{\"@type\":\"ReadAction\",\"target\":[\"https:\\\/\\\/www.escalade.pro\\\/news\\\/face-ouest-buet\\\/\"]}]},{\"@type\":\"ImageObject\",\"inLanguage\":\"fr-FR\",\"@id\":\"https:\\\/\\\/www.escalade.pro\\\/news\\\/face-ouest-buet\\\/#primaryimage\",\"url\":\"https:\\\/\\\/www.escalade.pro\\\/news\\\/wp-content\\\/uploads\\\/2015\\\/10\\\/P1150747.jpg\",\"contentUrl\":\"https:\\\/\\\/www.escalade.pro\\\/news\\\/wp-content\\\/uploads\\\/2015\\\/10\\\/P1150747.jpg\",\"width\":1000,\"height\":563},{\"@type\":\"BreadcrumbList\",\"@id\":\"https:\\\/\\\/www.escalade.pro\\\/news\\\/face-ouest-buet\\\/#breadcrumb\",\"itemListElement\":[{\"@type\":\"ListItem\",\"position\":1,\"name\":\"Accueil\",\"item\":\"https:\\\/\\\/www.escalade.pro\\\/news\\\/\"},{\"@type\":\"ListItem\",\"position\":2,\"name\":\"La face ouest du Buet\"}]},{\"@type\":\"WebSite\",\"@id\":\"https:\\\/\\\/www.escalade.pro\\\/news\\\/#website\",\"url\":\"https:\\\/\\\/www.escalade.pro\\\/news\\\/\",\"name\":\"L&#039;Arqu\u00e9e Libre - Fred Vionnet entraineur\\\/moniteur escalade\",\"description\":\"Coaching et entrainement escalade. Buoux, C\u00e9\u00fcse et Fontainebleau.\",\"publisher\":{\"@id\":\"https:\\\/\\\/www.escalade.pro\\\/news\\\/#organization\"},\"potentialAction\":[{\"@type\":\"SearchAction\",\"target\":{\"@type\":\"EntryPoint\",\"urlTemplate\":\"https:\\\/\\\/www.escalade.pro\\\/news\\\/?s={search_term_string}\"},\"query-input\":{\"@type\":\"PropertyValueSpecification\",\"valueRequired\":true,\"valueName\":\"search_term_string\"}}],\"inLanguage\":\"fr-FR\"},{\"@type\":\"Organization\",\"@id\":\"https:\\\/\\\/www.escalade.pro\\\/news\\\/#organization\",\"name\":\"L&#039;Arqu\u00e9e Libre - Fred Vionnet entraineur\\\/moniteur escalade\",\"url\":\"https:\\\/\\\/www.escalade.pro\\\/news\\\/\",\"logo\":{\"@type\":\"ImageObject\",\"inLanguage\":\"fr-FR\",\"@id\":\"https:\\\/\\\/www.escalade.pro\\\/news\\\/#\\\/schema\\\/logo\\\/image\\\/\",\"url\":\"https:\\\/\\\/www.escalade.pro\\\/news\\\/wp-content\\\/uploads\\\/2026\\\/04\\\/logo-wp-AL-avril-2026-1.jpg\",\"contentUrl\":\"https:\\\/\\\/www.escalade.pro\\\/news\\\/wp-content\\\/uploads\\\/2026\\\/04\\\/logo-wp-AL-avril-2026-1.jpg\",\"width\":1955,\"height\":902,\"caption\":\"L&#039;Arqu\u00e9e Libre - Fred Vionnet entraineur\\\/moniteur escalade\"},\"image\":{\"@id\":\"https:\\\/\\\/www.escalade.pro\\\/news\\\/#\\\/schema\\\/logo\\\/image\\\/\"},\"sameAs\":[\"https:\\\/\\\/www.facebook.com\\\/grimpisme\\\/\",\"https:\\\/\\\/www.instagram.com\\\/grimpisme\\\/\",\"https:\\\/\\\/www.linkedin.com\\\/in\\\/fred-vionnet-6284b96a\\\/\",\"https:\\\/\\\/fr.pinterest.com\\\/grimpisme\\\/\",\"https:\\\/\\\/www.youtube.com\\\/@grimpisme\"]},{\"@type\":\"Person\",\"@id\":\"https:\\\/\\\/www.escalade.pro\\\/news\\\/#\\\/schema\\\/person\\\/e0e0520aa48cfda56ae5406c2fe2caeb\",\"name\":\"Fred Vionnet\",\"image\":{\"@type\":\"ImageObject\",\"inLanguage\":\"fr-FR\",\"@id\":\"https:\\\/\\\/secure.gravatar.com\\\/avatar\\\/a2f6c5fc695da895033dcd95afaa6aeda795d5122ab3a22a03e24aab7f3d96a6?s=96&d=blank&r=g\",\"url\":\"https:\\\/\\\/secure.gravatar.com\\\/avatar\\\/a2f6c5fc695da895033dcd95afaa6aeda795d5122ab3a22a03e24aab7f3d96a6?s=96&d=blank&r=g\",\"contentUrl\":\"https:\\\/\\\/secure.gravatar.com\\\/avatar\\\/a2f6c5fc695da895033dcd95afaa6aeda795d5122ab3a22a03e24aab7f3d96a6?s=96&d=blank&r=g\",\"caption\":\"Fred Vionnet\"},\"description\":\"Coach escalade en Haute Savoie. Pas contre une grande voie non plus. Mais on va \u00e0 C\u00e9\u00fcse, Fontainebleau, Buoux ou encore les Gorges du Verdon quand vous voulez.\",\"sameAs\":[\"http:\\\/\\\/www.grimpisme.com\",\"https:\\\/\\\/www.facebook.com\\\/fredCaillouXvionnet\",\"https:\\\/\\\/www.linkedin.com\\\/profile\\\/preview?vpa=pub&locale=fr_FR\",\"https:\\\/\\\/fr.pinterest.com\\\/grimpisme\\\/\",\"https:\\\/\\\/www.youtube.com\\\/user\\\/grimpisme\",\"https:\\\/\\\/soundcloud.com\\\/fredvionnet\"],\"url\":\"https:\\\/\\\/www.escalade.pro\\\/news\\\/author\\\/fred\\\/\"}]}<\/script>\n<!-- \/ Yoast SEO plugin. -->","yoast_head_json":{"title":"La face ouest du Buet &#8211; L&#039;Arqu\u00e9e Libre - Fred Vionnet entraineur\/moniteur escalade","robots":{"index":"index","follow":"follow","max-snippet":"max-snippet:-1","max-image-preview":"max-image-preview:large","max-video-preview":"max-video-preview:-1"},"canonical":"https:\/\/www.escalade.pro\/news\/face-ouest-buet\/","og_locale":"fr_FR","og_type":"article","og_title":"La face ouest du Buet &#8211; L&#039;Arqu\u00e9e Libre - Fred Vionnet entraineur\/moniteur escalade","og_description":"Dimanche aprem nous sommes all\u00e9s nous d\u00e9gourdir les jambes sur les Fonts et Anterne, dans le Haut Giffre de mon","og_url":"https:\/\/www.escalade.pro\/news\/face-ouest-buet\/","og_site_name":"L&#039;Arqu\u00e9e Libre - Fred Vionnet entraineur\/moniteur escalade","article_publisher":"https:\/\/www.facebook.com\/grimpisme\/","article_author":"https:\/\/www.facebook.com\/fredCaillouXvionnet","article_published_time":"2015-10-14T19:18:31+00:00","article_modified_time":"2016-03-29T12:50:12+00:00","og_image":[{"url":"http:\/\/www.escalade.pro\/news\/wp-content\/uploads\/2015\/10\/P1150747-300x169.jpg","type":"","width":"","height":""}],"author":"Fred Vionnet","twitter_card":"summary_large_image","twitter_misc":{"\u00c9crit par":"Fred Vionnet","Dur\u00e9e de lecture estim\u00e9e":"1 minute"},"schema":{"@context":"https:\/\/schema.org","@graph":[{"@type":"Article","@id":"https:\/\/www.escalade.pro\/news\/face-ouest-buet\/#article","isPartOf":{"@id":"https:\/\/www.escalade.pro\/news\/face-ouest-buet\/"},"author":{"name":"Fred Vionnet","@id":"https:\/\/www.escalade.pro\/news\/#\/schema\/person\/e0e0520aa48cfda56ae5406c2fe2caeb"},"headline":"La face ouest du Buet","datePublished":"2015-10-14T19:18:31+00:00","dateModified":"2016-03-29T12:50:12+00:00","mainEntityOfPage":{"@id":"https:\/\/www.escalade.pro\/news\/face-ouest-buet\/"},"wordCount":287,"commentCount":0,"publisher":{"@id":"https:\/\/www.escalade.pro\/news\/#organization"},"image":{"@id":"https:\/\/www.escalade.pro\/news\/face-ouest-buet\/#primaryimage"},"thumbnailUrl":"http:\/\/www.escalade.pro\/news\/wp-content\/uploads\/2015\/10\/P1150747-300x169.jpg","articleSection":["Environnement","Ski de rando et freeride","Topos"],"inLanguage":"fr-FR","potentialAction":[{"@type":"CommentAction","name":"Comment","target":["https:\/\/www.escalade.pro\/news\/face-ouest-buet\/#respond"]}]},{"@type":"WebPage","@id":"https:\/\/www.escalade.pro\/news\/face-ouest-buet\/","url":"https:\/\/www.escalade.pro\/news\/face-ouest-buet\/","name":"La face ouest du Buet &#8211; L&#039;Arqu\u00e9e Libre - Fred Vionnet entraineur\/moniteur escalade","isPartOf":{"@id":"https:\/\/www.escalade.pro\/news\/#website"},"primaryImageOfPage":{"@id":"https:\/\/www.escalade.pro\/news\/face-ouest-buet\/#primaryimage"},"image":{"@id":"https:\/\/www.escalade.pro\/news\/face-ouest-buet\/#primaryimage"},"thumbnailUrl":"http:\/\/www.escalade.pro\/news\/wp-content\/uploads\/2015\/10\/P1150747-300x169.jpg","datePublished":"2015-10-14T19:18:31+00:00","dateModified":"2016-03-29T12:50:12+00:00","breadcrumb":{"@id":"https:\/\/www.escalade.pro\/news\/face-ouest-buet\/#breadcrumb"},"inLanguage":"fr-FR","potentialAction":[{"@type":"ReadAction","target":["https:\/\/www.escalade.pro\/news\/face-ouest-buet\/"]}]},{"@type":"ImageObject","inLanguage":"fr-FR","@id":"https:\/\/www.escalade.pro\/news\/face-ouest-buet\/#primaryimage","url":"https:\/\/www.escalade.pro\/news\/wp-content\/uploads\/2015\/10\/P1150747.jpg","contentUrl":"https:\/\/www.escalade.pro\/news\/wp-content\/uploads\/2015\/10\/P1150747.jpg","width":1000,"height":563},{"@type":"BreadcrumbList","@id":"https:\/\/www.escalade.pro\/news\/face-ouest-buet\/#breadcrumb","itemListElement":[{"@type":"ListItem","position":1,"name":"Accueil","item":"https:\/\/www.escalade.pro\/news\/"},{"@type":"ListItem","position":2,"name":"La face ouest du Buet"}]},{"@type":"WebSite","@id":"https:\/\/www.escalade.pro\/news\/#website","url":"https:\/\/www.escalade.pro\/news\/","name":"L&#039;Arqu\u00e9e Libre - Fred Vionnet entraineur\/moniteur escalade","description":"Coaching et entrainement escalade. Buoux, C\u00e9\u00fcse et Fontainebleau.","publisher":{"@id":"https:\/\/www.escalade.pro\/news\/#organization"},"potentialAction":[{"@type":"SearchAction","target":{"@type":"EntryPoint","urlTemplate":"https:\/\/www.escalade.pro\/news\/?s={search_term_string}"},"query-input":{"@type":"PropertyValueSpecification","valueRequired":true,"valueName":"search_term_string"}}],"inLanguage":"fr-FR"},{"@type":"Organization","@id":"https:\/\/www.escalade.pro\/news\/#organization","name":"L&#039;Arqu\u00e9e Libre - Fred Vionnet entraineur\/moniteur escalade","url":"https:\/\/www.escalade.pro\/news\/","logo":{"@type":"ImageObject","inLanguage":"fr-FR","@id":"https:\/\/www.escalade.pro\/news\/#\/schema\/logo\/image\/","url":"https:\/\/www.escalade.pro\/news\/wp-content\/uploads\/2026\/04\/logo-wp-AL-avril-2026-1.jpg","contentUrl":"https:\/\/www.escalade.pro\/news\/wp-content\/uploads\/2026\/04\/logo-wp-AL-avril-2026-1.jpg","width":1955,"height":902,"caption":"L&#039;Arqu\u00e9e Libre - Fred Vionnet entraineur\/moniteur escalade"},"image":{"@id":"https:\/\/www.escalade.pro\/news\/#\/schema\/logo\/image\/"},"sameAs":["https:\/\/www.facebook.com\/grimpisme\/","https:\/\/www.instagram.com\/grimpisme\/","https:\/\/www.linkedin.com\/in\/fred-vionnet-6284b96a\/","https:\/\/fr.pinterest.com\/grimpisme\/","https:\/\/www.youtube.com\/@grimpisme"]},{"@type":"Person","@id":"https:\/\/www.escalade.pro\/news\/#\/schema\/person\/e0e0520aa48cfda56ae5406c2fe2caeb","name":"Fred Vionnet","image":{"@type":"ImageObject","inLanguage":"fr-FR","@id":"https:\/\/secure.gravatar.com\/avatar\/a2f6c5fc695da895033dcd95afaa6aeda795d5122ab3a22a03e24aab7f3d96a6?s=96&d=blank&r=g","url":"https:\/\/secure.gravatar.com\/avatar\/a2f6c5fc695da895033dcd95afaa6aeda795d5122ab3a22a03e24aab7f3d96a6?s=96&d=blank&r=g","contentUrl":"https:\/\/secure.gravatar.com\/avatar\/a2f6c5fc695da895033dcd95afaa6aeda795d5122ab3a22a03e24aab7f3d96a6?s=96&d=blank&r=g","caption":"Fred Vionnet"},"description":"Coach escalade en Haute Savoie. Pas contre une grande voie non plus. Mais on va \u00e0 C\u00e9\u00fcse, Fontainebleau, Buoux ou encore les Gorges du Verdon quand vous voulez.","sameAs":["http:\/\/www.grimpisme.com","https:\/\/www.facebook.com\/fredCaillouXvionnet","https:\/\/www.linkedin.com\/profile\/preview?vpa=pub&locale=fr_FR","https:\/\/fr.pinterest.com\/grimpisme\/","https:\/\/www.youtube.com\/user\/grimpisme","https:\/\/soundcloud.com\/fredvionnet"],"url":"https:\/\/www.escalade.pro\/news\/author\/fred\/"}]}},"jetpack_publicize_connections":[],"jetpack_featured_media_url":"","jetpack_sharing_enabled":true,"jetpack_shortlink":"https:\/\/wp.me\/p68Rw6-1HO","jetpack-related-posts":[{"id":7760,"url":"https:\/\/www.escalade.pro\/news\/col-bel-oiseau\/","url_meta":{"origin":6560,"position":0},"title":"Oiseau du dimanche","author":"Fred Vionnet","date":"22 f\u00e9vrier 2016","format":false,"excerpt":"Une tr\u00e8s forte chaleur, pas mal de neige fra\u00eeche, des comportements dangereux (dont celui de notre groupe), \u00e9norm\u00e9ment de monde sur l'itin\u00e9raire (sans exag\u00e9rer nous avons vu, crois\u00e9 ou d\u00e9pass\u00e9 plus de 200 personnes!), il y a des jours o\u00f9 quoi qu'on dise, la montagne est bienveillante! Partis pour le\u2026","rel":"","context":"Dans &quot;Coups de gueule&quot;","block_context":{"text":"Coups de gueule","link":"https:\/\/www.escalade.pro\/news\/category\/coup-de-gueule\/"},"img":{"alt_text":"panorama mont blanc buet finive ruan depuis col du bel oiseau","src":"https:\/\/i0.wp.com\/www.escalade.pro\/news\/wp-content\/uploads\/2016\/02\/pano_finive-300x82.jpg?resize=350%2C200","width":350,"height":200},"classes":[]},{"id":11120,"url":"https:\/\/www.escalade.pro\/news\/ski-de-rando-pointe-terrasse-cheval-blanc\/","url_meta":{"origin":6560,"position":1},"title":"Ski de rando: Terrasse et Cheval Blanc, 16 mai 2016","author":"Fred Vionnet","date":"16 mai 2016","format":false,"excerpt":"Avec une poulie fragile, il est \u00e0 peu pr\u00eat autant impossible de faire de la falaise en Haute Savoie que regarder TF1 plus de 10 secondes sans s'\u00e9crier \"ils nous prennent vraiment pour des cons!\". Heureusement il reste encore beaucoup de neige en montagne, il fait frais, alors on se\u2026","rel":"","context":"Dans &quot;Ski de rando et freeride&quot;","block_context":{"text":"Ski de rando et freeride","link":"https:\/\/www.escalade.pro\/news\/category\/ski-freeride\/"},"img":{"alt_text":"buet face ouest tr\u00e9 les eaux","src":"https:\/\/i0.wp.com\/www.escalade.pro\/news\/wp-content\/uploads\/2016\/05\/P1080696-300x225.jpg?resize=350%2C200","width":350,"height":200},"classes":[]},{"id":4491,"url":"https:\/\/www.escalade.pro\/news\/buet-mont-blanc-des-dames\/","url_meta":{"origin":6560,"position":2},"title":"Le Mont Blanc des Dames","author":"Fred Vionnet","date":"13 mars 2015","format":false,"excerpt":"D\u00e8s les 50 premiers m\u00e8tres de mont\u00e9e j\u2019ai senti que je m\u2019\u00e9tais \u00e9chapp\u00e9 trop t\u00f4t du sanatorium. Apr\u00e8s 2 heures de marche, en consultant la valeur du d\u00e9nivel\u00e9 minute sur la Suunto et en la mettant en parall\u00e8le avec ma fr\u00e9quence cardiaque, j\u2019ai commenc\u00e9 \u00e0 envisager de me r\u00e9server une\u2026","rel":"","context":"Dans &quot;Ski de rando et freeride&quot;","block_context":{"text":"Ski de rando et freeride","link":"https:\/\/www.escalade.pro\/news\/category\/ski-freeride\/"},"img":{"alt_text":"panorama buet","src":"https:\/\/i0.wp.com\/www.escalade.pro\/news\/wp-content\/uploads\/2015\/03\/pano_buet-3-300x95.jpg?resize=350%2C200","width":350,"height":200},"classes":[]},{"id":19431,"url":"https:\/\/www.escalade.pro\/news\/couloir-mort-mont-blanc\/","url_meta":{"origin":6560,"position":3},"title":"Am\u00e9nager le \u00ab\u00a0couloir de la mort\u00a0\u00bb au Mont Blanc?","author":"Fred Vionnet","date":"8 juillet 2020","format":false,"excerpt":"Cette vid\u00e9o de la Fondation Petzl, consacr\u00e9e au chutes de pierres du \"couloir de la mort\" au Mont Blanc, m'inqui\u00e8te. Elle me choque m\u00eame par son ton et sa tournure.","rel":"","context":"Dans &quot;Alpinisme&quot;","block_context":{"text":"Alpinisme","link":"https:\/\/www.escalade.pro\/news\/category\/alpinisme\/"},"img":{"alt_text":"couloir mort mont blanc","src":"https:\/\/i0.wp.com\/www.escalade.pro\/news\/wp-content\/uploads\/2020\/07\/Capture-d%E2%80%99e%CC%81cran-2020-07-08-a%CC%80-10.07.43.png?resize=350%2C200&ssl=1","width":350,"height":200,"srcset":"https:\/\/i0.wp.com\/www.escalade.pro\/news\/wp-content\/uploads\/2020\/07\/Capture-d%E2%80%99e%CC%81cran-2020-07-08-a%CC%80-10.07.43.png?resize=350%2C200&ssl=1 1x, https:\/\/i0.wp.com\/www.escalade.pro\/news\/wp-content\/uploads\/2020\/07\/Capture-d%E2%80%99e%CC%81cran-2020-07-08-a%CC%80-10.07.43.png?resize=525%2C300&ssl=1 1.5x"},"classes":[]},{"id":16492,"url":"https:\/\/www.escalade.pro\/news\/arete-nord-pointe-sales\/","url_meta":{"origin":6560,"position":4},"title":"Ar\u00eate nord de la Pointe de Sales","author":"Fred Vionnet","date":"1 ao\u00fbt 2018","format":false,"excerpt":"Si vous \u00eates pr\u00eats \u00e0 l\u00e2cher prise, \u00e0 pousser plus que tirer sur les prises, et que vous avez une exp\u00e9rience solide dans la grimpe en terrain d\u2019aventure je ne peux que vous conseiller de parcourir cette ar\u00eate. Mais attention c\u2019est une course d\u00e9licate, parsem\u00e9e de quelques sangles et pitons...","rel":"","context":"Dans &quot;Alpinisme&quot;","block_context":{"text":"Alpinisme","link":"https:\/\/www.escalade.pro\/news\/category\/alpinisme\/"},"img":{"alt_text":"arete nord pointes sales","src":"https:\/\/i0.wp.com\/www.escalade.pro\/news\/wp-content\/uploads\/2018\/07\/P1120333.jpg?resize=350%2C200&ssl=1","width":350,"height":200,"srcset":"https:\/\/i0.wp.com\/www.escalade.pro\/news\/wp-content\/uploads\/2018\/07\/P1120333.jpg?resize=350%2C200&ssl=1 1x, https:\/\/i0.wp.com\/www.escalade.pro\/news\/wp-content\/uploads\/2018\/07\/P1120333.jpg?resize=525%2C300&ssl=1 1.5x, https:\/\/i0.wp.com\/www.escalade.pro\/news\/wp-content\/uploads\/2018\/07\/P1120333.jpg?resize=700%2C400&ssl=1 2x, https:\/\/i0.wp.com\/www.escalade.pro\/news\/wp-content\/uploads\/2018\/07\/P1120333.jpg?resize=1050%2C600&ssl=1 3x, https:\/\/i0.wp.com\/www.escalade.pro\/news\/wp-content\/uploads\/2018\/07\/P1120333.jpg?resize=1400%2C800&ssl=1 4x"},"classes":[]},{"id":14700,"url":"https:\/\/www.escalade.pro\/news\/buet-grenairon\/","url_meta":{"origin":6560,"position":5},"title":"Du Br\u00e9vent \u00e0 Vallorcine en passant par le Buet, humide!","author":"Fred Vionnet","date":"3 juillet 2017","format":false,"excerpt":"En traversant le Buet depuis le sommet du t\u00e9l\u00e9ph\u00e9rique du Br\u00e9vent en deux jours, via le col d\u2019Anterne et le refuge du Grenairon, on r\u00e9alise une jolie boucle vari\u00e9e, demandant 7 \u00e0 10 heures de marche par jour selon votre niveau et les variantes choisies. Techniquement rien n\u2019est difficile, cependant\u2026","rel":"","context":"Dans &quot;Alpinisme&quot;","block_context":{"text":"Alpinisme","link":"https:\/\/www.escalade.pro\/news\/category\/alpinisme\/"},"img":{"alt_text":"buet","src":"https:\/\/i0.wp.com\/www.escalade.pro\/news\/wp-content\/uploads\/2017\/07\/P1100545.jpg?resize=350%2C200&ssl=1","width":350,"height":200,"srcset":"https:\/\/i0.wp.com\/www.escalade.pro\/news\/wp-content\/uploads\/2017\/07\/P1100545.jpg?resize=350%2C200&ssl=1 1x, https:\/\/i0.wp.com\/www.escalade.pro\/news\/wp-content\/uploads\/2017\/07\/P1100545.jpg?resize=525%2C300&ssl=1 1.5x, https:\/\/i0.wp.com\/www.escalade.pro\/news\/wp-content\/uploads\/2017\/07\/P1100545.jpg?resize=700%2C400&ssl=1 2x"},"classes":[]}],"_links":{"self":[{"href":"https:\/\/www.escalade.pro\/news\/wp-json\/wp\/v2\/posts\/6560","targetHints":{"allow":["GET"]}}],"collection":[{"href":"https:\/\/www.escalade.pro\/news\/wp-json\/wp\/v2\/posts"}],"about":[{"href":"https:\/\/www.escalade.pro\/news\/wp-json\/wp\/v2\/types\/post"}],"author":[{"embeddable":true,"href":"https:\/\/www.escalade.pro\/news\/wp-json\/wp\/v2\/users\/1"}],"replies":[{"embeddable":true,"href":"https:\/\/www.escalade.pro\/news\/wp-json\/wp\/v2\/comments?post=6560"}],"version-history":[{"count":17,"href":"https:\/\/www.escalade.pro\/news\/wp-json\/wp\/v2\/posts\/6560\/revisions"}],"predecessor-version":[{"id":6594,"href":"https:\/\/www.escalade.pro\/news\/wp-json\/wp\/v2\/posts\/6560\/revisions\/6594"}],"wp:attachment":[{"href":"https:\/\/www.escalade.pro\/news\/wp-json\/wp\/v2\/media?parent=6560"}],"wp:term":[{"taxonomy":"category","embeddable":true,"href":"https:\/\/www.escalade.pro\/news\/wp-json\/wp\/v2\/categories?post=6560"},{"taxonomy":"post_tag","embeddable":true,"href":"https:\/\/www.escalade.pro\/news\/wp-json\/wp\/v2\/tags?post=6560"}],"curies":[{"name":"wp","href":"https:\/\/api.w.org\/{rel}","templated":true}]}}