{"id":6500,"date":"2015-10-13T07:53:26","date_gmt":"2015-10-13T06:53:26","guid":{"rendered":"http:\/\/www.escalade.pro\/news\/?p=6500"},"modified":"2016-04-08T08:34:11","modified_gmt":"2016-04-08T07:34:11","slug":"bloc-bafa-golu-turquie","status":"publish","type":"post","link":"https:\/\/www.escalade.pro\/news\/bloc-bafa-golu-turquie\/","title":{"rendered":"Bloc \u00e0 Bafa G\u00f6l\u00fc, Turquie"},"content":{"rendered":"<p><a href=\"http:\/\/www.escalade.pro\/news\/wp-content\/uploads\/2015\/10\/P1070392.jpg\"><img loading=\"lazy\" decoding=\"async\" src=\"http:\/\/www.escalade.pro\/news\/wp-content\/uploads\/2015\/10\/P1070392-300x225.jpg\" alt=\"bloc escalade bafa golu turquie\" width=\"300\" height=\"225\" class=\"aligncenter size-medium wp-image-6502\" srcset=\"https:\/\/www.escalade.pro\/news\/wp-content\/uploads\/2015\/10\/P1070392-300x225.jpg 300w, https:\/\/www.escalade.pro\/news\/wp-content\/uploads\/2015\/10\/P1070392-600x450.jpg 600w, https:\/\/www.escalade.pro\/news\/wp-content\/uploads\/2015\/10\/P1070392-200x150.jpg 200w, https:\/\/www.escalade.pro\/news\/wp-content\/uploads\/2015\/10\/P1070392.jpg 800w\" sizes=\"auto, (max-width: 300px) 100vw, 300px\" \/><\/a><\/p>\n<p>A Dat\u00e7a, chez Olivier (voir la <a href=\"http:\/\/www.escalade.pro\/news\/datca-turquie\/\" target=\"_blank\">news sur la grimpe \u00e0 Dat\u00e7a<\/a>), tra\u00eenait dans la biblioth\u00e8que le topo des blocs de Bafa G\u00f6l\u00fc de Zorbey Aktuyun (<a href=\"http:\/\/www.zorbeyaktuyun.com\/\" target=\"_blank\">www.zorbeyaktuyun.com<\/a>). Un stop sur ce spot \u00e9tait pour nous l&rsquo;occasion de couper la route de retour vers l&rsquo;a\u00e9roport d&rsquo;Izmir avec un rendez-vous \u00e0 7h du matin.<br \/>\nLe topo donnait envie et nous n&rsquo;avons pas \u00e9t\u00e9 d\u00e9\u00e7us, m\u00eame si la s\u00e9ance a \u00e9t\u00e9 courte (2h) sous une chaleur intense. Pour commencer <strong>les paysages et l&rsquo;ambiance au village de Kapiri sont un appel \u00e0 la contemplation et au l\u00e2cher prise. La campagne, un lac, des blocs \u00e0 perte de vue, \u00e7a pose.<br \/>\nL\u00e2cher prise c&rsquo;est bien, mais les serrer c&rsquo;est encore mieux, et de ce point de vue l\u00e0 \u00e7a se passe bien aussi. Les quelques blocs que nous avons essay\u00e9s au secteur Hanuman \u00e9taient beaux, les cotations gratifiantes et les chutes souvent bonnes, sur un granit rugueux qui d&rsquo;apr\u00e8s le topo propose un grain plus fin proche du gneiss sur d&rsquo;autres zones.<\/strong><\/p>\nngg_shortcode_0_placeholder\n<p>Nous avons log\u00e9 \u00e0 la Karia Pension (<a href=\"http:\/\/www.kariapansiyon.com\/\" target=\"_blank\">www.kariapansiyon.com<\/a>), tr\u00e8s calme et confortable, pour des tarifs inf\u00e9rieurs \u00e0 ceux annonc\u00e9s sur le site web. D&rsquo;autres h\u00e9bergeurs sont pr\u00e9sents dans Kapiri mais \u00e0 la Karia on peut louer des crashpads.<\/p>\n<p><strong>Cette destination finalement peu connue se pr\u00eate tr\u00e8s bien \u00e0 un trop de bloc hivernal (novembre-mars). Pour les aventuriers les possibilit\u00e9s d&rsquo;ouverture sont \u00e9normes, beaucoup de secteurs sont \u00e9galement \u00e0 d\u00e9couvrir \u00e0 l&rsquo;est du massif, on les traverse en descendant par l&rsquo;autoroute entre Izmir et Mugla (voir capture d&rsquo;\u00e9cran ci-dessous).<br \/>\n<\/strong><\/p>\n<p><a href=\"http:\/\/www.escalade.pro\/news\/wp-content\/uploads\/2015\/10\/carte_baffa.jpg\"><img loading=\"lazy\" decoding=\"async\" src=\"http:\/\/www.escalade.pro\/news\/wp-content\/uploads\/2015\/10\/carte_baffa-300x183.jpg\" alt=\"bloc baffa golu\" width=\"300\" height=\"183\" class=\"aligncenter size-medium wp-image-6516\" srcset=\"https:\/\/www.escalade.pro\/news\/wp-content\/uploads\/2015\/10\/carte_baffa-300x183.jpg 300w, https:\/\/www.escalade.pro\/news\/wp-content\/uploads\/2015\/10\/carte_baffa-600x366.jpg 600w, https:\/\/www.escalade.pro\/news\/wp-content\/uploads\/2015\/10\/carte_baffa-246x150.jpg 246w, https:\/\/www.escalade.pro\/news\/wp-content\/uploads\/2015\/10\/carte_baffa.jpg 800w\" sizes=\"auto, (max-width: 300px) 100vw, 300px\" \/><\/a><\/p>\n<p>Pour vous mettre dans l&rsquo;ambiance voici une courte vid\u00e9o du Petzl Roc Trip 2014, dans un beau bloc que nous n&rsquo;avons pas os\u00e9 sortir avec un seul pareur.<\/p>\n<p><iframe loading=\"lazy\" width=\"600\" height=\"355\" src=\"https:\/\/www.youtube.com\/embed\/x5QI6anqjww\" frameborder=\"0\" allowfullscreen><\/iframe><\/p>\n","protected":false},"excerpt":{"rendered":"<p>A Dat\u00e7a, chez Olivier (voir la news sur la grimpe \u00e0 Dat\u00e7a), tra\u00eenait dans la biblioth\u00e8que le topo des blocs<\/p>\n","protected":false},"author":1,"featured_media":0,"comment_status":"open","ping_status":"open","sticky":false,"template":"","format":"standard","meta":{"colormag_page_container_layout":"default_layout","colormag_page_sidebar_layout":"default_layout","_monsterinsights_skip_tracking":false,"_monsterinsights_sitenote_active":false,"_monsterinsights_sitenote_note":"","_monsterinsights_sitenote_category":0,"ngg_post_thumbnail":0,"jetpack_post_was_ever_published":false,"_jetpack_newsletter_access":"","_jetpack_dont_email_post_to_subs":false,"_jetpack_newsletter_tier_id":0,"_jetpack_memberships_contains_paywalled_content":false,"_jetpack_memberships_contains_paid_content":false,"footnotes":"","jetpack_publicize_message":"","jetpack_publicize_feature_enabled":true,"jetpack_social_post_already_shared":true,"jetpack_social_options":{"image_generator_settings":{"template":"highway","default_image_id":0,"font":"","enabled":false},"version":2}},"categories":[4,1],"tags":[],"class_list":["post-6500","post","type-post","status-publish","format-standard","hentry","category-escalade","category-news"],"yoast_head":"<!-- This site is optimized with the Yoast SEO plugin v27.4 - https:\/\/yoast.com\/product\/yoast-seo-wordpress\/ -->\n<title>Bloc \u00e0 Bafa G\u00f6l\u00fc, Turquie &#8211; L&#039;Arqu\u00e9e Libre - Fred Vionnet entraineur\/moniteur escalade<\/title>\n<meta name=\"robots\" content=\"index, follow, max-snippet:-1, max-image-preview:large, max-video-preview:-1\" \/>\n<link rel=\"canonical\" href=\"https:\/\/www.escalade.pro\/news\/bloc-bafa-golu-turquie\/\" \/>\n<meta property=\"og:locale\" content=\"fr_FR\" \/>\n<meta property=\"og:type\" content=\"article\" \/>\n<meta property=\"og:title\" content=\"Bloc \u00e0 Bafa G\u00f6l\u00fc, Turquie &#8211; L&#039;Arqu\u00e9e Libre - Fred Vionnet entraineur\/moniteur escalade\" \/>\n<meta property=\"og:description\" content=\"A Dat\u00e7a, chez Olivier (voir la news sur la grimpe \u00e0 Dat\u00e7a), tra\u00eenait dans la biblioth\u00e8que le topo des blocs\" \/>\n<meta property=\"og:url\" content=\"https:\/\/www.escalade.pro\/news\/bloc-bafa-golu-turquie\/\" \/>\n<meta property=\"og:site_name\" content=\"L&#039;Arqu\u00e9e Libre - Fred Vionnet entraineur\/moniteur escalade\" \/>\n<meta property=\"article:publisher\" content=\"https:\/\/www.facebook.com\/grimpisme\/\" \/>\n<meta property=\"article:author\" content=\"https:\/\/www.facebook.com\/fredCaillouXvionnet\" \/>\n<meta property=\"article:published_time\" content=\"2015-10-13T06:53:26+00:00\" \/>\n<meta property=\"article:modified_time\" content=\"2016-04-08T07:34:11+00:00\" \/>\n<meta property=\"og:image\" content=\"http:\/\/www.escalade.pro\/news\/wp-content\/uploads\/2015\/10\/P1070392-300x225.jpg\" \/>\n<meta name=\"author\" content=\"Fred Vionnet\" \/>\n<meta name=\"twitter:card\" content=\"summary_large_image\" \/>\n<meta name=\"twitter:label1\" content=\"\u00c9crit par\" \/>\n\t<meta name=\"twitter:data1\" content=\"Fred Vionnet\" \/>\n\t<meta name=\"twitter:label2\" content=\"Dur\u00e9e de lecture estim\u00e9e\" \/>\n\t<meta name=\"twitter:data2\" content=\"2 minutes\" \/>\n<script type=\"application\/ld+json\" class=\"yoast-schema-graph\">{\"@context\":\"https:\\\/\\\/schema.org\",\"@graph\":[{\"@type\":\"Article\",\"@id\":\"https:\\\/\\\/www.escalade.pro\\\/news\\\/bloc-bafa-golu-turquie\\\/#article\",\"isPartOf\":{\"@id\":\"https:\\\/\\\/www.escalade.pro\\\/news\\\/bloc-bafa-golu-turquie\\\/\"},\"author\":{\"name\":\"Fred Vionnet\",\"@id\":\"https:\\\/\\\/www.escalade.pro\\\/news\\\/#\\\/schema\\\/person\\\/e0e0520aa48cfda56ae5406c2fe2caeb\"},\"headline\":\"Bloc \u00e0 Bafa G\u00f6l\u00fc, Turquie\",\"datePublished\":\"2015-10-13T06:53:26+00:00\",\"dateModified\":\"2016-04-08T07:34:11+00:00\",\"mainEntityOfPage\":{\"@id\":\"https:\\\/\\\/www.escalade.pro\\\/news\\\/bloc-bafa-golu-turquie\\\/\"},\"wordCount\":307,\"commentCount\":0,\"publisher\":{\"@id\":\"https:\\\/\\\/www.escalade.pro\\\/news\\\/#organization\"},\"image\":{\"@id\":\"https:\\\/\\\/www.escalade.pro\\\/news\\\/bloc-bafa-golu-turquie\\\/#primaryimage\"},\"thumbnailUrl\":\"http:\\\/\\\/www.escalade.pro\\\/news\\\/wp-content\\\/uploads\\\/2015\\\/10\\\/P1070392-300x225.jpg\",\"articleSection\":[\"Escalade\",\"News et actu\"],\"inLanguage\":\"fr-FR\",\"potentialAction\":[{\"@type\":\"CommentAction\",\"name\":\"Comment\",\"target\":[\"https:\\\/\\\/www.escalade.pro\\\/news\\\/bloc-bafa-golu-turquie\\\/#respond\"]}]},{\"@type\":\"WebPage\",\"@id\":\"https:\\\/\\\/www.escalade.pro\\\/news\\\/bloc-bafa-golu-turquie\\\/\",\"url\":\"https:\\\/\\\/www.escalade.pro\\\/news\\\/bloc-bafa-golu-turquie\\\/\",\"name\":\"Bloc \u00e0 Bafa G\u00f6l\u00fc, Turquie &#8211; L&#039;Arqu\u00e9e Libre - Fred Vionnet entraineur\\\/moniteur escalade\",\"isPartOf\":{\"@id\":\"https:\\\/\\\/www.escalade.pro\\\/news\\\/#website\"},\"primaryImageOfPage\":{\"@id\":\"https:\\\/\\\/www.escalade.pro\\\/news\\\/bloc-bafa-golu-turquie\\\/#primaryimage\"},\"image\":{\"@id\":\"https:\\\/\\\/www.escalade.pro\\\/news\\\/bloc-bafa-golu-turquie\\\/#primaryimage\"},\"thumbnailUrl\":\"http:\\\/\\\/www.escalade.pro\\\/news\\\/wp-content\\\/uploads\\\/2015\\\/10\\\/P1070392-300x225.jpg\",\"datePublished\":\"2015-10-13T06:53:26+00:00\",\"dateModified\":\"2016-04-08T07:34:11+00:00\",\"breadcrumb\":{\"@id\":\"https:\\\/\\\/www.escalade.pro\\\/news\\\/bloc-bafa-golu-turquie\\\/#breadcrumb\"},\"inLanguage\":\"fr-FR\",\"potentialAction\":[{\"@type\":\"ReadAction\",\"target\":[\"https:\\\/\\\/www.escalade.pro\\\/news\\\/bloc-bafa-golu-turquie\\\/\"]}]},{\"@type\":\"ImageObject\",\"inLanguage\":\"fr-FR\",\"@id\":\"https:\\\/\\\/www.escalade.pro\\\/news\\\/bloc-bafa-golu-turquie\\\/#primaryimage\",\"url\":\"https:\\\/\\\/www.escalade.pro\\\/news\\\/wp-content\\\/uploads\\\/2015\\\/10\\\/P1070392.jpg\",\"contentUrl\":\"https:\\\/\\\/www.escalade.pro\\\/news\\\/wp-content\\\/uploads\\\/2015\\\/10\\\/P1070392.jpg\",\"width\":800,\"height\":600},{\"@type\":\"BreadcrumbList\",\"@id\":\"https:\\\/\\\/www.escalade.pro\\\/news\\\/bloc-bafa-golu-turquie\\\/#breadcrumb\",\"itemListElement\":[{\"@type\":\"ListItem\",\"position\":1,\"name\":\"Accueil\",\"item\":\"https:\\\/\\\/www.escalade.pro\\\/news\\\/\"},{\"@type\":\"ListItem\",\"position\":2,\"name\":\"Bloc \u00e0 Bafa G\u00f6l\u00fc, Turquie\"}]},{\"@type\":\"WebSite\",\"@id\":\"https:\\\/\\\/www.escalade.pro\\\/news\\\/#website\",\"url\":\"https:\\\/\\\/www.escalade.pro\\\/news\\\/\",\"name\":\"L&#039;Arqu\u00e9e Libre - Fred Vionnet entraineur\\\/moniteur escalade\",\"description\":\"Coaching et entrainement escalade. Buoux, C\u00e9\u00fcse et Fontainebleau.\",\"publisher\":{\"@id\":\"https:\\\/\\\/www.escalade.pro\\\/news\\\/#organization\"},\"potentialAction\":[{\"@type\":\"SearchAction\",\"target\":{\"@type\":\"EntryPoint\",\"urlTemplate\":\"https:\\\/\\\/www.escalade.pro\\\/news\\\/?s={search_term_string}\"},\"query-input\":{\"@type\":\"PropertyValueSpecification\",\"valueRequired\":true,\"valueName\":\"search_term_string\"}}],\"inLanguage\":\"fr-FR\"},{\"@type\":\"Organization\",\"@id\":\"https:\\\/\\\/www.escalade.pro\\\/news\\\/#organization\",\"name\":\"L&#039;Arqu\u00e9e Libre - Fred Vionnet entraineur\\\/moniteur escalade\",\"url\":\"https:\\\/\\\/www.escalade.pro\\\/news\\\/\",\"logo\":{\"@type\":\"ImageObject\",\"inLanguage\":\"fr-FR\",\"@id\":\"https:\\\/\\\/www.escalade.pro\\\/news\\\/#\\\/schema\\\/logo\\\/image\\\/\",\"url\":\"https:\\\/\\\/www.escalade.pro\\\/news\\\/wp-content\\\/uploads\\\/2026\\\/04\\\/logo-wp-AL-avril-2026-1.jpg\",\"contentUrl\":\"https:\\\/\\\/www.escalade.pro\\\/news\\\/wp-content\\\/uploads\\\/2026\\\/04\\\/logo-wp-AL-avril-2026-1.jpg\",\"width\":1955,\"height\":902,\"caption\":\"L&#039;Arqu\u00e9e Libre - Fred Vionnet entraineur\\\/moniteur escalade\"},\"image\":{\"@id\":\"https:\\\/\\\/www.escalade.pro\\\/news\\\/#\\\/schema\\\/logo\\\/image\\\/\"},\"sameAs\":[\"https:\\\/\\\/www.facebook.com\\\/grimpisme\\\/\",\"https:\\\/\\\/www.instagram.com\\\/grimpisme\\\/\",\"https:\\\/\\\/www.linkedin.com\\\/in\\\/fred-vionnet-6284b96a\\\/\",\"https:\\\/\\\/fr.pinterest.com\\\/grimpisme\\\/\",\"https:\\\/\\\/www.youtube.com\\\/@grimpisme\"]},{\"@type\":\"Person\",\"@id\":\"https:\\\/\\\/www.escalade.pro\\\/news\\\/#\\\/schema\\\/person\\\/e0e0520aa48cfda56ae5406c2fe2caeb\",\"name\":\"Fred Vionnet\",\"image\":{\"@type\":\"ImageObject\",\"inLanguage\":\"fr-FR\",\"@id\":\"https:\\\/\\\/secure.gravatar.com\\\/avatar\\\/a2f6c5fc695da895033dcd95afaa6aeda795d5122ab3a22a03e24aab7f3d96a6?s=96&d=blank&r=g\",\"url\":\"https:\\\/\\\/secure.gravatar.com\\\/avatar\\\/a2f6c5fc695da895033dcd95afaa6aeda795d5122ab3a22a03e24aab7f3d96a6?s=96&d=blank&r=g\",\"contentUrl\":\"https:\\\/\\\/secure.gravatar.com\\\/avatar\\\/a2f6c5fc695da895033dcd95afaa6aeda795d5122ab3a22a03e24aab7f3d96a6?s=96&d=blank&r=g\",\"caption\":\"Fred Vionnet\"},\"description\":\"Coach escalade en Haute Savoie. Pas contre une grande voie non plus. Mais on va \u00e0 C\u00e9\u00fcse, Fontainebleau, Buoux ou encore les Gorges du Verdon quand vous voulez.\",\"sameAs\":[\"http:\\\/\\\/www.grimpisme.com\",\"https:\\\/\\\/www.facebook.com\\\/fredCaillouXvionnet\",\"https:\\\/\\\/www.linkedin.com\\\/profile\\\/preview?vpa=pub&locale=fr_FR\",\"https:\\\/\\\/fr.pinterest.com\\\/grimpisme\\\/\",\"https:\\\/\\\/www.youtube.com\\\/user\\\/grimpisme\",\"https:\\\/\\\/soundcloud.com\\\/fredvionnet\"],\"url\":\"https:\\\/\\\/www.escalade.pro\\\/news\\\/author\\\/fred\\\/\"}]}<\/script>\n<!-- \/ Yoast SEO plugin. -->","yoast_head_json":{"title":"Bloc \u00e0 Bafa G\u00f6l\u00fc, Turquie &#8211; L&#039;Arqu\u00e9e Libre - Fred Vionnet entraineur\/moniteur escalade","robots":{"index":"index","follow":"follow","max-snippet":"max-snippet:-1","max-image-preview":"max-image-preview:large","max-video-preview":"max-video-preview:-1"},"canonical":"https:\/\/www.escalade.pro\/news\/bloc-bafa-golu-turquie\/","og_locale":"fr_FR","og_type":"article","og_title":"Bloc \u00e0 Bafa G\u00f6l\u00fc, Turquie &#8211; L&#039;Arqu\u00e9e Libre - Fred Vionnet entraineur\/moniteur escalade","og_description":"A Dat\u00e7a, chez Olivier (voir la news sur la grimpe \u00e0 Dat\u00e7a), tra\u00eenait dans la biblioth\u00e8que le topo des blocs","og_url":"https:\/\/www.escalade.pro\/news\/bloc-bafa-golu-turquie\/","og_site_name":"L&#039;Arqu\u00e9e Libre - Fred Vionnet entraineur\/moniteur escalade","article_publisher":"https:\/\/www.facebook.com\/grimpisme\/","article_author":"https:\/\/www.facebook.com\/fredCaillouXvionnet","article_published_time":"2015-10-13T06:53:26+00:00","article_modified_time":"2016-04-08T07:34:11+00:00","og_image":[{"url":"http:\/\/www.escalade.pro\/news\/wp-content\/uploads\/2015\/10\/P1070392-300x225.jpg","type":"","width":"","height":""}],"author":"Fred Vionnet","twitter_card":"summary_large_image","twitter_misc":{"\u00c9crit par":"Fred Vionnet","Dur\u00e9e de lecture estim\u00e9e":"2 minutes"},"schema":{"@context":"https:\/\/schema.org","@graph":[{"@type":"Article","@id":"https:\/\/www.escalade.pro\/news\/bloc-bafa-golu-turquie\/#article","isPartOf":{"@id":"https:\/\/www.escalade.pro\/news\/bloc-bafa-golu-turquie\/"},"author":{"name":"Fred Vionnet","@id":"https:\/\/www.escalade.pro\/news\/#\/schema\/person\/e0e0520aa48cfda56ae5406c2fe2caeb"},"headline":"Bloc \u00e0 Bafa G\u00f6l\u00fc, Turquie","datePublished":"2015-10-13T06:53:26+00:00","dateModified":"2016-04-08T07:34:11+00:00","mainEntityOfPage":{"@id":"https:\/\/www.escalade.pro\/news\/bloc-bafa-golu-turquie\/"},"wordCount":307,"commentCount":0,"publisher":{"@id":"https:\/\/www.escalade.pro\/news\/#organization"},"image":{"@id":"https:\/\/www.escalade.pro\/news\/bloc-bafa-golu-turquie\/#primaryimage"},"thumbnailUrl":"http:\/\/www.escalade.pro\/news\/wp-content\/uploads\/2015\/10\/P1070392-300x225.jpg","articleSection":["Escalade","News et actu"],"inLanguage":"fr-FR","potentialAction":[{"@type":"CommentAction","name":"Comment","target":["https:\/\/www.escalade.pro\/news\/bloc-bafa-golu-turquie\/#respond"]}]},{"@type":"WebPage","@id":"https:\/\/www.escalade.pro\/news\/bloc-bafa-golu-turquie\/","url":"https:\/\/www.escalade.pro\/news\/bloc-bafa-golu-turquie\/","name":"Bloc \u00e0 Bafa G\u00f6l\u00fc, Turquie &#8211; L&#039;Arqu\u00e9e Libre - Fred Vionnet entraineur\/moniteur escalade","isPartOf":{"@id":"https:\/\/www.escalade.pro\/news\/#website"},"primaryImageOfPage":{"@id":"https:\/\/www.escalade.pro\/news\/bloc-bafa-golu-turquie\/#primaryimage"},"image":{"@id":"https:\/\/www.escalade.pro\/news\/bloc-bafa-golu-turquie\/#primaryimage"},"thumbnailUrl":"http:\/\/www.escalade.pro\/news\/wp-content\/uploads\/2015\/10\/P1070392-300x225.jpg","datePublished":"2015-10-13T06:53:26+00:00","dateModified":"2016-04-08T07:34:11+00:00","breadcrumb":{"@id":"https:\/\/www.escalade.pro\/news\/bloc-bafa-golu-turquie\/#breadcrumb"},"inLanguage":"fr-FR","potentialAction":[{"@type":"ReadAction","target":["https:\/\/www.escalade.pro\/news\/bloc-bafa-golu-turquie\/"]}]},{"@type":"ImageObject","inLanguage":"fr-FR","@id":"https:\/\/www.escalade.pro\/news\/bloc-bafa-golu-turquie\/#primaryimage","url":"https:\/\/www.escalade.pro\/news\/wp-content\/uploads\/2015\/10\/P1070392.jpg","contentUrl":"https:\/\/www.escalade.pro\/news\/wp-content\/uploads\/2015\/10\/P1070392.jpg","width":800,"height":600},{"@type":"BreadcrumbList","@id":"https:\/\/www.escalade.pro\/news\/bloc-bafa-golu-turquie\/#breadcrumb","itemListElement":[{"@type":"ListItem","position":1,"name":"Accueil","item":"https:\/\/www.escalade.pro\/news\/"},{"@type":"ListItem","position":2,"name":"Bloc \u00e0 Bafa G\u00f6l\u00fc, Turquie"}]},{"@type":"WebSite","@id":"https:\/\/www.escalade.pro\/news\/#website","url":"https:\/\/www.escalade.pro\/news\/","name":"L&#039;Arqu\u00e9e Libre - Fred Vionnet entraineur\/moniteur escalade","description":"Coaching et entrainement escalade. Buoux, C\u00e9\u00fcse et Fontainebleau.","publisher":{"@id":"https:\/\/www.escalade.pro\/news\/#organization"},"potentialAction":[{"@type":"SearchAction","target":{"@type":"EntryPoint","urlTemplate":"https:\/\/www.escalade.pro\/news\/?s={search_term_string}"},"query-input":{"@type":"PropertyValueSpecification","valueRequired":true,"valueName":"search_term_string"}}],"inLanguage":"fr-FR"},{"@type":"Organization","@id":"https:\/\/www.escalade.pro\/news\/#organization","name":"L&#039;Arqu\u00e9e Libre - Fred Vionnet entraineur\/moniteur escalade","url":"https:\/\/www.escalade.pro\/news\/","logo":{"@type":"ImageObject","inLanguage":"fr-FR","@id":"https:\/\/www.escalade.pro\/news\/#\/schema\/logo\/image\/","url":"https:\/\/www.escalade.pro\/news\/wp-content\/uploads\/2026\/04\/logo-wp-AL-avril-2026-1.jpg","contentUrl":"https:\/\/www.escalade.pro\/news\/wp-content\/uploads\/2026\/04\/logo-wp-AL-avril-2026-1.jpg","width":1955,"height":902,"caption":"L&#039;Arqu\u00e9e Libre - Fred Vionnet entraineur\/moniteur escalade"},"image":{"@id":"https:\/\/www.escalade.pro\/news\/#\/schema\/logo\/image\/"},"sameAs":["https:\/\/www.facebook.com\/grimpisme\/","https:\/\/www.instagram.com\/grimpisme\/","https:\/\/www.linkedin.com\/in\/fred-vionnet-6284b96a\/","https:\/\/fr.pinterest.com\/grimpisme\/","https:\/\/www.youtube.com\/@grimpisme"]},{"@type":"Person","@id":"https:\/\/www.escalade.pro\/news\/#\/schema\/person\/e0e0520aa48cfda56ae5406c2fe2caeb","name":"Fred Vionnet","image":{"@type":"ImageObject","inLanguage":"fr-FR","@id":"https:\/\/secure.gravatar.com\/avatar\/a2f6c5fc695da895033dcd95afaa6aeda795d5122ab3a22a03e24aab7f3d96a6?s=96&d=blank&r=g","url":"https:\/\/secure.gravatar.com\/avatar\/a2f6c5fc695da895033dcd95afaa6aeda795d5122ab3a22a03e24aab7f3d96a6?s=96&d=blank&r=g","contentUrl":"https:\/\/secure.gravatar.com\/avatar\/a2f6c5fc695da895033dcd95afaa6aeda795d5122ab3a22a03e24aab7f3d96a6?s=96&d=blank&r=g","caption":"Fred Vionnet"},"description":"Coach escalade en Haute Savoie. Pas contre une grande voie non plus. Mais on va \u00e0 C\u00e9\u00fcse, Fontainebleau, Buoux ou encore les Gorges du Verdon quand vous voulez.","sameAs":["http:\/\/www.grimpisme.com","https:\/\/www.facebook.com\/fredCaillouXvionnet","https:\/\/www.linkedin.com\/profile\/preview?vpa=pub&locale=fr_FR","https:\/\/fr.pinterest.com\/grimpisme\/","https:\/\/www.youtube.com\/user\/grimpisme","https:\/\/soundcloud.com\/fredvionnet"],"url":"https:\/\/www.escalade.pro\/news\/author\/fred\/"}]}},"jetpack_publicize_connections":[],"jetpack_featured_media_url":"","jetpack_sharing_enabled":true,"jetpack_shortlink":"https:\/\/wp.me\/p68Rw6-1GQ","jetpack-related-posts":[{"id":6382,"url":"https:\/\/www.escalade.pro\/news\/datca-turquie\/","url_meta":{"origin":6500,"position":0},"title":"Grimpe \u00e0 Dat\u00e7a","author":"Fred Vionnet","date":"9 octobre 2015","format":false,"excerpt":"Enfin je grimpe, je ne serre pas trop ces maudites colos, je coince un genou, je secoue les mains, je repars et \u00e7a avance sans forcer comme si je cherchais \u00e0 les d\u00e9coller du mur. Il fait beaucoup moins chaud, j'ai pas mal au dos, j'ai plus la cr\u00e8ve, je\u2026","rel":"","context":"Dans &quot;Escalade&quot;","block_context":{"text":"Escalade","link":"https:\/\/www.escalade.pro\/news\/category\/escalade\/"},"img":{"alt_text":"escalade dat\u00e7a turquie","src":"https:\/\/i0.wp.com\/www.escalade.pro\/news\/wp-content\/uploads\/2015\/10\/P1070260-225x300.jpg?resize=350%2C200","width":350,"height":200},"classes":[]},{"id":14240,"url":"https:\/\/www.escalade.pro\/news\/topo-blocs-saint-peray-valence\/","url_meta":{"origin":6500,"position":1},"title":"Topo des blocs de Saint Peray (Valence)","author":"Jordi Puig","date":"16 mai 2017","format":false,"excerpt":"Ce spot permet de pouvoir grimper facilement dehors apr\u00e8s le travail, pour une session de une ou deux heures. Il a \u00e9t\u00e9 ouvert dans esprit d\u2019une communaut\u00e9 locale...","rel":"","context":"Dans &quot;Escalade&quot;","block_context":{"text":"Escalade","link":"https:\/\/www.escalade.pro\/news\/category\/escalade\/"},"img":{"alt_text":"topo bloc escalade saint peray valence","src":"https:\/\/i0.wp.com\/www.escalade.pro\/news\/wp-content\/uploads\/2017\/05\/DSC_3429sans-titre.jpg?resize=350%2C200&ssl=1","width":350,"height":200,"srcset":"https:\/\/i0.wp.com\/www.escalade.pro\/news\/wp-content\/uploads\/2017\/05\/DSC_3429sans-titre.jpg?resize=350%2C200&ssl=1 1x, https:\/\/i0.wp.com\/www.escalade.pro\/news\/wp-content\/uploads\/2017\/05\/DSC_3429sans-titre.jpg?resize=525%2C300&ssl=1 1.5x, https:\/\/i0.wp.com\/www.escalade.pro\/news\/wp-content\/uploads\/2017\/05\/DSC_3429sans-titre.jpg?resize=700%2C400&ssl=1 2x"},"classes":[]},{"id":11541,"url":"https:\/\/www.escalade.pro\/news\/bloc-ailefroide-rouste\/","url_meta":{"origin":6500,"position":2},"title":"Premi\u00e8re rouste de l&rsquo;ann\u00e9e sur les blocs d&rsquo;Ailefroide","author":"Fred Vionnet","date":"23 mai 2010","format":false,"excerpt":"Premi\u00e8re sortie de l'ann\u00e9e sur les blocs d'Ailefroide, et ben \u00e7a calme! Apr\u00e8s avoir fait surtout du gros muscle et du long sur le pan durant l'hiver, les r\u00e9glettes du granit \u00e9taient toutes petites et bien glissantes, surtout qu'il faisait plut\u00f4t chaud. Donc on s'accroche, on y retournera et la\u2026","rel":"","context":"Dans &quot;News et actu&quot;","block_context":{"text":"News et actu","link":"https:\/\/www.escalade.pro\/news\/category\/news\/"},"img":{"alt_text":"","src":"","width":0,"height":0},"classes":[]},{"id":4113,"url":"https:\/\/www.escalade.pro\/news\/petzl-roctrip-2014-bafa-lake-turquie\/","url_meta":{"origin":6500,"position":3},"title":"Petzl RocTrip 2014 Ep5 &#8211; Bafa Lake, TurkeyPetzl RocTrip 2014 Ep5 &#8211; Bafa Lake, Turquie","author":"Fred Vionnet","date":"23 d\u00e9cembre 2014","format":false,"excerpt":"Bafa Lake, an ocean of problems... The fields of granite and gneiss boulders that have rolled down from Mount Atmos spread as far as the eye can see around the village of Kapikiri. Bafa Lake, once a gulf of the Aegean Sea until it was filled by sediment from the\u2026","rel":"","context":"Dans &quot;Escalade&quot;","block_context":{"text":"Escalade","link":"https:\/\/www.escalade.pro\/news\/category\/escalade\/"},"img":{"alt_text":"","src":"","width":0,"height":0},"classes":[]},{"id":16492,"url":"https:\/\/www.escalade.pro\/news\/arete-nord-pointe-sales\/","url_meta":{"origin":6500,"position":4},"title":"Ar\u00eate nord de la Pointe de Sales","author":"Fred Vionnet","date":"1 ao\u00fbt 2018","format":false,"excerpt":"Si vous \u00eates pr\u00eats \u00e0 l\u00e2cher prise, \u00e0 pousser plus que tirer sur les prises, et que vous avez une exp\u00e9rience solide dans la grimpe en terrain d\u2019aventure je ne peux que vous conseiller de parcourir cette ar\u00eate. Mais attention c\u2019est une course d\u00e9licate, parsem\u00e9e de quelques sangles et pitons...","rel":"","context":"Dans &quot;Alpinisme&quot;","block_context":{"text":"Alpinisme","link":"https:\/\/www.escalade.pro\/news\/category\/alpinisme\/"},"img":{"alt_text":"arete nord pointes sales","src":"https:\/\/i0.wp.com\/www.escalade.pro\/news\/wp-content\/uploads\/2018\/07\/P1120333.jpg?resize=350%2C200&ssl=1","width":350,"height":200,"srcset":"https:\/\/i0.wp.com\/www.escalade.pro\/news\/wp-content\/uploads\/2018\/07\/P1120333.jpg?resize=350%2C200&ssl=1 1x, https:\/\/i0.wp.com\/www.escalade.pro\/news\/wp-content\/uploads\/2018\/07\/P1120333.jpg?resize=525%2C300&ssl=1 1.5x, https:\/\/i0.wp.com\/www.escalade.pro\/news\/wp-content\/uploads\/2018\/07\/P1120333.jpg?resize=700%2C400&ssl=1 2x, https:\/\/i0.wp.com\/www.escalade.pro\/news\/wp-content\/uploads\/2018\/07\/P1120333.jpg?resize=1050%2C600&ssl=1 3x, https:\/\/i0.wp.com\/www.escalade.pro\/news\/wp-content\/uploads\/2018\/07\/P1120333.jpg?resize=1400%2C800&ssl=1 4x"},"classes":[]},{"id":23843,"url":"https:\/\/www.escalade.pro\/news\/entrainer-salle-bloc-pour-rocher\/","url_meta":{"origin":6500,"position":5},"title":"Comment s\u2019entrainer en salle de bloc pour le rocher?","author":"Fred Vionnet","date":"20 octobre 2023","format":false,"excerpt":"Des conseils pour utiliser au mieux votre salle de bloc habituelle afin de vous pr\u00e9parer \u00e0 la (vraie) grimpe sur le rocher.","rel":"","context":"Dans &quot;A la une&quot;","block_context":{"text":"A la une","link":"https:\/\/www.escalade.pro\/news\/category\/highlitghs\/"},"img":{"alt_text":"pan entrainement escalade","src":"https:\/\/i0.wp.com\/www.escalade.pro\/news\/wp-content\/uploads\/2023\/10\/pan-topo.jpeg?resize=350%2C200&ssl=1","width":350,"height":200,"srcset":"https:\/\/i0.wp.com\/www.escalade.pro\/news\/wp-content\/uploads\/2023\/10\/pan-topo.jpeg?resize=350%2C200&ssl=1 1x, https:\/\/i0.wp.com\/www.escalade.pro\/news\/wp-content\/uploads\/2023\/10\/pan-topo.jpeg?resize=525%2C300&ssl=1 1.5x, https:\/\/i0.wp.com\/www.escalade.pro\/news\/wp-content\/uploads\/2023\/10\/pan-topo.jpeg?resize=700%2C400&ssl=1 2x, https:\/\/i0.wp.com\/www.escalade.pro\/news\/wp-content\/uploads\/2023\/10\/pan-topo.jpeg?resize=1050%2C600&ssl=1 3x, https:\/\/i0.wp.com\/www.escalade.pro\/news\/wp-content\/uploads\/2023\/10\/pan-topo.jpeg?resize=1400%2C800&ssl=1 4x"},"classes":[]}],"_links":{"self":[{"href":"https:\/\/www.escalade.pro\/news\/wp-json\/wp\/v2\/posts\/6500","targetHints":{"allow":["GET"]}}],"collection":[{"href":"https:\/\/www.escalade.pro\/news\/wp-json\/wp\/v2\/posts"}],"about":[{"href":"https:\/\/www.escalade.pro\/news\/wp-json\/wp\/v2\/types\/post"}],"author":[{"embeddable":true,"href":"https:\/\/www.escalade.pro\/news\/wp-json\/wp\/v2\/users\/1"}],"replies":[{"embeddable":true,"href":"https:\/\/www.escalade.pro\/news\/wp-json\/wp\/v2\/comments?post=6500"}],"version-history":[{"count":18,"href":"https:\/\/www.escalade.pro\/news\/wp-json\/wp\/v2\/posts\/6500\/revisions"}],"predecessor-version":[{"id":8294,"href":"https:\/\/www.escalade.pro\/news\/wp-json\/wp\/v2\/posts\/6500\/revisions\/8294"}],"wp:attachment":[{"href":"https:\/\/www.escalade.pro\/news\/wp-json\/wp\/v2\/media?parent=6500"}],"wp:term":[{"taxonomy":"category","embeddable":true,"href":"https:\/\/www.escalade.pro\/news\/wp-json\/wp\/v2\/categories?post=6500"},{"taxonomy":"post_tag","embeddable":true,"href":"https:\/\/www.escalade.pro\/news\/wp-json\/wp\/v2\/tags?post=6500"}],"curies":[{"name":"wp","href":"https:\/\/api.w.org\/{rel}","templated":true}]}}