{"id":6142,"date":"2015-09-04T08:08:48","date_gmt":"2015-09-04T07:08:48","guid":{"rendered":"http:\/\/www.escalade.pro\/news\/?p=6142"},"modified":"2015-09-04T08:11:58","modified_gmt":"2015-09-04T07:11:58","slug":"video-bloc-anthony-gullsten-flash-king-of-limbs","status":"publish","type":"post","link":"https:\/\/www.escalade.pro\/news\/video-bloc-anthony-gullsten-flash-king-of-limbs\/","title":{"rendered":"Vid\u00e9o: Anthony Gullsten flashe \u00ab\u00a0King of Limbs\u00a0\u00bb"},"content":{"rendered":"<p><iframe loading=\"lazy\" src=\"https:\/\/player.vimeo.com\/video\/138112512\" width=\"500\" height=\"281\" frameborder=\"0\" webkitallowfullscreen mozallowfullscreen allowfullscreen><\/iframe> <\/p>\n<p><strong>En juillet, le finlandais Anthony Gullsten (<a href=\"http:\/\/andygullsten.blogspot.fr\/\" target=\"_blank\">andygullsten.blogspot.fr<\/a>) flashe \u00e0 Rocklands le bloc \u00ab\u00a0King of Limbs\u00a0\u00bb 8b+. Voici la vid\u00e9o avec un impressionnant jet\u00e9 du type \u00ab\u00a0croix de fer\/\u00e9paule\u00a0\u00bb.<\/strong><br \/>\nEt un petit bonus avec un floril\u00e8ge de gros jet\u00e9 \u00e0 Fontainebleau par l&rsquo;italien Giovanni Calisse.<\/p>\n<p><iframe loading=\"lazy\" src=\"https:\/\/player.vimeo.com\/video\/138175623\" width=\"500\" height=\"281\" frameborder=\"0\" webkitallowfullscreen mozallowfullscreen allowfullscreen><\/iframe> <\/p>\n","protected":false},"excerpt":{"rendered":"<p>En juillet, le finlandais Anthony Gullsten (andygullsten.blogspot.fr) flashe \u00e0 Rocklands le bloc \u00ab\u00a0King of Limbs\u00a0\u00bb 8b+. Voici la vid\u00e9o avec<\/p>\n","protected":false},"author":1,"featured_media":0,"comment_status":"open","ping_status":"open","sticky":false,"template":"","format":"standard","meta":{"colormag_page_container_layout":"default_layout","colormag_page_sidebar_layout":"default_layout","_monsterinsights_skip_tracking":false,"_monsterinsights_sitenote_active":false,"_monsterinsights_sitenote_note":"","_monsterinsights_sitenote_category":0,"ngg_post_thumbnail":0,"jetpack_post_was_ever_published":false,"_jetpack_newsletter_access":"","_jetpack_dont_email_post_to_subs":false,"_jetpack_newsletter_tier_id":0,"_jetpack_memberships_contains_paywalled_content":false,"_jetpack_memberships_contains_paid_content":false,"footnotes":"","jetpack_publicize_message":"","jetpack_publicize_feature_enabled":true,"jetpack_social_post_already_shared":true,"jetpack_social_options":{"image_generator_settings":{"template":"highway","default_image_id":0,"font":"","enabled":false},"version":2}},"categories":[4,7],"tags":[],"class_list":["post-6142","post","type-post","status-publish","format-standard","hentry","category-escalade","category-videos"],"yoast_head":"<!-- This site is optimized with the Yoast SEO plugin v27.5 - https:\/\/yoast.com\/product\/yoast-seo-wordpress\/ -->\n<title>Vid\u00e9o: Anthony Gullsten flashe &quot;King of Limbs&quot; &#8211; L&#039;Arqu\u00e9e Libre - Fred Vionnet entraineur\/moniteur escalade<\/title>\n<meta name=\"robots\" content=\"index, follow, max-snippet:-1, max-image-preview:large, max-video-preview:-1\" \/>\n<link rel=\"canonical\" href=\"https:\/\/www.escalade.pro\/news\/video-bloc-anthony-gullsten-flash-king-of-limbs\/\" \/>\n<meta property=\"og:locale\" content=\"fr_FR\" \/>\n<meta property=\"og:type\" content=\"article\" \/>\n<meta property=\"og:title\" content=\"Vid\u00e9o: Anthony Gullsten flashe &quot;King of Limbs&quot; &#8211; L&#039;Arqu\u00e9e Libre - Fred Vionnet entraineur\/moniteur escalade\" \/>\n<meta property=\"og:description\" content=\"En juillet, le finlandais Anthony Gullsten (andygullsten.blogspot.fr) flashe \u00e0 Rocklands le bloc \u00ab\u00a0King of Limbs\u00a0\u00bb 8b+. Voici la vid\u00e9o avec\" \/>\n<meta property=\"og:url\" content=\"https:\/\/www.escalade.pro\/news\/video-bloc-anthony-gullsten-flash-king-of-limbs\/\" \/>\n<meta property=\"og:site_name\" content=\"L&#039;Arqu\u00e9e Libre - Fred Vionnet entraineur\/moniteur escalade\" \/>\n<meta property=\"article:publisher\" content=\"https:\/\/www.facebook.com\/grimpisme\/\" \/>\n<meta property=\"article:author\" content=\"https:\/\/www.facebook.com\/fredCaillouXvionnet\" \/>\n<meta property=\"article:published_time\" content=\"2015-09-04T07:08:48+00:00\" \/>\n<meta property=\"article:modified_time\" content=\"2015-09-04T07:11:58+00:00\" \/>\n<meta name=\"author\" content=\"Fred Vionnet\" \/>\n<meta name=\"twitter:card\" content=\"summary_large_image\" \/>\n<meta name=\"twitter:label1\" content=\"\u00c9crit par\" \/>\n\t<meta name=\"twitter:data1\" content=\"Fred Vionnet\" \/>\n<script type=\"application\/ld+json\" class=\"yoast-schema-graph\">{\"@context\":\"https:\\\/\\\/schema.org\",\"@graph\":[{\"@type\":\"Article\",\"@id\":\"https:\\\/\\\/www.escalade.pro\\\/news\\\/video-bloc-anthony-gullsten-flash-king-of-limbs\\\/#article\",\"isPartOf\":{\"@id\":\"https:\\\/\\\/www.escalade.pro\\\/news\\\/video-bloc-anthony-gullsten-flash-king-of-limbs\\\/\"},\"author\":{\"name\":\"Fred Vionnet\",\"@id\":\"https:\\\/\\\/www.escalade.pro\\\/news\\\/#\\\/schema\\\/person\\\/e0e0520aa48cfda56ae5406c2fe2caeb\"},\"headline\":\"Vid\u00e9o: Anthony Gullsten flashe \u00ab\u00a0King of Limbs\u00a0\u00bb\",\"datePublished\":\"2015-09-04T07:08:48+00:00\",\"dateModified\":\"2015-09-04T07:11:58+00:00\",\"mainEntityOfPage\":{\"@id\":\"https:\\\/\\\/www.escalade.pro\\\/news\\\/video-bloc-anthony-gullsten-flash-king-of-limbs\\\/\"},\"wordCount\":55,\"commentCount\":0,\"publisher\":{\"@id\":\"https:\\\/\\\/www.escalade.pro\\\/news\\\/#organization\"},\"articleSection\":[\"Escalade\",\"Vid\u00e9os\"],\"inLanguage\":\"fr-FR\",\"potentialAction\":[{\"@type\":\"CommentAction\",\"name\":\"Comment\",\"target\":[\"https:\\\/\\\/www.escalade.pro\\\/news\\\/video-bloc-anthony-gullsten-flash-king-of-limbs\\\/#respond\"]}]},{\"@type\":\"WebPage\",\"@id\":\"https:\\\/\\\/www.escalade.pro\\\/news\\\/video-bloc-anthony-gullsten-flash-king-of-limbs\\\/\",\"url\":\"https:\\\/\\\/www.escalade.pro\\\/news\\\/video-bloc-anthony-gullsten-flash-king-of-limbs\\\/\",\"name\":\"Vid\u00e9o: Anthony Gullsten flashe \\\"King of Limbs\\\" &#8211; L&#039;Arqu\u00e9e Libre - Fred Vionnet entraineur\\\/moniteur escalade\",\"isPartOf\":{\"@id\":\"https:\\\/\\\/www.escalade.pro\\\/news\\\/#website\"},\"datePublished\":\"2015-09-04T07:08:48+00:00\",\"dateModified\":\"2015-09-04T07:11:58+00:00\",\"breadcrumb\":{\"@id\":\"https:\\\/\\\/www.escalade.pro\\\/news\\\/video-bloc-anthony-gullsten-flash-king-of-limbs\\\/#breadcrumb\"},\"inLanguage\":\"fr-FR\",\"potentialAction\":[{\"@type\":\"ReadAction\",\"target\":[\"https:\\\/\\\/www.escalade.pro\\\/news\\\/video-bloc-anthony-gullsten-flash-king-of-limbs\\\/\"]}]},{\"@type\":\"BreadcrumbList\",\"@id\":\"https:\\\/\\\/www.escalade.pro\\\/news\\\/video-bloc-anthony-gullsten-flash-king-of-limbs\\\/#breadcrumb\",\"itemListElement\":[{\"@type\":\"ListItem\",\"position\":1,\"name\":\"Accueil\",\"item\":\"https:\\\/\\\/www.escalade.pro\\\/news\\\/\"},{\"@type\":\"ListItem\",\"position\":2,\"name\":\"Vid\u00e9o: Anthony Gullsten flashe \u00ab\u00a0King of Limbs\u00a0\u00bb\"}]},{\"@type\":\"WebSite\",\"@id\":\"https:\\\/\\\/www.escalade.pro\\\/news\\\/#website\",\"url\":\"https:\\\/\\\/www.escalade.pro\\\/news\\\/\",\"name\":\"L&#039;Arqu\u00e9e Libre - Fred Vionnet entraineur\\\/moniteur escalade\",\"description\":\"Coaching et entrainement escalade. Buoux, C\u00e9\u00fcse et Fontainebleau.\",\"publisher\":{\"@id\":\"https:\\\/\\\/www.escalade.pro\\\/news\\\/#organization\"},\"potentialAction\":[{\"@type\":\"SearchAction\",\"target\":{\"@type\":\"EntryPoint\",\"urlTemplate\":\"https:\\\/\\\/www.escalade.pro\\\/news\\\/?s={search_term_string}\"},\"query-input\":{\"@type\":\"PropertyValueSpecification\",\"valueRequired\":true,\"valueName\":\"search_term_string\"}}],\"inLanguage\":\"fr-FR\"},{\"@type\":\"Organization\",\"@id\":\"https:\\\/\\\/www.escalade.pro\\\/news\\\/#organization\",\"name\":\"L&#039;Arqu\u00e9e Libre - Fred Vionnet entraineur\\\/moniteur escalade\",\"url\":\"https:\\\/\\\/www.escalade.pro\\\/news\\\/\",\"logo\":{\"@type\":\"ImageObject\",\"inLanguage\":\"fr-FR\",\"@id\":\"https:\\\/\\\/www.escalade.pro\\\/news\\\/#\\\/schema\\\/logo\\\/image\\\/\",\"url\":\"https:\\\/\\\/www.escalade.pro\\\/news\\\/wp-content\\\/uploads\\\/2026\\\/04\\\/logo-wp-AL-avril-2026-1.jpg\",\"contentUrl\":\"https:\\\/\\\/www.escalade.pro\\\/news\\\/wp-content\\\/uploads\\\/2026\\\/04\\\/logo-wp-AL-avril-2026-1.jpg\",\"width\":1955,\"height\":902,\"caption\":\"L&#039;Arqu\u00e9e Libre - Fred Vionnet entraineur\\\/moniteur escalade\"},\"image\":{\"@id\":\"https:\\\/\\\/www.escalade.pro\\\/news\\\/#\\\/schema\\\/logo\\\/image\\\/\"},\"sameAs\":[\"https:\\\/\\\/www.facebook.com\\\/grimpisme\\\/\",\"https:\\\/\\\/www.instagram.com\\\/grimpisme\\\/\",\"https:\\\/\\\/www.linkedin.com\\\/in\\\/fred-vionnet-6284b96a\\\/\",\"https:\\\/\\\/fr.pinterest.com\\\/grimpisme\\\/\",\"https:\\\/\\\/www.youtube.com\\\/@grimpisme\"]},{\"@type\":\"Person\",\"@id\":\"https:\\\/\\\/www.escalade.pro\\\/news\\\/#\\\/schema\\\/person\\\/e0e0520aa48cfda56ae5406c2fe2caeb\",\"name\":\"Fred Vionnet\",\"image\":{\"@type\":\"ImageObject\",\"inLanguage\":\"fr-FR\",\"@id\":\"https:\\\/\\\/secure.gravatar.com\\\/avatar\\\/a2f6c5fc695da895033dcd95afaa6aeda795d5122ab3a22a03e24aab7f3d96a6?s=96&d=blank&r=g\",\"url\":\"https:\\\/\\\/secure.gravatar.com\\\/avatar\\\/a2f6c5fc695da895033dcd95afaa6aeda795d5122ab3a22a03e24aab7f3d96a6?s=96&d=blank&r=g\",\"contentUrl\":\"https:\\\/\\\/secure.gravatar.com\\\/avatar\\\/a2f6c5fc695da895033dcd95afaa6aeda795d5122ab3a22a03e24aab7f3d96a6?s=96&d=blank&r=g\",\"caption\":\"Fred Vionnet\"},\"description\":\"Coach escalade en Haute Savoie. Pas contre une grande voie non plus. Mais on va \u00e0 C\u00e9\u00fcse, Fontainebleau, Buoux ou encore les Gorges du Verdon quand vous voulez.\",\"sameAs\":[\"http:\\\/\\\/www.grimpisme.com\",\"https:\\\/\\\/www.facebook.com\\\/fredCaillouXvionnet\",\"https:\\\/\\\/www.linkedin.com\\\/profile\\\/preview?vpa=pub&locale=fr_FR\",\"https:\\\/\\\/fr.pinterest.com\\\/grimpisme\\\/\",\"https:\\\/\\\/www.youtube.com\\\/user\\\/grimpisme\",\"https:\\\/\\\/soundcloud.com\\\/fredvionnet\"],\"url\":\"https:\\\/\\\/www.escalade.pro\\\/news\\\/author\\\/fred\\\/\"}]}<\/script>\n<!-- \/ Yoast SEO plugin. -->","yoast_head_json":{"title":"Vid\u00e9o: Anthony Gullsten flashe \"King of Limbs\" &#8211; L&#039;Arqu\u00e9e Libre - Fred Vionnet entraineur\/moniteur escalade","robots":{"index":"index","follow":"follow","max-snippet":"max-snippet:-1","max-image-preview":"max-image-preview:large","max-video-preview":"max-video-preview:-1"},"canonical":"https:\/\/www.escalade.pro\/news\/video-bloc-anthony-gullsten-flash-king-of-limbs\/","og_locale":"fr_FR","og_type":"article","og_title":"Vid\u00e9o: Anthony Gullsten flashe \"King of Limbs\" &#8211; L&#039;Arqu\u00e9e Libre - Fred Vionnet entraineur\/moniteur escalade","og_description":"En juillet, le finlandais Anthony Gullsten (andygullsten.blogspot.fr) flashe \u00e0 Rocklands le bloc \u00ab\u00a0King of Limbs\u00a0\u00bb 8b+. Voici la vid\u00e9o avec","og_url":"https:\/\/www.escalade.pro\/news\/video-bloc-anthony-gullsten-flash-king-of-limbs\/","og_site_name":"L&#039;Arqu\u00e9e Libre - Fred Vionnet entraineur\/moniteur escalade","article_publisher":"https:\/\/www.facebook.com\/grimpisme\/","article_author":"https:\/\/www.facebook.com\/fredCaillouXvionnet","article_published_time":"2015-09-04T07:08:48+00:00","article_modified_time":"2015-09-04T07:11:58+00:00","author":"Fred Vionnet","twitter_card":"summary_large_image","twitter_misc":{"\u00c9crit par":"Fred Vionnet"},"schema":{"@context":"https:\/\/schema.org","@graph":[{"@type":"Article","@id":"https:\/\/www.escalade.pro\/news\/video-bloc-anthony-gullsten-flash-king-of-limbs\/#article","isPartOf":{"@id":"https:\/\/www.escalade.pro\/news\/video-bloc-anthony-gullsten-flash-king-of-limbs\/"},"author":{"name":"Fred Vionnet","@id":"https:\/\/www.escalade.pro\/news\/#\/schema\/person\/e0e0520aa48cfda56ae5406c2fe2caeb"},"headline":"Vid\u00e9o: Anthony Gullsten flashe \u00ab\u00a0King of Limbs\u00a0\u00bb","datePublished":"2015-09-04T07:08:48+00:00","dateModified":"2015-09-04T07:11:58+00:00","mainEntityOfPage":{"@id":"https:\/\/www.escalade.pro\/news\/video-bloc-anthony-gullsten-flash-king-of-limbs\/"},"wordCount":55,"commentCount":0,"publisher":{"@id":"https:\/\/www.escalade.pro\/news\/#organization"},"articleSection":["Escalade","Vid\u00e9os"],"inLanguage":"fr-FR","potentialAction":[{"@type":"CommentAction","name":"Comment","target":["https:\/\/www.escalade.pro\/news\/video-bloc-anthony-gullsten-flash-king-of-limbs\/#respond"]}]},{"@type":"WebPage","@id":"https:\/\/www.escalade.pro\/news\/video-bloc-anthony-gullsten-flash-king-of-limbs\/","url":"https:\/\/www.escalade.pro\/news\/video-bloc-anthony-gullsten-flash-king-of-limbs\/","name":"Vid\u00e9o: Anthony Gullsten flashe \"King of Limbs\" &#8211; L&#039;Arqu\u00e9e Libre - Fred Vionnet entraineur\/moniteur escalade","isPartOf":{"@id":"https:\/\/www.escalade.pro\/news\/#website"},"datePublished":"2015-09-04T07:08:48+00:00","dateModified":"2015-09-04T07:11:58+00:00","breadcrumb":{"@id":"https:\/\/www.escalade.pro\/news\/video-bloc-anthony-gullsten-flash-king-of-limbs\/#breadcrumb"},"inLanguage":"fr-FR","potentialAction":[{"@type":"ReadAction","target":["https:\/\/www.escalade.pro\/news\/video-bloc-anthony-gullsten-flash-king-of-limbs\/"]}]},{"@type":"BreadcrumbList","@id":"https:\/\/www.escalade.pro\/news\/video-bloc-anthony-gullsten-flash-king-of-limbs\/#breadcrumb","itemListElement":[{"@type":"ListItem","position":1,"name":"Accueil","item":"https:\/\/www.escalade.pro\/news\/"},{"@type":"ListItem","position":2,"name":"Vid\u00e9o: Anthony Gullsten flashe \u00ab\u00a0King of Limbs\u00a0\u00bb"}]},{"@type":"WebSite","@id":"https:\/\/www.escalade.pro\/news\/#website","url":"https:\/\/www.escalade.pro\/news\/","name":"L&#039;Arqu\u00e9e Libre - Fred Vionnet entraineur\/moniteur escalade","description":"Coaching et entrainement escalade. Buoux, C\u00e9\u00fcse et Fontainebleau.","publisher":{"@id":"https:\/\/www.escalade.pro\/news\/#organization"},"potentialAction":[{"@type":"SearchAction","target":{"@type":"EntryPoint","urlTemplate":"https:\/\/www.escalade.pro\/news\/?s={search_term_string}"},"query-input":{"@type":"PropertyValueSpecification","valueRequired":true,"valueName":"search_term_string"}}],"inLanguage":"fr-FR"},{"@type":"Organization","@id":"https:\/\/www.escalade.pro\/news\/#organization","name":"L&#039;Arqu\u00e9e Libre - Fred Vionnet entraineur\/moniteur escalade","url":"https:\/\/www.escalade.pro\/news\/","logo":{"@type":"ImageObject","inLanguage":"fr-FR","@id":"https:\/\/www.escalade.pro\/news\/#\/schema\/logo\/image\/","url":"https:\/\/www.escalade.pro\/news\/wp-content\/uploads\/2026\/04\/logo-wp-AL-avril-2026-1.jpg","contentUrl":"https:\/\/www.escalade.pro\/news\/wp-content\/uploads\/2026\/04\/logo-wp-AL-avril-2026-1.jpg","width":1955,"height":902,"caption":"L&#039;Arqu\u00e9e Libre - Fred Vionnet entraineur\/moniteur escalade"},"image":{"@id":"https:\/\/www.escalade.pro\/news\/#\/schema\/logo\/image\/"},"sameAs":["https:\/\/www.facebook.com\/grimpisme\/","https:\/\/www.instagram.com\/grimpisme\/","https:\/\/www.linkedin.com\/in\/fred-vionnet-6284b96a\/","https:\/\/fr.pinterest.com\/grimpisme\/","https:\/\/www.youtube.com\/@grimpisme"]},{"@type":"Person","@id":"https:\/\/www.escalade.pro\/news\/#\/schema\/person\/e0e0520aa48cfda56ae5406c2fe2caeb","name":"Fred Vionnet","image":{"@type":"ImageObject","inLanguage":"fr-FR","@id":"https:\/\/secure.gravatar.com\/avatar\/a2f6c5fc695da895033dcd95afaa6aeda795d5122ab3a22a03e24aab7f3d96a6?s=96&d=blank&r=g","url":"https:\/\/secure.gravatar.com\/avatar\/a2f6c5fc695da895033dcd95afaa6aeda795d5122ab3a22a03e24aab7f3d96a6?s=96&d=blank&r=g","contentUrl":"https:\/\/secure.gravatar.com\/avatar\/a2f6c5fc695da895033dcd95afaa6aeda795d5122ab3a22a03e24aab7f3d96a6?s=96&d=blank&r=g","caption":"Fred Vionnet"},"description":"Coach escalade en Haute Savoie. Pas contre une grande voie non plus. Mais on va \u00e0 C\u00e9\u00fcse, Fontainebleau, Buoux ou encore les Gorges du Verdon quand vous voulez.","sameAs":["http:\/\/www.grimpisme.com","https:\/\/www.facebook.com\/fredCaillouXvionnet","https:\/\/www.linkedin.com\/profile\/preview?vpa=pub&locale=fr_FR","https:\/\/fr.pinterest.com\/grimpisme\/","https:\/\/www.youtube.com\/user\/grimpisme","https:\/\/soundcloud.com\/fredvionnet"],"url":"https:\/\/www.escalade.pro\/news\/author\/fred\/"}]}},"jetpack_publicize_connections":[],"jetpack_featured_media_url":"","jetpack_sharing_enabled":true,"jetpack_shortlink":"https:\/\/wp.me\/p68Rw6-1B4","jetpack-related-posts":[{"id":5370,"url":"https:\/\/www.escalade.pro\/news\/video-adam-ondra-flashe-jade\/","url_meta":{"origin":6142,"position":0},"title":"Vid\u00e9o: Adam Ondra flashe Jade 8b+\/V14!","author":"Fred Vionnet","date":"8 juin 2015","format":false,"excerpt":"Apr\u00e8s 2 podiums en Coupe du Monde de bloc cons\u00e9cutifs, Adam Ondra ne saute pas dans l'avion directement pour s'enfermer dans le gymnase. Il est retourn\u00e9 sur le caillou et vient de flasher le mythique Jade (2\u00e8me bloc de la vid\u00e9o) dans le Parc National des Rocheuses (USA). Ce bloc\u2026","rel":"","context":"Dans &quot;Escalade&quot;","block_context":{"text":"Escalade","link":"https:\/\/www.escalade.pro\/news\/category\/escalade\/"},"img":{"alt_text":"","src":"","width":0,"height":0},"classes":[]},{"id":11094,"url":"https:\/\/www.escalade.pro\/news\/coupe-du-monde-de-bloc-de-mumbai-resultat-et-resume\/","url_meta":{"origin":6142,"position":1},"title":"Coupe du Monde de bloc de Mumbai: r\u00e9sultats et r\u00e9sum\u00e9","author":"Fred Vionnet","date":"18 mai 2016","format":false,"excerpt":"Vous \u00e9tiez peut \u00eatre en train de grimper dimanche apr\u00e8s-midi et vous n'avez pas pu regarder le direct de la finale de l'\u00e9preuve de Coupe du Monde de bloc \u00e0 Mumbai. Le streaming complet est toujours disponible en suivant ce lien, donc vous avez bien fait! Cette premi\u00e8re comp\u00e9tition internationale\u2026","rel":"","context":"Dans &quot;Escalade&quot;","block_context":{"text":"Escalade","link":"https:\/\/www.escalade.pro\/news\/category\/escalade\/"},"img":{"alt_text":"result_femme_mumbai","src":"https:\/\/i0.wp.com\/www.escalade.pro\/news\/wp-content\/uploads\/2016\/05\/result_femme_mumbai-300x129.jpg?resize=350%2C200","width":350,"height":200},"classes":[]},{"id":13163,"url":"https:\/\/www.escalade.pro\/news\/video-psicobloc-jernej-kruder-es-pontas\/","url_meta":{"origin":6142,"position":2},"title":"Vid\u00e9o psicobloc: Jernej Kruder dans \u00ab\u00a0Es Pontas\u00a0\u00bb","author":"Fred Vionnet","date":"16 novembre 2016","format":false,"excerpt":"Le comp\u00e9titeur Jernej Kruder r\u00e9p\u00e9tait en octobre 2016 la mythique \"Es Pontas\" de Chris Sharma \u00e0 Majorque, apr\u00e8s pr\u00e9cis\u00e9ment 39 essais. Comme Chris, Jernej ne se risque pas \u00e0 donner de cotation pr\u00e9cise, \u00e9tant donn\u00e9 le caract\u00e8re sp\u00e9cifique du jet\u00e9... et du tapis de r\u00e9ception. Evidemment on est dans le\u2026","rel":"","context":"Dans &quot;Escalade&quot;","block_context":{"text":"Escalade","link":"https:\/\/www.escalade.pro\/news\/category\/escalade\/"},"img":{"alt_text":"","src":"https:\/\/i0.wp.com\/www.escalade.pro\/news\/wp-content\/uploads\/2016\/11\/es-ponta.jpg?resize=350%2C200&ssl=1","width":350,"height":200,"srcset":"https:\/\/i0.wp.com\/www.escalade.pro\/news\/wp-content\/uploads\/2016\/11\/es-ponta.jpg?resize=350%2C200&ssl=1 1x, https:\/\/i0.wp.com\/www.escalade.pro\/news\/wp-content\/uploads\/2016\/11\/es-ponta.jpg?resize=525%2C300&ssl=1 1.5x, https:\/\/i0.wp.com\/www.escalade.pro\/news\/wp-content\/uploads\/2016\/11\/es-ponta.jpg?resize=700%2C400&ssl=1 2x"},"classes":[]},{"id":3246,"url":"https:\/\/www.escalade.pro\/news\/video-jimmy-webb-euro-trip-part-2\/","url_meta":{"origin":6142,"position":3},"title":"Video: Jimmy Webb, Euro Trip Part IIVid\u00e9o: Jimmy Webb, Euro Trip Part II","author":"Fred Vionnet","date":"4 septembre 2014","format":false,"excerpt":"Jimmy Webb le surpuissant marche dans New Base Line (8b+), flashe The River Bed (8b), ...","rel":"","context":"Dans &quot;Escalade&quot;","block_context":{"text":"Escalade","link":"https:\/\/www.escalade.pro\/news\/category\/escalade\/"},"img":{"alt_text":"","src":"","width":0,"height":0},"classes":[]},{"id":4817,"url":"https:\/\/www.escalade.pro\/news\/matt-segal-carbondale-short-bus\/","url_meta":{"origin":6142,"position":4},"title":"Matt Segal r\u00e9p\u00e8te \u00ab Carbondale Short Bus \u00bb","author":"Fred Vionnet","date":"4 avril 2015","format":false,"excerpt":"Matt Segal a r\u00e9p\u00e9t\u00e9 \u00ab Carbondale Short Bus \u00bb (5.14-, 8b+ environ en cotation fran\u00e7aise) \u00e0 Indian Creek (USA), 3 ans apr\u00e8s la premi\u00e8re ascension de Hayden Kennedy (voir la vid\u00e9o ci-dessous). Apr\u00e8s avoir essay\u00e9 la voie en 2012 avec Hayden, il lui y aura fallu 6 jours de travail\u2026","rel":"","context":"Dans &quot;Escalade&quot;","block_context":{"text":"Escalade","link":"https:\/\/www.escalade.pro\/news\/category\/escalade\/"},"img":{"alt_text":"@ Spark Shop","src":"https:\/\/i0.wp.com\/www.escalade.pro\/news\/wp-content\/uploads\/2015\/04\/matt_segal_carbondale_bus-300x168.jpg?resize=350%2C200","width":350,"height":200},"classes":[]},{"id":18020,"url":"https:\/\/www.escalade.pro\/news\/video-highballs-rocklands\/","url_meta":{"origin":6142,"position":5},"title":"Vid\u00e9o bloc: highballs \u00ab\u00a0Pretty Tall\u00a0\u00bb \u00e0 Rocklands","author":"Fred Vionnet","date":"12 juin 2019","format":false,"excerpt":"Durant l'\u00e9t\u00e9 2018, un Giuliano Cameroni pas trop en forme ouvre \"The Smile\" (8c). Le jet\u00e9 final est impressionnant. Quand \u00e0 Shawn Raboutou et Daniel Woods, ils r\u00e9p\u00e8tent \"The Finnish Line\" (8c) de Nalle Hukkataival.","rel":"","context":"Dans &quot;Escalade&quot;","block_context":{"text":"Escalade","link":"https:\/\/www.escalade.pro\/news\/category\/escalade\/"},"img":{"alt_text":"Vid\u00e9o bloc: highballs \"Pretty Tall\" \u00e0 Rocklands, Daniel Woods, Shawn Raboutou, Giuliano Cameroni","src":"https:\/\/i0.wp.com\/www.escalade.pro\/news\/wp-content\/uploads\/2019\/06\/bloc-higballs_rocklands.jpg?resize=350%2C200&ssl=1","width":350,"height":200,"srcset":"https:\/\/i0.wp.com\/www.escalade.pro\/news\/wp-content\/uploads\/2019\/06\/bloc-higballs_rocklands.jpg?resize=350%2C200&ssl=1 1x, https:\/\/i0.wp.com\/www.escalade.pro\/news\/wp-content\/uploads\/2019\/06\/bloc-higballs_rocklands.jpg?resize=525%2C300&ssl=1 1.5x, https:\/\/i0.wp.com\/www.escalade.pro\/news\/wp-content\/uploads\/2019\/06\/bloc-higballs_rocklands.jpg?resize=700%2C400&ssl=1 2x"},"classes":[]}],"_links":{"self":[{"href":"https:\/\/www.escalade.pro\/news\/wp-json\/wp\/v2\/posts\/6142","targetHints":{"allow":["GET"]}}],"collection":[{"href":"https:\/\/www.escalade.pro\/news\/wp-json\/wp\/v2\/posts"}],"about":[{"href":"https:\/\/www.escalade.pro\/news\/wp-json\/wp\/v2\/types\/post"}],"author":[{"embeddable":true,"href":"https:\/\/www.escalade.pro\/news\/wp-json\/wp\/v2\/users\/1"}],"replies":[{"embeddable":true,"href":"https:\/\/www.escalade.pro\/news\/wp-json\/wp\/v2\/comments?post=6142"}],"version-history":[{"count":4,"href":"https:\/\/www.escalade.pro\/news\/wp-json\/wp\/v2\/posts\/6142\/revisions"}],"predecessor-version":[{"id":6146,"href":"https:\/\/www.escalade.pro\/news\/wp-json\/wp\/v2\/posts\/6142\/revisions\/6146"}],"wp:attachment":[{"href":"https:\/\/www.escalade.pro\/news\/wp-json\/wp\/v2\/media?parent=6142"}],"wp:term":[{"taxonomy":"category","embeddable":true,"href":"https:\/\/www.escalade.pro\/news\/wp-json\/wp\/v2\/categories?post=6142"},{"taxonomy":"post_tag","embeddable":true,"href":"https:\/\/www.escalade.pro\/news\/wp-json\/wp\/v2\/tags?post=6142"}],"curies":[{"name":"wp","href":"https:\/\/api.w.org\/{rel}","templated":true}]}}