{"id":5347,"date":"2015-05-31T20:58:08","date_gmt":"2015-05-31T19:58:08","guid":{"rendered":"http:\/\/www.escalade.pro\/news\/?p=5347"},"modified":"2015-05-31T21:13:27","modified_gmt":"2015-05-31T20:13:27","slug":"finales-world-cup-bloc-toronto","status":"publish","type":"post","link":"https:\/\/www.escalade.pro\/news\/finales-world-cup-bloc-toronto\/","title":{"rendered":"Finales en direct, World Cup Bloc Toronto"},"content":{"rendered":"<p><iframe loading=\"lazy\" width=\"560\" height=\"315\" src=\"https:\/\/www.youtube.com\/embed\/WgKEKM2kdig\" frameborder=\"0\" allowfullscreen><\/iframe><\/p>\n<p><strong>A 23h00 se d\u00e9roule \u00e0 Totonto (Canada) la premi\u00e8re finale de la Coupe du Monde de bloc 2015. <\/strong><br \/>\nChez les femmes <strong>Melissa le N\u00e9v\u00e9 nous repr\u00e9sente<\/strong>, la championne d&rsquo;Europe en titre Jule Wurm et les autrichiennes Saurwein et St\u00f6hr l&rsquo;accompagnent. Noguchi et Puccio compl\u00e8tent ce tableau plein d&rsquo;exp\u00e9rience et tr\u00e8s relev\u00e9, sans grosses surprises finalement.<\/p>\n<p><a href=\"http:\/\/www.escalade.pro\/news\/wp-content\/uploads\/2015\/05\/femmes_toronto.jpg\"><img loading=\"lazy\" decoding=\"async\" src=\"http:\/\/www.escalade.pro\/news\/wp-content\/uploads\/2015\/05\/femmes_toronto-300x226.jpg\" alt=\"femmes finales bloc toronto\" width=\"300\" height=\"226\" class=\"aligncenter size-medium wp-image-5350\" srcset=\"https:\/\/www.escalade.pro\/news\/wp-content\/uploads\/2015\/05\/femmes_toronto-300x226.jpg 300w, https:\/\/www.escalade.pro\/news\/wp-content\/uploads\/2015\/05\/femmes_toronto-199x150.jpg 199w, https:\/\/www.escalade.pro\/news\/wp-content\/uploads\/2015\/05\/femmes_toronto.jpg 301w\" sizes=\"auto, (max-width: 300px) 100vw, 300px\" \/><\/a><\/p>\n<p>Chez les hommes <strong>le r\u00e9cent Champion d&rsquo;Europe Jan Hojer rate son coup<\/strong> (fatigue ou d\u00e9compression? \u00e0 suivre&#8230;), mais <strong>Adam Ondra est bien l\u00e0, accompagn\u00e9 de 3 fran\u00e7ais (Cornu, Levier et Bonder)! Pas de Sean Mac Coll non plus, bref cette finale s&rsquo;annonce passionnante et ind\u00e9cise, \u00e0 moins qu&rsquo;Adam n&rsquo;\u00e9crase tout.<br \/>\n<\/strong><br \/>\n<a href=\"http:\/\/www.escalade.pro\/news\/wp-content\/uploads\/2015\/05\/hommes_toronto.jpg\"><img loading=\"lazy\" decoding=\"async\" src=\"http:\/\/www.escalade.pro\/news\/wp-content\/uploads\/2015\/05\/hommes_toronto.jpg\" alt=\"hommes finale bloc toronto\" width=\"296\" height=\"249\" class=\"aligncenter size-full wp-image-5351\" srcset=\"https:\/\/www.escalade.pro\/news\/wp-content\/uploads\/2015\/05\/hommes_toronto.jpg 296w, https:\/\/www.escalade.pro\/news\/wp-content\/uploads\/2015\/05\/hommes_toronto-178x150.jpg 178w\" sizes=\"auto, (max-width: 296px) 100vw, 296px\" \/><\/a><\/p>\n","protected":false},"excerpt":{"rendered":"<p>A 23h00 se d\u00e9roule \u00e0 Totonto (Canada) la premi\u00e8re finale de la Coupe du Monde de bloc 2015. Chez les<\/p>\n","protected":false},"author":1,"featured_media":0,"comment_status":"open","ping_status":"open","sticky":false,"template":"","format":"standard","meta":{"colormag_page_container_layout":"default_layout","colormag_page_sidebar_layout":"default_layout","_monsterinsights_skip_tracking":false,"_monsterinsights_sitenote_active":false,"_monsterinsights_sitenote_note":"","_monsterinsights_sitenote_category":0,"ngg_post_thumbnail":0,"jetpack_post_was_ever_published":false,"_jetpack_newsletter_access":"","_jetpack_dont_email_post_to_subs":false,"_jetpack_newsletter_tier_id":0,"_jetpack_memberships_contains_paywalled_content":false,"_jetpack_memberships_contains_paid_content":false,"footnotes":"","jetpack_publicize_message":"","jetpack_publicize_feature_enabled":true,"jetpack_social_post_already_shared":true,"jetpack_social_options":{"image_generator_settings":{"template":"highway","default_image_id":0,"font":"","enabled":false},"version":2}},"categories":[4,1,7],"tags":[],"class_list":["post-5347","post","type-post","status-publish","format-standard","hentry","category-escalade","category-news","category-videos"],"yoast_head":"<!-- This site is optimized with the Yoast SEO plugin v27.5 - https:\/\/yoast.com\/product\/yoast-seo-wordpress\/ -->\n<title>Finales en direct, World Cup Bloc Toronto &#8211; L&#039;Arqu\u00e9e Libre - Fred Vionnet entraineur\/moniteur escalade<\/title>\n<meta name=\"robots\" content=\"index, follow, max-snippet:-1, max-image-preview:large, max-video-preview:-1\" \/>\n<link rel=\"canonical\" href=\"https:\/\/www.escalade.pro\/news\/finales-world-cup-bloc-toronto\/\" \/>\n<meta property=\"og:locale\" content=\"fr_FR\" \/>\n<meta property=\"og:type\" content=\"article\" \/>\n<meta property=\"og:title\" content=\"Finales en direct, World Cup Bloc Toronto &#8211; L&#039;Arqu\u00e9e Libre - Fred Vionnet entraineur\/moniteur escalade\" \/>\n<meta property=\"og:description\" content=\"A 23h00 se d\u00e9roule \u00e0 Totonto (Canada) la premi\u00e8re finale de la Coupe du Monde de bloc 2015. Chez les\" \/>\n<meta property=\"og:url\" content=\"https:\/\/www.escalade.pro\/news\/finales-world-cup-bloc-toronto\/\" \/>\n<meta property=\"og:site_name\" content=\"L&#039;Arqu\u00e9e Libre - Fred Vionnet entraineur\/moniteur escalade\" \/>\n<meta property=\"article:publisher\" content=\"https:\/\/www.facebook.com\/grimpisme\/\" \/>\n<meta property=\"article:author\" content=\"https:\/\/www.facebook.com\/fredCaillouXvionnet\" \/>\n<meta property=\"article:published_time\" content=\"2015-05-31T19:58:08+00:00\" \/>\n<meta property=\"article:modified_time\" content=\"2015-05-31T20:13:27+00:00\" \/>\n<meta property=\"og:image\" content=\"http:\/\/www.escalade.pro\/news\/wp-content\/uploads\/2015\/05\/femmes_toronto-300x226.jpg\" \/>\n<meta name=\"author\" content=\"Fred Vionnet\" \/>\n<meta name=\"twitter:card\" content=\"summary_large_image\" \/>\n<meta name=\"twitter:label1\" content=\"\u00c9crit par\" \/>\n\t<meta name=\"twitter:data1\" content=\"Fred Vionnet\" \/>\n\t<meta name=\"twitter:label2\" content=\"Dur\u00e9e de lecture estim\u00e9e\" \/>\n\t<meta name=\"twitter:data2\" content=\"1 minute\" \/>\n<script type=\"application\/ld+json\" class=\"yoast-schema-graph\">{\"@context\":\"https:\\\/\\\/schema.org\",\"@graph\":[{\"@type\":\"Article\",\"@id\":\"https:\\\/\\\/www.escalade.pro\\\/news\\\/finales-world-cup-bloc-toronto\\\/#article\",\"isPartOf\":{\"@id\":\"https:\\\/\\\/www.escalade.pro\\\/news\\\/finales-world-cup-bloc-toronto\\\/\"},\"author\":{\"name\":\"Fred Vionnet\",\"@id\":\"https:\\\/\\\/www.escalade.pro\\\/news\\\/#\\\/schema\\\/person\\\/e0e0520aa48cfda56ae5406c2fe2caeb\"},\"headline\":\"Finales en direct, World Cup Bloc Toronto\",\"datePublished\":\"2015-05-31T19:58:08+00:00\",\"dateModified\":\"2015-05-31T20:13:27+00:00\",\"mainEntityOfPage\":{\"@id\":\"https:\\\/\\\/www.escalade.pro\\\/news\\\/finales-world-cup-bloc-toronto\\\/\"},\"wordCount\":120,\"commentCount\":0,\"publisher\":{\"@id\":\"https:\\\/\\\/www.escalade.pro\\\/news\\\/#organization\"},\"image\":{\"@id\":\"https:\\\/\\\/www.escalade.pro\\\/news\\\/finales-world-cup-bloc-toronto\\\/#primaryimage\"},\"thumbnailUrl\":\"http:\\\/\\\/www.escalade.pro\\\/news\\\/wp-content\\\/uploads\\\/2015\\\/05\\\/femmes_toronto-300x226.jpg\",\"articleSection\":[\"Escalade\",\"News et actu\",\"Vid\u00e9os\"],\"inLanguage\":\"fr-FR\",\"potentialAction\":[{\"@type\":\"CommentAction\",\"name\":\"Comment\",\"target\":[\"https:\\\/\\\/www.escalade.pro\\\/news\\\/finales-world-cup-bloc-toronto\\\/#respond\"]}]},{\"@type\":\"WebPage\",\"@id\":\"https:\\\/\\\/www.escalade.pro\\\/news\\\/finales-world-cup-bloc-toronto\\\/\",\"url\":\"https:\\\/\\\/www.escalade.pro\\\/news\\\/finales-world-cup-bloc-toronto\\\/\",\"name\":\"Finales en direct, World Cup Bloc Toronto &#8211; L&#039;Arqu\u00e9e Libre - Fred Vionnet entraineur\\\/moniteur escalade\",\"isPartOf\":{\"@id\":\"https:\\\/\\\/www.escalade.pro\\\/news\\\/#website\"},\"primaryImageOfPage\":{\"@id\":\"https:\\\/\\\/www.escalade.pro\\\/news\\\/finales-world-cup-bloc-toronto\\\/#primaryimage\"},\"image\":{\"@id\":\"https:\\\/\\\/www.escalade.pro\\\/news\\\/finales-world-cup-bloc-toronto\\\/#primaryimage\"},\"thumbnailUrl\":\"http:\\\/\\\/www.escalade.pro\\\/news\\\/wp-content\\\/uploads\\\/2015\\\/05\\\/femmes_toronto-300x226.jpg\",\"datePublished\":\"2015-05-31T19:58:08+00:00\",\"dateModified\":\"2015-05-31T20:13:27+00:00\",\"breadcrumb\":{\"@id\":\"https:\\\/\\\/www.escalade.pro\\\/news\\\/finales-world-cup-bloc-toronto\\\/#breadcrumb\"},\"inLanguage\":\"fr-FR\",\"potentialAction\":[{\"@type\":\"ReadAction\",\"target\":[\"https:\\\/\\\/www.escalade.pro\\\/news\\\/finales-world-cup-bloc-toronto\\\/\"]}]},{\"@type\":\"ImageObject\",\"inLanguage\":\"fr-FR\",\"@id\":\"https:\\\/\\\/www.escalade.pro\\\/news\\\/finales-world-cup-bloc-toronto\\\/#primaryimage\",\"url\":\"https:\\\/\\\/www.escalade.pro\\\/news\\\/wp-content\\\/uploads\\\/2015\\\/05\\\/femmes_toronto.jpg\",\"contentUrl\":\"https:\\\/\\\/www.escalade.pro\\\/news\\\/wp-content\\\/uploads\\\/2015\\\/05\\\/femmes_toronto.jpg\",\"width\":301,\"height\":227},{\"@type\":\"BreadcrumbList\",\"@id\":\"https:\\\/\\\/www.escalade.pro\\\/news\\\/finales-world-cup-bloc-toronto\\\/#breadcrumb\",\"itemListElement\":[{\"@type\":\"ListItem\",\"position\":1,\"name\":\"Accueil\",\"item\":\"https:\\\/\\\/www.escalade.pro\\\/news\\\/\"},{\"@type\":\"ListItem\",\"position\":2,\"name\":\"Finales en direct, World Cup Bloc Toronto\"}]},{\"@type\":\"WebSite\",\"@id\":\"https:\\\/\\\/www.escalade.pro\\\/news\\\/#website\",\"url\":\"https:\\\/\\\/www.escalade.pro\\\/news\\\/\",\"name\":\"L&#039;Arqu\u00e9e Libre - Fred Vionnet entraineur\\\/moniteur escalade\",\"description\":\"Coaching et entrainement escalade. Buoux, C\u00e9\u00fcse et Fontainebleau.\",\"publisher\":{\"@id\":\"https:\\\/\\\/www.escalade.pro\\\/news\\\/#organization\"},\"potentialAction\":[{\"@type\":\"SearchAction\",\"target\":{\"@type\":\"EntryPoint\",\"urlTemplate\":\"https:\\\/\\\/www.escalade.pro\\\/news\\\/?s={search_term_string}\"},\"query-input\":{\"@type\":\"PropertyValueSpecification\",\"valueRequired\":true,\"valueName\":\"search_term_string\"}}],\"inLanguage\":\"fr-FR\"},{\"@type\":\"Organization\",\"@id\":\"https:\\\/\\\/www.escalade.pro\\\/news\\\/#organization\",\"name\":\"L&#039;Arqu\u00e9e Libre - Fred Vionnet entraineur\\\/moniteur escalade\",\"url\":\"https:\\\/\\\/www.escalade.pro\\\/news\\\/\",\"logo\":{\"@type\":\"ImageObject\",\"inLanguage\":\"fr-FR\",\"@id\":\"https:\\\/\\\/www.escalade.pro\\\/news\\\/#\\\/schema\\\/logo\\\/image\\\/\",\"url\":\"https:\\\/\\\/www.escalade.pro\\\/news\\\/wp-content\\\/uploads\\\/2026\\\/04\\\/logo-wp-AL-avril-2026-1.jpg\",\"contentUrl\":\"https:\\\/\\\/www.escalade.pro\\\/news\\\/wp-content\\\/uploads\\\/2026\\\/04\\\/logo-wp-AL-avril-2026-1.jpg\",\"width\":1955,\"height\":902,\"caption\":\"L&#039;Arqu\u00e9e Libre - Fred Vionnet entraineur\\\/moniteur escalade\"},\"image\":{\"@id\":\"https:\\\/\\\/www.escalade.pro\\\/news\\\/#\\\/schema\\\/logo\\\/image\\\/\"},\"sameAs\":[\"https:\\\/\\\/www.facebook.com\\\/grimpisme\\\/\",\"https:\\\/\\\/www.instagram.com\\\/grimpisme\\\/\",\"https:\\\/\\\/www.linkedin.com\\\/in\\\/fred-vionnet-6284b96a\\\/\",\"https:\\\/\\\/fr.pinterest.com\\\/grimpisme\\\/\",\"https:\\\/\\\/www.youtube.com\\\/@grimpisme\"]},{\"@type\":\"Person\",\"@id\":\"https:\\\/\\\/www.escalade.pro\\\/news\\\/#\\\/schema\\\/person\\\/e0e0520aa48cfda56ae5406c2fe2caeb\",\"name\":\"Fred Vionnet\",\"image\":{\"@type\":\"ImageObject\",\"inLanguage\":\"fr-FR\",\"@id\":\"https:\\\/\\\/secure.gravatar.com\\\/avatar\\\/a2f6c5fc695da895033dcd95afaa6aeda795d5122ab3a22a03e24aab7f3d96a6?s=96&d=blank&r=g\",\"url\":\"https:\\\/\\\/secure.gravatar.com\\\/avatar\\\/a2f6c5fc695da895033dcd95afaa6aeda795d5122ab3a22a03e24aab7f3d96a6?s=96&d=blank&r=g\",\"contentUrl\":\"https:\\\/\\\/secure.gravatar.com\\\/avatar\\\/a2f6c5fc695da895033dcd95afaa6aeda795d5122ab3a22a03e24aab7f3d96a6?s=96&d=blank&r=g\",\"caption\":\"Fred Vionnet\"},\"description\":\"Coach escalade en Haute Savoie. Pas contre une grande voie non plus. Mais on va \u00e0 C\u00e9\u00fcse, Fontainebleau, Buoux ou encore les Gorges du Verdon quand vous voulez.\",\"sameAs\":[\"http:\\\/\\\/www.grimpisme.com\",\"https:\\\/\\\/www.facebook.com\\\/fredCaillouXvionnet\",\"https:\\\/\\\/www.linkedin.com\\\/profile\\\/preview?vpa=pub&locale=fr_FR\",\"https:\\\/\\\/fr.pinterest.com\\\/grimpisme\\\/\",\"https:\\\/\\\/www.youtube.com\\\/user\\\/grimpisme\",\"https:\\\/\\\/soundcloud.com\\\/fredvionnet\"],\"url\":\"https:\\\/\\\/www.escalade.pro\\\/news\\\/author\\\/fred\\\/\"}]}<\/script>\n<!-- \/ Yoast SEO plugin. -->","yoast_head_json":{"title":"Finales en direct, World Cup Bloc Toronto &#8211; L&#039;Arqu\u00e9e Libre - Fred Vionnet entraineur\/moniteur escalade","robots":{"index":"index","follow":"follow","max-snippet":"max-snippet:-1","max-image-preview":"max-image-preview:large","max-video-preview":"max-video-preview:-1"},"canonical":"https:\/\/www.escalade.pro\/news\/finales-world-cup-bloc-toronto\/","og_locale":"fr_FR","og_type":"article","og_title":"Finales en direct, World Cup Bloc Toronto &#8211; L&#039;Arqu\u00e9e Libre - Fred Vionnet entraineur\/moniteur escalade","og_description":"A 23h00 se d\u00e9roule \u00e0 Totonto (Canada) la premi\u00e8re finale de la Coupe du Monde de bloc 2015. Chez les","og_url":"https:\/\/www.escalade.pro\/news\/finales-world-cup-bloc-toronto\/","og_site_name":"L&#039;Arqu\u00e9e Libre - Fred Vionnet entraineur\/moniteur escalade","article_publisher":"https:\/\/www.facebook.com\/grimpisme\/","article_author":"https:\/\/www.facebook.com\/fredCaillouXvionnet","article_published_time":"2015-05-31T19:58:08+00:00","article_modified_time":"2015-05-31T20:13:27+00:00","og_image":[{"url":"http:\/\/www.escalade.pro\/news\/wp-content\/uploads\/2015\/05\/femmes_toronto-300x226.jpg","type":"","width":"","height":""}],"author":"Fred Vionnet","twitter_card":"summary_large_image","twitter_misc":{"\u00c9crit par":"Fred Vionnet","Dur\u00e9e de lecture estim\u00e9e":"1 minute"},"schema":{"@context":"https:\/\/schema.org","@graph":[{"@type":"Article","@id":"https:\/\/www.escalade.pro\/news\/finales-world-cup-bloc-toronto\/#article","isPartOf":{"@id":"https:\/\/www.escalade.pro\/news\/finales-world-cup-bloc-toronto\/"},"author":{"name":"Fred Vionnet","@id":"https:\/\/www.escalade.pro\/news\/#\/schema\/person\/e0e0520aa48cfda56ae5406c2fe2caeb"},"headline":"Finales en direct, World Cup Bloc Toronto","datePublished":"2015-05-31T19:58:08+00:00","dateModified":"2015-05-31T20:13:27+00:00","mainEntityOfPage":{"@id":"https:\/\/www.escalade.pro\/news\/finales-world-cup-bloc-toronto\/"},"wordCount":120,"commentCount":0,"publisher":{"@id":"https:\/\/www.escalade.pro\/news\/#organization"},"image":{"@id":"https:\/\/www.escalade.pro\/news\/finales-world-cup-bloc-toronto\/#primaryimage"},"thumbnailUrl":"http:\/\/www.escalade.pro\/news\/wp-content\/uploads\/2015\/05\/femmes_toronto-300x226.jpg","articleSection":["Escalade","News et actu","Vid\u00e9os"],"inLanguage":"fr-FR","potentialAction":[{"@type":"CommentAction","name":"Comment","target":["https:\/\/www.escalade.pro\/news\/finales-world-cup-bloc-toronto\/#respond"]}]},{"@type":"WebPage","@id":"https:\/\/www.escalade.pro\/news\/finales-world-cup-bloc-toronto\/","url":"https:\/\/www.escalade.pro\/news\/finales-world-cup-bloc-toronto\/","name":"Finales en direct, World Cup Bloc Toronto &#8211; L&#039;Arqu\u00e9e Libre - Fred Vionnet entraineur\/moniteur escalade","isPartOf":{"@id":"https:\/\/www.escalade.pro\/news\/#website"},"primaryImageOfPage":{"@id":"https:\/\/www.escalade.pro\/news\/finales-world-cup-bloc-toronto\/#primaryimage"},"image":{"@id":"https:\/\/www.escalade.pro\/news\/finales-world-cup-bloc-toronto\/#primaryimage"},"thumbnailUrl":"http:\/\/www.escalade.pro\/news\/wp-content\/uploads\/2015\/05\/femmes_toronto-300x226.jpg","datePublished":"2015-05-31T19:58:08+00:00","dateModified":"2015-05-31T20:13:27+00:00","breadcrumb":{"@id":"https:\/\/www.escalade.pro\/news\/finales-world-cup-bloc-toronto\/#breadcrumb"},"inLanguage":"fr-FR","potentialAction":[{"@type":"ReadAction","target":["https:\/\/www.escalade.pro\/news\/finales-world-cup-bloc-toronto\/"]}]},{"@type":"ImageObject","inLanguage":"fr-FR","@id":"https:\/\/www.escalade.pro\/news\/finales-world-cup-bloc-toronto\/#primaryimage","url":"https:\/\/www.escalade.pro\/news\/wp-content\/uploads\/2015\/05\/femmes_toronto.jpg","contentUrl":"https:\/\/www.escalade.pro\/news\/wp-content\/uploads\/2015\/05\/femmes_toronto.jpg","width":301,"height":227},{"@type":"BreadcrumbList","@id":"https:\/\/www.escalade.pro\/news\/finales-world-cup-bloc-toronto\/#breadcrumb","itemListElement":[{"@type":"ListItem","position":1,"name":"Accueil","item":"https:\/\/www.escalade.pro\/news\/"},{"@type":"ListItem","position":2,"name":"Finales en direct, World Cup Bloc Toronto"}]},{"@type":"WebSite","@id":"https:\/\/www.escalade.pro\/news\/#website","url":"https:\/\/www.escalade.pro\/news\/","name":"L&#039;Arqu\u00e9e Libre - Fred Vionnet entraineur\/moniteur escalade","description":"Coaching et entrainement escalade. Buoux, C\u00e9\u00fcse et Fontainebleau.","publisher":{"@id":"https:\/\/www.escalade.pro\/news\/#organization"},"potentialAction":[{"@type":"SearchAction","target":{"@type":"EntryPoint","urlTemplate":"https:\/\/www.escalade.pro\/news\/?s={search_term_string}"},"query-input":{"@type":"PropertyValueSpecification","valueRequired":true,"valueName":"search_term_string"}}],"inLanguage":"fr-FR"},{"@type":"Organization","@id":"https:\/\/www.escalade.pro\/news\/#organization","name":"L&#039;Arqu\u00e9e Libre - Fred Vionnet entraineur\/moniteur escalade","url":"https:\/\/www.escalade.pro\/news\/","logo":{"@type":"ImageObject","inLanguage":"fr-FR","@id":"https:\/\/www.escalade.pro\/news\/#\/schema\/logo\/image\/","url":"https:\/\/www.escalade.pro\/news\/wp-content\/uploads\/2026\/04\/logo-wp-AL-avril-2026-1.jpg","contentUrl":"https:\/\/www.escalade.pro\/news\/wp-content\/uploads\/2026\/04\/logo-wp-AL-avril-2026-1.jpg","width":1955,"height":902,"caption":"L&#039;Arqu\u00e9e Libre - Fred Vionnet entraineur\/moniteur escalade"},"image":{"@id":"https:\/\/www.escalade.pro\/news\/#\/schema\/logo\/image\/"},"sameAs":["https:\/\/www.facebook.com\/grimpisme\/","https:\/\/www.instagram.com\/grimpisme\/","https:\/\/www.linkedin.com\/in\/fred-vionnet-6284b96a\/","https:\/\/fr.pinterest.com\/grimpisme\/","https:\/\/www.youtube.com\/@grimpisme"]},{"@type":"Person","@id":"https:\/\/www.escalade.pro\/news\/#\/schema\/person\/e0e0520aa48cfda56ae5406c2fe2caeb","name":"Fred Vionnet","image":{"@type":"ImageObject","inLanguage":"fr-FR","@id":"https:\/\/secure.gravatar.com\/avatar\/a2f6c5fc695da895033dcd95afaa6aeda795d5122ab3a22a03e24aab7f3d96a6?s=96&d=blank&r=g","url":"https:\/\/secure.gravatar.com\/avatar\/a2f6c5fc695da895033dcd95afaa6aeda795d5122ab3a22a03e24aab7f3d96a6?s=96&d=blank&r=g","contentUrl":"https:\/\/secure.gravatar.com\/avatar\/a2f6c5fc695da895033dcd95afaa6aeda795d5122ab3a22a03e24aab7f3d96a6?s=96&d=blank&r=g","caption":"Fred Vionnet"},"description":"Coach escalade en Haute Savoie. Pas contre une grande voie non plus. Mais on va \u00e0 C\u00e9\u00fcse, Fontainebleau, Buoux ou encore les Gorges du Verdon quand vous voulez.","sameAs":["http:\/\/www.grimpisme.com","https:\/\/www.facebook.com\/fredCaillouXvionnet","https:\/\/www.linkedin.com\/profile\/preview?vpa=pub&locale=fr_FR","https:\/\/fr.pinterest.com\/grimpisme\/","https:\/\/www.youtube.com\/user\/grimpisme","https:\/\/soundcloud.com\/fredvionnet"],"url":"https:\/\/www.escalade.pro\/news\/author\/fred\/"}]}},"jetpack_publicize_connections":[],"jetpack_featured_media_url":"","jetpack_sharing_enabled":true,"jetpack_shortlink":"https:\/\/wp.me\/p68Rw6-1of","jetpack-related-posts":[{"id":14978,"url":"https:\/\/www.escalade.pro\/news\/jan-hojer-champion-europe-bloc\/","url_meta":{"origin":5347,"position":0},"title":"F\u00e9licitations \u00e0 Jan Hojer, Champion d&rsquo;Europe de Bloc 2017","author":"Fred Vionnet","date":"25 ao\u00fbt 2017","format":false,"excerpt":"Donc ce que je voudrais mettre en avant, c\u2019est le retour au premier plan de Jan Hojer apr\u00e8s deux saisons difficiles (une victoire internationale seulement en 2015, aucuns autres podiums).","rel":"","context":"Dans &quot;Escalade&quot;","block_context":{"text":"Escalade","link":"https:\/\/www.escalade.pro\/news\/category\/escalade\/"},"img":{"alt_text":"hojer jan champion europe bloc","src":"https:\/\/i0.wp.com\/www.escalade.pro\/news\/wp-content\/uploads\/2017\/08\/hojer-jan.jpg?resize=350%2C200&ssl=1","width":350,"height":200,"srcset":"https:\/\/i0.wp.com\/www.escalade.pro\/news\/wp-content\/uploads\/2017\/08\/hojer-jan.jpg?resize=350%2C200&ssl=1 1x, https:\/\/i0.wp.com\/www.escalade.pro\/news\/wp-content\/uploads\/2017\/08\/hojer-jan.jpg?resize=525%2C300&ssl=1 1.5x, https:\/\/i0.wp.com\/www.escalade.pro\/news\/wp-content\/uploads\/2017\/08\/hojer-jan.jpg?resize=700%2C400&ssl=1 2x"},"classes":[]},{"id":5300,"url":"https:\/\/www.escalade.pro\/news\/championnats-europe-bloc-2015-video-comparative-hommes\/","url_meta":{"origin":5347,"position":1},"title":"Championnats Europe bloc 2015: vid\u00e9o comparative hommes","author":"Fred Vionnet","date":"26 mai 2015","format":false,"excerpt":"La finale des Championnats d'Europe de bloc 2015 avait \u00e9t\u00e9 un pur r\u00e9gal \u00e0 suivre en direct (\u00e0 revoir ici). Udini nous en offre la quintessence dans ce montage comparatif de la grimpe des participants masculins \u00e0 la finale, avec quelques blocs de la demi-finale. La version f\u00e9minine de ce\u2026","rel":"","context":"Dans &quot;Conseils entrainement escalade&quot;","block_context":{"text":"Conseils entrainement escalade","link":"https:\/\/www.escalade.pro\/news\/category\/entrainement-escalade\/"},"img":{"alt_text":"","src":"","width":0,"height":0},"classes":[]},{"id":5309,"url":"https:\/\/www.escalade.pro\/news\/fanny-gibert-championnat-europe-bloc\/","url_meta":{"origin":5347,"position":2},"title":"L\u2019Equipe 21: Fanny Gibert aux Championnats d&rsquo;Europe de Bloc","author":"Fred Vionnet","date":"26 mai 2015","format":false,"excerpt":"Notre championne de France de bloc Fanny Gibert (voir son interview apr\u00e8s son titre national) a \u00e9t\u00e9 suivie avec son entra\u00eeneur Nicolas Januel par l'Equipe 21 lors des Championnats d'Europe \u00e0 Innsbruck. Elle finira derni\u00e8re de la finale, loin des meilleures. Un reportage touchant par la personnalit\u00e9 attachante de Fanny\u2026","rel":"","context":"Dans &quot;Escalade&quot;","block_context":{"text":"Escalade","link":"https:\/\/www.escalade.pro\/news\/category\/escalade\/"},"img":{"alt_text":"","src":"","width":0,"height":0},"classes":[]},{"id":5212,"url":"https:\/\/www.escalade.pro\/news\/championnat-europe-bloc-2015-en-live\/","url_meta":{"origin":5347,"position":3},"title":"Finales du Championnat d&rsquo;Europe de bloc 2015 en live!","author":"Fred Vionnet","date":"16 mai 2015","format":false,"excerpt":"Les finales du championnats d'Europe de bloc 2015 \u00e0 Innsbruck avec Fanny Gibert pour repr\u00e9senter la France. La liste des 7 grimpeuses finalistes (dont 3 autrichiennes avec l'inoxydable Anna Stohr)! Juliane Wurm ALL (championne du monde en titre) Anna Stohr AUT Katharina Saurwein AUT Jessica Pilz AUT Monica Retschy ALL\u2026","rel":"","context":"Dans &quot;Escalade&quot;","block_context":{"text":"Escalade","link":"https:\/\/www.escalade.pro\/news\/category\/escalade\/"},"img":{"alt_text":"","src":"","width":0,"height":0},"classes":[]},{"id":5906,"url":"https:\/\/www.escalade.pro\/news\/victoire-gautier-supper-briancon\/","url_meta":{"origin":5347,"position":4},"title":"Victoire de Gautier Supper \u00e0 Brian\u00e7on (coupe du Monde de difficult\u00e9)","author":"Fred Vionnet","date":"19 juillet 2015","format":false,"excerpt":"Vous avez peut \u00eatre suivi, hier soir, le live de l'\u00e9preuve de coupe du Monde de difficult\u00e9 d'escalade, \u00e0 Brian\u00e7on (\u00e0 revoir ici), et vous n'avez pas du le regretter... Bravo \u00e0 la fran\u00e7aise Mathilde Becerra qui atteint sa premi\u00e8re finale et d\u00e9croche une tr\u00e8s belle 4\u00e8me place. Jain Kim\u2026","rel":"","context":"Dans &quot;Escalade&quot;","block_context":{"text":"Escalade","link":"https:\/\/www.escalade.pro\/news\/category\/escalade\/"},"img":{"alt_text":"gautier supper briancon","src":"https:\/\/i0.wp.com\/www.escalade.pro\/news\/wp-content\/uploads\/2015\/07\/gautier-supper-briancon-300x300.jpg?resize=350%2C200","width":350,"height":200},"classes":[]},{"id":11351,"url":"https:\/\/www.escalade.pro\/news\/coupe-monde-bloc-innsbruck-2016\/","url_meta":{"origin":5347,"position":5},"title":"Coupe du Monde de Bloc, Innsbruck 2016","author":"Fred Vionnet","date":"1 juin 2016","format":false,"excerpt":"Avec un peu de retard vu que nous \u00e9tions en montagne (voir cet article), voici un rapide compte-rendu de l'\u00e9preuve autrichienne de la Coupe du Monde de bloc 2016 \u00e0 Innsbruck. Pour les plus press\u00e9s vous pouvez visionner ci-dessous les highlights (moments forts) de la finale. Chez les filles, 7\u2026","rel":"","context":"Dans &quot;Escalade&quot;","block_context":{"text":"Escalade","link":"https:\/\/www.escalade.pro\/news\/category\/escalade\/"},"img":{"alt_text":"","src":"","width":0,"height":0},"classes":[]}],"_links":{"self":[{"href":"https:\/\/www.escalade.pro\/news\/wp-json\/wp\/v2\/posts\/5347","targetHints":{"allow":["GET"]}}],"collection":[{"href":"https:\/\/www.escalade.pro\/news\/wp-json\/wp\/v2\/posts"}],"about":[{"href":"https:\/\/www.escalade.pro\/news\/wp-json\/wp\/v2\/types\/post"}],"author":[{"embeddable":true,"href":"https:\/\/www.escalade.pro\/news\/wp-json\/wp\/v2\/users\/1"}],"replies":[{"embeddable":true,"href":"https:\/\/www.escalade.pro\/news\/wp-json\/wp\/v2\/comments?post=5347"}],"version-history":[{"count":9,"href":"https:\/\/www.escalade.pro\/news\/wp-json\/wp\/v2\/posts\/5347\/revisions"}],"predecessor-version":[{"id":5358,"href":"https:\/\/www.escalade.pro\/news\/wp-json\/wp\/v2\/posts\/5347\/revisions\/5358"}],"wp:attachment":[{"href":"https:\/\/www.escalade.pro\/news\/wp-json\/wp\/v2\/media?parent=5347"}],"wp:term":[{"taxonomy":"category","embeddable":true,"href":"https:\/\/www.escalade.pro\/news\/wp-json\/wp\/v2\/categories?post=5347"},{"taxonomy":"post_tag","embeddable":true,"href":"https:\/\/www.escalade.pro\/news\/wp-json\/wp\/v2\/tags?post=5347"}],"curies":[{"name":"wp","href":"https:\/\/api.w.org\/{rel}","templated":true}]}}