{"id":4113,"date":"2014-12-23T10:16:56","date_gmt":"2014-12-23T09:16:56","guid":{"rendered":"http:\/\/www.escalade.pro\/news\/?p=4113"},"modified":"2014-12-23T10:26:55","modified_gmt":"2014-12-23T09:26:55","slug":"petzl-roctrip-2014-bafa-lake-turquie","status":"publish","type":"post","link":"https:\/\/www.escalade.pro\/news\/petzl-roctrip-2014-bafa-lake-turquie\/","title":{"rendered":"<!--:en-->Petzl RocTrip 2014 Ep5 &#8211; Bafa Lake, Turkey<!--:--><!--:fr-->Petzl RocTrip 2014 Ep5 &#8211; Bafa Lake, Turquie<!--:-->"},"content":{"rendered":"<p><!--:en--><iframe loading=\"lazy\" width=\"560\" height=\"315\" src=\"\/\/www.youtube.com\/embed\/x5QI6anqjww\" frameborder=\"0\" allowfullscreen><\/iframe><\/p>\n<p>Bafa Lake, an ocean of problems&#8230; The fields of granite and gneiss boulders that have rolled down from Mount Atmos spread as far as the eye can see around the village of Kapikiri. Bafa Lake, once a gulf of the Aegean Sea until it was filled by sediment from the Meander River, sheltered the Port of Heraclea. From lakeside wilderness campground, climbers can go off in search of fantastic problems in a spectacular setting.<!--:--><!--:fr--><iframe loading=\"lazy\" width=\"560\" height=\"315\" src=\"\/\/www.youtube.com\/embed\/x5QI6anqjww\" frameborder=\"0\" allowfullscreen><\/iframe><\/p>\n<p>La vid\u00e9o du passage du Roc Trip 2014 sur les blocs du Bafa Lake, Turquie.<\/p>\n<p>N&rsquo;oubliez pas que les frais de port offerts d\u00e8s 100 euros du 1er au 31 d\u00e9cembre sur le<a href=\"http:\/\/www.escalade.pro\/vente-materiel\/\"> magasin en ligne<\/a>, et que vous pouvez b\u00e9n\u00e9ficier de -25% de remise avec le code promo -25NOEL2014.<!--:--><\/p>\n","protected":false},"excerpt":{"rendered":"<p>Bafa Lake, an ocean of problems&#8230; The fields of granite and gneiss boulders that have rolled down from Mount Atmos<\/p>\n","protected":false},"author":1,"featured_media":0,"comment_status":"open","ping_status":"open","sticky":false,"template":"","format":"standard","meta":{"colormag_page_container_layout":"default_layout","colormag_page_sidebar_layout":"default_layout","_monsterinsights_skip_tracking":false,"_monsterinsights_sitenote_active":false,"_monsterinsights_sitenote_note":"","_monsterinsights_sitenote_category":0,"ngg_post_thumbnail":0,"jetpack_post_was_ever_published":false,"_jetpack_newsletter_access":"","_jetpack_dont_email_post_to_subs":false,"_jetpack_newsletter_tier_id":0,"_jetpack_memberships_contains_paywalled_content":false,"_jetpack_memberships_contains_paid_content":false,"footnotes":"","jetpack_publicize_message":"","jetpack_publicize_feature_enabled":true,"jetpack_social_post_already_shared":false,"jetpack_social_options":{"image_generator_settings":{"template":"highway","default_image_id":0,"font":"","enabled":false},"version":2}},"categories":[4,7],"tags":[],"class_list":["post-4113","post","type-post","status-publish","format-standard","hentry","category-escalade","category-videos"],"yoast_head":"<!-- This site is optimized with the Yoast SEO plugin v27.5 - https:\/\/yoast.com\/product\/yoast-seo-wordpress\/ -->\n<title>Petzl RocTrip 2014 Ep5 - Bafa Lake, TurkeyPetzl RocTrip 2014 Ep5 - Bafa Lake, Turquie &#8211; L&#039;Arqu\u00e9e Libre - Fred Vionnet entraineur\/moniteur escalade<\/title>\n<meta name=\"robots\" content=\"index, follow, max-snippet:-1, max-image-preview:large, max-video-preview:-1\" \/>\n<link rel=\"canonical\" href=\"https:\/\/www.escalade.pro\/news\/petzl-roctrip-2014-bafa-lake-turquie\/\" \/>\n<meta property=\"og:locale\" content=\"fr_FR\" \/>\n<meta property=\"og:type\" content=\"article\" \/>\n<meta property=\"og:title\" content=\"Petzl RocTrip 2014 Ep5 - Bafa Lake, TurkeyPetzl RocTrip 2014 Ep5 - Bafa Lake, Turquie &#8211; L&#039;Arqu\u00e9e Libre - Fred Vionnet entraineur\/moniteur escalade\" \/>\n<meta property=\"og:description\" content=\"Bafa Lake, an ocean of problems&#8230; The fields of granite and gneiss boulders that have rolled down from Mount Atmos\" \/>\n<meta property=\"og:url\" content=\"https:\/\/www.escalade.pro\/news\/petzl-roctrip-2014-bafa-lake-turquie\/\" \/>\n<meta property=\"og:site_name\" content=\"L&#039;Arqu\u00e9e Libre - Fred Vionnet entraineur\/moniteur escalade\" \/>\n<meta property=\"article:publisher\" content=\"https:\/\/www.facebook.com\/grimpisme\/\" \/>\n<meta property=\"article:author\" content=\"https:\/\/www.facebook.com\/fredCaillouXvionnet\" \/>\n<meta property=\"article:published_time\" content=\"2014-12-23T09:16:56+00:00\" \/>\n<meta property=\"article:modified_time\" content=\"2014-12-23T09:26:55+00:00\" \/>\n<meta name=\"author\" content=\"Fred Vionnet\" \/>\n<meta name=\"twitter:card\" content=\"summary_large_image\" \/>\n<meta name=\"twitter:label1\" content=\"\u00c9crit par\" \/>\n\t<meta name=\"twitter:data1\" content=\"Fred Vionnet\" \/>\n\t<meta name=\"twitter:label2\" content=\"Dur\u00e9e de lecture estim\u00e9e\" \/>\n\t<meta name=\"twitter:data2\" content=\"1 minute\" \/>\n<script type=\"application\/ld+json\" class=\"yoast-schema-graph\">{\"@context\":\"https:\\\/\\\/schema.org\",\"@graph\":[{\"@type\":\"Article\",\"@id\":\"https:\\\/\\\/www.escalade.pro\\\/news\\\/petzl-roctrip-2014-bafa-lake-turquie\\\/#article\",\"isPartOf\":{\"@id\":\"https:\\\/\\\/www.escalade.pro\\\/news\\\/petzl-roctrip-2014-bafa-lake-turquie\\\/\"},\"author\":{\"name\":\"Fred Vionnet\",\"@id\":\"https:\\\/\\\/www.escalade.pro\\\/news\\\/#\\\/schema\\\/person\\\/e0e0520aa48cfda56ae5406c2fe2caeb\"},\"headline\":\"Petzl RocTrip 2014 Ep5 &#8211; Bafa Lake, TurkeyPetzl RocTrip 2014 Ep5 &#8211; Bafa Lake, Turquie\",\"datePublished\":\"2014-12-23T09:16:56+00:00\",\"dateModified\":\"2014-12-23T09:26:55+00:00\",\"mainEntityOfPage\":{\"@id\":\"https:\\\/\\\/www.escalade.pro\\\/news\\\/petzl-roctrip-2014-bafa-lake-turquie\\\/\"},\"wordCount\":141,\"commentCount\":0,\"publisher\":{\"@id\":\"https:\\\/\\\/www.escalade.pro\\\/news\\\/#organization\"},\"articleSection\":[\"Escalade\",\"Vid\u00e9os\"],\"inLanguage\":\"fr-FR\",\"potentialAction\":[{\"@type\":\"CommentAction\",\"name\":\"Comment\",\"target\":[\"https:\\\/\\\/www.escalade.pro\\\/news\\\/petzl-roctrip-2014-bafa-lake-turquie\\\/#respond\"]}]},{\"@type\":\"WebPage\",\"@id\":\"https:\\\/\\\/www.escalade.pro\\\/news\\\/petzl-roctrip-2014-bafa-lake-turquie\\\/\",\"url\":\"https:\\\/\\\/www.escalade.pro\\\/news\\\/petzl-roctrip-2014-bafa-lake-turquie\\\/\",\"name\":\"Petzl RocTrip 2014 Ep5 - Bafa Lake, TurkeyPetzl RocTrip 2014 Ep5 - Bafa Lake, Turquie &#8211; L&#039;Arqu\u00e9e Libre - Fred Vionnet entraineur\\\/moniteur escalade\",\"isPartOf\":{\"@id\":\"https:\\\/\\\/www.escalade.pro\\\/news\\\/#website\"},\"datePublished\":\"2014-12-23T09:16:56+00:00\",\"dateModified\":\"2014-12-23T09:26:55+00:00\",\"breadcrumb\":{\"@id\":\"https:\\\/\\\/www.escalade.pro\\\/news\\\/petzl-roctrip-2014-bafa-lake-turquie\\\/#breadcrumb\"},\"inLanguage\":\"fr-FR\",\"potentialAction\":[{\"@type\":\"ReadAction\",\"target\":[\"https:\\\/\\\/www.escalade.pro\\\/news\\\/petzl-roctrip-2014-bafa-lake-turquie\\\/\"]}]},{\"@type\":\"BreadcrumbList\",\"@id\":\"https:\\\/\\\/www.escalade.pro\\\/news\\\/petzl-roctrip-2014-bafa-lake-turquie\\\/#breadcrumb\",\"itemListElement\":[{\"@type\":\"ListItem\",\"position\":1,\"name\":\"Accueil\",\"item\":\"https:\\\/\\\/www.escalade.pro\\\/news\\\/\"},{\"@type\":\"ListItem\",\"position\":2,\"name\":\"Petzl RocTrip 2014 Ep5 &#8211; Bafa Lake, TurkeyPetzl RocTrip 2014 Ep5 &#8211; Bafa Lake, Turquie\"}]},{\"@type\":\"WebSite\",\"@id\":\"https:\\\/\\\/www.escalade.pro\\\/news\\\/#website\",\"url\":\"https:\\\/\\\/www.escalade.pro\\\/news\\\/\",\"name\":\"L&#039;Arqu\u00e9e Libre - Fred Vionnet entraineur\\\/moniteur escalade\",\"description\":\"Coaching et entrainement escalade. Buoux, C\u00e9\u00fcse et Fontainebleau.\",\"publisher\":{\"@id\":\"https:\\\/\\\/www.escalade.pro\\\/news\\\/#organization\"},\"potentialAction\":[{\"@type\":\"SearchAction\",\"target\":{\"@type\":\"EntryPoint\",\"urlTemplate\":\"https:\\\/\\\/www.escalade.pro\\\/news\\\/?s={search_term_string}\"},\"query-input\":{\"@type\":\"PropertyValueSpecification\",\"valueRequired\":true,\"valueName\":\"search_term_string\"}}],\"inLanguage\":\"fr-FR\"},{\"@type\":\"Organization\",\"@id\":\"https:\\\/\\\/www.escalade.pro\\\/news\\\/#organization\",\"name\":\"L&#039;Arqu\u00e9e Libre - Fred Vionnet entraineur\\\/moniteur escalade\",\"url\":\"https:\\\/\\\/www.escalade.pro\\\/news\\\/\",\"logo\":{\"@type\":\"ImageObject\",\"inLanguage\":\"fr-FR\",\"@id\":\"https:\\\/\\\/www.escalade.pro\\\/news\\\/#\\\/schema\\\/logo\\\/image\\\/\",\"url\":\"https:\\\/\\\/www.escalade.pro\\\/news\\\/wp-content\\\/uploads\\\/2026\\\/04\\\/logo-wp-AL-avril-2026-1.jpg\",\"contentUrl\":\"https:\\\/\\\/www.escalade.pro\\\/news\\\/wp-content\\\/uploads\\\/2026\\\/04\\\/logo-wp-AL-avril-2026-1.jpg\",\"width\":1955,\"height\":902,\"caption\":\"L&#039;Arqu\u00e9e Libre - Fred Vionnet entraineur\\\/moniteur escalade\"},\"image\":{\"@id\":\"https:\\\/\\\/www.escalade.pro\\\/news\\\/#\\\/schema\\\/logo\\\/image\\\/\"},\"sameAs\":[\"https:\\\/\\\/www.facebook.com\\\/grimpisme\\\/\",\"https:\\\/\\\/www.instagram.com\\\/grimpisme\\\/\",\"https:\\\/\\\/www.linkedin.com\\\/in\\\/fred-vionnet-6284b96a\\\/\",\"https:\\\/\\\/fr.pinterest.com\\\/grimpisme\\\/\",\"https:\\\/\\\/www.youtube.com\\\/@grimpisme\"]},{\"@type\":\"Person\",\"@id\":\"https:\\\/\\\/www.escalade.pro\\\/news\\\/#\\\/schema\\\/person\\\/e0e0520aa48cfda56ae5406c2fe2caeb\",\"name\":\"Fred Vionnet\",\"image\":{\"@type\":\"ImageObject\",\"inLanguage\":\"fr-FR\",\"@id\":\"https:\\\/\\\/secure.gravatar.com\\\/avatar\\\/a2f6c5fc695da895033dcd95afaa6aeda795d5122ab3a22a03e24aab7f3d96a6?s=96&d=blank&r=g\",\"url\":\"https:\\\/\\\/secure.gravatar.com\\\/avatar\\\/a2f6c5fc695da895033dcd95afaa6aeda795d5122ab3a22a03e24aab7f3d96a6?s=96&d=blank&r=g\",\"contentUrl\":\"https:\\\/\\\/secure.gravatar.com\\\/avatar\\\/a2f6c5fc695da895033dcd95afaa6aeda795d5122ab3a22a03e24aab7f3d96a6?s=96&d=blank&r=g\",\"caption\":\"Fred Vionnet\"},\"description\":\"Coach escalade en Haute Savoie. Pas contre une grande voie non plus. Mais on va \u00e0 C\u00e9\u00fcse, Fontainebleau, Buoux ou encore les Gorges du Verdon quand vous voulez.\",\"sameAs\":[\"http:\\\/\\\/www.grimpisme.com\",\"https:\\\/\\\/www.facebook.com\\\/fredCaillouXvionnet\",\"https:\\\/\\\/www.linkedin.com\\\/profile\\\/preview?vpa=pub&locale=fr_FR\",\"https:\\\/\\\/fr.pinterest.com\\\/grimpisme\\\/\",\"https:\\\/\\\/www.youtube.com\\\/user\\\/grimpisme\",\"https:\\\/\\\/soundcloud.com\\\/fredvionnet\"],\"url\":\"https:\\\/\\\/www.escalade.pro\\\/news\\\/author\\\/fred\\\/\"}]}<\/script>\n<!-- \/ Yoast SEO plugin. -->","yoast_head_json":{"title":"Petzl RocTrip 2014 Ep5 - Bafa Lake, TurkeyPetzl RocTrip 2014 Ep5 - Bafa Lake, Turquie &#8211; L&#039;Arqu\u00e9e Libre - Fred Vionnet entraineur\/moniteur escalade","robots":{"index":"index","follow":"follow","max-snippet":"max-snippet:-1","max-image-preview":"max-image-preview:large","max-video-preview":"max-video-preview:-1"},"canonical":"https:\/\/www.escalade.pro\/news\/petzl-roctrip-2014-bafa-lake-turquie\/","og_locale":"fr_FR","og_type":"article","og_title":"Petzl RocTrip 2014 Ep5 - Bafa Lake, TurkeyPetzl RocTrip 2014 Ep5 - Bafa Lake, Turquie &#8211; L&#039;Arqu\u00e9e Libre - Fred Vionnet entraineur\/moniteur escalade","og_description":"Bafa Lake, an ocean of problems&#8230; The fields of granite and gneiss boulders that have rolled down from Mount Atmos","og_url":"https:\/\/www.escalade.pro\/news\/petzl-roctrip-2014-bafa-lake-turquie\/","og_site_name":"L&#039;Arqu\u00e9e Libre - Fred Vionnet entraineur\/moniteur escalade","article_publisher":"https:\/\/www.facebook.com\/grimpisme\/","article_author":"https:\/\/www.facebook.com\/fredCaillouXvionnet","article_published_time":"2014-12-23T09:16:56+00:00","article_modified_time":"2014-12-23T09:26:55+00:00","author":"Fred Vionnet","twitter_card":"summary_large_image","twitter_misc":{"\u00c9crit par":"Fred Vionnet","Dur\u00e9e de lecture estim\u00e9e":"1 minute"},"schema":{"@context":"https:\/\/schema.org","@graph":[{"@type":"Article","@id":"https:\/\/www.escalade.pro\/news\/petzl-roctrip-2014-bafa-lake-turquie\/#article","isPartOf":{"@id":"https:\/\/www.escalade.pro\/news\/petzl-roctrip-2014-bafa-lake-turquie\/"},"author":{"name":"Fred Vionnet","@id":"https:\/\/www.escalade.pro\/news\/#\/schema\/person\/e0e0520aa48cfda56ae5406c2fe2caeb"},"headline":"Petzl RocTrip 2014 Ep5 &#8211; Bafa Lake, TurkeyPetzl RocTrip 2014 Ep5 &#8211; Bafa Lake, Turquie","datePublished":"2014-12-23T09:16:56+00:00","dateModified":"2014-12-23T09:26:55+00:00","mainEntityOfPage":{"@id":"https:\/\/www.escalade.pro\/news\/petzl-roctrip-2014-bafa-lake-turquie\/"},"wordCount":141,"commentCount":0,"publisher":{"@id":"https:\/\/www.escalade.pro\/news\/#organization"},"articleSection":["Escalade","Vid\u00e9os"],"inLanguage":"fr-FR","potentialAction":[{"@type":"CommentAction","name":"Comment","target":["https:\/\/www.escalade.pro\/news\/petzl-roctrip-2014-bafa-lake-turquie\/#respond"]}]},{"@type":"WebPage","@id":"https:\/\/www.escalade.pro\/news\/petzl-roctrip-2014-bafa-lake-turquie\/","url":"https:\/\/www.escalade.pro\/news\/petzl-roctrip-2014-bafa-lake-turquie\/","name":"Petzl RocTrip 2014 Ep5 - Bafa Lake, TurkeyPetzl RocTrip 2014 Ep5 - Bafa Lake, Turquie &#8211; L&#039;Arqu\u00e9e Libre - Fred Vionnet entraineur\/moniteur escalade","isPartOf":{"@id":"https:\/\/www.escalade.pro\/news\/#website"},"datePublished":"2014-12-23T09:16:56+00:00","dateModified":"2014-12-23T09:26:55+00:00","breadcrumb":{"@id":"https:\/\/www.escalade.pro\/news\/petzl-roctrip-2014-bafa-lake-turquie\/#breadcrumb"},"inLanguage":"fr-FR","potentialAction":[{"@type":"ReadAction","target":["https:\/\/www.escalade.pro\/news\/petzl-roctrip-2014-bafa-lake-turquie\/"]}]},{"@type":"BreadcrumbList","@id":"https:\/\/www.escalade.pro\/news\/petzl-roctrip-2014-bafa-lake-turquie\/#breadcrumb","itemListElement":[{"@type":"ListItem","position":1,"name":"Accueil","item":"https:\/\/www.escalade.pro\/news\/"},{"@type":"ListItem","position":2,"name":"Petzl RocTrip 2014 Ep5 &#8211; Bafa Lake, TurkeyPetzl RocTrip 2014 Ep5 &#8211; Bafa Lake, Turquie"}]},{"@type":"WebSite","@id":"https:\/\/www.escalade.pro\/news\/#website","url":"https:\/\/www.escalade.pro\/news\/","name":"L&#039;Arqu\u00e9e Libre - Fred Vionnet entraineur\/moniteur escalade","description":"Coaching et entrainement escalade. Buoux, C\u00e9\u00fcse et Fontainebleau.","publisher":{"@id":"https:\/\/www.escalade.pro\/news\/#organization"},"potentialAction":[{"@type":"SearchAction","target":{"@type":"EntryPoint","urlTemplate":"https:\/\/www.escalade.pro\/news\/?s={search_term_string}"},"query-input":{"@type":"PropertyValueSpecification","valueRequired":true,"valueName":"search_term_string"}}],"inLanguage":"fr-FR"},{"@type":"Organization","@id":"https:\/\/www.escalade.pro\/news\/#organization","name":"L&#039;Arqu\u00e9e Libre - Fred Vionnet entraineur\/moniteur escalade","url":"https:\/\/www.escalade.pro\/news\/","logo":{"@type":"ImageObject","inLanguage":"fr-FR","@id":"https:\/\/www.escalade.pro\/news\/#\/schema\/logo\/image\/","url":"https:\/\/www.escalade.pro\/news\/wp-content\/uploads\/2026\/04\/logo-wp-AL-avril-2026-1.jpg","contentUrl":"https:\/\/www.escalade.pro\/news\/wp-content\/uploads\/2026\/04\/logo-wp-AL-avril-2026-1.jpg","width":1955,"height":902,"caption":"L&#039;Arqu\u00e9e Libre - Fred Vionnet entraineur\/moniteur escalade"},"image":{"@id":"https:\/\/www.escalade.pro\/news\/#\/schema\/logo\/image\/"},"sameAs":["https:\/\/www.facebook.com\/grimpisme\/","https:\/\/www.instagram.com\/grimpisme\/","https:\/\/www.linkedin.com\/in\/fred-vionnet-6284b96a\/","https:\/\/fr.pinterest.com\/grimpisme\/","https:\/\/www.youtube.com\/@grimpisme"]},{"@type":"Person","@id":"https:\/\/www.escalade.pro\/news\/#\/schema\/person\/e0e0520aa48cfda56ae5406c2fe2caeb","name":"Fred Vionnet","image":{"@type":"ImageObject","inLanguage":"fr-FR","@id":"https:\/\/secure.gravatar.com\/avatar\/a2f6c5fc695da895033dcd95afaa6aeda795d5122ab3a22a03e24aab7f3d96a6?s=96&d=blank&r=g","url":"https:\/\/secure.gravatar.com\/avatar\/a2f6c5fc695da895033dcd95afaa6aeda795d5122ab3a22a03e24aab7f3d96a6?s=96&d=blank&r=g","contentUrl":"https:\/\/secure.gravatar.com\/avatar\/a2f6c5fc695da895033dcd95afaa6aeda795d5122ab3a22a03e24aab7f3d96a6?s=96&d=blank&r=g","caption":"Fred Vionnet"},"description":"Coach escalade en Haute Savoie. Pas contre une grande voie non plus. Mais on va \u00e0 C\u00e9\u00fcse, Fontainebleau, Buoux ou encore les Gorges du Verdon quand vous voulez.","sameAs":["http:\/\/www.grimpisme.com","https:\/\/www.facebook.com\/fredCaillouXvionnet","https:\/\/www.linkedin.com\/profile\/preview?vpa=pub&locale=fr_FR","https:\/\/fr.pinterest.com\/grimpisme\/","https:\/\/www.youtube.com\/user\/grimpisme","https:\/\/soundcloud.com\/fredvionnet"],"url":"https:\/\/www.escalade.pro\/news\/author\/fred\/"}]}},"jetpack_publicize_connections":[],"jetpack_featured_media_url":"","jetpack_sharing_enabled":true,"jetpack_shortlink":"https:\/\/wp.me\/p68Rw6-14l","jetpack-related-posts":[{"id":6500,"url":"https:\/\/www.escalade.pro\/news\/bloc-bafa-golu-turquie\/","url_meta":{"origin":4113,"position":0},"title":"Bloc \u00e0 Bafa G\u00f6l\u00fc, Turquie","author":"Fred Vionnet","date":"13 octobre 2015","format":false,"excerpt":"A Dat\u00e7a, chez Olivier (voir la news sur la grimpe \u00e0 Dat\u00e7a), tra\u00eenait dans la biblioth\u00e8que le topo des blocs de Bafa G\u00f6l\u00fc de Zorbey Aktuyun (www.zorbeyaktuyun.com). Un stop sur ce spot \u00e9tait pour nous l'occasion de couper la route de retour vers l'a\u00e9roport d'Izmir avec un rendez-vous \u00e0 7h\u2026","rel":"","context":"Dans &quot;Escalade&quot;","block_context":{"text":"Escalade","link":"https:\/\/www.escalade.pro\/news\/category\/escalade\/"},"img":{"alt_text":"bloc escalade bafa golu turquie","src":"https:\/\/i0.wp.com\/www.escalade.pro\/news\/wp-content\/uploads\/2015\/10\/P1070392-300x225.jpg?resize=350%2C200","width":350,"height":200},"classes":[]},{"id":6382,"url":"https:\/\/www.escalade.pro\/news\/datca-turquie\/","url_meta":{"origin":4113,"position":1},"title":"Grimpe \u00e0 Dat\u00e7a","author":"Fred Vionnet","date":"9 octobre 2015","format":false,"excerpt":"Enfin je grimpe, je ne serre pas trop ces maudites colos, je coince un genou, je secoue les mains, je repars et \u00e7a avance sans forcer comme si je cherchais \u00e0 les d\u00e9coller du mur. Il fait beaucoup moins chaud, j'ai pas mal au dos, j'ai plus la cr\u00e8ve, je\u2026","rel":"","context":"Dans &quot;Escalade&quot;","block_context":{"text":"Escalade","link":"https:\/\/www.escalade.pro\/news\/category\/escalade\/"},"img":{"alt_text":"escalade dat\u00e7a turquie","src":"https:\/\/i0.wp.com\/www.escalade.pro\/news\/wp-content\/uploads\/2015\/10\/P1070260-225x300.jpg?resize=350%2C200","width":350,"height":200},"classes":[]},{"id":2091,"url":"https:\/\/www.escalade.pro\/news\/petzl-roc-trip-2014-inscriptions-ouvertes\/","url_meta":{"origin":4113,"position":2},"title":"Online Registration for 2014 Petzl RocTripPetzl Roc Trip 2014, les inscriptions en ligne sont ouvertes","author":"Fred Vionnet","date":"4 juin 2014","format":false,"excerpt":"5 countries, 10 base camps, 45 days in eastern Europe... Online Registration for 2014 Petzl RocTrip is now open, follow this link. Le Petzl Roc Trip 2014 va s\u00fbrement rester dans les annales, se d\u00e9roulant du 11 septembre au 20 octobre prochain, dans 10 lieux et 5 pays diff\u00e9rents (Europe\u2026","rel":"","context":"Dans &quot;Escalade&quot;","block_context":{"text":"Escalade","link":"https:\/\/www.escalade.pro\/news\/category\/escalade\/"},"img":{"alt_text":"petzl roc trip 2014","src":"https:\/\/i0.wp.com\/www.escalade.pro\/news\/wp-content\/uploads\/2014\/06\/10428407_10152503588359892_3952097957506851332_o-300x200.jpg?resize=350%2C200","width":350,"height":200},"classes":[]},{"id":3836,"url":"https:\/\/www.escalade.pro\/news\/video-petzl-roc-trip-2014-meteores\/","url_meta":{"origin":4113,"position":3},"title":"VIDEO: Petzl RocTrip 2014 &#8211; Ep4 &#8211; Meteora, GreeceVIDEO: Petzl Roc Trip 2014 \u00e9pisode 4, les M\u00e9t\u00e9ores","author":"Fred Vionnet","date":"17 novembre 2014","format":false,"excerpt":"What a fascinating stopover in Meteora... While traveling through Greece, the 2014 Petzl RocTrip altered the spacetime continuum. From October 1 to 6, surrounded by six-hundred year old hermit dwellings, RocTrippers enjoyed out-of-this-world climbing. Avant la Turquie, le Petzl Roc Trip s'est arr\u00eat\u00e9 pour son 6\u00e8me camp de base sur\u2026","rel":"","context":"Dans &quot;Escalade&quot;","block_context":{"text":"Escalade","link":"https:\/\/www.escalade.pro\/news\/category\/escalade\/"},"img":{"alt_text":"","src":"","width":0,"height":0},"classes":[]},{"id":3702,"url":"https:\/\/www.escalade.pro\/news\/video-petzl-roctrip-2014-macedoine\/","url_meta":{"origin":4113,"position":4},"title":"Video: Petzl RocTrip 2014 &#8211; Ep3 &#8211; MacedoniaVid\u00e9o: Petzl RocTrip 2014, \u00e9pisode 3, Mac\u00e9doine","author":"Fred Vionnet","date":"20 octobre 2014","format":false,"excerpt":"The 2014 Petzl RocTrip caravan stopped over in Prilep, Macedonia. Between dark clouds and sunny skies, RocTrippers were granted a rare and privileged experience, being some of the first to sample one of the most beautiful bouldering areas in all of Europe. Le Petzl Roc Trip et son passage sur\u2026","rel":"","context":"Dans &quot;Escalade&quot;","block_context":{"text":"Escalade","link":"https:\/\/www.escalade.pro\/news\/category\/escalade\/"},"img":{"alt_text":"","src":"","width":0,"height":0},"classes":[]},{"id":3532,"url":"https:\/\/www.escalade.pro\/news\/video-petzl-roctrip-bulgarie\/","url_meta":{"origin":4113,"position":5},"title":"Video: Petzl RocTrip 2014 &#8211; Ep2 BulgariaVid\u00e9o: Petzl RocTrip 2014, \u00e9pisode 2 en Bulgarie","author":"Fred Vionnet","date":"4 octobre 2014","format":false,"excerpt":"The second country on the 2014 Petzl RocTrip, Bulgaria reveals a land of contrasts. Whether it was the climbing or the weather, the base camp in Vratsa delivered it all. RocTrippers who came looking for adventure received even more than they bargained for. As the second base camp in Bulgaria,\u2026","rel":"","context":"Dans &quot;Escalade&quot;","block_context":{"text":"Escalade","link":"https:\/\/www.escalade.pro\/news\/category\/escalade\/"},"img":{"alt_text":"","src":"","width":0,"height":0},"classes":[]}],"_links":{"self":[{"href":"https:\/\/www.escalade.pro\/news\/wp-json\/wp\/v2\/posts\/4113","targetHints":{"allow":["GET"]}}],"collection":[{"href":"https:\/\/www.escalade.pro\/news\/wp-json\/wp\/v2\/posts"}],"about":[{"href":"https:\/\/www.escalade.pro\/news\/wp-json\/wp\/v2\/types\/post"}],"author":[{"embeddable":true,"href":"https:\/\/www.escalade.pro\/news\/wp-json\/wp\/v2\/users\/1"}],"replies":[{"embeddable":true,"href":"https:\/\/www.escalade.pro\/news\/wp-json\/wp\/v2\/comments?post=4113"}],"version-history":[{"count":5,"href":"https:\/\/www.escalade.pro\/news\/wp-json\/wp\/v2\/posts\/4113\/revisions"}],"predecessor-version":[{"id":4118,"href":"https:\/\/www.escalade.pro\/news\/wp-json\/wp\/v2\/posts\/4113\/revisions\/4118"}],"wp:attachment":[{"href":"https:\/\/www.escalade.pro\/news\/wp-json\/wp\/v2\/media?parent=4113"}],"wp:term":[{"taxonomy":"category","embeddable":true,"href":"https:\/\/www.escalade.pro\/news\/wp-json\/wp\/v2\/categories?post=4113"},{"taxonomy":"post_tag","embeddable":true,"href":"https:\/\/www.escalade.pro\/news\/wp-json\/wp\/v2\/tags?post=4113"}],"curies":[{"name":"wp","href":"https:\/\/api.w.org\/{rel}","templated":true}]}}