{"id":3343,"date":"2014-09-15T11:09:54","date_gmt":"2014-09-15T10:09:54","guid":{"rendered":"http:\/\/www.escalade.pro\/news\/?p=3343"},"modified":"2014-09-15T11:18:36","modified_gmt":"2014-09-15T10:18:36","slug":"video-eau-rance-arabie-pilier-rouge-aiguille-blaitiere-chamonix-mont-blanc","status":"publish","type":"post","link":"https:\/\/www.escalade.pro\/news\/video-eau-rance-arabie-pilier-rouge-aiguille-blaitiere-chamonix-mont-blanc\/","title":{"rendered":"<!--:en-->Video: L&rsquo;eau Rance d&rsquo;Arabie, Pilier Rouge Aiguille de Blaiti\u00e8re, Chamonix Mont-Blanc<!--:--><!--:fr-->Vid\u00e9o: L&rsquo;eau Rance d&rsquo;Arabie, Pilier Rouge Aiguille de Blaiti\u00e8re, Chamonix Mont-Blanc<!--:-->"},"content":{"rendered":"<p><!--:en--><iframe loading=\"lazy\" width=\"560\" height=\"315\" src=\"\/\/www.youtube.com\/embed\/-RcDp1-Sk6Y\" frameborder=\"0\" allowfullscreen><\/iframe><!--:--><!--:fr--><iframe loading=\"lazy\" width=\"560\" height=\"315\" src=\"\/\/www.youtube.com\/embed\/-RcDp1-Sk6Y\" frameborder=\"0\" allowfullscreen><\/iframe><\/p>\n<p>Une vid\u00e9o des copains de <a href=\"http:\/\/www.tvmountain.com\/\" target=\"_blank\">Tvmountain<\/a> dans <a href=\"http:\/\/www.camptocamp.org\/routes\/54430\/fr\/aiguille-de-blaitiere-pilier-rouge-l-eau-rance-d-arabie\" target=\"_blank\">\u00ab\u00a0L&rsquo;Eau Rance d&rsquo;Arabie\u00a0\u00bb au pilier rouge de Blaiti\u00e8re<\/a>. Ca donne grave envie de grimper&#8230;<br \/>\nJ&rsquo;avais tent\u00e9 cette voie jusqu&rsquo;\u00e0 L6 je crois mais on n&rsquo;\u00e9tait pas sorti \u00e0 cause de l&rsquo;orage mena\u00e7ant. A finir donc, mais la saison de granit chamoniard tire \u00e0 sa fin.<br \/>\nJe me souviens de L1 particuli\u00e8rement \u00e0 doigt, pas facile le matin quand il fait frisquet \u00e0 l&rsquo;ombre.<!--:--><\/p>\n","protected":false},"excerpt":{"rendered":"<p>Une vid\u00e9o des copains de Tvmountain dans \u00ab\u00a0L&rsquo;Eau Rance d&rsquo;Arabie\u00a0\u00bb au pilier rouge de Blaiti\u00e8re. Ca donne grave envie de<\/p>\n","protected":false},"author":1,"featured_media":0,"comment_status":"open","ping_status":"open","sticky":false,"template":"","format":"standard","meta":{"colormag_page_container_layout":"default_layout","colormag_page_sidebar_layout":"default_layout","_monsterinsights_skip_tracking":false,"_monsterinsights_sitenote_active":false,"_monsterinsights_sitenote_note":"","_monsterinsights_sitenote_category":0,"ngg_post_thumbnail":0,"jetpack_post_was_ever_published":false,"_jetpack_newsletter_access":"","_jetpack_dont_email_post_to_subs":false,"_jetpack_newsletter_tier_id":0,"_jetpack_memberships_contains_paywalled_content":false,"_jetpack_memberships_contains_paid_content":false,"footnotes":"","jetpack_publicize_message":"","jetpack_publicize_feature_enabled":true,"jetpack_social_post_already_shared":false,"jetpack_social_options":{"image_generator_settings":{"template":"highway","default_image_id":0,"font":"","enabled":false},"version":2}},"categories":[5,4,7],"tags":[],"class_list":["post-3343","post","type-post","status-publish","format-standard","hentry","category-alpinisme","category-escalade","category-videos"],"yoast_head":"<!-- This site is optimized with the Yoast SEO plugin v27.4 - https:\/\/yoast.com\/product\/yoast-seo-wordpress\/ -->\n<title>Video: L&#039;eau Rance d&#039;Arabie, Pilier Rouge Aiguille de Blaiti\u00e8re, Chamonix Mont-BlancVid\u00e9o: L&#039;eau Rance d&#039;Arabie, Pilier Rouge Aiguille de Blaiti\u00e8re, Chamonix Mont-Blanc &#8211; L&#039;Arqu\u00e9e Libre - Fred Vionnet entraineur\/moniteur escalade<\/title>\n<meta name=\"robots\" content=\"index, follow, max-snippet:-1, max-image-preview:large, max-video-preview:-1\" \/>\n<link rel=\"canonical\" href=\"https:\/\/www.escalade.pro\/news\/video-eau-rance-arabie-pilier-rouge-aiguille-blaitiere-chamonix-mont-blanc\/\" \/>\n<meta property=\"og:locale\" content=\"fr_FR\" \/>\n<meta property=\"og:type\" content=\"article\" \/>\n<meta property=\"og:title\" content=\"Video: L&#039;eau Rance d&#039;Arabie, Pilier Rouge Aiguille de Blaiti\u00e8re, Chamonix Mont-BlancVid\u00e9o: L&#039;eau Rance d&#039;Arabie, Pilier Rouge Aiguille de Blaiti\u00e8re, Chamonix Mont-Blanc &#8211; L&#039;Arqu\u00e9e Libre - Fred Vionnet entraineur\/moniteur escalade\" \/>\n<meta property=\"og:description\" content=\"Une vid\u00e9o des copains de Tvmountain dans \u00ab\u00a0L&rsquo;Eau Rance d&rsquo;Arabie\u00a0\u00bb au pilier rouge de Blaiti\u00e8re. Ca donne grave envie de\" \/>\n<meta property=\"og:url\" content=\"https:\/\/www.escalade.pro\/news\/video-eau-rance-arabie-pilier-rouge-aiguille-blaitiere-chamonix-mont-blanc\/\" \/>\n<meta property=\"og:site_name\" content=\"L&#039;Arqu\u00e9e Libre - Fred Vionnet entraineur\/moniteur escalade\" \/>\n<meta property=\"article:publisher\" content=\"https:\/\/www.facebook.com\/grimpisme\/\" \/>\n<meta property=\"article:author\" content=\"https:\/\/www.facebook.com\/fredCaillouXvionnet\" \/>\n<meta property=\"article:published_time\" content=\"2014-09-15T10:09:54+00:00\" \/>\n<meta property=\"article:modified_time\" content=\"2014-09-15T10:18:36+00:00\" \/>\n<meta name=\"author\" content=\"Fred Vionnet\" \/>\n<meta name=\"twitter:card\" content=\"summary_large_image\" \/>\n<meta name=\"twitter:label1\" content=\"\u00c9crit par\" \/>\n\t<meta name=\"twitter:data1\" content=\"Fred Vionnet\" \/>\n<script type=\"application\/ld+json\" class=\"yoast-schema-graph\">{\"@context\":\"https:\\\/\\\/schema.org\",\"@graph\":[{\"@type\":\"Article\",\"@id\":\"https:\\\/\\\/www.escalade.pro\\\/news\\\/video-eau-rance-arabie-pilier-rouge-aiguille-blaitiere-chamonix-mont-blanc\\\/#article\",\"isPartOf\":{\"@id\":\"https:\\\/\\\/www.escalade.pro\\\/news\\\/video-eau-rance-arabie-pilier-rouge-aiguille-blaitiere-chamonix-mont-blanc\\\/\"},\"author\":{\"name\":\"Fred Vionnet\",\"@id\":\"https:\\\/\\\/www.escalade.pro\\\/news\\\/#\\\/schema\\\/person\\\/e0e0520aa48cfda56ae5406c2fe2caeb\"},\"headline\":\"Video: L&rsquo;eau Rance d&rsquo;Arabie, Pilier Rouge Aiguille de Blaiti\u00e8re, Chamonix Mont-BlancVid\u00e9o: L&rsquo;eau Rance d&rsquo;Arabie, Pilier Rouge Aiguille de Blaiti\u00e8re, Chamonix Mont-Blanc\",\"datePublished\":\"2014-09-15T10:09:54+00:00\",\"dateModified\":\"2014-09-15T10:18:36+00:00\",\"mainEntityOfPage\":{\"@id\":\"https:\\\/\\\/www.escalade.pro\\\/news\\\/video-eau-rance-arabie-pilier-rouge-aiguille-blaitiere-chamonix-mont-blanc\\\/\"},\"wordCount\":96,\"commentCount\":0,\"publisher\":{\"@id\":\"https:\\\/\\\/www.escalade.pro\\\/news\\\/#organization\"},\"articleSection\":[\"Alpinisme\",\"Escalade\",\"Vid\u00e9os\"],\"inLanguage\":\"fr-FR\",\"potentialAction\":[{\"@type\":\"CommentAction\",\"name\":\"Comment\",\"target\":[\"https:\\\/\\\/www.escalade.pro\\\/news\\\/video-eau-rance-arabie-pilier-rouge-aiguille-blaitiere-chamonix-mont-blanc\\\/#respond\"]}]},{\"@type\":\"WebPage\",\"@id\":\"https:\\\/\\\/www.escalade.pro\\\/news\\\/video-eau-rance-arabie-pilier-rouge-aiguille-blaitiere-chamonix-mont-blanc\\\/\",\"url\":\"https:\\\/\\\/www.escalade.pro\\\/news\\\/video-eau-rance-arabie-pilier-rouge-aiguille-blaitiere-chamonix-mont-blanc\\\/\",\"name\":\"Video: L'eau Rance d'Arabie, Pilier Rouge Aiguille de Blaiti\u00e8re, Chamonix Mont-BlancVid\u00e9o: L'eau Rance d'Arabie, Pilier Rouge Aiguille de Blaiti\u00e8re, Chamonix Mont-Blanc &#8211; L&#039;Arqu\u00e9e Libre - Fred Vionnet entraineur\\\/moniteur escalade\",\"isPartOf\":{\"@id\":\"https:\\\/\\\/www.escalade.pro\\\/news\\\/#website\"},\"datePublished\":\"2014-09-15T10:09:54+00:00\",\"dateModified\":\"2014-09-15T10:18:36+00:00\",\"breadcrumb\":{\"@id\":\"https:\\\/\\\/www.escalade.pro\\\/news\\\/video-eau-rance-arabie-pilier-rouge-aiguille-blaitiere-chamonix-mont-blanc\\\/#breadcrumb\"},\"inLanguage\":\"fr-FR\",\"potentialAction\":[{\"@type\":\"ReadAction\",\"target\":[\"https:\\\/\\\/www.escalade.pro\\\/news\\\/video-eau-rance-arabie-pilier-rouge-aiguille-blaitiere-chamonix-mont-blanc\\\/\"]}]},{\"@type\":\"BreadcrumbList\",\"@id\":\"https:\\\/\\\/www.escalade.pro\\\/news\\\/video-eau-rance-arabie-pilier-rouge-aiguille-blaitiere-chamonix-mont-blanc\\\/#breadcrumb\",\"itemListElement\":[{\"@type\":\"ListItem\",\"position\":1,\"name\":\"Accueil\",\"item\":\"https:\\\/\\\/www.escalade.pro\\\/news\\\/\"},{\"@type\":\"ListItem\",\"position\":2,\"name\":\"Video: L&rsquo;eau Rance d&rsquo;Arabie, Pilier Rouge Aiguille de Blaiti\u00e8re, Chamonix Mont-BlancVid\u00e9o: L&rsquo;eau Rance d&rsquo;Arabie, Pilier Rouge Aiguille de Blaiti\u00e8re, Chamonix Mont-Blanc\"}]},{\"@type\":\"WebSite\",\"@id\":\"https:\\\/\\\/www.escalade.pro\\\/news\\\/#website\",\"url\":\"https:\\\/\\\/www.escalade.pro\\\/news\\\/\",\"name\":\"L&#039;Arqu\u00e9e Libre - Fred Vionnet entraineur\\\/moniteur escalade\",\"description\":\"Coaching et entrainement escalade. Buoux, C\u00e9\u00fcse et Fontainebleau.\",\"publisher\":{\"@id\":\"https:\\\/\\\/www.escalade.pro\\\/news\\\/#organization\"},\"potentialAction\":[{\"@type\":\"SearchAction\",\"target\":{\"@type\":\"EntryPoint\",\"urlTemplate\":\"https:\\\/\\\/www.escalade.pro\\\/news\\\/?s={search_term_string}\"},\"query-input\":{\"@type\":\"PropertyValueSpecification\",\"valueRequired\":true,\"valueName\":\"search_term_string\"}}],\"inLanguage\":\"fr-FR\"},{\"@type\":\"Organization\",\"@id\":\"https:\\\/\\\/www.escalade.pro\\\/news\\\/#organization\",\"name\":\"L&#039;Arqu\u00e9e Libre - Fred Vionnet entraineur\\\/moniteur escalade\",\"url\":\"https:\\\/\\\/www.escalade.pro\\\/news\\\/\",\"logo\":{\"@type\":\"ImageObject\",\"inLanguage\":\"fr-FR\",\"@id\":\"https:\\\/\\\/www.escalade.pro\\\/news\\\/#\\\/schema\\\/logo\\\/image\\\/\",\"url\":\"https:\\\/\\\/www.escalade.pro\\\/news\\\/wp-content\\\/uploads\\\/2026\\\/04\\\/logo-wp-AL-avril-2026-1.jpg\",\"contentUrl\":\"https:\\\/\\\/www.escalade.pro\\\/news\\\/wp-content\\\/uploads\\\/2026\\\/04\\\/logo-wp-AL-avril-2026-1.jpg\",\"width\":1955,\"height\":902,\"caption\":\"L&#039;Arqu\u00e9e Libre - Fred Vionnet entraineur\\\/moniteur escalade\"},\"image\":{\"@id\":\"https:\\\/\\\/www.escalade.pro\\\/news\\\/#\\\/schema\\\/logo\\\/image\\\/\"},\"sameAs\":[\"https:\\\/\\\/www.facebook.com\\\/grimpisme\\\/\",\"https:\\\/\\\/www.instagram.com\\\/grimpisme\\\/\",\"https:\\\/\\\/www.linkedin.com\\\/in\\\/fred-vionnet-6284b96a\\\/\",\"https:\\\/\\\/fr.pinterest.com\\\/grimpisme\\\/\",\"https:\\\/\\\/www.youtube.com\\\/@grimpisme\"]},{\"@type\":\"Person\",\"@id\":\"https:\\\/\\\/www.escalade.pro\\\/news\\\/#\\\/schema\\\/person\\\/e0e0520aa48cfda56ae5406c2fe2caeb\",\"name\":\"Fred Vionnet\",\"image\":{\"@type\":\"ImageObject\",\"inLanguage\":\"fr-FR\",\"@id\":\"https:\\\/\\\/secure.gravatar.com\\\/avatar\\\/a2f6c5fc695da895033dcd95afaa6aeda795d5122ab3a22a03e24aab7f3d96a6?s=96&d=blank&r=g\",\"url\":\"https:\\\/\\\/secure.gravatar.com\\\/avatar\\\/a2f6c5fc695da895033dcd95afaa6aeda795d5122ab3a22a03e24aab7f3d96a6?s=96&d=blank&r=g\",\"contentUrl\":\"https:\\\/\\\/secure.gravatar.com\\\/avatar\\\/a2f6c5fc695da895033dcd95afaa6aeda795d5122ab3a22a03e24aab7f3d96a6?s=96&d=blank&r=g\",\"caption\":\"Fred Vionnet\"},\"description\":\"Coach escalade en Haute Savoie. Pas contre une grande voie non plus. Mais on va \u00e0 C\u00e9\u00fcse, Fontainebleau, Buoux ou encore les Gorges du Verdon quand vous voulez.\",\"sameAs\":[\"http:\\\/\\\/www.grimpisme.com\",\"https:\\\/\\\/www.facebook.com\\\/fredCaillouXvionnet\",\"https:\\\/\\\/www.linkedin.com\\\/profile\\\/preview?vpa=pub&locale=fr_FR\",\"https:\\\/\\\/fr.pinterest.com\\\/grimpisme\\\/\",\"https:\\\/\\\/www.youtube.com\\\/user\\\/grimpisme\",\"https:\\\/\\\/soundcloud.com\\\/fredvionnet\"],\"url\":\"https:\\\/\\\/www.escalade.pro\\\/news\\\/author\\\/fred\\\/\"}]}<\/script>\n<!-- \/ Yoast SEO plugin. -->","yoast_head_json":{"title":"Video: L'eau Rance d'Arabie, Pilier Rouge Aiguille de Blaiti\u00e8re, Chamonix Mont-BlancVid\u00e9o: L'eau Rance d'Arabie, Pilier Rouge Aiguille de Blaiti\u00e8re, Chamonix Mont-Blanc &#8211; L&#039;Arqu\u00e9e Libre - Fred Vionnet entraineur\/moniteur escalade","robots":{"index":"index","follow":"follow","max-snippet":"max-snippet:-1","max-image-preview":"max-image-preview:large","max-video-preview":"max-video-preview:-1"},"canonical":"https:\/\/www.escalade.pro\/news\/video-eau-rance-arabie-pilier-rouge-aiguille-blaitiere-chamonix-mont-blanc\/","og_locale":"fr_FR","og_type":"article","og_title":"Video: L'eau Rance d'Arabie, Pilier Rouge Aiguille de Blaiti\u00e8re, Chamonix Mont-BlancVid\u00e9o: L'eau Rance d'Arabie, Pilier Rouge Aiguille de Blaiti\u00e8re, Chamonix Mont-Blanc &#8211; L&#039;Arqu\u00e9e Libre - Fred Vionnet entraineur\/moniteur escalade","og_description":"Une vid\u00e9o des copains de Tvmountain dans \u00ab\u00a0L&rsquo;Eau Rance d&rsquo;Arabie\u00a0\u00bb au pilier rouge de Blaiti\u00e8re. Ca donne grave envie de","og_url":"https:\/\/www.escalade.pro\/news\/video-eau-rance-arabie-pilier-rouge-aiguille-blaitiere-chamonix-mont-blanc\/","og_site_name":"L&#039;Arqu\u00e9e Libre - Fred Vionnet entraineur\/moniteur escalade","article_publisher":"https:\/\/www.facebook.com\/grimpisme\/","article_author":"https:\/\/www.facebook.com\/fredCaillouXvionnet","article_published_time":"2014-09-15T10:09:54+00:00","article_modified_time":"2014-09-15T10:18:36+00:00","author":"Fred Vionnet","twitter_card":"summary_large_image","twitter_misc":{"\u00c9crit par":"Fred Vionnet"},"schema":{"@context":"https:\/\/schema.org","@graph":[{"@type":"Article","@id":"https:\/\/www.escalade.pro\/news\/video-eau-rance-arabie-pilier-rouge-aiguille-blaitiere-chamonix-mont-blanc\/#article","isPartOf":{"@id":"https:\/\/www.escalade.pro\/news\/video-eau-rance-arabie-pilier-rouge-aiguille-blaitiere-chamonix-mont-blanc\/"},"author":{"name":"Fred Vionnet","@id":"https:\/\/www.escalade.pro\/news\/#\/schema\/person\/e0e0520aa48cfda56ae5406c2fe2caeb"},"headline":"Video: L&rsquo;eau Rance d&rsquo;Arabie, Pilier Rouge Aiguille de Blaiti\u00e8re, Chamonix Mont-BlancVid\u00e9o: L&rsquo;eau Rance d&rsquo;Arabie, Pilier Rouge Aiguille de Blaiti\u00e8re, Chamonix Mont-Blanc","datePublished":"2014-09-15T10:09:54+00:00","dateModified":"2014-09-15T10:18:36+00:00","mainEntityOfPage":{"@id":"https:\/\/www.escalade.pro\/news\/video-eau-rance-arabie-pilier-rouge-aiguille-blaitiere-chamonix-mont-blanc\/"},"wordCount":96,"commentCount":0,"publisher":{"@id":"https:\/\/www.escalade.pro\/news\/#organization"},"articleSection":["Alpinisme","Escalade","Vid\u00e9os"],"inLanguage":"fr-FR","potentialAction":[{"@type":"CommentAction","name":"Comment","target":["https:\/\/www.escalade.pro\/news\/video-eau-rance-arabie-pilier-rouge-aiguille-blaitiere-chamonix-mont-blanc\/#respond"]}]},{"@type":"WebPage","@id":"https:\/\/www.escalade.pro\/news\/video-eau-rance-arabie-pilier-rouge-aiguille-blaitiere-chamonix-mont-blanc\/","url":"https:\/\/www.escalade.pro\/news\/video-eau-rance-arabie-pilier-rouge-aiguille-blaitiere-chamonix-mont-blanc\/","name":"Video: L'eau Rance d'Arabie, Pilier Rouge Aiguille de Blaiti\u00e8re, Chamonix Mont-BlancVid\u00e9o: L'eau Rance d'Arabie, Pilier Rouge Aiguille de Blaiti\u00e8re, Chamonix Mont-Blanc &#8211; L&#039;Arqu\u00e9e Libre - Fred Vionnet entraineur\/moniteur escalade","isPartOf":{"@id":"https:\/\/www.escalade.pro\/news\/#website"},"datePublished":"2014-09-15T10:09:54+00:00","dateModified":"2014-09-15T10:18:36+00:00","breadcrumb":{"@id":"https:\/\/www.escalade.pro\/news\/video-eau-rance-arabie-pilier-rouge-aiguille-blaitiere-chamonix-mont-blanc\/#breadcrumb"},"inLanguage":"fr-FR","potentialAction":[{"@type":"ReadAction","target":["https:\/\/www.escalade.pro\/news\/video-eau-rance-arabie-pilier-rouge-aiguille-blaitiere-chamonix-mont-blanc\/"]}]},{"@type":"BreadcrumbList","@id":"https:\/\/www.escalade.pro\/news\/video-eau-rance-arabie-pilier-rouge-aiguille-blaitiere-chamonix-mont-blanc\/#breadcrumb","itemListElement":[{"@type":"ListItem","position":1,"name":"Accueil","item":"https:\/\/www.escalade.pro\/news\/"},{"@type":"ListItem","position":2,"name":"Video: L&rsquo;eau Rance d&rsquo;Arabie, Pilier Rouge Aiguille de Blaiti\u00e8re, Chamonix Mont-BlancVid\u00e9o: L&rsquo;eau Rance d&rsquo;Arabie, Pilier Rouge Aiguille de Blaiti\u00e8re, Chamonix Mont-Blanc"}]},{"@type":"WebSite","@id":"https:\/\/www.escalade.pro\/news\/#website","url":"https:\/\/www.escalade.pro\/news\/","name":"L&#039;Arqu\u00e9e Libre - Fred Vionnet entraineur\/moniteur escalade","description":"Coaching et entrainement escalade. Buoux, C\u00e9\u00fcse et Fontainebleau.","publisher":{"@id":"https:\/\/www.escalade.pro\/news\/#organization"},"potentialAction":[{"@type":"SearchAction","target":{"@type":"EntryPoint","urlTemplate":"https:\/\/www.escalade.pro\/news\/?s={search_term_string}"},"query-input":{"@type":"PropertyValueSpecification","valueRequired":true,"valueName":"search_term_string"}}],"inLanguage":"fr-FR"},{"@type":"Organization","@id":"https:\/\/www.escalade.pro\/news\/#organization","name":"L&#039;Arqu\u00e9e Libre - Fred Vionnet entraineur\/moniteur escalade","url":"https:\/\/www.escalade.pro\/news\/","logo":{"@type":"ImageObject","inLanguage":"fr-FR","@id":"https:\/\/www.escalade.pro\/news\/#\/schema\/logo\/image\/","url":"https:\/\/www.escalade.pro\/news\/wp-content\/uploads\/2026\/04\/logo-wp-AL-avril-2026-1.jpg","contentUrl":"https:\/\/www.escalade.pro\/news\/wp-content\/uploads\/2026\/04\/logo-wp-AL-avril-2026-1.jpg","width":1955,"height":902,"caption":"L&#039;Arqu\u00e9e Libre - Fred Vionnet entraineur\/moniteur escalade"},"image":{"@id":"https:\/\/www.escalade.pro\/news\/#\/schema\/logo\/image\/"},"sameAs":["https:\/\/www.facebook.com\/grimpisme\/","https:\/\/www.instagram.com\/grimpisme\/","https:\/\/www.linkedin.com\/in\/fred-vionnet-6284b96a\/","https:\/\/fr.pinterest.com\/grimpisme\/","https:\/\/www.youtube.com\/@grimpisme"]},{"@type":"Person","@id":"https:\/\/www.escalade.pro\/news\/#\/schema\/person\/e0e0520aa48cfda56ae5406c2fe2caeb","name":"Fred Vionnet","image":{"@type":"ImageObject","inLanguage":"fr-FR","@id":"https:\/\/secure.gravatar.com\/avatar\/a2f6c5fc695da895033dcd95afaa6aeda795d5122ab3a22a03e24aab7f3d96a6?s=96&d=blank&r=g","url":"https:\/\/secure.gravatar.com\/avatar\/a2f6c5fc695da895033dcd95afaa6aeda795d5122ab3a22a03e24aab7f3d96a6?s=96&d=blank&r=g","contentUrl":"https:\/\/secure.gravatar.com\/avatar\/a2f6c5fc695da895033dcd95afaa6aeda795d5122ab3a22a03e24aab7f3d96a6?s=96&d=blank&r=g","caption":"Fred Vionnet"},"description":"Coach escalade en Haute Savoie. Pas contre une grande voie non plus. Mais on va \u00e0 C\u00e9\u00fcse, Fontainebleau, Buoux ou encore les Gorges du Verdon quand vous voulez.","sameAs":["http:\/\/www.grimpisme.com","https:\/\/www.facebook.com\/fredCaillouXvionnet","https:\/\/www.linkedin.com\/profile\/preview?vpa=pub&locale=fr_FR","https:\/\/fr.pinterest.com\/grimpisme\/","https:\/\/www.youtube.com\/user\/grimpisme","https:\/\/soundcloud.com\/fredvionnet"],"url":"https:\/\/www.escalade.pro\/news\/author\/fred\/"}]}},"jetpack_publicize_connections":[],"jetpack_featured_media_url":"","jetpack_sharing_enabled":true,"jetpack_shortlink":"https:\/\/wp.me\/p68Rw6-RV","jetpack-related-posts":[{"id":12685,"url":"https:\/\/www.escalade.pro\/news\/voie-kohlmann-face-sud-aiguille-du-midi\/","url_meta":{"origin":3343,"position":0},"title":"Voie Kohlmann, face sud Aiguille du Midi","author":"Fred Vionnet","date":"2 septembre 2016","format":false,"excerpt":"La voie Kohlmann (voir Pierre Kohlmann, lecteurs de Bonatti ce nom ne doit pas vous \u00eatre inconnu) en face sud de l'Aiguille du Midi est injustement m\u00e9connue \u00e0 mon avis. C'est pourtant une tr\u00e8s belle voie un peu \u00e0 l'\u00e9cart sur la droite de la face. On est d\u00e9cal\u00e9 de\u2026","rel":"","context":"Dans &quot;Alpinisme&quot;","block_context":{"text":"Alpinisme","link":"https:\/\/www.escalade.pro\/news\/category\/alpinisme\/"},"img":{"alt_text":"","src":"https:\/\/i0.wp.com\/www.escalade.pro\/news\/wp-content\/uploads\/2016\/09\/P1090304.jpg?resize=350%2C200&ssl=1","width":350,"height":200,"srcset":"https:\/\/i0.wp.com\/www.escalade.pro\/news\/wp-content\/uploads\/2016\/09\/P1090304.jpg?resize=350%2C200&ssl=1 1x, https:\/\/i0.wp.com\/www.escalade.pro\/news\/wp-content\/uploads\/2016\/09\/P1090304.jpg?resize=525%2C300&ssl=1 1.5x, https:\/\/i0.wp.com\/www.escalade.pro\/news\/wp-content\/uploads\/2016\/09\/P1090304.jpg?resize=700%2C400&ssl=1 2x, https:\/\/i0.wp.com\/www.escalade.pro\/news\/wp-content\/uploads\/2016\/09\/P1090304.jpg?resize=1050%2C600&ssl=1 3x"},"classes":[]},{"id":14887,"url":"https:\/\/www.escalade.pro\/news\/aiguille-perseverance-arete-sud\/","url_meta":{"origin":3343,"position":1},"title":"Aiguilles de la Pers\u00e9v\u00e9rance et des Chamois, Aiguilles rouges","author":"Fred Vionnet","date":"6 ao\u00fbt 2017","format":false,"excerpt":"J\u2019avais en t\u00eate cette ar\u00eate (sud int\u00e9grale) de l\u2019Aiguille de la Pers\u00e9v\u00e9rance depuis 15\/20 ans, depuis un but par peur de l\u2019orage. Cette course m\u2019a beaucoup plu.","rel":"","context":"Dans &quot;Alpinisme&quot;","block_context":{"text":"Alpinisme","link":"https:\/\/www.escalade.pro\/news\/category\/alpinisme\/"},"img":{"alt_text":"arete sud aiguille perseverance","src":"https:\/\/i0.wp.com\/www.escalade.pro\/news\/wp-content\/uploads\/2017\/08\/P1100637.jpg?resize=350%2C200&ssl=1","width":350,"height":200,"srcset":"https:\/\/i0.wp.com\/www.escalade.pro\/news\/wp-content\/uploads\/2017\/08\/P1100637.jpg?resize=350%2C200&ssl=1 1x, https:\/\/i0.wp.com\/www.escalade.pro\/news\/wp-content\/uploads\/2017\/08\/P1100637.jpg?resize=525%2C300&ssl=1 1.5x, https:\/\/i0.wp.com\/www.escalade.pro\/news\/wp-content\/uploads\/2017\/08\/P1100637.jpg?resize=700%2C400&ssl=1 2x, https:\/\/i0.wp.com\/www.escalade.pro\/news\/wp-content\/uploads\/2017\/08\/P1100637.jpg?resize=1050%2C600&ssl=1 3x, https:\/\/i0.wp.com\/www.escalade.pro\/news\/wp-content\/uploads\/2017\/08\/P1100637.jpg?resize=1400%2C800&ssl=1 4x"},"classes":[]},{"id":19597,"url":"https:\/\/www.escalade.pro\/news\/aiguille-peigne-lepidopteres-arete-sw\/","url_meta":{"origin":3343,"position":2},"title":"Aiguille du Peigne: \u00ab\u00a0Lepidopt\u00e8res\u00a0\u00bb et ar\u00eate SW","author":"Fred Vionnet","date":"31 juillet 2020","format":false,"excerpt":"Apr\u00e8s un bivouac royal au-dessus du Lac Bleu, nous grimpons cette fois par \u00ab Les L\u00e9pidopt\u00e8res \u00bb puis l\u2019ar\u00eate SW, reliant les 2 itin\u00e9raires pas une partie de varappe sur la voie normale.","rel":"","context":"Dans &quot;Alpinisme&quot;","block_context":{"text":"Alpinisme","link":"https:\/\/www.escalade.pro\/news\/category\/alpinisme\/"},"img":{"alt_text":"fissure lepiney aiguille peigne","src":"https:\/\/i0.wp.com\/www.escalade.pro\/news\/wp-content\/uploads\/2020\/07\/WhatsApp-Image-2020-07-27-at-19.51.15-1.jpg?resize=350%2C200&ssl=1","width":350,"height":200,"srcset":"https:\/\/i0.wp.com\/www.escalade.pro\/news\/wp-content\/uploads\/2020\/07\/WhatsApp-Image-2020-07-27-at-19.51.15-1.jpg?resize=350%2C200&ssl=1 1x, https:\/\/i0.wp.com\/www.escalade.pro\/news\/wp-content\/uploads\/2020\/07\/WhatsApp-Image-2020-07-27-at-19.51.15-1.jpg?resize=525%2C300&ssl=1 1.5x, https:\/\/i0.wp.com\/www.escalade.pro\/news\/wp-content\/uploads\/2020\/07\/WhatsApp-Image-2020-07-27-at-19.51.15-1.jpg?resize=700%2C400&ssl=1 2x"},"classes":[]},{"id":17532,"url":"https:\/\/www.escalade.pro\/news\/les-aiguilles-de-granit-de-chamonix\/","url_meta":{"origin":3343,"position":3},"title":"Les Aiguilles de granit de Chamonix","author":"Thibault Beck","date":"28 janvier 2019","format":false,"excerpt":"A moins d\u2019une heure de Gen\u00e8ve, le massif du Mont-Blanc et son granit exceptionnel nous offrent des escalades de renomm\u00e9e mondiale.","rel":"","context":"Dans &quot;Alpinisme&quot;","block_context":{"text":"Alpinisme","link":"https:\/\/www.escalade.pro\/news\/category\/alpinisme\/"},"img":{"alt_text":"traversee nonne mont blanc","src":"https:\/\/i0.wp.com\/www.escalade.pro\/news\/wp-content\/uploads\/2018\/08\/P1120380-1024x768.jpg?resize=350%2C200&ssl=1","width":350,"height":200,"srcset":"https:\/\/i0.wp.com\/www.escalade.pro\/news\/wp-content\/uploads\/2018\/08\/P1120380-1024x768.jpg?resize=350%2C200&ssl=1 1x, https:\/\/i0.wp.com\/www.escalade.pro\/news\/wp-content\/uploads\/2018\/08\/P1120380-1024x768.jpg?resize=525%2C300&ssl=1 1.5x, https:\/\/i0.wp.com\/www.escalade.pro\/news\/wp-content\/uploads\/2018\/08\/P1120380-1024x768.jpg?resize=700%2C400&ssl=1 2x"},"classes":[]},{"id":2517,"url":"https:\/\/www.escalade.pro\/news\/petits-charmoz-eperon-sud-ouest\/","url_meta":{"origin":3343,"position":4},"title":"Petits Charmoz, SO ridgePetits Charmoz, \u00e9peron sud-ouest","author":"Fred Vionnet","date":"18 juillet 2014","format":false,"excerpt":"Yesterday we climbed SO ridge of Petits Charmoz (2867m) in Mont Blanc range (Chamonix). it's a very nice trad route (200, D+), protections are easy to place but it's also alpinism as you need to use crampons to traverse Nantillons glacier. The wayback by B\u00fbche gukky needs attention and then\u2026","rel":"","context":"Dans &quot;Alpinisme&quot;","block_context":{"text":"Alpinisme","link":"https:\/\/www.escalade.pro\/news\/category\/alpinisme\/"},"img":{"alt_text":"petits charmoz eperon sud ouest","src":"https:\/\/i0.wp.com\/www.escalade.pro\/news\/wp-content\/uploads\/2014\/07\/P1040839-Copie-300x225.jpg?resize=350%2C200","width":350,"height":200},"classes":[]},{"id":7799,"url":"https:\/\/www.escalade.pro\/news\/glacier-rond-ski\/","url_meta":{"origin":3343,"position":5},"title":"Glacier Rond, conditions du 1er mars 2016","author":"Fred Vionnet","date":"2 mars 2016","format":false,"excerpt":"La saison de ski se met doucement en place, si \u00e7a continue on va pouvoir envisager de belles choses sur le massif du Mont Blanc au prochain anticyclone. Il reste encore quelques requins sur le glacier Rond \u00e0 l'entr\u00e9e de la pente et du couloir, mais les prochaines chutes vont\u2026","rel":"","context":"Dans &quot;Ski de rando et freeride&quot;","block_context":{"text":"Ski de rando et freeride","link":"https:\/\/www.escalade.pro\/news\/category\/ski-freeride\/"},"img":{"alt_text":"ski glacier rond chamonix mont blanc","src":"https:\/\/i0.wp.com\/www.escalade.pro\/news\/wp-content\/uploads\/2016\/03\/P1080350-300x225.jpg?resize=350%2C200","width":350,"height":200},"classes":[]}],"_links":{"self":[{"href":"https:\/\/www.escalade.pro\/news\/wp-json\/wp\/v2\/posts\/3343","targetHints":{"allow":["GET"]}}],"collection":[{"href":"https:\/\/www.escalade.pro\/news\/wp-json\/wp\/v2\/posts"}],"about":[{"href":"https:\/\/www.escalade.pro\/news\/wp-json\/wp\/v2\/types\/post"}],"author":[{"embeddable":true,"href":"https:\/\/www.escalade.pro\/news\/wp-json\/wp\/v2\/users\/1"}],"replies":[{"embeddable":true,"href":"https:\/\/www.escalade.pro\/news\/wp-json\/wp\/v2\/comments?post=3343"}],"version-history":[{"count":3,"href":"https:\/\/www.escalade.pro\/news\/wp-json\/wp\/v2\/posts\/3343\/revisions"}],"predecessor-version":[{"id":3346,"href":"https:\/\/www.escalade.pro\/news\/wp-json\/wp\/v2\/posts\/3343\/revisions\/3346"}],"wp:attachment":[{"href":"https:\/\/www.escalade.pro\/news\/wp-json\/wp\/v2\/media?parent=3343"}],"wp:term":[{"taxonomy":"category","embeddable":true,"href":"https:\/\/www.escalade.pro\/news\/wp-json\/wp\/v2\/categories?post=3343"},{"taxonomy":"post_tag","embeddable":true,"href":"https:\/\/www.escalade.pro\/news\/wp-json\/wp\/v2\/tags?post=3343"}],"curies":[{"name":"wp","href":"https:\/\/api.w.org\/{rel}","templated":true}]}}