{"id":27352,"date":"2025-05-19T11:47:24","date_gmt":"2025-05-19T09:47:24","guid":{"rendered":"https:\/\/www.escalade.pro\/news\/?p=27352"},"modified":"2025-12-22T22:49:17","modified_gmt":"2025-12-22T21:49:17","slug":"youtube-escaladeur-pasdedoigtpasde7a","status":"publish","type":"post","link":"https:\/\/www.escalade.pro\/news\/youtube-escaladeur-pasdedoigtpasde7a\/","title":{"rendered":"Quatre jours avec un escaladeur de youtube?"},"content":{"rendered":"<p>Non non, ce n\u2019est pas un titre provocateur. <strong>C\u2019est r\u00e9ellement \u201cl\u2019aventure\u201d que nous avons v\u00e9cu <a href=\"https:\/\/www.linkedin.com\/in\/jocelyndavid\/\">Jocelyn (le youtuber)<\/a> et moi-m\u00eame !<\/strong> <br \/>\nLe d\u00e9veloppement de l\u2019escalade a \u00e9t\u00e9 fulgurant sur les cinq derni\u00e8res ann\u00e9es. <strong>Les jeux olympiques (sans majuscules, car je ne parle pas de la Marque&#8230;) de Paris en 2024 m\u2019ont vraiment ouvert les yeux sur le concept de sport-spectacle, d&rsquo;opium du peuple, et ses d\u00e9rives (je n\u2019en \u00e9crirai pas plus \u00e0 ce sujet). Et je me demande bien ce que l\u2019escalade y fait&#8230; si ce n\u2019est pour y vendre\/perdre son \u00e2me?<\/strong><br \/>\n<a href=\"https:\/\/www.escalade.pro\/news\/wp-content\/uploads\/2025\/04\/IMG_4944-scaled.jpg\"><img loading=\"lazy\" decoding=\"async\" class=\"size-medium wp-image-27199 alignright\" src=\"https:\/\/www.escalade.pro\/news\/wp-content\/uploads\/2025\/04\/IMG_4944-225x300.jpg\" alt=\"grimpisme fred vionnet entraineur escalade\" width=\"225\" height=\"300\" srcset=\"https:\/\/www.escalade.pro\/news\/wp-content\/uploads\/2025\/04\/IMG_4944-225x300.jpg 225w, https:\/\/www.escalade.pro\/news\/wp-content\/uploads\/2025\/04\/IMG_4944-768x1024.jpg 768w, https:\/\/www.escalade.pro\/news\/wp-content\/uploads\/2025\/04\/IMG_4944-1152x1536.jpg 1152w, https:\/\/www.escalade.pro\/news\/wp-content\/uploads\/2025\/04\/IMG_4944-1536x2048.jpg 1536w, https:\/\/www.escalade.pro\/news\/wp-content\/uploads\/2025\/04\/IMG_4944-400x533.jpg 400w, https:\/\/www.escalade.pro\/news\/wp-content\/uploads\/2025\/04\/IMG_4944-scaled.jpg 1920w\" sizes=\"auto, (max-width: 225px) 100vw, 225px\" \/><\/a>Mais <strong>plut\u00f4t que de rester \u00e0 ronchonner, j\u2019ai pr\u00e9f\u00e9r\u00e9 tenter de prendre du recul. Pour me trouver de nouveaux rep\u00e8res et une ligne de conduite.<\/strong> Surtout que je vis de l\u2019escalade depuis plus de 20 ans et que j\u2019\u00e9tais durant cette p\u00e9riode en train de travailler sur l\u2019<strong>ouverture de ma salle d\u2019entra\u00eenement<\/strong> (<a href=\"https:\/\/www.escalade.pro\/news\/salle-escalade-entrainement-magland\/\">L&rsquo;Arqu\u00e9e Libre<\/a>).<\/p>\n<p><strong>Pour comprendre, je suis all\u00e9 observer ce qui c\u2019\u00e9tait pass\u00e9 dans le monde du fitness\/pr\u00e9paration physique. Via Youtube justement, les divers podcast, et LinkedIn.<\/strong> De nombreux coachs francophones exp\u00e9riment\u00e9s parlent sans filtres. Et j\u2019ai peu \u00e9changer avec le tr\u00e8s accessible <a href=\"https:\/\/www.rudycoia.com\/\">Rudy Coia<\/a>. Que je remercie car il m\u2019a beaucoup aid\u00e9 \u00e0 y voir plus clair, <strong>en m\u2019\u00e9vitant de conserver certaines espoirs inutiles et in\u00e9vitablement frustrants<\/strong>. Il faut dire que j\u2019ai \u00e9t\u00e9 traumatis\u00e9 de voir que certains nouveaux coachs escalade faisaient par exemple le black friday, ou des promos pour No\u00ebl ! Bref j\u2019\u00e9tais perdu et la pente de l\u2019aigreur se raidissaient dangereusement !<br \/>\n<strong>Observer le monde de la pr\u00e9paration physique a \u00e9t\u00e9 pour moi vraiment comme lire dans une boule de cristal. M\u00eame si tout arrive plus t\u00f4t que ce que je ne pensais.<\/strong> Mais bref, je suis pr\u00eat, je crois.<\/p>\n<hr \/>\n<h6><u> GRIMPE OU ESCALADE?<\/u><\/h6>\n<p>Effectivement, l\u2019escalade se coupe en deux. Comme cela \u00e9tait annonc\u00e9 depuis longtemps. <br \/>\n<strong>On a d\u2019un c\u00f4t\u00e9 les grimpeurs, comme moi. On fait du plastique pour s\u2019entra\u00eener mais le vrai int\u00e9r\u00eat est de se pr\u00e9parer pour faire des croix sur le rocher, de passer du temps dans la nature pour sa beaut\u00e9 et son exigence.<\/strong> Les comp\u00e9titions, ok, mais quel int\u00e9r\u00eat si on n\u2019y voit pas les forts grimpeurs ? Il faut gagner pour la fiert\u00e9 et\/ou un drapeau ?<br \/>\n<strong>De l\u2019autre c\u00f4t\u00e9, ceux que j\u2019appelle les escaladeurs. Des b\u00eates tr\u00e8s \u00e9tranges pour moi. Ils se rassemblent dans des salles avec des animations bruyantes, une fr\u00e9quentation \u00e9touffante, et des blocs qui ressemblent \u00e0 des sauts entre pares-brises de voitures sur le parking d\u2019un supermarch\u00e9.<\/strong><\/p>\n<p>Ces descriptions ne sont pas si caricaturales (?) et aboutissent in\u00e9vitablement \u00e0 des incompr\u00e9hensions car on ne pratique pas le m\u00eame sport (pour moi l\u2019escalade est un loisir et <strong>la grimpe un mode vie, c\u2019est clich\u00e9 mais j\u2019assume<\/strong>).<\/p>\n<p><span style=\"text-decoration: underline;\"><strong>Les grimpeurs \u00e0 propos des escaladeurs quand il va dans une salle d&rsquo;escalade en ville :<\/strong><\/span><br \/>\n<strong>&#8211; Pourquoi il grimpe avec sa casquette ?<\/strong><br \/>\n<strong>&#8211; Pourquoi il va \u00e0 la salle alors qu\u2019il y a un contest et donc encore plus de monde et de bruit que d\u2019habitude ?<\/strong><br \/>\n<strong>&#8211; Pourquoi il s\u2019acharne sur ce passage en travers\u00e9e que l\u2019utilisation de chaussures de sport classiques ne rendrait pas plus difficile ?<\/strong><\/p>\n<p><span style=\"text-decoration: underline;\"><strong>L\u2019escaladeur \u00e0 propos du grimpeur, quand il sort de la salle et s\u2019aventure en ext\u00e9rieur : <\/strong><\/span><br \/>\n<strong>&#8211; Pourquoi il grimpe sans longe et sans casque ?<\/strong><br \/>\n&#8211; Pourquoi il fait <strong>la gueule quand on arrive \u00e0 12 personnes avec 2 chiens, une slackline et une enceinte?<\/strong><br \/>\n<strong>&#8211; Pourquoi il ne rajoute pas un spit pour \u00e9viter la chute au sol possible entre le 2eme et 3eme point ?<\/strong><br \/>\n<strong>&#8211; Pourquoi il d\u00e9teste les trais de magn\u00e9sie sur les prises ?<\/strong><br \/>\n<strong>&#8211; Quel int\u00e9r\u00eat il trouve dans cette voie hyper bloc et pas homog\u00e8ne ? Faudrait pas tailler une prise l\u00e0?<\/strong><\/p>\n<p>On peut \u00e9galement se r\u00e9f\u00e9rer \u00e0 la blague qui tourne sur les r\u00e9seaux sociaux \u00e0 propos des falaisistes. <strong>Ils \u00ab\u00a0ne se douchent pas et sentent mauvais\u00a0\u00bb. C&rsquo;est du mauvais humour, n\u00e9anmoins r\u00e9v\u00e9lateur du foss\u00e9 entre les deux mondes. Les gens bien et modernes d&rsquo;un c\u00f4t\u00e9, les bouseux de l&rsquo;autre.<\/strong><br \/>\n<strong>Nos blagues sur les escaladeurs restent en off<\/strong>, elles sont vraiment plus tranchantes&#8230;.<\/p>\n<p><strong>On en arrive \u00e0 un point o\u00f9 les deux pratiques peuvent \u00eatre totalement ind\u00e9pendantes. C\u2019est quasiment le cas. Et donc les pratiquant eux non plus ne se comprennent pas. Ce qui rend compliqu\u00e9 le respect et le partage.<\/strong> <br \/>\nUn escaladeur qui met la musique en falaise, \u00e7a nous met la rage. Un grimpeur qui sort son sac \u00e0 magn\u00e9sie en salle se fait reprendre. Et en plus s\u2019il sort son sandwich ou tombe le tshirt, alors l\u00e0 on le fout dehors ! <br \/>\n<strong>Deux milieux, pour deux pratiques, des motivations diff\u00e9rentes et des comportements souvent incompatibles \u00e0 la base.<\/strong> Et pourtant nous sommes in\u00e9vitablement amen\u00e9s \u00e0 nous c\u00f4toyer, dans un \u00ab\u00a0camp\u00a0\u00bb ou dans l&rsquo;autre.<\/p>\n<hr \/>\n<h6><u>DES COACHS PAR MILLIERS<\/u><\/h6>\n<p><strong>L\u2019arriv\u00e9e de nombreux nouveaux coachs ne me surprend pas, car, comme je l\u2019avais \u00e9crit plus haut, je m\u2019\u00e9tais pr\u00e9par\u00e9. Ce qui m\u2019\u00e9tonne, c\u2019est la rapidit\u00e9 de cette vague. <\/strong>Le d\u00e9veloppement \u00e9conomique et m\u00e9diatique de l\u2019activit\u00e9 aiguise les app\u00e9tits. <br \/>\nAvec <strong>cet argument hypocrite, utilis\u00e9 dans tellement de domaines de notre soci\u00e9t\u00e9, du \u201cvouloir rendre accessible l\u2019entrainement en escalade au plus grand nombre\u201d.<\/strong> Je ne vois pas l\u2019int\u00e9r\u00eat sup\u00e9rieur de l\u2019escalade par rapport \u00e0 une autre activit\u00e9 sportive. Ce qui compte, c\u2019est que les gens bougent, fassent de l\u2019activit\u00e9 physique. C\u2019est l\u2019argument typique utilis\u00e9 pour justifier la recherche de la maximisation des profits \u00e0 tout prix. D\u2019o\u00f9 les soldes et promos dont je parlais en introduction.<br \/>\nAvec <strong>des coachs pas qualifi\u00e9s (le mot coach n\u2019est pas prot\u00e9g\u00e9), nouveaux dans le m\u00e9tier, et SURTOUT peu exp\u00e9riment\u00e9s en tant que grimpeur ou escaladeur ! Ca s\u2019est dingue, vraiment. Tu as un compte Instagram ou une page Youtube qui tourne, et hop, tu vends des programmes !<\/strong> A minima tu pr\u00e9sentes sur Youtube des <strong>s\u00e9ances de force doigt qui m\u00e8neront \u00e0 minimum 25% des \u00ab\u00a0victimes\u00a0\u00bb \u00e0 se blesser dans le court terme<\/strong>&#8230; affligeant parfois ce que certains sont pr\u00eats \u00e0 faire pour de l&rsquo;argent! Et donc cela reproduit ce que se passe encore dans le monde du fitness. Rien \u00e0 y faire, il faut accepter, faire avec et s\u2019adapter. M\u00eame si \u201c<a href=\"https:\/\/www.youtube.com\/watch?v=07suXadTIvQ\">un coach qui ne s\u2019entra\u00eene pas est un imposteur<\/a>\u201d &#8230;<\/p>\n<p><strong>Ce qui me chagrine plus, c\u2019est la confusion tr\u00e8s souvent faite entre entra\u00eenement et pr\u00e9paration physique. Le soi-disant coach peut \u00eatre bon ou mauvais pour te faire progresser physiquement. Cela reste n\u00e9anmoins de la pr\u00e9paration physique.<\/strong> Alors que <strong>l\u2019entra\u00eenement, c\u2019est du physique avec de la technique, dans du mental.<\/strong> Que cela soit en ligne ou en pr\u00e9sentiel. J\u2019y reviendrai dans un autre article. <br \/>\nPuis viendra, pardon vient, l\u2019IA. Mais <strong>j\u2019ai la confiance, ou la faiblesse, de croire que l\u2019humain honn\u00eate et exp\u00e9riment\u00e9 sera toujours reconnu \u00e0 sa juste valeur, par moment et par certains. <\/strong>Et j&rsquo;ai mon petit r\u00e9seau de coll\u00e8gues passionn\u00e9s, aux profils diff\u00e9rents, avec lesquels j&rsquo;\u00e9change.<\/p>\n<h6><u>LA RENCONTRE<\/u><\/h6>\n<p>Ce constat fait, sous mon propre regard oldschool bien \u00e9videmment, revenons-en \u00e0 mon cher escaladeur de youtube, Jocelyn de <a href=\"\u201d\">Pasdedoigtpasde7a<\/a>. <br \/>\nOn trouve d\u00e9sormais <strong>beaucoup de cha\u00eenes youtube produites par des escaladeurs. Avec Instagram, elles sont la vitrine et le t\u00e9moin de cette nouvelle \u00e8re.<\/strong> J\u2019interviens sur ces r\u00e9seaux sociaux de mani\u00e8re minimaliste et timide (par rapport \u00e0 ce qui se fait d\u00e9sormais). <strong>La plupart de ces chaines sont inint\u00e9ressantes pour moi, certes je suis forc\u00e9ment exigeant sur les sujets abord\u00e9s. Trop d\u2019accent mis sur l\u2019apparence, les mimiques. Du contenu annonc\u00e9, qui est effectivement du contenu mais du \u201ccontenu de divertissement\u201d. Alors que pour moi contenu signifie partage de connaissances, d\u2019exp\u00e9rience et de r\u00e9flexion. Et parfois aussi malheureusement du contenu faux, dangereux, ou mensonger&#8230;<\/strong><br \/>\nMais comme expliqu\u00e9 plus haut, <strong>je ne veux pas rester en r\u00e9action par rapport \u00e0 toutes ces nouveaut\u00e9s<\/strong>. Vu ma position professionnelle, cela n&rsquo;aurait pas de sens. Comment faire ?<\/p>\n<p><strong>Comme souvent faire confiance aux hasards de la vie, les opportunit\u00e9s. Jocelyn m\u2019a contact\u00e9 pour me demander la permission d\u2019utiliser l\u2019un de mes articles pour <a href=\"https:\/\/youtu.be\/D_qXmZUK_1k\">cette vid\u00e9o consacr\u00e9e aux blessures et douleurs aux doigts<\/a>. J\u2019ai regard\u00e9 certaines de ces vid\u00e9os, on a \u00e9chang\u00e9. J\u2019ai vu (sur youtube), \u00e9cout\u00e9 (au t\u00e9l\u00e9phone), et lu (par email) sa d\u00e9marche et j\u2019ai appr\u00e9ci\u00e9 l\u2019humilit\u00e9, l\u2019envie d\u2019apprendre et de comprendre, le processus de formation qu&rsquo;il a suivi.<\/strong> Restant pour autant curieux et interloqu\u00e9 sur <strong>pourquoi un gars habitant dans le nord de la France, ne touchant quasiment jamais un bout de caillou, pouvait avoir le culot de se lancer dans une chaine consacr\u00e9e \u00e0 l\u2019escalade ?<\/strong> <br \/>\nJ\u2019ai d\u00fb certainement l\u2019intriguer \u00e9galement. Et cela doit perdurer, il faudrait lui demander !<\/p>\n<p>Quoi qu\u2019il en soit, il est venu quatre jours \u00e0 la maison. Je l\u2019ai emmen\u00e9 au chalet (pas d\u2019images, vie vraiment priv\u00e9e), on est all\u00e9 aux morilles, on a grimp\u00e9 sur des falaises super oldschool (dont la Pierre \u00e0 Laya, le pauvre, mais en moulinette), on a fait du feu, on a fait du pan \u00e0 l\u2019Arqu\u00e9e Libre, on s\u2019est marr\u00e9.<br \/>\nVolontairement, nous ne nous sommes pas mis la pression pour faire absolument une vid\u00e9o. Alors, <strong>sans se prendre la t\u00eate (il faut dire qu\u2019il est fort pour se d\u00e9brouiller avec pas grand chose), voil\u00e0 la vid\u00e9o que nous avons produite naturellement. C\u2019est tr\u00e8s spontan\u00e9, et \u00e7a se voit !<\/strong><\/p>\n<p><iframe loading=\"lazy\" title=\"YouTube video player\" src=\"https:\/\/www.youtube.com\/embed\/Zinx-WEJUAA?si=9VFUO5QewLO9zbpZ\" width=\"560\" height=\"315\" frameborder=\"0\" allowfullscreen=\"allowfullscreen\"><\/iframe><\/p>\n<h6><u>S\u2019ADAPTER ET EXISTER<\/u><\/h6>\n<p><strong>Et maintenant, quelle(s) suite(s), apr\u00e8s cette vid\u00e9o, qui a d\u00e9j\u00e0 plus de 5500 vues au moment o\u00f9 je finalise cet article ?<\/strong><br \/>\nC\u2019est un peu t\u00f4t pour le dire pr\u00e9cis\u00e9ment. Pourtant, <strong>m\u00eame si je me destine \u00e0 entra\u00eener exclusivement les grimpeurs motiv\u00e9s par le rocher (et les comp\u00e9titeurs si les motivations sont saines), je pense et NOUS pensons continuer dans cette voie.<\/strong> Car critiquer ce que font les autres c\u2019est facile ! Mais se bouger pour tenter de faire des choses qui nous r\u00e9alisent et nous correspondent, cela l\u2019est moins.<br \/>\n<strong>Expliquer, pr\u00e9venir, mettre en perspective les diff\u00e9rentes pratiques est sans doute la meilleure fa\u00e7on de faire pour qu\u2019elles se respectent lors de leurs interactions.<\/strong> Et si cela peut \u00e9viter de voir les spots sur-peupl\u00e9s, sales, ou \u00e9quip\u00e9s avec un spit tous les m\u00e8tres comme dans certains nouveaux secteurs (je pense \u00e0 \u201cColorado\u201d \u00e0 Buoux particuli\u00e8rement, quelle tristesse&#8230;), on aura avanc\u00e9 !<\/p>\n","protected":false},"excerpt":{"rendered":"<p>Jocelyn, escaladeur de youtube, est venu me voir pendant 4 jours \u00e0 la maison. On a bien rigol\u00e9 et on pense \u00e0 la suite ! <\/p>\n","protected":false},"author":1,"featured_media":27396,"comment_status":"open","ping_status":"open","sticky":false,"template":"","format":"standard","meta":{"colormag_page_container_layout":"default_layout","colormag_page_sidebar_layout":"default_layout","_monsterinsights_skip_tracking":false,"_monsterinsights_sitenote_active":false,"_monsterinsights_sitenote_note":"","_monsterinsights_sitenote_category":0,"ngg_post_thumbnail":0,"jetpack_post_was_ever_published":false,"_jetpack_newsletter_access":"","_jetpack_dont_email_post_to_subs":false,"_jetpack_newsletter_tier_id":0,"_jetpack_memberships_contains_paywalled_content":false,"_jetpack_memberships_contains_paid_content":false,"footnotes":"","jetpack_publicize_message":"","jetpack_publicize_feature_enabled":true,"jetpack_social_post_already_shared":true,"jetpack_social_options":{"image_generator_settings":{"template":"highway","default_image_id":0,"font":"","enabled":false},"version":2}},"categories":[9,4,58],"tags":[358,17,355,82,29,357],"class_list":["post-27352","post","type-post","status-publish","format-standard","has-post-thumbnail","hentry","category-coup-de-gueule","category-escalade","category-mes-sorties","tag-coach","tag-escalade","tag-grimpe","tag-respiration","tag-video","tag-youtube"],"yoast_head":"<!-- This site is optimized with the Yoast SEO plugin v27.5 - https:\/\/yoast.com\/product\/yoast-seo-wordpress\/ -->\n<title>Quatre jours avec un escaladeur de youtube? - Grimpisme<\/title>\n<meta name=\"description\" content=\"Jocelyn, escaladeur de youtube, est venu me voir pendant 4 jours \u00e0 la maison. On a bien rigol\u00e9 et on pense \u00e0 la suite !\" \/>\n<meta name=\"robots\" content=\"index, follow, max-snippet:-1, max-image-preview:large, max-video-preview:-1\" \/>\n<link rel=\"canonical\" href=\"https:\/\/www.escalade.pro\/news\/youtube-escaladeur-pasdedoigtpasde7a\/\" \/>\n<meta property=\"og:locale\" content=\"fr_FR\" \/>\n<meta property=\"og:type\" content=\"article\" \/>\n<meta property=\"og:title\" content=\"Quatre jours avec un escaladeur de youtube? - Grimpisme\" \/>\n<meta property=\"og:description\" content=\"Jocelyn, escaladeur de youtube, est venu me voir pendant 4 jours \u00e0 la maison. On a bien rigol\u00e9 et on pense \u00e0 la suite !\" \/>\n<meta property=\"og:url\" content=\"https:\/\/www.escalade.pro\/news\/youtube-escaladeur-pasdedoigtpasde7a\/\" \/>\n<meta property=\"og:site_name\" content=\"L&#039;Arqu\u00e9e Libre - Fred Vionnet entraineur\/moniteur escalade\" \/>\n<meta property=\"article:publisher\" content=\"https:\/\/www.facebook.com\/grimpisme\/\" \/>\n<meta property=\"article:author\" content=\"https:\/\/www.facebook.com\/fredCaillouXvionnet\" \/>\n<meta property=\"article:published_time\" content=\"2025-05-19T09:47:24+00:00\" \/>\n<meta property=\"article:modified_time\" content=\"2025-12-22T21:49:17+00:00\" \/>\n<meta property=\"og:image\" content=\"https:\/\/www.escalade.pro\/news\/wp-content\/uploads\/2025\/05\/youtube.jpg\" \/>\n\t<meta property=\"og:image:width\" content=\"991\" \/>\n\t<meta property=\"og:image:height\" content=\"657\" \/>\n\t<meta property=\"og:image:type\" content=\"image\/jpeg\" \/>\n<meta name=\"author\" content=\"Fred Vionnet\" \/>\n<meta name=\"twitter:card\" content=\"summary_large_image\" \/>\n<meta name=\"twitter:label1\" content=\"\u00c9crit par\" \/>\n\t<meta name=\"twitter:data1\" content=\"Fred Vionnet\" \/>\n\t<meta name=\"twitter:label2\" content=\"Dur\u00e9e de lecture estim\u00e9e\" \/>\n\t<meta name=\"twitter:data2\" content=\"9 minutes\" \/>\n<script type=\"application\/ld+json\" class=\"yoast-schema-graph\">{\"@context\":\"https:\\\/\\\/schema.org\",\"@graph\":[{\"@type\":\"Article\",\"@id\":\"https:\\\/\\\/www.escalade.pro\\\/news\\\/youtube-escaladeur-pasdedoigtpasde7a\\\/#article\",\"isPartOf\":{\"@id\":\"https:\\\/\\\/www.escalade.pro\\\/news\\\/youtube-escaladeur-pasdedoigtpasde7a\\\/\"},\"author\":{\"name\":\"Fred Vionnet\",\"@id\":\"https:\\\/\\\/www.escalade.pro\\\/news\\\/#\\\/schema\\\/person\\\/e0e0520aa48cfda56ae5406c2fe2caeb\"},\"headline\":\"Quatre jours avec un escaladeur de youtube?\",\"datePublished\":\"2025-05-19T09:47:24+00:00\",\"dateModified\":\"2025-12-22T21:49:17+00:00\",\"mainEntityOfPage\":{\"@id\":\"https:\\\/\\\/www.escalade.pro\\\/news\\\/youtube-escaladeur-pasdedoigtpasde7a\\\/\"},\"wordCount\":1869,\"commentCount\":1,\"publisher\":{\"@id\":\"https:\\\/\\\/www.escalade.pro\\\/news\\\/#organization\"},\"image\":{\"@id\":\"https:\\\/\\\/www.escalade.pro\\\/news\\\/youtube-escaladeur-pasdedoigtpasde7a\\\/#primaryimage\"},\"thumbnailUrl\":\"https:\\\/\\\/www.escalade.pro\\\/news\\\/wp-content\\\/uploads\\\/2025\\\/05\\\/youtube.jpg\",\"keywords\":[\"coach\",\"escalade\",\"grimpe\",\"respiration\",\"video\",\"youtube\"],\"articleSection\":[\"Coups de gueule\",\"Escalade\",\"Mes sorties - retours d'exp\u00e9rience\"],\"inLanguage\":\"fr-FR\",\"potentialAction\":[{\"@type\":\"CommentAction\",\"name\":\"Comment\",\"target\":[\"https:\\\/\\\/www.escalade.pro\\\/news\\\/youtube-escaladeur-pasdedoigtpasde7a\\\/#respond\"]}]},{\"@type\":\"WebPage\",\"@id\":\"https:\\\/\\\/www.escalade.pro\\\/news\\\/youtube-escaladeur-pasdedoigtpasde7a\\\/\",\"url\":\"https:\\\/\\\/www.escalade.pro\\\/news\\\/youtube-escaladeur-pasdedoigtpasde7a\\\/\",\"name\":\"Quatre jours avec un escaladeur de youtube? - Grimpisme\",\"isPartOf\":{\"@id\":\"https:\\\/\\\/www.escalade.pro\\\/news\\\/#website\"},\"primaryImageOfPage\":{\"@id\":\"https:\\\/\\\/www.escalade.pro\\\/news\\\/youtube-escaladeur-pasdedoigtpasde7a\\\/#primaryimage\"},\"image\":{\"@id\":\"https:\\\/\\\/www.escalade.pro\\\/news\\\/youtube-escaladeur-pasdedoigtpasde7a\\\/#primaryimage\"},\"thumbnailUrl\":\"https:\\\/\\\/www.escalade.pro\\\/news\\\/wp-content\\\/uploads\\\/2025\\\/05\\\/youtube.jpg\",\"datePublished\":\"2025-05-19T09:47:24+00:00\",\"dateModified\":\"2025-12-22T21:49:17+00:00\",\"description\":\"Jocelyn, escaladeur de youtube, est venu me voir pendant 4 jours \u00e0 la maison. On a bien rigol\u00e9 et on pense \u00e0 la suite !\",\"breadcrumb\":{\"@id\":\"https:\\\/\\\/www.escalade.pro\\\/news\\\/youtube-escaladeur-pasdedoigtpasde7a\\\/#breadcrumb\"},\"inLanguage\":\"fr-FR\",\"potentialAction\":[{\"@type\":\"ReadAction\",\"target\":[\"https:\\\/\\\/www.escalade.pro\\\/news\\\/youtube-escaladeur-pasdedoigtpasde7a\\\/\"]}]},{\"@type\":\"ImageObject\",\"inLanguage\":\"fr-FR\",\"@id\":\"https:\\\/\\\/www.escalade.pro\\\/news\\\/youtube-escaladeur-pasdedoigtpasde7a\\\/#primaryimage\",\"url\":\"https:\\\/\\\/www.escalade.pro\\\/news\\\/wp-content\\\/uploads\\\/2025\\\/05\\\/youtube.jpg\",\"contentUrl\":\"https:\\\/\\\/www.escalade.pro\\\/news\\\/wp-content\\\/uploads\\\/2025\\\/05\\\/youtube.jpg\",\"width\":991,\"height\":657,\"caption\":\"youube escalade\"},{\"@type\":\"BreadcrumbList\",\"@id\":\"https:\\\/\\\/www.escalade.pro\\\/news\\\/youtube-escaladeur-pasdedoigtpasde7a\\\/#breadcrumb\",\"itemListElement\":[{\"@type\":\"ListItem\",\"position\":1,\"name\":\"Accueil\",\"item\":\"https:\\\/\\\/www.escalade.pro\\\/news\\\/\"},{\"@type\":\"ListItem\",\"position\":2,\"name\":\"Quatre jours avec un escaladeur de youtube?\"}]},{\"@type\":\"WebSite\",\"@id\":\"https:\\\/\\\/www.escalade.pro\\\/news\\\/#website\",\"url\":\"https:\\\/\\\/www.escalade.pro\\\/news\\\/\",\"name\":\"L&#039;Arqu\u00e9e Libre - Fred Vionnet entraineur\\\/moniteur escalade\",\"description\":\"Coaching et entrainement escalade. Buoux, C\u00e9\u00fcse et Fontainebleau.\",\"publisher\":{\"@id\":\"https:\\\/\\\/www.escalade.pro\\\/news\\\/#organization\"},\"potentialAction\":[{\"@type\":\"SearchAction\",\"target\":{\"@type\":\"EntryPoint\",\"urlTemplate\":\"https:\\\/\\\/www.escalade.pro\\\/news\\\/?s={search_term_string}\"},\"query-input\":{\"@type\":\"PropertyValueSpecification\",\"valueRequired\":true,\"valueName\":\"search_term_string\"}}],\"inLanguage\":\"fr-FR\"},{\"@type\":\"Organization\",\"@id\":\"https:\\\/\\\/www.escalade.pro\\\/news\\\/#organization\",\"name\":\"L&#039;Arqu\u00e9e Libre - Fred Vionnet entraineur\\\/moniteur escalade\",\"url\":\"https:\\\/\\\/www.escalade.pro\\\/news\\\/\",\"logo\":{\"@type\":\"ImageObject\",\"inLanguage\":\"fr-FR\",\"@id\":\"https:\\\/\\\/www.escalade.pro\\\/news\\\/#\\\/schema\\\/logo\\\/image\\\/\",\"url\":\"https:\\\/\\\/www.escalade.pro\\\/news\\\/wp-content\\\/uploads\\\/2026\\\/04\\\/logo-wp-AL-avril-2026-1.jpg\",\"contentUrl\":\"https:\\\/\\\/www.escalade.pro\\\/news\\\/wp-content\\\/uploads\\\/2026\\\/04\\\/logo-wp-AL-avril-2026-1.jpg\",\"width\":1955,\"height\":902,\"caption\":\"L&#039;Arqu\u00e9e Libre - Fred Vionnet entraineur\\\/moniteur escalade\"},\"image\":{\"@id\":\"https:\\\/\\\/www.escalade.pro\\\/news\\\/#\\\/schema\\\/logo\\\/image\\\/\"},\"sameAs\":[\"https:\\\/\\\/www.facebook.com\\\/grimpisme\\\/\",\"https:\\\/\\\/www.instagram.com\\\/grimpisme\\\/\",\"https:\\\/\\\/www.linkedin.com\\\/in\\\/fred-vionnet-6284b96a\\\/\",\"https:\\\/\\\/fr.pinterest.com\\\/grimpisme\\\/\",\"https:\\\/\\\/www.youtube.com\\\/@grimpisme\"]},{\"@type\":\"Person\",\"@id\":\"https:\\\/\\\/www.escalade.pro\\\/news\\\/#\\\/schema\\\/person\\\/e0e0520aa48cfda56ae5406c2fe2caeb\",\"name\":\"Fred Vionnet\",\"image\":{\"@type\":\"ImageObject\",\"inLanguage\":\"fr-FR\",\"@id\":\"https:\\\/\\\/secure.gravatar.com\\\/avatar\\\/a2f6c5fc695da895033dcd95afaa6aeda795d5122ab3a22a03e24aab7f3d96a6?s=96&d=blank&r=g\",\"url\":\"https:\\\/\\\/secure.gravatar.com\\\/avatar\\\/a2f6c5fc695da895033dcd95afaa6aeda795d5122ab3a22a03e24aab7f3d96a6?s=96&d=blank&r=g\",\"contentUrl\":\"https:\\\/\\\/secure.gravatar.com\\\/avatar\\\/a2f6c5fc695da895033dcd95afaa6aeda795d5122ab3a22a03e24aab7f3d96a6?s=96&d=blank&r=g\",\"caption\":\"Fred Vionnet\"},\"description\":\"Coach escalade en Haute Savoie. Pas contre une grande voie non plus. Mais on va \u00e0 C\u00e9\u00fcse, Fontainebleau, Buoux ou encore les Gorges du Verdon quand vous voulez.\",\"sameAs\":[\"http:\\\/\\\/www.grimpisme.com\",\"https:\\\/\\\/www.facebook.com\\\/fredCaillouXvionnet\",\"https:\\\/\\\/www.linkedin.com\\\/profile\\\/preview?vpa=pub&locale=fr_FR\",\"https:\\\/\\\/fr.pinterest.com\\\/grimpisme\\\/\",\"https:\\\/\\\/www.youtube.com\\\/user\\\/grimpisme\",\"https:\\\/\\\/soundcloud.com\\\/fredvionnet\"],\"url\":\"https:\\\/\\\/www.escalade.pro\\\/news\\\/author\\\/fred\\\/\"}]}<\/script>\n<!-- \/ Yoast SEO plugin. -->","yoast_head_json":{"title":"Quatre jours avec un escaladeur de youtube? - Grimpisme","description":"Jocelyn, escaladeur de youtube, est venu me voir pendant 4 jours \u00e0 la maison. On a bien rigol\u00e9 et on pense \u00e0 la suite !","robots":{"index":"index","follow":"follow","max-snippet":"max-snippet:-1","max-image-preview":"max-image-preview:large","max-video-preview":"max-video-preview:-1"},"canonical":"https:\/\/www.escalade.pro\/news\/youtube-escaladeur-pasdedoigtpasde7a\/","og_locale":"fr_FR","og_type":"article","og_title":"Quatre jours avec un escaladeur de youtube? - Grimpisme","og_description":"Jocelyn, escaladeur de youtube, est venu me voir pendant 4 jours \u00e0 la maison. On a bien rigol\u00e9 et on pense \u00e0 la suite !","og_url":"https:\/\/www.escalade.pro\/news\/youtube-escaladeur-pasdedoigtpasde7a\/","og_site_name":"L&#039;Arqu\u00e9e Libre - Fred Vionnet entraineur\/moniteur escalade","article_publisher":"https:\/\/www.facebook.com\/grimpisme\/","article_author":"https:\/\/www.facebook.com\/fredCaillouXvionnet","article_published_time":"2025-05-19T09:47:24+00:00","article_modified_time":"2025-12-22T21:49:17+00:00","og_image":[{"width":991,"height":657,"url":"https:\/\/www.escalade.pro\/news\/wp-content\/uploads\/2025\/05\/youtube.jpg","type":"image\/jpeg"}],"author":"Fred Vionnet","twitter_card":"summary_large_image","twitter_misc":{"\u00c9crit par":"Fred Vionnet","Dur\u00e9e de lecture estim\u00e9e":"9 minutes"},"schema":{"@context":"https:\/\/schema.org","@graph":[{"@type":"Article","@id":"https:\/\/www.escalade.pro\/news\/youtube-escaladeur-pasdedoigtpasde7a\/#article","isPartOf":{"@id":"https:\/\/www.escalade.pro\/news\/youtube-escaladeur-pasdedoigtpasde7a\/"},"author":{"name":"Fred Vionnet","@id":"https:\/\/www.escalade.pro\/news\/#\/schema\/person\/e0e0520aa48cfda56ae5406c2fe2caeb"},"headline":"Quatre jours avec un escaladeur de youtube?","datePublished":"2025-05-19T09:47:24+00:00","dateModified":"2025-12-22T21:49:17+00:00","mainEntityOfPage":{"@id":"https:\/\/www.escalade.pro\/news\/youtube-escaladeur-pasdedoigtpasde7a\/"},"wordCount":1869,"commentCount":1,"publisher":{"@id":"https:\/\/www.escalade.pro\/news\/#organization"},"image":{"@id":"https:\/\/www.escalade.pro\/news\/youtube-escaladeur-pasdedoigtpasde7a\/#primaryimage"},"thumbnailUrl":"https:\/\/www.escalade.pro\/news\/wp-content\/uploads\/2025\/05\/youtube.jpg","keywords":["coach","escalade","grimpe","respiration","video","youtube"],"articleSection":["Coups de gueule","Escalade","Mes sorties - retours d'exp\u00e9rience"],"inLanguage":"fr-FR","potentialAction":[{"@type":"CommentAction","name":"Comment","target":["https:\/\/www.escalade.pro\/news\/youtube-escaladeur-pasdedoigtpasde7a\/#respond"]}]},{"@type":"WebPage","@id":"https:\/\/www.escalade.pro\/news\/youtube-escaladeur-pasdedoigtpasde7a\/","url":"https:\/\/www.escalade.pro\/news\/youtube-escaladeur-pasdedoigtpasde7a\/","name":"Quatre jours avec un escaladeur de youtube? - Grimpisme","isPartOf":{"@id":"https:\/\/www.escalade.pro\/news\/#website"},"primaryImageOfPage":{"@id":"https:\/\/www.escalade.pro\/news\/youtube-escaladeur-pasdedoigtpasde7a\/#primaryimage"},"image":{"@id":"https:\/\/www.escalade.pro\/news\/youtube-escaladeur-pasdedoigtpasde7a\/#primaryimage"},"thumbnailUrl":"https:\/\/www.escalade.pro\/news\/wp-content\/uploads\/2025\/05\/youtube.jpg","datePublished":"2025-05-19T09:47:24+00:00","dateModified":"2025-12-22T21:49:17+00:00","description":"Jocelyn, escaladeur de youtube, est venu me voir pendant 4 jours \u00e0 la maison. On a bien rigol\u00e9 et on pense \u00e0 la suite !","breadcrumb":{"@id":"https:\/\/www.escalade.pro\/news\/youtube-escaladeur-pasdedoigtpasde7a\/#breadcrumb"},"inLanguage":"fr-FR","potentialAction":[{"@type":"ReadAction","target":["https:\/\/www.escalade.pro\/news\/youtube-escaladeur-pasdedoigtpasde7a\/"]}]},{"@type":"ImageObject","inLanguage":"fr-FR","@id":"https:\/\/www.escalade.pro\/news\/youtube-escaladeur-pasdedoigtpasde7a\/#primaryimage","url":"https:\/\/www.escalade.pro\/news\/wp-content\/uploads\/2025\/05\/youtube.jpg","contentUrl":"https:\/\/www.escalade.pro\/news\/wp-content\/uploads\/2025\/05\/youtube.jpg","width":991,"height":657,"caption":"youube escalade"},{"@type":"BreadcrumbList","@id":"https:\/\/www.escalade.pro\/news\/youtube-escaladeur-pasdedoigtpasde7a\/#breadcrumb","itemListElement":[{"@type":"ListItem","position":1,"name":"Accueil","item":"https:\/\/www.escalade.pro\/news\/"},{"@type":"ListItem","position":2,"name":"Quatre jours avec un escaladeur de youtube?"}]},{"@type":"WebSite","@id":"https:\/\/www.escalade.pro\/news\/#website","url":"https:\/\/www.escalade.pro\/news\/","name":"L&#039;Arqu\u00e9e Libre - Fred Vionnet entraineur\/moniteur escalade","description":"Coaching et entrainement escalade. Buoux, C\u00e9\u00fcse et Fontainebleau.","publisher":{"@id":"https:\/\/www.escalade.pro\/news\/#organization"},"potentialAction":[{"@type":"SearchAction","target":{"@type":"EntryPoint","urlTemplate":"https:\/\/www.escalade.pro\/news\/?s={search_term_string}"},"query-input":{"@type":"PropertyValueSpecification","valueRequired":true,"valueName":"search_term_string"}}],"inLanguage":"fr-FR"},{"@type":"Organization","@id":"https:\/\/www.escalade.pro\/news\/#organization","name":"L&#039;Arqu\u00e9e Libre - Fred Vionnet entraineur\/moniteur escalade","url":"https:\/\/www.escalade.pro\/news\/","logo":{"@type":"ImageObject","inLanguage":"fr-FR","@id":"https:\/\/www.escalade.pro\/news\/#\/schema\/logo\/image\/","url":"https:\/\/www.escalade.pro\/news\/wp-content\/uploads\/2026\/04\/logo-wp-AL-avril-2026-1.jpg","contentUrl":"https:\/\/www.escalade.pro\/news\/wp-content\/uploads\/2026\/04\/logo-wp-AL-avril-2026-1.jpg","width":1955,"height":902,"caption":"L&#039;Arqu\u00e9e Libre - Fred Vionnet entraineur\/moniteur escalade"},"image":{"@id":"https:\/\/www.escalade.pro\/news\/#\/schema\/logo\/image\/"},"sameAs":["https:\/\/www.facebook.com\/grimpisme\/","https:\/\/www.instagram.com\/grimpisme\/","https:\/\/www.linkedin.com\/in\/fred-vionnet-6284b96a\/","https:\/\/fr.pinterest.com\/grimpisme\/","https:\/\/www.youtube.com\/@grimpisme"]},{"@type":"Person","@id":"https:\/\/www.escalade.pro\/news\/#\/schema\/person\/e0e0520aa48cfda56ae5406c2fe2caeb","name":"Fred Vionnet","image":{"@type":"ImageObject","inLanguage":"fr-FR","@id":"https:\/\/secure.gravatar.com\/avatar\/a2f6c5fc695da895033dcd95afaa6aeda795d5122ab3a22a03e24aab7f3d96a6?s=96&d=blank&r=g","url":"https:\/\/secure.gravatar.com\/avatar\/a2f6c5fc695da895033dcd95afaa6aeda795d5122ab3a22a03e24aab7f3d96a6?s=96&d=blank&r=g","contentUrl":"https:\/\/secure.gravatar.com\/avatar\/a2f6c5fc695da895033dcd95afaa6aeda795d5122ab3a22a03e24aab7f3d96a6?s=96&d=blank&r=g","caption":"Fred Vionnet"},"description":"Coach escalade en Haute Savoie. Pas contre une grande voie non plus. Mais on va \u00e0 C\u00e9\u00fcse, Fontainebleau, Buoux ou encore les Gorges du Verdon quand vous voulez.","sameAs":["http:\/\/www.grimpisme.com","https:\/\/www.facebook.com\/fredCaillouXvionnet","https:\/\/www.linkedin.com\/profile\/preview?vpa=pub&locale=fr_FR","https:\/\/fr.pinterest.com\/grimpisme\/","https:\/\/www.youtube.com\/user\/grimpisme","https:\/\/soundcloud.com\/fredvionnet"],"url":"https:\/\/www.escalade.pro\/news\/author\/fred\/"}]}},"jetpack_publicize_connections":[],"jetpack_featured_media_url":"https:\/\/www.escalade.pro\/news\/wp-content\/uploads\/2025\/05\/youtube.jpg","jetpack_sharing_enabled":true,"jetpack_shortlink":"https:\/\/wp.me\/p68Rw6-77a","jetpack-related-posts":[{"id":19229,"url":"https:\/\/www.escalade.pro\/news\/moniteur-escalade-altitude-1500\/","url_meta":{"origin":27352,"position":0},"title":"BE et DE escalade: l&rsquo;altim\u00e8tre reste bloqu\u00e9 \u00e0 1500m?","author":"Fred Vionnet","date":"17 juin 2020","format":false,"excerpt":"Nous avons les comp\u00e9tences pour encadrer en escalade au-dessus de 1500m, sans aller sur glacier ni n\u00e9v\u00e9s persistants \u00e9videmment. Notre formation en termes de s\u00e9curit\u00e9 et de gestion du milieu naturel ne peut pas \u00eatre remise en cause. En ce qui concerne les comp\u00e9tences purement techniques d\u2019escalade proprement dite nous\u2026","rel":"","context":"Dans &quot;Coups de gueule&quot;","block_context":{"text":"Coups de gueule","link":"https:\/\/www.escalade.pro\/news\/category\/coup-de-gueule\/"},"img":{"alt_text":"extasy escalade sappey","src":"https:\/\/i0.wp.com\/www.escalade.pro\/news\/wp-content\/uploads\/2020\/06\/P1020293.jpg?resize=350%2C200&ssl=1","width":350,"height":200,"srcset":"https:\/\/i0.wp.com\/www.escalade.pro\/news\/wp-content\/uploads\/2020\/06\/P1020293.jpg?resize=350%2C200&ssl=1 1x, https:\/\/i0.wp.com\/www.escalade.pro\/news\/wp-content\/uploads\/2020\/06\/P1020293.jpg?resize=525%2C300&ssl=1 1.5x, https:\/\/i0.wp.com\/www.escalade.pro\/news\/wp-content\/uploads\/2020\/06\/P1020293.jpg?resize=700%2C400&ssl=1 2x, https:\/\/i0.wp.com\/www.escalade.pro\/news\/wp-content\/uploads\/2020\/06\/P1020293.jpg?resize=1050%2C600&ssl=1 3x"},"classes":[]},{"id":28249,"url":"https:\/\/www.escalade.pro\/news\/entrainement-mental-nouveaux-livres\/","url_meta":{"origin":27352,"position":1},"title":"Entra\u00eenement mental escalade : 2 nouveaux livres","author":"Fred Vionnet","date":"22 d\u00e9cembre 2025","format":false,"excerpt":"J\u2019ai deux nouveaux livres remarquables \u00e0 vous pr\u00e9senter. Dans le domaine de l\u2019entra\u00eenement mental en escalade . Avec 2 approches diff\u00e9rentes.","rel":"","context":"Dans &quot;Conseils entrainement escalade&quot;","block_context":{"text":"Conseils entrainement escalade","link":"https:\/\/www.escalade.pro\/news\/category\/entrainement-escalade\/"},"img":{"alt_text":"livre psychologie escalade kevin roet","src":"https:\/\/i0.wp.com\/www.escalade.pro\/news\/wp-content\/uploads\/2025\/09\/psychologie-escalade-entrainement-mental-performances-optimales-150x150.jpg?resize=350%2C200&ssl=1","width":350,"height":200,"srcset":"https:\/\/i0.wp.com\/www.escalade.pro\/news\/wp-content\/uploads\/2025\/09\/psychologie-escalade-entrainement-mental-performances-optimales-150x150.jpg?resize=350%2C200&ssl=1 1x, https:\/\/i0.wp.com\/www.escalade.pro\/news\/wp-content\/uploads\/2025\/09\/psychologie-escalade-entrainement-mental-performances-optimales-150x150.jpg?resize=525%2C300&ssl=1 1.5x, https:\/\/i0.wp.com\/www.escalade.pro\/news\/wp-content\/uploads\/2025\/09\/psychologie-escalade-entrainement-mental-performances-optimales-150x150.jpg?resize=700%2C400&ssl=1 2x"},"classes":[]},{"id":24410,"url":"https:\/\/www.escalade.pro\/news\/avis-livre-entrainer-scientifiquement-escalade\/","url_meta":{"origin":27352,"position":2},"title":"Avis sur le livre \u201cS&rsquo;entra\u00eener scientifiquement pour l&rsquo;escalade\u201d de Sergio Consuegra","author":"Fred Vionnet","date":"26 octobre 2024","format":false,"excerpt":"Vous l\u2019avez compris d\u2019embl\u00e9e, je suis emball\u00e9 par le livre \u201cS'entra\u00eener scientifiquement pour l'escalade\u201d de Sergio Consuegra. L\u2019avis que je vais vous exposer sera donc exigeant et pointu, autant que l\u2019est ce livre !","rel":"","context":"Dans &quot;Conseils entrainement escalade&quot;","block_context":{"text":"Conseils entrainement escalade","link":"https:\/\/www.escalade.pro\/news\/category\/entrainement-escalade\/"},"img":{"alt_text":"livre entrainement scientifique escalade consuegra","src":"https:\/\/i0.wp.com\/www.escalade.pro\/news\/wp-content\/uploads\/2024\/10\/s-entrainer-scientifiquement-pour-l-escalade.png?resize=350%2C200&ssl=1","width":350,"height":200,"srcset":"https:\/\/i0.wp.com\/www.escalade.pro\/news\/wp-content\/uploads\/2024\/10\/s-entrainer-scientifiquement-pour-l-escalade.png?resize=350%2C200&ssl=1 1x, https:\/\/i0.wp.com\/www.escalade.pro\/news\/wp-content\/uploads\/2024\/10\/s-entrainer-scientifiquement-pour-l-escalade.png?resize=525%2C300&ssl=1 1.5x, https:\/\/i0.wp.com\/www.escalade.pro\/news\/wp-content\/uploads\/2024\/10\/s-entrainer-scientifiquement-pour-l-escalade.png?resize=700%2C400&ssl=1 2x"},"classes":[]},{"id":18695,"url":"https:\/\/www.escalade.pro\/news\/trois-livres-peur-vol\/","url_meta":{"origin":27352,"position":3},"title":"Trois livres pour ne plus avoir peur du vol?","author":"Fred Vionnet","date":"21 janvier 2020","format":false,"excerpt":"Je voudrais partager avec vous la lecture de trois ouvrages consacr\u00e9s \u00e0 la pr\u00e9paration mentale en escalade. Pr\u00e9paration mentale et peur du vol sont intimement li\u00e9es dans la pratique de l\u2019escalade, mais ce n\u2019est pas si simple\u2026","rel":"","context":"Dans &quot;Conseils entrainement escalade&quot;","block_context":{"text":"Conseils entrainement escalade","link":"https:\/\/www.escalade.pro\/news\/category\/entrainement-escalade\/"},"img":{"alt_text":"peur vol escalade","src":"https:\/\/i0.wp.com\/www.escalade.pro\/news\/wp-content\/uploads\/2019\/12\/peur-vol.jpg?resize=350%2C200&ssl=1","width":350,"height":200,"srcset":"https:\/\/i0.wp.com\/www.escalade.pro\/news\/wp-content\/uploads\/2019\/12\/peur-vol.jpg?resize=350%2C200&ssl=1 1x, https:\/\/i0.wp.com\/www.escalade.pro\/news\/wp-content\/uploads\/2019\/12\/peur-vol.jpg?resize=525%2C300&ssl=1 1.5x, https:\/\/i0.wp.com\/www.escalade.pro\/news\/wp-content\/uploads\/2019\/12\/peur-vol.jpg?resize=700%2C400&ssl=1 2x"},"classes":[]},{"id":20919,"url":"https:\/\/www.escalade.pro\/news\/livre-escalade-grimper-nature-reynald-bourdier\/","url_meta":{"origin":27352,"position":4},"title":"Nouveau livre: \u00ab\u00a0Escalade &#8211; Grimper dans la nature\u00a0\u00bb par Reynald Bourdier","author":"Fred Vionnet","date":"10 juin 2021","format":false,"excerpt":"Ce bon vieux Renato ne m'a pas d\u00e9\u00e7u avec un livre dont en premier lieu la couverture m'a beaucoup plu. La photo est magnifique, puis les mots m'ont parl\u00e9: \"Se lancer et se d\u00e9passer\", \"Grimper dans la NATURE\".","rel":"","context":"Dans &quot;Escalade&quot;","block_context":{"text":"Escalade","link":"https:\/\/www.escalade.pro\/news\/category\/escalade\/"},"img":{"alt_text":"livre escalade reynald bourdier","src":"https:\/\/i0.wp.com\/www.escalade.pro\/news\/wp-content\/uploads\/2021\/06\/0.jpg?resize=350%2C200&ssl=1","width":350,"height":200},"classes":[]},{"id":18999,"url":"https:\/\/www.escalade.pro\/news\/reprendre-travail-confinement\/","url_meta":{"origin":27352,"position":5},"title":"Pour reprendre le travail durant le confinement","author":"Fred Vionnet","date":"17 avril 2020","format":false,"excerpt":"La pratique de l\u2019escalade en moulinette et en ext\u00e9rieur (le caillou de roche), sur voies d\u2019une longueur (on oublie le bloc et les grandes voies), avec port du casque pour le grimpeur ET l\u2019assureur me semble tout \u00e0 fait raisonnable.","rel":"","context":"Dans &quot;Coups de gueule&quot;","block_context":{"text":"Coups de gueule","link":"https:\/\/www.escalade.pro\/news\/category\/coup-de-gueule\/"},"img":{"alt_text":"mesange bleue","src":"https:\/\/i0.wp.com\/www.escalade.pro\/news\/wp-content\/uploads\/2020\/04\/P1020185.jpg?resize=350%2C200&ssl=1","width":350,"height":200,"srcset":"https:\/\/i0.wp.com\/www.escalade.pro\/news\/wp-content\/uploads\/2020\/04\/P1020185.jpg?resize=350%2C200&ssl=1 1x, https:\/\/i0.wp.com\/www.escalade.pro\/news\/wp-content\/uploads\/2020\/04\/P1020185.jpg?resize=525%2C300&ssl=1 1.5x, https:\/\/i0.wp.com\/www.escalade.pro\/news\/wp-content\/uploads\/2020\/04\/P1020185.jpg?resize=700%2C400&ssl=1 2x, https:\/\/i0.wp.com\/www.escalade.pro\/news\/wp-content\/uploads\/2020\/04\/P1020185.jpg?resize=1050%2C600&ssl=1 3x, https:\/\/i0.wp.com\/www.escalade.pro\/news\/wp-content\/uploads\/2020\/04\/P1020185.jpg?resize=1400%2C800&ssl=1 4x"},"classes":[]}],"_links":{"self":[{"href":"https:\/\/www.escalade.pro\/news\/wp-json\/wp\/v2\/posts\/27352","targetHints":{"allow":["GET"]}}],"collection":[{"href":"https:\/\/www.escalade.pro\/news\/wp-json\/wp\/v2\/posts"}],"about":[{"href":"https:\/\/www.escalade.pro\/news\/wp-json\/wp\/v2\/types\/post"}],"author":[{"embeddable":true,"href":"https:\/\/www.escalade.pro\/news\/wp-json\/wp\/v2\/users\/1"}],"replies":[{"embeddable":true,"href":"https:\/\/www.escalade.pro\/news\/wp-json\/wp\/v2\/comments?post=27352"}],"version-history":[{"count":26,"href":"https:\/\/www.escalade.pro\/news\/wp-json\/wp\/v2\/posts\/27352\/revisions"}],"predecessor-version":[{"id":27397,"href":"https:\/\/www.escalade.pro\/news\/wp-json\/wp\/v2\/posts\/27352\/revisions\/27397"}],"wp:featuredmedia":[{"embeddable":true,"href":"https:\/\/www.escalade.pro\/news\/wp-json\/wp\/v2\/media\/27396"}],"wp:attachment":[{"href":"https:\/\/www.escalade.pro\/news\/wp-json\/wp\/v2\/media?parent=27352"}],"wp:term":[{"taxonomy":"category","embeddable":true,"href":"https:\/\/www.escalade.pro\/news\/wp-json\/wp\/v2\/categories?post=27352"},{"taxonomy":"post_tag","embeddable":true,"href":"https:\/\/www.escalade.pro\/news\/wp-json\/wp\/v2\/tags?post=27352"}],"curies":[{"name":"wp","href":"https:\/\/api.w.org\/{rel}","templated":true}]}}