{"id":2504,"date":"2014-07-16T14:37:18","date_gmt":"2014-07-16T13:37:18","guid":{"rendered":"http:\/\/www.escalade.pro\/news\/?p=2504"},"modified":"2014-07-16T14:38:43","modified_gmt":"2014-07-16T13:38:43","slug":"video-compte-rendu-coupe-monde-chamonix-2014","status":"publish","type":"post","link":"https:\/\/www.escalade.pro\/news\/video-compte-rendu-coupe-monde-chamonix-2014\/","title":{"rendered":"<!--:fr-->Video: compte rendu de la coupe du Monde de Chamonix 2014<!--:-->"},"content":{"rendered":"<p><!--:fr--><iframe loading=\"lazy\" width=\"560\" height=\"315\" src=\"\/\/www.youtube.com\/embed\/Va3iRuzeW2o\" frameborder=\"0\" allowfullscreen><\/iframe><\/p>\n<p>Un compte rendu explicatif que j&rsquo;ai trouv\u00e9 int\u00e9ressant, \u00e0 part pour la vitesse&#8230; Franchement je n&rsquo;y trouve aucun int\u00e9r\u00eat mais chacun fait ce qu&rsquo;il veut!<!--:--><\/p>\n","protected":false},"excerpt":{"rendered":"<p>Un compte rendu explicatif que j&rsquo;ai trouv\u00e9 int\u00e9ressant, \u00e0 part pour la vitesse&#8230; Franchement je n&rsquo;y trouve aucun int\u00e9r\u00eat mais<\/p>\n","protected":false},"author":1,"featured_media":0,"comment_status":"open","ping_status":"open","sticky":false,"template":"","format":"standard","meta":{"colormag_page_container_layout":"default_layout","colormag_page_sidebar_layout":"default_layout","_monsterinsights_skip_tracking":false,"_monsterinsights_sitenote_active":false,"_monsterinsights_sitenote_note":"","_monsterinsights_sitenote_category":0,"ngg_post_thumbnail":0,"jetpack_post_was_ever_published":false,"_jetpack_newsletter_access":"","_jetpack_dont_email_post_to_subs":false,"_jetpack_newsletter_tier_id":0,"_jetpack_memberships_contains_paywalled_content":false,"_jetpack_memberships_contains_paid_content":false,"footnotes":"","jetpack_publicize_message":"","jetpack_publicize_feature_enabled":true,"jetpack_social_post_already_shared":false,"jetpack_social_options":{"image_generator_settings":{"template":"highway","default_image_id":0,"font":"","enabled":false},"version":2}},"categories":[4,1,7],"tags":[],"class_list":["post-2504","post","type-post","status-publish","format-standard","hentry","category-escalade","category-news","category-videos"],"yoast_head":"<!-- This site is optimized with the Yoast SEO plugin v27.5 - https:\/\/yoast.com\/product\/yoast-seo-wordpress\/ -->\n<title>Video: compte rendu de la coupe du Monde de Chamonix 2014 &#8211; L&#039;Arqu\u00e9e Libre - Fred Vionnet entraineur\/moniteur escalade<\/title>\n<meta name=\"robots\" content=\"index, follow, max-snippet:-1, max-image-preview:large, max-video-preview:-1\" \/>\n<link rel=\"canonical\" href=\"https:\/\/www.escalade.pro\/news\/video-compte-rendu-coupe-monde-chamonix-2014\/\" \/>\n<meta property=\"og:locale\" content=\"fr_FR\" \/>\n<meta property=\"og:type\" content=\"article\" \/>\n<meta property=\"og:title\" content=\"Video: compte rendu de la coupe du Monde de Chamonix 2014 &#8211; L&#039;Arqu\u00e9e Libre - Fred Vionnet entraineur\/moniteur escalade\" \/>\n<meta property=\"og:description\" content=\"Un compte rendu explicatif que j&rsquo;ai trouv\u00e9 int\u00e9ressant, \u00e0 part pour la vitesse&#8230; Franchement je n&rsquo;y trouve aucun int\u00e9r\u00eat mais\" \/>\n<meta property=\"og:url\" content=\"https:\/\/www.escalade.pro\/news\/video-compte-rendu-coupe-monde-chamonix-2014\/\" \/>\n<meta property=\"og:site_name\" content=\"L&#039;Arqu\u00e9e Libre - Fred Vionnet entraineur\/moniteur escalade\" \/>\n<meta property=\"article:publisher\" content=\"https:\/\/www.facebook.com\/grimpisme\/\" \/>\n<meta property=\"article:author\" content=\"https:\/\/www.facebook.com\/fredCaillouXvionnet\" \/>\n<meta property=\"article:published_time\" content=\"2014-07-16T13:37:18+00:00\" \/>\n<meta property=\"article:modified_time\" content=\"2014-07-16T13:38:43+00:00\" \/>\n<meta name=\"author\" content=\"Fred Vionnet\" \/>\n<meta name=\"twitter:card\" content=\"summary_large_image\" \/>\n<meta name=\"twitter:label1\" content=\"\u00c9crit par\" \/>\n\t<meta name=\"twitter:data1\" content=\"Fred Vionnet\" \/>\n<script type=\"application\/ld+json\" class=\"yoast-schema-graph\">{\"@context\":\"https:\\\/\\\/schema.org\",\"@graph\":[{\"@type\":\"Article\",\"@id\":\"https:\\\/\\\/www.escalade.pro\\\/news\\\/video-compte-rendu-coupe-monde-chamonix-2014\\\/#article\",\"isPartOf\":{\"@id\":\"https:\\\/\\\/www.escalade.pro\\\/news\\\/video-compte-rendu-coupe-monde-chamonix-2014\\\/\"},\"author\":{\"name\":\"Fred Vionnet\",\"@id\":\"https:\\\/\\\/www.escalade.pro\\\/news\\\/#\\\/schema\\\/person\\\/e0e0520aa48cfda56ae5406c2fe2caeb\"},\"headline\":\"Video: compte rendu de la coupe du Monde de Chamonix 2014\",\"datePublished\":\"2014-07-16T13:37:18+00:00\",\"dateModified\":\"2014-07-16T13:38:43+00:00\",\"mainEntityOfPage\":{\"@id\":\"https:\\\/\\\/www.escalade.pro\\\/news\\\/video-compte-rendu-coupe-monde-chamonix-2014\\\/\"},\"wordCount\":37,\"commentCount\":0,\"publisher\":{\"@id\":\"https:\\\/\\\/www.escalade.pro\\\/news\\\/#organization\"},\"articleSection\":[\"Escalade\",\"News et actu\",\"Vid\u00e9os\"],\"inLanguage\":\"fr-FR\",\"potentialAction\":[{\"@type\":\"CommentAction\",\"name\":\"Comment\",\"target\":[\"https:\\\/\\\/www.escalade.pro\\\/news\\\/video-compte-rendu-coupe-monde-chamonix-2014\\\/#respond\"]}]},{\"@type\":\"WebPage\",\"@id\":\"https:\\\/\\\/www.escalade.pro\\\/news\\\/video-compte-rendu-coupe-monde-chamonix-2014\\\/\",\"url\":\"https:\\\/\\\/www.escalade.pro\\\/news\\\/video-compte-rendu-coupe-monde-chamonix-2014\\\/\",\"name\":\"Video: compte rendu de la coupe du Monde de Chamonix 2014 &#8211; L&#039;Arqu\u00e9e Libre - Fred Vionnet entraineur\\\/moniteur escalade\",\"isPartOf\":{\"@id\":\"https:\\\/\\\/www.escalade.pro\\\/news\\\/#website\"},\"datePublished\":\"2014-07-16T13:37:18+00:00\",\"dateModified\":\"2014-07-16T13:38:43+00:00\",\"breadcrumb\":{\"@id\":\"https:\\\/\\\/www.escalade.pro\\\/news\\\/video-compte-rendu-coupe-monde-chamonix-2014\\\/#breadcrumb\"},\"inLanguage\":\"fr-FR\",\"potentialAction\":[{\"@type\":\"ReadAction\",\"target\":[\"https:\\\/\\\/www.escalade.pro\\\/news\\\/video-compte-rendu-coupe-monde-chamonix-2014\\\/\"]}]},{\"@type\":\"BreadcrumbList\",\"@id\":\"https:\\\/\\\/www.escalade.pro\\\/news\\\/video-compte-rendu-coupe-monde-chamonix-2014\\\/#breadcrumb\",\"itemListElement\":[{\"@type\":\"ListItem\",\"position\":1,\"name\":\"Accueil\",\"item\":\"https:\\\/\\\/www.escalade.pro\\\/news\\\/\"},{\"@type\":\"ListItem\",\"position\":2,\"name\":\"Video: compte rendu de la coupe du Monde de Chamonix 2014\"}]},{\"@type\":\"WebSite\",\"@id\":\"https:\\\/\\\/www.escalade.pro\\\/news\\\/#website\",\"url\":\"https:\\\/\\\/www.escalade.pro\\\/news\\\/\",\"name\":\"L&#039;Arqu\u00e9e Libre - Fred Vionnet entraineur\\\/moniteur escalade\",\"description\":\"Coaching et entrainement escalade. Buoux, C\u00e9\u00fcse et Fontainebleau.\",\"publisher\":{\"@id\":\"https:\\\/\\\/www.escalade.pro\\\/news\\\/#organization\"},\"potentialAction\":[{\"@type\":\"SearchAction\",\"target\":{\"@type\":\"EntryPoint\",\"urlTemplate\":\"https:\\\/\\\/www.escalade.pro\\\/news\\\/?s={search_term_string}\"},\"query-input\":{\"@type\":\"PropertyValueSpecification\",\"valueRequired\":true,\"valueName\":\"search_term_string\"}}],\"inLanguage\":\"fr-FR\"},{\"@type\":\"Organization\",\"@id\":\"https:\\\/\\\/www.escalade.pro\\\/news\\\/#organization\",\"name\":\"L&#039;Arqu\u00e9e Libre - Fred Vionnet entraineur\\\/moniteur escalade\",\"url\":\"https:\\\/\\\/www.escalade.pro\\\/news\\\/\",\"logo\":{\"@type\":\"ImageObject\",\"inLanguage\":\"fr-FR\",\"@id\":\"https:\\\/\\\/www.escalade.pro\\\/news\\\/#\\\/schema\\\/logo\\\/image\\\/\",\"url\":\"https:\\\/\\\/www.escalade.pro\\\/news\\\/wp-content\\\/uploads\\\/2026\\\/04\\\/logo-wp-AL-avril-2026-1.jpg\",\"contentUrl\":\"https:\\\/\\\/www.escalade.pro\\\/news\\\/wp-content\\\/uploads\\\/2026\\\/04\\\/logo-wp-AL-avril-2026-1.jpg\",\"width\":1955,\"height\":902,\"caption\":\"L&#039;Arqu\u00e9e Libre - Fred Vionnet entraineur\\\/moniteur escalade\"},\"image\":{\"@id\":\"https:\\\/\\\/www.escalade.pro\\\/news\\\/#\\\/schema\\\/logo\\\/image\\\/\"},\"sameAs\":[\"https:\\\/\\\/www.facebook.com\\\/grimpisme\\\/\",\"https:\\\/\\\/www.instagram.com\\\/grimpisme\\\/\",\"https:\\\/\\\/www.linkedin.com\\\/in\\\/fred-vionnet-6284b96a\\\/\",\"https:\\\/\\\/fr.pinterest.com\\\/grimpisme\\\/\",\"https:\\\/\\\/www.youtube.com\\\/@grimpisme\"]},{\"@type\":\"Person\",\"@id\":\"https:\\\/\\\/www.escalade.pro\\\/news\\\/#\\\/schema\\\/person\\\/e0e0520aa48cfda56ae5406c2fe2caeb\",\"name\":\"Fred Vionnet\",\"image\":{\"@type\":\"ImageObject\",\"inLanguage\":\"fr-FR\",\"@id\":\"https:\\\/\\\/secure.gravatar.com\\\/avatar\\\/a2f6c5fc695da895033dcd95afaa6aeda795d5122ab3a22a03e24aab7f3d96a6?s=96&d=blank&r=g\",\"url\":\"https:\\\/\\\/secure.gravatar.com\\\/avatar\\\/a2f6c5fc695da895033dcd95afaa6aeda795d5122ab3a22a03e24aab7f3d96a6?s=96&d=blank&r=g\",\"contentUrl\":\"https:\\\/\\\/secure.gravatar.com\\\/avatar\\\/a2f6c5fc695da895033dcd95afaa6aeda795d5122ab3a22a03e24aab7f3d96a6?s=96&d=blank&r=g\",\"caption\":\"Fred Vionnet\"},\"description\":\"Coach escalade en Haute Savoie. Pas contre une grande voie non plus. Mais on va \u00e0 C\u00e9\u00fcse, Fontainebleau, Buoux ou encore les Gorges du Verdon quand vous voulez.\",\"sameAs\":[\"http:\\\/\\\/www.grimpisme.com\",\"https:\\\/\\\/www.facebook.com\\\/fredCaillouXvionnet\",\"https:\\\/\\\/www.linkedin.com\\\/profile\\\/preview?vpa=pub&locale=fr_FR\",\"https:\\\/\\\/fr.pinterest.com\\\/grimpisme\\\/\",\"https:\\\/\\\/www.youtube.com\\\/user\\\/grimpisme\",\"https:\\\/\\\/soundcloud.com\\\/fredvionnet\"],\"url\":\"https:\\\/\\\/www.escalade.pro\\\/news\\\/author\\\/fred\\\/\"}]}<\/script>\n<!-- \/ Yoast SEO plugin. -->","yoast_head_json":{"title":"Video: compte rendu de la coupe du Monde de Chamonix 2014 &#8211; L&#039;Arqu\u00e9e Libre - Fred Vionnet entraineur\/moniteur escalade","robots":{"index":"index","follow":"follow","max-snippet":"max-snippet:-1","max-image-preview":"max-image-preview:large","max-video-preview":"max-video-preview:-1"},"canonical":"https:\/\/www.escalade.pro\/news\/video-compte-rendu-coupe-monde-chamonix-2014\/","og_locale":"fr_FR","og_type":"article","og_title":"Video: compte rendu de la coupe du Monde de Chamonix 2014 &#8211; L&#039;Arqu\u00e9e Libre - Fred Vionnet entraineur\/moniteur escalade","og_description":"Un compte rendu explicatif que j&rsquo;ai trouv\u00e9 int\u00e9ressant, \u00e0 part pour la vitesse&#8230; Franchement je n&rsquo;y trouve aucun int\u00e9r\u00eat mais","og_url":"https:\/\/www.escalade.pro\/news\/video-compte-rendu-coupe-monde-chamonix-2014\/","og_site_name":"L&#039;Arqu\u00e9e Libre - Fred Vionnet entraineur\/moniteur escalade","article_publisher":"https:\/\/www.facebook.com\/grimpisme\/","article_author":"https:\/\/www.facebook.com\/fredCaillouXvionnet","article_published_time":"2014-07-16T13:37:18+00:00","article_modified_time":"2014-07-16T13:38:43+00:00","author":"Fred Vionnet","twitter_card":"summary_large_image","twitter_misc":{"\u00c9crit par":"Fred Vionnet"},"schema":{"@context":"https:\/\/schema.org","@graph":[{"@type":"Article","@id":"https:\/\/www.escalade.pro\/news\/video-compte-rendu-coupe-monde-chamonix-2014\/#article","isPartOf":{"@id":"https:\/\/www.escalade.pro\/news\/video-compte-rendu-coupe-monde-chamonix-2014\/"},"author":{"name":"Fred Vionnet","@id":"https:\/\/www.escalade.pro\/news\/#\/schema\/person\/e0e0520aa48cfda56ae5406c2fe2caeb"},"headline":"Video: compte rendu de la coupe du Monde de Chamonix 2014","datePublished":"2014-07-16T13:37:18+00:00","dateModified":"2014-07-16T13:38:43+00:00","mainEntityOfPage":{"@id":"https:\/\/www.escalade.pro\/news\/video-compte-rendu-coupe-monde-chamonix-2014\/"},"wordCount":37,"commentCount":0,"publisher":{"@id":"https:\/\/www.escalade.pro\/news\/#organization"},"articleSection":["Escalade","News et actu","Vid\u00e9os"],"inLanguage":"fr-FR","potentialAction":[{"@type":"CommentAction","name":"Comment","target":["https:\/\/www.escalade.pro\/news\/video-compte-rendu-coupe-monde-chamonix-2014\/#respond"]}]},{"@type":"WebPage","@id":"https:\/\/www.escalade.pro\/news\/video-compte-rendu-coupe-monde-chamonix-2014\/","url":"https:\/\/www.escalade.pro\/news\/video-compte-rendu-coupe-monde-chamonix-2014\/","name":"Video: compte rendu de la coupe du Monde de Chamonix 2014 &#8211; L&#039;Arqu\u00e9e Libre - Fred Vionnet entraineur\/moniteur escalade","isPartOf":{"@id":"https:\/\/www.escalade.pro\/news\/#website"},"datePublished":"2014-07-16T13:37:18+00:00","dateModified":"2014-07-16T13:38:43+00:00","breadcrumb":{"@id":"https:\/\/www.escalade.pro\/news\/video-compte-rendu-coupe-monde-chamonix-2014\/#breadcrumb"},"inLanguage":"fr-FR","potentialAction":[{"@type":"ReadAction","target":["https:\/\/www.escalade.pro\/news\/video-compte-rendu-coupe-monde-chamonix-2014\/"]}]},{"@type":"BreadcrumbList","@id":"https:\/\/www.escalade.pro\/news\/video-compte-rendu-coupe-monde-chamonix-2014\/#breadcrumb","itemListElement":[{"@type":"ListItem","position":1,"name":"Accueil","item":"https:\/\/www.escalade.pro\/news\/"},{"@type":"ListItem","position":2,"name":"Video: compte rendu de la coupe du Monde de Chamonix 2014"}]},{"@type":"WebSite","@id":"https:\/\/www.escalade.pro\/news\/#website","url":"https:\/\/www.escalade.pro\/news\/","name":"L&#039;Arqu\u00e9e Libre - Fred Vionnet entraineur\/moniteur escalade","description":"Coaching et entrainement escalade. Buoux, C\u00e9\u00fcse et Fontainebleau.","publisher":{"@id":"https:\/\/www.escalade.pro\/news\/#organization"},"potentialAction":[{"@type":"SearchAction","target":{"@type":"EntryPoint","urlTemplate":"https:\/\/www.escalade.pro\/news\/?s={search_term_string}"},"query-input":{"@type":"PropertyValueSpecification","valueRequired":true,"valueName":"search_term_string"}}],"inLanguage":"fr-FR"},{"@type":"Organization","@id":"https:\/\/www.escalade.pro\/news\/#organization","name":"L&#039;Arqu\u00e9e Libre - Fred Vionnet entraineur\/moniteur escalade","url":"https:\/\/www.escalade.pro\/news\/","logo":{"@type":"ImageObject","inLanguage":"fr-FR","@id":"https:\/\/www.escalade.pro\/news\/#\/schema\/logo\/image\/","url":"https:\/\/www.escalade.pro\/news\/wp-content\/uploads\/2026\/04\/logo-wp-AL-avril-2026-1.jpg","contentUrl":"https:\/\/www.escalade.pro\/news\/wp-content\/uploads\/2026\/04\/logo-wp-AL-avril-2026-1.jpg","width":1955,"height":902,"caption":"L&#039;Arqu\u00e9e Libre - Fred Vionnet entraineur\/moniteur escalade"},"image":{"@id":"https:\/\/www.escalade.pro\/news\/#\/schema\/logo\/image\/"},"sameAs":["https:\/\/www.facebook.com\/grimpisme\/","https:\/\/www.instagram.com\/grimpisme\/","https:\/\/www.linkedin.com\/in\/fred-vionnet-6284b96a\/","https:\/\/fr.pinterest.com\/grimpisme\/","https:\/\/www.youtube.com\/@grimpisme"]},{"@type":"Person","@id":"https:\/\/www.escalade.pro\/news\/#\/schema\/person\/e0e0520aa48cfda56ae5406c2fe2caeb","name":"Fred Vionnet","image":{"@type":"ImageObject","inLanguage":"fr-FR","@id":"https:\/\/secure.gravatar.com\/avatar\/a2f6c5fc695da895033dcd95afaa6aeda795d5122ab3a22a03e24aab7f3d96a6?s=96&d=blank&r=g","url":"https:\/\/secure.gravatar.com\/avatar\/a2f6c5fc695da895033dcd95afaa6aeda795d5122ab3a22a03e24aab7f3d96a6?s=96&d=blank&r=g","contentUrl":"https:\/\/secure.gravatar.com\/avatar\/a2f6c5fc695da895033dcd95afaa6aeda795d5122ab3a22a03e24aab7f3d96a6?s=96&d=blank&r=g","caption":"Fred Vionnet"},"description":"Coach escalade en Haute Savoie. Pas contre une grande voie non plus. Mais on va \u00e0 C\u00e9\u00fcse, Fontainebleau, Buoux ou encore les Gorges du Verdon quand vous voulez.","sameAs":["http:\/\/www.grimpisme.com","https:\/\/www.facebook.com\/fredCaillouXvionnet","https:\/\/www.linkedin.com\/profile\/preview?vpa=pub&locale=fr_FR","https:\/\/fr.pinterest.com\/grimpisme\/","https:\/\/www.youtube.com\/user\/grimpisme","https:\/\/soundcloud.com\/fredvionnet"],"url":"https:\/\/www.escalade.pro\/news\/author\/fred\/"}]}},"jetpack_publicize_connections":[],"jetpack_featured_media_url":"","jetpack_sharing_enabled":true,"jetpack_shortlink":"https:\/\/wp.me\/p68Rw6-Eo","jetpack-related-posts":[{"id":4009,"url":"https:\/\/www.escalade.pro\/news\/test-corde-gully-beal\/","url_meta":{"origin":2504,"position":0},"title":"Test de la corde Gully Beal","author":"Fred Vionnet","date":"27 novembre 2014","format":false,"excerpt":"Voil\u00e0 un peu plus d'un an que la corde Gully B\u00e9al est sortie et que nous l'utilisons. Le recul est maintenant suffisant pour publier un test apr\u00e8s une utilisation r\u00e9guli\u00e8re (voir la liste des courses effectu\u00e9es avec la Gully plus bas). Et oui chez Grimpisme on ne teste pas le\u2026","rel":"","context":"Dans &quot;Tests mat\u00e9riel, nouveaut\u00e9s et lectures&quot;","block_context":{"text":"Tests mat\u00e9riel, nouveaut\u00e9s et lectures","link":"https:\/\/www.escalade.pro\/news\/category\/tests-materiel\/"},"img":{"alt_text":"test_corde_gully_beal (2)","src":"https:\/\/i0.wp.com\/www.escalade.pro\/news\/wp-content\/uploads\/2014\/11\/test_corde_gully_beal-2-300x225.jpg?resize=350%2C200","width":350,"height":200},"classes":[]},{"id":5495,"url":"https:\/\/www.escalade.pro\/news\/aiguille-orny-cabane\/","url_meta":{"origin":2504,"position":1},"title":"Granit aux aiguilles d&rsquo;Orny et de la Cabane","author":"Fred Vionnet","date":"9 juin 2015","format":false,"excerpt":"Nous avons pass\u00e9 2 nuits \u00e0 la cabane d\u2019Orny pour fuir la canicule et profiter des orages de fin de journ\u00e9e. Le plan initial \u00e9tait de gravir la face nord du Portalet le premier matin, puis de tripoter du granit le lendemain. Malheureusement le Portalet \u00e9tait d\u00e9j\u00e0 trop sec (\u2026","rel":"","context":"Dans &quot;Alpinisme&quot;","block_context":{"text":"Alpinisme","link":"https:\/\/www.escalade.pro\/news\/category\/alpinisme\/"},"img":{"alt_text":"Aiguille de la Cabane","src":"https:\/\/i0.wp.com\/www.escalade.pro\/news\/wp-content\/uploads\/2015\/06\/aiguille_cabane-300x225.jpg?resize=350%2C200","width":350,"height":200},"classes":[]},{"id":3426,"url":"https:\/\/www.escalade.pro\/news\/video-petzl-roc-trip-2014-roumanie\/","url_meta":{"origin":2504,"position":2},"title":"Video: Petzl RocTrip 2014 &#8211; Ep1 RoumaniaVid\u00e9o: Petzl Roc Trip 2014, la Roumanie","author":"Fred Vionnet","date":"23 septembre 2014","format":false,"excerpt":"First part of 2014 Petzl Roc Trip, in Roumania. Le compte-rendu vid\u00e9o de la premi\u00e8re partie du Petzl Roc Trip 2014, en Roumanie.","rel":"","context":"Dans &quot;Escalade&quot;","block_context":{"text":"Escalade","link":"https:\/\/www.escalade.pro\/news\/category\/escalade\/"},"img":{"alt_text":"","src":"","width":0,"height":0},"classes":[]},{"id":5512,"url":"https:\/\/www.escalade.pro\/news\/coupe-du-monde-bloc-vail-2015\/","url_meta":{"origin":2504,"position":3},"title":"Objectif Coupe du Monde de Bloc 2025!","author":"Fred Vionnet","date":"10 juin 2015","format":false,"excerpt":"Je pr\u00e9pare la Coupe du Monde Bloc 2015 avec les p'tiots de la MJC de Saint Gervais... en attendant voici la redif des finales de l'\u00e9preuve de Vail (US) 2015. Pour pouvez aussi lire le compte-rendu de la FFME.","rel":"","context":"Dans &quot;Conseils entrainement escalade&quot;","block_context":{"text":"Conseils entrainement escalade","link":"https:\/\/www.escalade.pro\/news\/category\/entrainement-escalade\/"},"img":{"alt_text":"","src":"","width":0,"height":0},"classes":[]},{"id":13506,"url":"https:\/\/www.escalade.pro\/news\/pointes-carmelite-combe-marto-ski\/","url_meta":{"origin":2504,"position":4},"title":"Pointes de la Carm\u00e9lite et Combe Marto","author":"Fred Vionnet","date":"23 janvier 2017","format":false,"excerpt":"Je ne suis pas un grand fan des Aravis, \u00e7a fait de la route pour trouver souvent encore plus de monde qu'\u00e0 Chamonix. Heureusement le secteur du Reposoir est toujours plus calme. Est-ce d\u00fb au d\u00e9nivel\u00e9 qui est minimum de 1300m, o\u00f9 \u00e0 la raideur et \u00e0 l'\u00e9troiture du chemin?\u2026","rel":"","context":"Dans &quot;Mes sorties - retours d'exp\u00e9rience&quot;","block_context":{"text":"Mes sorties - retours d'exp\u00e9rience","link":"https:\/\/www.escalade.pro\/news\/category\/mes-sorties\/"},"img":{"alt_text":"","src":"https:\/\/i0.wp.com\/www.escalade.pro\/news\/wp-content\/uploads\/2017\/01\/P1090974.jpg?resize=350%2C200&ssl=1","width":350,"height":200,"srcset":"https:\/\/i0.wp.com\/www.escalade.pro\/news\/wp-content\/uploads\/2017\/01\/P1090974.jpg?resize=350%2C200&ssl=1 1x, https:\/\/i0.wp.com\/www.escalade.pro\/news\/wp-content\/uploads\/2017\/01\/P1090974.jpg?resize=525%2C300&ssl=1 1.5x, https:\/\/i0.wp.com\/www.escalade.pro\/news\/wp-content\/uploads\/2017\/01\/P1090974.jpg?resize=700%2C400&ssl=1 2x"},"classes":[]},{"id":2842,"url":"https:\/\/www.escalade.pro\/news\/videos-grimpe-8-aout\/","url_meta":{"origin":2504,"position":5},"title":"Trad, comp and bouldering, 3 daily videosLes 3 vid\u00e9os de grimpe du 8 ao\u00fbt","author":"Fred Vionnet","date":"8 ao\u00fbt 2014","format":false,"excerpt":"Tout \u00e0 Blocs 2014 par tlcprod p>Rafale de vid\u00e9os ce matin avec 3 th\u00e8mes bien diff\u00e9rents: - le compte rendu du TAB - Peter Vintoniv qui grimpe sans les spits \u00e0 Little Cottonwood Canyon (US) - et David Mason qui enquille les blocs dur \u00e0 Joe's Valley (US again). Tout\u2026","rel":"","context":"Dans &quot;Escalade&quot;","block_context":{"text":"Escalade","link":"https:\/\/www.escalade.pro\/news\/category\/escalade\/"},"img":{"alt_text":"","src":"","width":0,"height":0},"classes":[]}],"_links":{"self":[{"href":"https:\/\/www.escalade.pro\/news\/wp-json\/wp\/v2\/posts\/2504","targetHints":{"allow":["GET"]}}],"collection":[{"href":"https:\/\/www.escalade.pro\/news\/wp-json\/wp\/v2\/posts"}],"about":[{"href":"https:\/\/www.escalade.pro\/news\/wp-json\/wp\/v2\/types\/post"}],"author":[{"embeddable":true,"href":"https:\/\/www.escalade.pro\/news\/wp-json\/wp\/v2\/users\/1"}],"replies":[{"embeddable":true,"href":"https:\/\/www.escalade.pro\/news\/wp-json\/wp\/v2\/comments?post=2504"}],"version-history":[{"count":2,"href":"https:\/\/www.escalade.pro\/news\/wp-json\/wp\/v2\/posts\/2504\/revisions"}],"predecessor-version":[{"id":2506,"href":"https:\/\/www.escalade.pro\/news\/wp-json\/wp\/v2\/posts\/2504\/revisions\/2506"}],"wp:attachment":[{"href":"https:\/\/www.escalade.pro\/news\/wp-json\/wp\/v2\/media?parent=2504"}],"wp:term":[{"taxonomy":"category","embeddable":true,"href":"https:\/\/www.escalade.pro\/news\/wp-json\/wp\/v2\/categories?post=2504"},{"taxonomy":"post_tag","embeddable":true,"href":"https:\/\/www.escalade.pro\/news\/wp-json\/wp\/v2\/tags?post=2504"}],"curies":[{"name":"wp","href":"https:\/\/api.w.org\/{rel}","templated":true}]}}