{"id":22528,"date":"2023-02-07T17:01:28","date_gmt":"2023-02-07T16:01:28","guid":{"rendered":"https:\/\/www.escalade.pro\/news\/?p=22528"},"modified":"2023-03-02T16:55:20","modified_gmt":"2023-03-02T15:55:20","slug":"progression-force","status":"publish","type":"post","link":"https:\/\/www.escalade.pro\/news\/progression-force\/","title":{"rendered":"[RETOUR D\u2019EXPERIENCE] 25% de gain de force en semi-arqu\u00e9 ?"},"content":{"rendered":"<p>J\u2019ai choisi un titre racoleur. C\u2019est un choix d\u00e9lib\u00e9r\u00e9, car j\u2019aimerais apporter un point de vue nuanc\u00e9 sur les promesses de progression rapide et facile. <br \/>\nOn est bien d\u2019accord, certains veulent trop vendre. Je d\u00e9teste cette nouvelle mentalit\u00e9 qui s\u2019est install\u00e9e dans notre milieu. M\u00eame s\u2019il est vrai que <strong>dans certains contextes, on peut progresser tr\u00e8s rapidement. Je m\u2019explique.<\/strong><\/p>\n<hr \/>\n<h6><u>Prise de force de 25% en semi-arqu\u00e9!<\/u><\/h6>\n<p>J\u2019ai identifi\u00e9 depuis 2 ans environ les soucis que rencontre ma compagne sur la pr\u00e9hension semi-arqu\u00e9. Nous reparlerons des pr\u00e9hensions et de leur maitrise prochainement (il y a beaucoup de choses dites et faites sur ce th\u00e8me qui me g\u00eanent). Elle la travaille souvent, que ce soit en grimpant, o\u00f9 avec des exercices de poutre, faciles, avec les pieds au sol. Les progr\u00e8s furent r\u00e9guliers, constants, mais pas fulgurants.<br \/>\nDurant les vacances de No\u00ebl, j\u2019ai d\u00e9cid\u00e9 de me pencher de mani\u00e8re plus organis\u00e9e sur ce probl\u00e8me. La m\u00e9t\u00e9o \u00e9tait souvent mauvaise. Nous voulions \u00e9viter de trop prendre la voiture. Le timing \u00e9tait id\u00e9al.<br \/>\n<strong>Sur une p\u00e9riode de 20 jours, Kirsten a suivi 6 s\u00e9ances de poutre enti\u00e8rement ax\u00e9es sur le travail de la pr\u00e9hension semi-arqu\u00e9. Il s\u2019agissait d\u2019efforts de 20 seconde de tirage \u00e0 65% de sa force maximale, avec beaucoup de repos. Nous utilisions la plateforme de force Entralpi (<a href=\"https:\/\/entralpi.com\/\" rel=\"noopener\" target=\"_blank\">entralpi.com<\/a>) pour ces s\u00e9ances. Ces s\u00e9ances \u00e9taient faciles<\/strong>, m\u00eame si j\u2019aurais pr\u00e9f\u00e9r\u00e9 les rendre encore plus facile en travaillant \u00e0 50% de la force maximale. Malheureusement, le backoffice d\u2019Entralpi ne donne pas assez de pr\u00e9cision dans l\u2019ajustement des intensit\u00e9s. Je pense d\u2019ailleurs passer sur Tindeq (voir ce <a href=\"https:\/\/euroholds.com\/en\/campus-training-tools\/1338-tindeq-progressor-150-8435561601489.html\" rel=\"noopener\" target=\"_blank\">lien<\/a>) rapidement.<br \/>\n<strong>Fin janvier, malgr\u00e9 la forte fatigue qu\u2019elle ressentait lors d\u2019une s\u00e9ance de voie (trop de travail et de d\u00e9placements), il \u00e9tait \u00e9vident qu\u2019elle \u201cmarchait\u201d dans beaucoup de voies. Des voies qui lui auraient paus\u00e9 des probl\u00e8mes auparavant avec un tel \u00e9tat de fatigue. Nous \u00e9tions sur tous les deux certains que sa progression en force doigt \u00e9tait l\u2019explication. Et le test a confirm\u00e9 notre intuition : +25% de force maximum en semi-arqu\u00e9!<\/strong><\/p>\n<p><strong>Mais pas d\u2019enflammade. Il s\u2019agit d\u2019une adaptation sp\u00e9cifique (un entrainement sp\u00e9cifique entraine in\u00e9vitablement une adaptation sp\u00e9cifique). Elle est provoqu\u00e9e et mesur\u00e9e via un protocole de tirage et non de suspension.<\/strong> Pour ceux que ce sujet int\u00e9resse, voir ce <a href=\"https:\/\/www.trainingbeta.com\/to-pull-or-hang\/\" rel=\"noopener\" target=\"_blank\">lien de trainingbeta.com<\/a> (solide ce Tyler Nelson!). <br \/>\nEt pourtant, cette adaptation a des r\u00e9percutions \u00e9videntes sur le niveau de grimpe de Kirsten. Malgr\u00e9 <strong>des exercices r\u00e9alis\u00e9s \u00e0 une faible intensit\u00e9, sans accumulation de fatigue.<\/strong> Si le niveau de force maximale augmente, cela est permis en grande partie \u00e0 un apprentissage de la position des doigts, de la coordination inter-musculaire, d&rsquo;un d\u00e9but de renforcement des structures, etc. <strong>Les param\u00e8tres habituels que nous travaillons, de force musculaire et de recrutement, ne sont pas les seuls responsables de cette rapide progression (si \u00e7a vous int\u00e9resse, voir ce <a href=\"https:\/\/www.climbing.com\/skills\/fingerboard-training-is-for-novice-climbers-part-1\/\" rel=\"noopener\" target=\"_blank\">lien<\/a>). Il reste encore beaucoup de travail \u00e0 r\u00e9aliser en s&rsquo;appuyant sur cette premi\u00e8re base.<\/strong><\/p>\n<figure id=\"attachment_22536\" aria-describedby=\"caption-attachment-22536\" style=\"width: 225px\" class=\"wp-caption aligncenter\"><a href=\"https:\/\/www.escalade.pro\/news\/wp-content\/uploads\/2023\/02\/forcedoigtsmono2.jpg\"><img loading=\"lazy\" decoding=\"async\" src=\"https:\/\/www.escalade.pro\/news\/wp-content\/uploads\/2023\/02\/forcedoigtsmono2-225x300.jpg\" alt=\"entrainement force doigt escalade\" width=\"225\" height=\"300\" class=\"size-medium wp-image-22536\" srcset=\"https:\/\/www.escalade.pro\/news\/wp-content\/uploads\/2023\/02\/forcedoigtsmono2-225x300.jpg 225w, https:\/\/www.escalade.pro\/news\/wp-content\/uploads\/2023\/02\/forcedoigtsmono2-768x1024.jpg 768w, https:\/\/www.escalade.pro\/news\/wp-content\/uploads\/2023\/02\/forcedoigtsmono2-400x533.jpg 400w, https:\/\/www.escalade.pro\/news\/wp-content\/uploads\/2023\/02\/forcedoigtsmono2.jpg 900w\" sizes=\"auto, (max-width: 225px) 100vw, 225px\" \/><\/a><figcaption id=\"caption-attachment-22536\" class=\"wp-caption-text\">Entrainement monodoigt avec la plateforme Entralpi. 50% de la force maximale, s\u00e9ries de 20&Prime;.<\/figcaption><\/figure>\n<hr \/>\n<p>Ma conclusion \u00e0 ce rapide retour d\u2019exp\u00e9rience est la suivante. <strong>Lorsque que vous avez d\u00e9termin\u00e9 un point faible dans votre grimpe, il faut \u00e9videmment s\u2019en occuper. Cela doit se faire de mani\u00e8re douce, progressive et intelligente<\/strong> (voir cet article sur la <a href=\"https:\/\/www.escalade.pro\/news\/zone-confort\/\">zone de confort<\/a>). <strong>Il faut laisser le temps au corps de s\u2019adapter, d\u2019assimiler la nouveaut\u00e9 et ainsi \u00e9viter la blessure. Il faut \u00e9galement laisser le temps \u00e0 la \u201ct\u00eate \u201cd\u2019apprendre, et de d\u00e9velopper la confiance.<\/strong><\/p>\n<p>Si je ne suis pas bon en dalle, je ne vais pas n\u2019essayer que des pieds mains horribles sur des rasoirs jusqu\u2019\u00e0 en pleurer. Je vais plut\u00f4t grimper des circuits de bloc abordables en dalle en me concentrant sur mes sensations. Je vais chercher \u00e0 apprendre et comprendre, \u00e0 me faire plaisir. Si je ne tiens pas les plats, je ne vais pas faire 3 s\u00e9ances d\u2019anneaux sur les pieds par semaine et me lester sur la poutre avec des suspensions de 5 secondes en allant jusqu\u2019\u00e0 l\u2019<a href=\"https:\/\/www.escalade.pro\/news\/entrainement-escalade-echec-progression\/\" rel=\"noopener\" target=\"_blank\">\u00e9chec<\/a>. Je vais opter pour une strat\u00e9gie plus intelligente et globale avec du renforcement musculaire \u00e9quilibr\u00e9, du travail technique associ\u00e9 \u00e0 une d\u00e9veloppement de la confiance en soi et du plaisir de grimper dans ce style de grimpe particulier<\/p>\n<p><strong>Je commence par apprendre les bases en misant sur la quantit\u00e9, la facilit\u00e9 et la bienveillance envers moi-m\u00eame. La progression sera donc effectivement rapide au d\u00e9but car la marge de progression est grande. C\u2019est valorisant et cela apporte des progr\u00e8s p\u00e9rennes, assimil\u00e9s, stabilis\u00e9s, sur lesquels on peut ensuite construire. Sans vouloir sauter les \u00e9tapes. Ce qui est vite gagn\u00e9&#8230; se perd vite!<br \/>\nEt donc cela me semble \u00ab\u00a0limite\u201d d\u2019affirmer qu\u2019un vrai point faible peut \u00eatre effac\u00e9 en quelques semaines en sortant la carte bleue devant un \u00e9cran. Puis ensuite on n\u2019en parle plus! C\u2019est faux dans la plupart des cas.<\/strong><\/p>\n","protected":false},"excerpt":{"rendered":"<p>Lorsque que vous avez d\u00e9termin\u00e9 un point faible dans votre grimpe, il faut \u00e9videmment s\u2019en occuper. Cela doit se faire de mani\u00e8re douce, progressive et intelligente.<\/p>\n","protected":false},"author":1,"featured_media":22524,"comment_status":"open","ping_status":"open","sticky":false,"template":"","format":"standard","meta":{"colormag_page_container_layout":"default_layout","colormag_page_sidebar_layout":"default_layout","_monsterinsights_skip_tracking":false,"_monsterinsights_sitenote_active":false,"_monsterinsights_sitenote_note":"","_monsterinsights_sitenote_category":0,"ngg_post_thumbnail":0,"jetpack_post_was_ever_published":false,"_jetpack_newsletter_access":"","_jetpack_dont_email_post_to_subs":false,"_jetpack_newsletter_tier_id":0,"_jetpack_memberships_contains_paywalled_content":false,"_jetpack_memberships_contains_paid_content":false,"footnotes":"","jetpack_publicize_message":"","jetpack_publicize_feature_enabled":true,"jetpack_social_post_already_shared":true,"jetpack_social_options":{"image_generator_settings":{"template":"highway","default_image_id":0,"font":"","enabled":false},"version":2}},"categories":[6,9,4,58],"tags":[309,31,17,258,308,83],"class_list":["post-22528","post","type-post","status-publish","format-standard","has-post-thumbnail","hentry","category-entrainement-escalade","category-coup-de-gueule","category-escalade","category-mes-sorties","tag-doigts","tag-entrainement","tag-escalade","tag-force","tag-mental","tag-progression"],"yoast_head":"<!-- This site is optimized with the Yoast SEO plugin v27.5 - https:\/\/yoast.com\/product\/yoast-seo-wordpress\/ -->\n<title>+25% force doigt en semi-arqu\u00e9 ? - Grimpisme, entrainement<\/title>\n<meta name=\"description\" content=\"Vous avez d\u00e9termin\u00e9 un point faible dans votre grimpe, il faut \u00e9videmment s\u2019en occuper, de mani\u00e8re douce, progressive et intelligente.\" \/>\n<meta name=\"robots\" content=\"index, follow, max-snippet:-1, max-image-preview:large, max-video-preview:-1\" \/>\n<link rel=\"canonical\" href=\"https:\/\/www.escalade.pro\/news\/progression-force\/\" \/>\n<meta property=\"og:locale\" content=\"fr_FR\" \/>\n<meta property=\"og:type\" content=\"article\" \/>\n<meta property=\"og:title\" content=\"+25% force doigt en semi-arqu\u00e9 ? - Grimpisme, entrainement\" \/>\n<meta property=\"og:description\" content=\"Vous avez d\u00e9termin\u00e9 un point faible dans votre grimpe, il faut \u00e9videmment s\u2019en occuper, de mani\u00e8re douce, progressive et intelligente.\" \/>\n<meta property=\"og:url\" content=\"https:\/\/www.escalade.pro\/news\/progression-force\/\" \/>\n<meta property=\"og:site_name\" content=\"L&#039;Arqu\u00e9e Libre - Fred Vionnet entraineur\/moniteur escalade\" \/>\n<meta property=\"article:publisher\" content=\"https:\/\/www.facebook.com\/grimpisme\/\" \/>\n<meta property=\"article:author\" content=\"https:\/\/www.facebook.com\/fredCaillouXvionnet\" \/>\n<meta property=\"article:published_time\" content=\"2023-02-07T16:01:28+00:00\" \/>\n<meta property=\"article:modified_time\" content=\"2023-03-02T15:55:20+00:00\" \/>\n<meta property=\"og:image\" content=\"https:\/\/www.escalade.pro\/news\/wp-content\/uploads\/2023\/02\/IMG_1844.jpg\" \/>\n\t<meta property=\"og:image:width\" content=\"900\" \/>\n\t<meta property=\"og:image:height\" content=\"1200\" \/>\n\t<meta property=\"og:image:type\" content=\"image\/jpeg\" \/>\n<meta name=\"author\" content=\"Fred Vionnet\" \/>\n<meta name=\"twitter:card\" content=\"summary_large_image\" \/>\n<meta name=\"twitter:label1\" content=\"\u00c9crit par\" \/>\n\t<meta name=\"twitter:data1\" content=\"Fred Vionnet\" \/>\n\t<meta name=\"twitter:label2\" content=\"Dur\u00e9e de lecture estim\u00e9e\" \/>\n\t<meta name=\"twitter:data2\" content=\"5 minutes\" \/>\n<script type=\"application\/ld+json\" class=\"yoast-schema-graph\">{\"@context\":\"https:\\\/\\\/schema.org\",\"@graph\":[{\"@type\":\"Article\",\"@id\":\"https:\\\/\\\/www.escalade.pro\\\/news\\\/progression-force\\\/#article\",\"isPartOf\":{\"@id\":\"https:\\\/\\\/www.escalade.pro\\\/news\\\/progression-force\\\/\"},\"author\":{\"name\":\"Fred Vionnet\",\"@id\":\"https:\\\/\\\/www.escalade.pro\\\/news\\\/#\\\/schema\\\/person\\\/e0e0520aa48cfda56ae5406c2fe2caeb\"},\"headline\":\"[RETOUR D\u2019EXPERIENCE] 25% de gain de force en semi-arqu\u00e9 ?\",\"datePublished\":\"2023-02-07T16:01:28+00:00\",\"dateModified\":\"2023-03-02T15:55:20+00:00\",\"mainEntityOfPage\":{\"@id\":\"https:\\\/\\\/www.escalade.pro\\\/news\\\/progression-force\\\/\"},\"wordCount\":896,\"commentCount\":0,\"publisher\":{\"@id\":\"https:\\\/\\\/www.escalade.pro\\\/news\\\/#organization\"},\"image\":{\"@id\":\"https:\\\/\\\/www.escalade.pro\\\/news\\\/progression-force\\\/#primaryimage\"},\"thumbnailUrl\":\"https:\\\/\\\/www.escalade.pro\\\/news\\\/wp-content\\\/uploads\\\/2023\\\/02\\\/IMG_1844.jpg\",\"keywords\":[\"doigts\",\"entrainement\",\"escalade\",\"force\",\"mental\",\"progression\"],\"articleSection\":[\"Conseils entrainement escalade\",\"Coups de gueule\",\"Escalade\",\"Mes sorties - retours d'exp\u00e9rience\"],\"inLanguage\":\"fr-FR\",\"potentialAction\":[{\"@type\":\"CommentAction\",\"name\":\"Comment\",\"target\":[\"https:\\\/\\\/www.escalade.pro\\\/news\\\/progression-force\\\/#respond\"]}]},{\"@type\":\"WebPage\",\"@id\":\"https:\\\/\\\/www.escalade.pro\\\/news\\\/progression-force\\\/\",\"url\":\"https:\\\/\\\/www.escalade.pro\\\/news\\\/progression-force\\\/\",\"name\":\"+25% force doigt en semi-arqu\u00e9 ? - Grimpisme, entrainement\",\"isPartOf\":{\"@id\":\"https:\\\/\\\/www.escalade.pro\\\/news\\\/#website\"},\"primaryImageOfPage\":{\"@id\":\"https:\\\/\\\/www.escalade.pro\\\/news\\\/progression-force\\\/#primaryimage\"},\"image\":{\"@id\":\"https:\\\/\\\/www.escalade.pro\\\/news\\\/progression-force\\\/#primaryimage\"},\"thumbnailUrl\":\"https:\\\/\\\/www.escalade.pro\\\/news\\\/wp-content\\\/uploads\\\/2023\\\/02\\\/IMG_1844.jpg\",\"datePublished\":\"2023-02-07T16:01:28+00:00\",\"dateModified\":\"2023-03-02T15:55:20+00:00\",\"description\":\"Vous avez d\u00e9termin\u00e9 un point faible dans votre grimpe, il faut \u00e9videmment s\u2019en occuper, de mani\u00e8re douce, progressive et intelligente.\",\"breadcrumb\":{\"@id\":\"https:\\\/\\\/www.escalade.pro\\\/news\\\/progression-force\\\/#breadcrumb\"},\"inLanguage\":\"fr-FR\",\"potentialAction\":[{\"@type\":\"ReadAction\",\"target\":[\"https:\\\/\\\/www.escalade.pro\\\/news\\\/progression-force\\\/\"]}]},{\"@type\":\"ImageObject\",\"inLanguage\":\"fr-FR\",\"@id\":\"https:\\\/\\\/www.escalade.pro\\\/news\\\/progression-force\\\/#primaryimage\",\"url\":\"https:\\\/\\\/www.escalade.pro\\\/news\\\/wp-content\\\/uploads\\\/2023\\\/02\\\/IMG_1844.jpg\",\"contentUrl\":\"https:\\\/\\\/www.escalade.pro\\\/news\\\/wp-content\\\/uploads\\\/2023\\\/02\\\/IMG_1844.jpg\",\"width\":900,\"height\":1200,\"caption\":\"5x20\\\" \u00e0 50%. Devinez o\u00f9 nous partons en vacances dans 10 jours???? 3 f\u00e9vrier 2023.\"},{\"@type\":\"BreadcrumbList\",\"@id\":\"https:\\\/\\\/www.escalade.pro\\\/news\\\/progression-force\\\/#breadcrumb\",\"itemListElement\":[{\"@type\":\"ListItem\",\"position\":1,\"name\":\"Accueil\",\"item\":\"https:\\\/\\\/www.escalade.pro\\\/news\\\/\"},{\"@type\":\"ListItem\",\"position\":2,\"name\":\"[RETOUR D\u2019EXPERIENCE] 25% de gain de force en semi-arqu\u00e9 ?\"}]},{\"@type\":\"WebSite\",\"@id\":\"https:\\\/\\\/www.escalade.pro\\\/news\\\/#website\",\"url\":\"https:\\\/\\\/www.escalade.pro\\\/news\\\/\",\"name\":\"L&#039;Arqu\u00e9e Libre - Fred Vionnet entraineur\\\/moniteur escalade\",\"description\":\"Coaching et entrainement escalade. Buoux, C\u00e9\u00fcse et Fontainebleau.\",\"publisher\":{\"@id\":\"https:\\\/\\\/www.escalade.pro\\\/news\\\/#organization\"},\"potentialAction\":[{\"@type\":\"SearchAction\",\"target\":{\"@type\":\"EntryPoint\",\"urlTemplate\":\"https:\\\/\\\/www.escalade.pro\\\/news\\\/?s={search_term_string}\"},\"query-input\":{\"@type\":\"PropertyValueSpecification\",\"valueRequired\":true,\"valueName\":\"search_term_string\"}}],\"inLanguage\":\"fr-FR\"},{\"@type\":\"Organization\",\"@id\":\"https:\\\/\\\/www.escalade.pro\\\/news\\\/#organization\",\"name\":\"L&#039;Arqu\u00e9e Libre - Fred Vionnet entraineur\\\/moniteur escalade\",\"url\":\"https:\\\/\\\/www.escalade.pro\\\/news\\\/\",\"logo\":{\"@type\":\"ImageObject\",\"inLanguage\":\"fr-FR\",\"@id\":\"https:\\\/\\\/www.escalade.pro\\\/news\\\/#\\\/schema\\\/logo\\\/image\\\/\",\"url\":\"https:\\\/\\\/www.escalade.pro\\\/news\\\/wp-content\\\/uploads\\\/2026\\\/04\\\/logo-wp-AL-avril-2026-1.jpg\",\"contentUrl\":\"https:\\\/\\\/www.escalade.pro\\\/news\\\/wp-content\\\/uploads\\\/2026\\\/04\\\/logo-wp-AL-avril-2026-1.jpg\",\"width\":1955,\"height\":902,\"caption\":\"L&#039;Arqu\u00e9e Libre - Fred Vionnet entraineur\\\/moniteur escalade\"},\"image\":{\"@id\":\"https:\\\/\\\/www.escalade.pro\\\/news\\\/#\\\/schema\\\/logo\\\/image\\\/\"},\"sameAs\":[\"https:\\\/\\\/www.facebook.com\\\/grimpisme\\\/\",\"https:\\\/\\\/www.instagram.com\\\/grimpisme\\\/\",\"https:\\\/\\\/www.linkedin.com\\\/in\\\/fred-vionnet-6284b96a\\\/\",\"https:\\\/\\\/fr.pinterest.com\\\/grimpisme\\\/\",\"https:\\\/\\\/www.youtube.com\\\/@grimpisme\"]},{\"@type\":\"Person\",\"@id\":\"https:\\\/\\\/www.escalade.pro\\\/news\\\/#\\\/schema\\\/person\\\/e0e0520aa48cfda56ae5406c2fe2caeb\",\"name\":\"Fred Vionnet\",\"image\":{\"@type\":\"ImageObject\",\"inLanguage\":\"fr-FR\",\"@id\":\"https:\\\/\\\/secure.gravatar.com\\\/avatar\\\/a2f6c5fc695da895033dcd95afaa6aeda795d5122ab3a22a03e24aab7f3d96a6?s=96&d=blank&r=g\",\"url\":\"https:\\\/\\\/secure.gravatar.com\\\/avatar\\\/a2f6c5fc695da895033dcd95afaa6aeda795d5122ab3a22a03e24aab7f3d96a6?s=96&d=blank&r=g\",\"contentUrl\":\"https:\\\/\\\/secure.gravatar.com\\\/avatar\\\/a2f6c5fc695da895033dcd95afaa6aeda795d5122ab3a22a03e24aab7f3d96a6?s=96&d=blank&r=g\",\"caption\":\"Fred Vionnet\"},\"description\":\"Coach escalade en Haute Savoie. Pas contre une grande voie non plus. Mais on va \u00e0 C\u00e9\u00fcse, Fontainebleau, Buoux ou encore les Gorges du Verdon quand vous voulez.\",\"sameAs\":[\"http:\\\/\\\/www.grimpisme.com\",\"https:\\\/\\\/www.facebook.com\\\/fredCaillouXvionnet\",\"https:\\\/\\\/www.linkedin.com\\\/profile\\\/preview?vpa=pub&locale=fr_FR\",\"https:\\\/\\\/fr.pinterest.com\\\/grimpisme\\\/\",\"https:\\\/\\\/www.youtube.com\\\/user\\\/grimpisme\",\"https:\\\/\\\/soundcloud.com\\\/fredvionnet\"],\"url\":\"https:\\\/\\\/www.escalade.pro\\\/news\\\/author\\\/fred\\\/\"}]}<\/script>\n<!-- \/ Yoast SEO plugin. -->","yoast_head_json":{"title":"+25% force doigt en semi-arqu\u00e9 ? - Grimpisme, entrainement","description":"Vous avez d\u00e9termin\u00e9 un point faible dans votre grimpe, il faut \u00e9videmment s\u2019en occuper, de mani\u00e8re douce, progressive et intelligente.","robots":{"index":"index","follow":"follow","max-snippet":"max-snippet:-1","max-image-preview":"max-image-preview:large","max-video-preview":"max-video-preview:-1"},"canonical":"https:\/\/www.escalade.pro\/news\/progression-force\/","og_locale":"fr_FR","og_type":"article","og_title":"+25% force doigt en semi-arqu\u00e9 ? - Grimpisme, entrainement","og_description":"Vous avez d\u00e9termin\u00e9 un point faible dans votre grimpe, il faut \u00e9videmment s\u2019en occuper, de mani\u00e8re douce, progressive et intelligente.","og_url":"https:\/\/www.escalade.pro\/news\/progression-force\/","og_site_name":"L&#039;Arqu\u00e9e Libre - Fred Vionnet entraineur\/moniteur escalade","article_publisher":"https:\/\/www.facebook.com\/grimpisme\/","article_author":"https:\/\/www.facebook.com\/fredCaillouXvionnet","article_published_time":"2023-02-07T16:01:28+00:00","article_modified_time":"2023-03-02T15:55:20+00:00","og_image":[{"width":900,"height":1200,"url":"https:\/\/www.escalade.pro\/news\/wp-content\/uploads\/2023\/02\/IMG_1844.jpg","type":"image\/jpeg"}],"author":"Fred Vionnet","twitter_card":"summary_large_image","twitter_misc":{"\u00c9crit par":"Fred Vionnet","Dur\u00e9e de lecture estim\u00e9e":"5 minutes"},"schema":{"@context":"https:\/\/schema.org","@graph":[{"@type":"Article","@id":"https:\/\/www.escalade.pro\/news\/progression-force\/#article","isPartOf":{"@id":"https:\/\/www.escalade.pro\/news\/progression-force\/"},"author":{"name":"Fred Vionnet","@id":"https:\/\/www.escalade.pro\/news\/#\/schema\/person\/e0e0520aa48cfda56ae5406c2fe2caeb"},"headline":"[RETOUR D\u2019EXPERIENCE] 25% de gain de force en semi-arqu\u00e9 ?","datePublished":"2023-02-07T16:01:28+00:00","dateModified":"2023-03-02T15:55:20+00:00","mainEntityOfPage":{"@id":"https:\/\/www.escalade.pro\/news\/progression-force\/"},"wordCount":896,"commentCount":0,"publisher":{"@id":"https:\/\/www.escalade.pro\/news\/#organization"},"image":{"@id":"https:\/\/www.escalade.pro\/news\/progression-force\/#primaryimage"},"thumbnailUrl":"https:\/\/www.escalade.pro\/news\/wp-content\/uploads\/2023\/02\/IMG_1844.jpg","keywords":["doigts","entrainement","escalade","force","mental","progression"],"articleSection":["Conseils entrainement escalade","Coups de gueule","Escalade","Mes sorties - retours d'exp\u00e9rience"],"inLanguage":"fr-FR","potentialAction":[{"@type":"CommentAction","name":"Comment","target":["https:\/\/www.escalade.pro\/news\/progression-force\/#respond"]}]},{"@type":"WebPage","@id":"https:\/\/www.escalade.pro\/news\/progression-force\/","url":"https:\/\/www.escalade.pro\/news\/progression-force\/","name":"+25% force doigt en semi-arqu\u00e9 ? - Grimpisme, entrainement","isPartOf":{"@id":"https:\/\/www.escalade.pro\/news\/#website"},"primaryImageOfPage":{"@id":"https:\/\/www.escalade.pro\/news\/progression-force\/#primaryimage"},"image":{"@id":"https:\/\/www.escalade.pro\/news\/progression-force\/#primaryimage"},"thumbnailUrl":"https:\/\/www.escalade.pro\/news\/wp-content\/uploads\/2023\/02\/IMG_1844.jpg","datePublished":"2023-02-07T16:01:28+00:00","dateModified":"2023-03-02T15:55:20+00:00","description":"Vous avez d\u00e9termin\u00e9 un point faible dans votre grimpe, il faut \u00e9videmment s\u2019en occuper, de mani\u00e8re douce, progressive et intelligente.","breadcrumb":{"@id":"https:\/\/www.escalade.pro\/news\/progression-force\/#breadcrumb"},"inLanguage":"fr-FR","potentialAction":[{"@type":"ReadAction","target":["https:\/\/www.escalade.pro\/news\/progression-force\/"]}]},{"@type":"ImageObject","inLanguage":"fr-FR","@id":"https:\/\/www.escalade.pro\/news\/progression-force\/#primaryimage","url":"https:\/\/www.escalade.pro\/news\/wp-content\/uploads\/2023\/02\/IMG_1844.jpg","contentUrl":"https:\/\/www.escalade.pro\/news\/wp-content\/uploads\/2023\/02\/IMG_1844.jpg","width":900,"height":1200,"caption":"5x20\" \u00e0 50%. Devinez o\u00f9 nous partons en vacances dans 10 jours???? 3 f\u00e9vrier 2023."},{"@type":"BreadcrumbList","@id":"https:\/\/www.escalade.pro\/news\/progression-force\/#breadcrumb","itemListElement":[{"@type":"ListItem","position":1,"name":"Accueil","item":"https:\/\/www.escalade.pro\/news\/"},{"@type":"ListItem","position":2,"name":"[RETOUR D\u2019EXPERIENCE] 25% de gain de force en semi-arqu\u00e9 ?"}]},{"@type":"WebSite","@id":"https:\/\/www.escalade.pro\/news\/#website","url":"https:\/\/www.escalade.pro\/news\/","name":"L&#039;Arqu\u00e9e Libre - Fred Vionnet entraineur\/moniteur escalade","description":"Coaching et entrainement escalade. Buoux, C\u00e9\u00fcse et Fontainebleau.","publisher":{"@id":"https:\/\/www.escalade.pro\/news\/#organization"},"potentialAction":[{"@type":"SearchAction","target":{"@type":"EntryPoint","urlTemplate":"https:\/\/www.escalade.pro\/news\/?s={search_term_string}"},"query-input":{"@type":"PropertyValueSpecification","valueRequired":true,"valueName":"search_term_string"}}],"inLanguage":"fr-FR"},{"@type":"Organization","@id":"https:\/\/www.escalade.pro\/news\/#organization","name":"L&#039;Arqu\u00e9e Libre - Fred Vionnet entraineur\/moniteur escalade","url":"https:\/\/www.escalade.pro\/news\/","logo":{"@type":"ImageObject","inLanguage":"fr-FR","@id":"https:\/\/www.escalade.pro\/news\/#\/schema\/logo\/image\/","url":"https:\/\/www.escalade.pro\/news\/wp-content\/uploads\/2026\/04\/logo-wp-AL-avril-2026-1.jpg","contentUrl":"https:\/\/www.escalade.pro\/news\/wp-content\/uploads\/2026\/04\/logo-wp-AL-avril-2026-1.jpg","width":1955,"height":902,"caption":"L&#039;Arqu\u00e9e Libre - Fred Vionnet entraineur\/moniteur escalade"},"image":{"@id":"https:\/\/www.escalade.pro\/news\/#\/schema\/logo\/image\/"},"sameAs":["https:\/\/www.facebook.com\/grimpisme\/","https:\/\/www.instagram.com\/grimpisme\/","https:\/\/www.linkedin.com\/in\/fred-vionnet-6284b96a\/","https:\/\/fr.pinterest.com\/grimpisme\/","https:\/\/www.youtube.com\/@grimpisme"]},{"@type":"Person","@id":"https:\/\/www.escalade.pro\/news\/#\/schema\/person\/e0e0520aa48cfda56ae5406c2fe2caeb","name":"Fred Vionnet","image":{"@type":"ImageObject","inLanguage":"fr-FR","@id":"https:\/\/secure.gravatar.com\/avatar\/a2f6c5fc695da895033dcd95afaa6aeda795d5122ab3a22a03e24aab7f3d96a6?s=96&d=blank&r=g","url":"https:\/\/secure.gravatar.com\/avatar\/a2f6c5fc695da895033dcd95afaa6aeda795d5122ab3a22a03e24aab7f3d96a6?s=96&d=blank&r=g","contentUrl":"https:\/\/secure.gravatar.com\/avatar\/a2f6c5fc695da895033dcd95afaa6aeda795d5122ab3a22a03e24aab7f3d96a6?s=96&d=blank&r=g","caption":"Fred Vionnet"},"description":"Coach escalade en Haute Savoie. Pas contre une grande voie non plus. Mais on va \u00e0 C\u00e9\u00fcse, Fontainebleau, Buoux ou encore les Gorges du Verdon quand vous voulez.","sameAs":["http:\/\/www.grimpisme.com","https:\/\/www.facebook.com\/fredCaillouXvionnet","https:\/\/www.linkedin.com\/profile\/preview?vpa=pub&locale=fr_FR","https:\/\/fr.pinterest.com\/grimpisme\/","https:\/\/www.youtube.com\/user\/grimpisme","https:\/\/soundcloud.com\/fredvionnet"],"url":"https:\/\/www.escalade.pro\/news\/author\/fred\/"}]}},"jetpack_publicize_connections":[],"jetpack_featured_media_url":"https:\/\/www.escalade.pro\/news\/wp-content\/uploads\/2023\/02\/IMG_1844.jpg","jetpack_sharing_enabled":true,"jetpack_shortlink":"https:\/\/wp.me\/p68Rw6-5Rm","jetpack-related-posts":[{"id":26338,"url":"https:\/\/www.escalade.pro\/news\/entrainement-force-doigt-emil-abrahamsson\/","url_meta":{"origin":22528,"position":0},"title":"Entra\u00eenement force doigt : faut-il utiliser la m\u00e9thode des \u201c10 minutes\u201d d\u2019Emil Abrahamsson?","author":"Fred Vionnet","date":"8 d\u00e9cembre 2024","format":false,"excerpt":"Aviez-vous suivi le coup de buzz r\u00e9ussi par le grimpeur su\u00e9dois Emil Abrahamsson en 2021, avec son fameux entra\u00eenement en force doigt des \"10 minutes\" ? Revenons-y car il r\u00e9apparait dans l\u2019actualit\u00e9 et le marketing. Que vaut cette m\u00e9thode ? Faut-il l\u2019utiliser ? L'adapter?","rel":"","context":"Dans &quot;A la une&quot;","block_context":{"text":"A la une","link":"https:\/\/www.escalade.pro\/news\/category\/highlitghs\/"},"img":{"alt_text":"methode 10 minutes emil abrahamsson entrainement escalade grimpisme","src":"https:\/\/i0.wp.com\/www.escalade.pro\/news\/wp-content\/uploads\/2024\/11\/IMG_4161.jpg?resize=350%2C200&ssl=1","width":350,"height":200,"srcset":"https:\/\/i0.wp.com\/www.escalade.pro\/news\/wp-content\/uploads\/2024\/11\/IMG_4161.jpg?resize=350%2C200&ssl=1 1x, https:\/\/i0.wp.com\/www.escalade.pro\/news\/wp-content\/uploads\/2024\/11\/IMG_4161.jpg?resize=525%2C300&ssl=1 1.5x, https:\/\/i0.wp.com\/www.escalade.pro\/news\/wp-content\/uploads\/2024\/11\/IMG_4161.jpg?resize=700%2C400&ssl=1 2x"},"classes":[]},{"id":22716,"url":"https:\/\/www.escalade.pro\/news\/blessure-doigt\/","url_meta":{"origin":22528,"position":1},"title":"Pourquoi se blesse-t-on aux doigts ?","author":"Fred Vionnet","date":"13 avril 2023","format":false,"excerpt":"La blessure n\u2019est pas une fatalit\u00e9. Mais les facteurs de blessure sont souvent pluriels. Remettez-vous en question, analyser honn\u00eatement votre fa\u00e7on de pratiquer l\u2019escalade.","rel":"","context":"Dans &quot;A la une&quot;","block_context":{"text":"A la une","link":"https:\/\/www.escalade.pro\/news\/category\/highlitghs\/"},"img":{"alt_text":"blessure doigt escalade","src":"https:\/\/i0.wp.com\/www.escalade.pro\/news\/wp-content\/uploads\/2023\/04\/P1040307.jpg?resize=350%2C200&ssl=1","width":350,"height":200,"srcset":"https:\/\/i0.wp.com\/www.escalade.pro\/news\/wp-content\/uploads\/2023\/04\/P1040307.jpg?resize=350%2C200&ssl=1 1x, https:\/\/i0.wp.com\/www.escalade.pro\/news\/wp-content\/uploads\/2023\/04\/P1040307.jpg?resize=525%2C300&ssl=1 1.5x, https:\/\/i0.wp.com\/www.escalade.pro\/news\/wp-content\/uploads\/2023\/04\/P1040307.jpg?resize=700%2C400&ssl=1 2x, https:\/\/i0.wp.com\/www.escalade.pro\/news\/wp-content\/uploads\/2023\/04\/P1040307.jpg?resize=1050%2C600&ssl=1 3x, https:\/\/i0.wp.com\/www.escalade.pro\/news\/wp-content\/uploads\/2023\/04\/P1040307.jpg?resize=1400%2C800&ssl=1 4x"},"classes":[]},{"id":24410,"url":"https:\/\/www.escalade.pro\/news\/avis-livre-entrainer-scientifiquement-escalade\/","url_meta":{"origin":22528,"position":2},"title":"Avis sur le livre \u201cS&rsquo;entra\u00eener scientifiquement pour l&rsquo;escalade\u201d de Sergio Consuegra","author":"Fred Vionnet","date":"26 octobre 2024","format":false,"excerpt":"Vous l\u2019avez compris d\u2019embl\u00e9e, je suis emball\u00e9 par le livre \u201cS'entra\u00eener scientifiquement pour l'escalade\u201d de Sergio Consuegra. L\u2019avis que je vais vous exposer sera donc exigeant et pointu, autant que l\u2019est ce livre !","rel":"","context":"Dans &quot;Conseils entrainement escalade&quot;","block_context":{"text":"Conseils entrainement escalade","link":"https:\/\/www.escalade.pro\/news\/category\/entrainement-escalade\/"},"img":{"alt_text":"livre entrainement scientifique escalade consuegra","src":"https:\/\/i0.wp.com\/www.escalade.pro\/news\/wp-content\/uploads\/2024\/10\/s-entrainer-scientifiquement-pour-l-escalade.png?resize=350%2C200&ssl=1","width":350,"height":200,"srcset":"https:\/\/i0.wp.com\/www.escalade.pro\/news\/wp-content\/uploads\/2024\/10\/s-entrainer-scientifiquement-pour-l-escalade.png?resize=350%2C200&ssl=1 1x, https:\/\/i0.wp.com\/www.escalade.pro\/news\/wp-content\/uploads\/2024\/10\/s-entrainer-scientifiquement-pour-l-escalade.png?resize=525%2C300&ssl=1 1.5x, https:\/\/i0.wp.com\/www.escalade.pro\/news\/wp-content\/uploads\/2024\/10\/s-entrainer-scientifiquement-pour-l-escalade.png?resize=700%2C400&ssl=1 2x"},"classes":[]},{"id":24914,"url":"https:\/\/www.escalade.pro\/news\/fatigue-entrainement-escalade\/","url_meta":{"origin":22528,"position":3},"title":"[RETOUR D\u2019EXPERIENCE] Entrainement escalade: fatigue(s) mentale, ou physique?","author":"Fred Vionnet","date":"23 mai 2024","format":false,"excerpt":"Lorsque qu'on suit un entrainement en escalade, il n'est pas toujours facile de d\u00e9terminer quelle(s) fatigue(s) on ressent, et quelles en sont les causes. Fatigu\u00e9 mentalement, physiquement? En force, en endurance? Ou finalement d\u00e9sentrain\u00e9? Complexe tout \u00e7a!","rel":"","context":"Dans &quot;Conseils entrainement escalade&quot;","block_context":{"text":"Conseils entrainement escalade","link":"https:\/\/www.escalade.pro\/news\/category\/entrainement-escalade\/"},"img":{"alt_text":"escalade climbing buoux","src":"https:\/\/i0.wp.com\/www.escalade.pro\/news\/wp-content\/uploads\/2024\/02\/fred-buoux-2.jpg?resize=350%2C200&ssl=1","width":350,"height":200,"srcset":"https:\/\/i0.wp.com\/www.escalade.pro\/news\/wp-content\/uploads\/2024\/02\/fred-buoux-2.jpg?resize=350%2C200&ssl=1 1x, https:\/\/i0.wp.com\/www.escalade.pro\/news\/wp-content\/uploads\/2024\/02\/fred-buoux-2.jpg?resize=525%2C300&ssl=1 1.5x, https:\/\/i0.wp.com\/www.escalade.pro\/news\/wp-content\/uploads\/2024\/02\/fred-buoux-2.jpg?resize=700%2C400&ssl=1 2x, https:\/\/i0.wp.com\/www.escalade.pro\/news\/wp-content\/uploads\/2024\/02\/fred-buoux-2.jpg?resize=1050%2C600&ssl=1 3x"},"classes":[]},{"id":21616,"url":"https:\/\/www.escalade.pro\/news\/contest-competition-escalade\/","url_meta":{"origin":22528,"position":4},"title":"[RETOUR D\u2019EXPERIENCE] Une comp\u00e9tition d&rsquo;escalade pour s&rsquo;entrainer et progresser","author":"Fred Vionnet","date":"3 avril 2022","format":false,"excerpt":"Inscrivez-vous parfois \u00e0 une comp\u00e9tition locale, ou \u00e0 un contest organis\u00e9 dans l\u2019une des salles o\u00f9 vous vous entrainez r\u00e9guli\u00e8rement. Vous apprendrez beaucoup sur vous-m\u00eame. Cela sera compl\u00e8tement transf\u00e9rable \u00e0 vos essais dans vos projets sur le caillou.","rel":"","context":"Dans &quot;Conseils entrainement escalade&quot;","block_context":{"text":"Conseils entrainement escalade","link":"https:\/\/www.escalade.pro\/news\/category\/entrainement-escalade\/"},"img":{"alt_text":"entrainement competition escalade grimpisme","src":"https:\/\/i0.wp.com\/www.escalade.pro\/news\/wp-content\/uploads\/2022\/04\/Capture-de%CC%81cran-2022-04-03-a%CC%80-09.03.38.jpg?resize=350%2C200&ssl=1","width":350,"height":200},"classes":[]},{"id":21735,"url":"https:\/\/www.escalade.pro\/news\/effets-differentes-intensites-entrainement-force-resi-endurance\/","url_meta":{"origin":22528,"position":5},"title":"Effets de diff\u00e9rentes intensit\u00e9s d&rsquo;entrainement sur la force, la r\u00e9si et l&rsquo;endurance","author":"Fred Vionnet","date":"10 mai 2022","format":false,"excerpt":"Travailler les doigts \u00e0 la bonne intensit\u00e9 est crucial. Dans notre \u00e9tude nous montrons que si vous contr\u00f4lez bien l\u2019entra\u00eenement (2 fois par semaine pendant 4 semaines) avec la bonne intensit\u00e9 vous pouvez esp\u00e9rer un gain en moyenne de 14% en force max, 33% en r\u00e9sistance et 16% en endurance.","rel":"","context":"Dans &quot;Conseils entrainement escalade&quot;","block_context":{"text":"Conseils entrainement escalade","link":"https:\/\/www.escalade.pro\/news\/category\/entrainement-escalade\/"},"img":{"alt_text":"entrainement escalade poutre grimpisme smartboard","src":"https:\/\/i0.wp.com\/www.escalade.pro\/news\/wp-content\/uploads\/2022\/05\/smartboard.jpg?resize=350%2C200&ssl=1","width":350,"height":200,"srcset":"https:\/\/i0.wp.com\/www.escalade.pro\/news\/wp-content\/uploads\/2022\/05\/smartboard.jpg?resize=350%2C200&ssl=1 1x, https:\/\/i0.wp.com\/www.escalade.pro\/news\/wp-content\/uploads\/2022\/05\/smartboard.jpg?resize=525%2C300&ssl=1 1.5x, https:\/\/i0.wp.com\/www.escalade.pro\/news\/wp-content\/uploads\/2022\/05\/smartboard.jpg?resize=700%2C400&ssl=1 2x, https:\/\/i0.wp.com\/www.escalade.pro\/news\/wp-content\/uploads\/2022\/05\/smartboard.jpg?resize=1050%2C600&ssl=1 3x"},"classes":[]}],"_links":{"self":[{"href":"https:\/\/www.escalade.pro\/news\/wp-json\/wp\/v2\/posts\/22528","targetHints":{"allow":["GET"]}}],"collection":[{"href":"https:\/\/www.escalade.pro\/news\/wp-json\/wp\/v2\/posts"}],"about":[{"href":"https:\/\/www.escalade.pro\/news\/wp-json\/wp\/v2\/types\/post"}],"author":[{"embeddable":true,"href":"https:\/\/www.escalade.pro\/news\/wp-json\/wp\/v2\/users\/1"}],"replies":[{"embeddable":true,"href":"https:\/\/www.escalade.pro\/news\/wp-json\/wp\/v2\/comments?post=22528"}],"version-history":[{"count":24,"href":"https:\/\/www.escalade.pro\/news\/wp-json\/wp\/v2\/posts\/22528\/revisions"}],"predecessor-version":[{"id":22556,"href":"https:\/\/www.escalade.pro\/news\/wp-json\/wp\/v2\/posts\/22528\/revisions\/22556"}],"wp:featuredmedia":[{"embeddable":true,"href":"https:\/\/www.escalade.pro\/news\/wp-json\/wp\/v2\/media\/22524"}],"wp:attachment":[{"href":"https:\/\/www.escalade.pro\/news\/wp-json\/wp\/v2\/media?parent=22528"}],"wp:term":[{"taxonomy":"category","embeddable":true,"href":"https:\/\/www.escalade.pro\/news\/wp-json\/wp\/v2\/categories?post=22528"},{"taxonomy":"post_tag","embeddable":true,"href":"https:\/\/www.escalade.pro\/news\/wp-json\/wp\/v2\/tags?post=22528"}],"curies":[{"name":"wp","href":"https:\/\/api.w.org\/{rel}","templated":true}]}}