{"id":22345,"date":"2022-11-18T17:12:53","date_gmt":"2022-11-18T16:12:53","guid":{"rendered":"https:\/\/www.escalade.pro\/news\/?p=22345"},"modified":"2023-04-13T16:29:03","modified_gmt":"2023-04-13T14:29:03","slug":"romaric-geffroy-champion-france","status":"publish","type":"post","link":"https:\/\/www.escalade.pro\/news\/romaric-geffroy-champion-france\/","title":{"rendered":"Romaric Geffroy: champion de France et falaisiste?"},"content":{"rendered":"<p><a href=\"https:\/\/www.escalade.pro\/news\/wp-content\/uploads\/2022\/11\/Rom03.jpg\"><img loading=\"lazy\" decoding=\"async\" class=\"size-medium wp-image-22347 alignright\" src=\"https:\/\/www.escalade.pro\/news\/wp-content\/uploads\/2022\/11\/Rom03-188x300.jpg\" alt=\"romaric geffroy champion france escalade\" width=\"188\" height=\"300\" srcset=\"https:\/\/www.escalade.pro\/news\/wp-content\/uploads\/2022\/11\/Rom03-188x300.jpg 188w, https:\/\/www.escalade.pro\/news\/wp-content\/uploads\/2022\/11\/Rom03-640x1024.jpg 640w, https:\/\/www.escalade.pro\/news\/wp-content\/uploads\/2022\/11\/Rom03-768x1228.jpg 768w, https:\/\/www.escalade.pro\/news\/wp-content\/uploads\/2022\/11\/Rom03-600x960.jpg 600w, https:\/\/www.escalade.pro\/news\/wp-content\/uploads\/2022\/11\/Rom03-960x1536.jpg 960w, https:\/\/www.escalade.pro\/news\/wp-content\/uploads\/2022\/11\/Rom03-375x600.jpg 375w, https:\/\/www.escalade.pro\/news\/wp-content\/uploads\/2022\/11\/Rom03.jpg 1038w\" sizes=\"auto, (max-width: 188px) 100vw, 188px\" \/><\/a><strong>Pour moi, Romaric Geffroy \u00e9tait un pur falaisiste, un grimpeur de rocher.<\/strong> Il a d\u2019ailleurs laiss\u00e9 le souvenir d\u2019un grimpeur tr\u00e8s technique lors d\u2019un rassemblement de bloc Patagonia au Plan de l\u2019Aiguille (Chamonix). La m\u00e9moire collective se rappelle encore de l\u2019infinit\u00e9 de temps qu\u2019il \u00e9tait rest\u00e9 sur une petite prise de pied, \u00e0 vue dans une dalle. Le chausson, un Katana Laces, s\u2019en rappelle encore lui aussi, et ne s\u2019en est jamais remis d\u2019ailleurs (gomme de la bande avant coup\u00e9e).<\/p>\n<p>Connaissant peu Romaric, <strong>j\u2019ai \u00e9t\u00e9 impressionn\u00e9 par sa victoire indiscutable aux Championnats de France 2022 de difficult\u00e9.<\/strong> Impressionn\u00e9 mais aussi surpris. J\u2019avais entendu dire qu\u2019il s\u2019\u00e9tait beaucoup entrain\u00e9 depuis plusieurs mois. Mais l\u00e0, en finale, il a mis tout le monde d\u2019accord (voir ce <a href=\"https:\/\/www.grimper.com\/news-romaric-geffroy-nolwenn-arc-champions-france-difficulte\" target=\"_blank\" rel=\"noopener\">lien<\/a>, j&rsquo;ai \u00e9galement mis la vid\u00e9o de son run plus bas dans l&rsquo;article).<br \/>\nEn tant que vieux grimpeur romantique, je suis trop souvent pein\u00e9 de voir des grimpeuses ou grimpeurs ne mettant jamais un doigt en falaise gagner des comp\u00e9titions de difficult\u00e9. Sa performance en finale m\u2019a donc fait tr\u00e8s plaisir, et m\u2019a \u00e9galement interloqu\u00e9. <strong>Comment Romaric a-t-il construit cette victoire ? De tout \u00e9vidence, il ne peut pas \u00eatre que le \u201cpur falaisiste\u201d que je m\u2019imaginais.<\/strong><\/p>\n<p>Voici le rendu de la longue discussion que nous avons eu r\u00e9cemment \u00e0 ce sujet. J&rsquo;esp\u00e8re que cela vous int\u00e9ressera. Mais avant, je tiens \u00e0 remercier chaleureusement Th\u00e9o Cartier (<a href=\"https:\/\/www.instagram.com\/theo.cartier.toc\/\" target=\"_blank\" rel=\"noopener\">instagram.com\/theo.cartier.toc<\/a>) pour les photos de Romaric dans <a href=\"https:\/\/fanatic-climbing.com\/les-dernieres-croix-des-francais-latest-ticks-from-french-crushers\/\" target=\"_blank\" rel=\"noopener\">\u201cH\u00e9matomes crochus\u201d, 9a \u00e0 la Ramirole<\/a> (Verdon).<\/p>\n<hr \/>\n<p>Fred Vionnet: <span style=\"text-decoration: underline;\">\u201c<strong>Salut Romaric. Comment es-tu venu \u00e0 la grimpe? Peux-tu te pr\u00e9senter rapidement?\u201d<\/strong><\/span><\/p>\n<p><span style=\"text-decoration: underline;\">Romaric Geffroy:<\/span><br \/>\n\u201cJ\u2019ai 26 ans et j\u2019ai commenc\u00e9 l\u2019escalade \u00e0 l\u2019\u00e2ge de 10 ans, \u00e0 l\u2019AS Villefontaine. Je suis venu \u00e0 la comp\u00e9tition petit \u00e0 petit, vers l\u2019\u00e2ge de 12-13 ans. <strong>Avant la cat\u00e9gorie s\u00e9nior, je n\u2019ai jamais \u00e9t\u00e9 s\u00e9lectionn\u00e9 en Equipe de France pour les comp\u00e9titions internationales. Mon niveau \u00e9tait trop bas.<\/strong> M\u00eame si j\u2019ai fini 5\u00e8me d\u2019une finale de championnats de France en cadet, en oubliant de clipper une d\u00e9gaine ce qui m\u2019a emp\u00each\u00e9 d\u2019aller au bout de mon essai &#8230;\u201d<\/p>\n<p>Fred Vionnet: <strong><span style=\"text-decoration: underline;\">\u201cEst ce que tu grimpais d\u00e9j\u00e0 en falaise, ou tu te consacrais uniquement \u00e0 la comp\u00e9tition?\u201d<\/span><\/strong><\/p>\n<p><span style=\"text-decoration: underline;\">Romaric Geffroy:<\/span> <br \/>\n\u201c<strong>Je faisais de la falaise avec le club, durant des stages. Donc pas de mani\u00e8re r\u00e9guli\u00e8re. Je me suis vraiment mis \u00e0 la falaise vers 18\/19 ans. J\u2019ai commenc\u00e9 \u00e0 avoir des bons r\u00e9sultats en comp\u00e9tition au m\u00eame \u00e2ge, en arrivant chez les s\u00e9niors.<\/strong> <br \/>\nPour ma premi\u00e8re ann\u00e9e chez les \u201cgrands\u201d, en 2018, je me suis s\u00e9lectionn\u00e9 pour ma premi\u00e8re coupe du Monde \u00e0 Chamonix. En 2019, j\u2019ai fini 5\u00e8me aux Championnats de France \u00e0 Arnas. J\u2019ai ensuite particip\u00e9 aux coupes du Monde de Chamonix et Brian\u00e7on, me qualifiant pour la demi-finale sur cette derni\u00e8re.<br \/>\nPuis, <strong>en 2020<\/strong>, je n\u2019ai pas fait un bon r\u00e9sultat aux championnats de France. Je n\u2019ai donc pas \u00e9t\u00e9 s\u00e9lectionn\u00e9 en Equipe de France. Cela a co\u00efncid\u00e9 avec la fin de mes \u00e9tudes. <strong>J\u2019avais pr\u00e9vu de prendre une ann\u00e9e sabbatique pour faire beaucoup plus de falaise avant de rentrer dans la vie active, et j\u2019ai \u00e9t\u00e9 s\u00e9lectionn\u00e9 pour le Roc Aventure Programme de la FFME.<\/strong><br \/>\n<strong>En 2021, je n\u2019ai pas fait de comp\u00e9titions non plus. J\u2019\u00e9tais en recherche d\u2019emploi, et il \u00e9tait plus simple de faire beaucoup de falaise que de m\u2019entrainer pour les comp\u00e9titions, car cela demande une vie tr\u00e8s stable.\u201d<\/strong><\/p>\n<p>Fred Vionnet: <span style=\"text-decoration: underline;\"><strong>\u201cC\u2019est \u00e0 ce moment-l\u00e0 que tu as commenc\u00e9 \u00e0 essayer \u201cBiographie\u201d?\u201d<\/strong><\/span><\/p>\n<p><span style=\"text-decoration: underline;\">Romaric Geffroy:<\/span><br \/>\n\u201c<strong>En fait, j\u2019ai beaucoup essay\u00e9 \u201cBiographie\u201d de 2018 \u00e0 2021. M\u00eame si je n\u2019\u00e9tais pas si loin, j\u2019avais la sensation de ne pas progresser dans cette voie et de stagner dans mon niveau de grimpe. J\u2019ai r\u00e9alis\u00e9 que j\u2019avais une r\u00e9elle envie de progresser. Pour cela, il fallait que je mette en place un entrainement vraiment cadr\u00e9 et organis\u00e9. L\u2019objectif \u00e9tait de pallier mes lacunes physiques pour voir jusqu\u2019o\u00f9 j\u2019\u00e9tais capable d\u2019aller.<\/strong><br \/>\n<strong>J\u2019avais envie de me remettre \u00e0 la comp\u00e9tition et \u00e7a me paraissait aussi \u00eatre le moyen le plus pertinent de mettre en place un entrainement rigoureux avec des objectifs pr\u00e9cis.<\/strong> Et si je ne r\u00e9ussissais pas en comp\u00e9tition, ou que je perdais la motivation pour cette pratique, ce ne serait pas des ann\u00e9es perdues car mon niveau allait augmenter. Ce qui serait <strong>ensuite transf\u00e9rable \u00e0 la falaise.<\/strong>\u201d<\/p>\n<p>Fred Vionnet: <span style=\"text-decoration: underline;\"><strong>\u201cComment as-tu organis\u00e9 ce retour \u00e0 l\u2019entrainement pour la comp\u00e9tition?\u201d<\/strong><\/span><\/p>\n<p><span style=\"text-decoration: underline;\">Romaric Geffroy:<\/span><br \/>\n\u201c<strong>J&rsquo;ai quasiment arr\u00eat\u00e9 de grimper en falaise, ne grimpant dehors qu\u2019occasionnellement pour une pratique r\u00e9cr\u00e9ative.<\/strong> Pour te donner une id\u00e9e du changement, j\u2019ai d\u00fb grimper 10 fois en falaise sur l\u2019ann\u00e9e 2021, contre peut \u00eatre 150 fois en 2020.<br \/>\nJ\u2019ai d\u00e9sormais un emploi fixe \u00e0 80% d\u2019un plein temps. Je vis \u00e0 Annecy et je b\u00e9n\u00e9ficie d\u2019un acc\u00e8s facile \u00e0 des structures d\u2019entrainement adapt\u00e9es. Ce sont des crit\u00e8res indispensables pour mettre en place une programmation efficace. Je suis revenu vers Adrien Pirolo (<a href=\"https:\/\/www.instagram.com\/adrienpirolo\/\" target=\"_blank\" rel=\"noopener\">instagram.com\/adrienpirolo<\/a>) qui m\u2019entrainait d\u00e9j\u00e0 lors de mes saisons pr\u00e9c\u00e9dentes de comp\u00e9tition.<br \/>\nAvec Adrien, nous avons chang\u00e9 d\u2019approche, avec <strong>une progression tr\u00e8s ax\u00e9e sur le physique. Plus pr\u00e9cis\u00e9ment sur la force max et l\u2019endurance de force ou r\u00e9sistance courte. J\u2019ai beaucoup travaill\u00e9 sur des efforts de 15 mouvements maximum.<\/strong> Je suis naturellement dou\u00e9 pour les efforts plus longs de r\u00e9si longue et de conti, et en plus je les ai \u00e9norm\u00e9ment travaill\u00e9s en passant tout ce temps \u00e0 grimper en falaise. Nous n\u2019avons donc pas cherch\u00e9 avec Adrien \u00e0 d\u00e9velopper ces fili\u00e8res longues. Il me suffit de les conserver ou de les affuter.<br \/>\n<strong>Ces 2 saisons sans comp\u00e9titions m\u2019ont permis de r\u00e9fl\u00e9chir sur mon envie de revenir \u00e0 la comp\u00e9tition. Et sur pourquoi je voulais y revenir.<\/strong> M\u00eame si je n\u2019\u00e9tais pas absolument certain d\u2019avoir une envie assez forte, le meilleur moyen de le savoir \u00e9tait d\u2019essayer. J\u2019ai donc d\u00e9cid\u00e9 d\u2019y retourner avec plus d\u2019implication qu\u2019auparavant, sans me laisser porter par l\u2019entraineur et la planification qu\u2019il me fait suivre. <strong>C\u2019est d\u00e9sormais important pour moi de participer \u00e0 la mise en place du meilleur entrainement possible en \u00e9changeant beaucoup avec mon entraineur.<\/strong> Je me questionne beaucoup sur les moyens que je peux utiliser pour m\u2019entrainer. J\u2019essaye de tout optimiser.<br \/>\nD\u2019ailleurs, <strong>apr\u00e8s ma victoire aux championnats de France cette ann\u00e9e, je me suis repos\u00e9 la question. Ai-je vraiment envie de continuer ? Est-ce que cela me donne du plaisir ? Quelles sont mes vraies motivations ?<\/strong><\/p>\n<p>Fred Vionnet: <span style=\"text-decoration: underline;\"><strong>\u201cJ\u2019aimerais qu\u2019on revienne sur ta victoire aux Championnats de France de cette ann\u00e9e 2022.\u201d<\/strong><\/span><\/p>\n<p><span style=\"text-decoration: underline;\">Romaric Geffroy:<\/span><br \/>\n\u201c<strong>La voie de finale \u00e9tait en r\u00e9si \u00e0 gestion d&rsquo;effort, presque de la conti . Elle me convenait donc tr\u00e8s bien. Je n\u2019\u00e9tais pas stress\u00e9 au moment de partir.<\/strong> J\u2019ai bien grimp\u00e9 la section sur volumes dans le toit et je suis arriv\u00e9 en bonne condition au repos. J\u2019en suis reparti tr\u00e8s d\u00e9contract\u00e9 et repos\u00e9 pour la section de r\u00e9si sur arqu\u00e9es. Et c\u2019est ce que je sais le mieux faire.<br \/>\n<strong>Cette performance a concr\u00e9tis\u00e9 tout ce que j\u2019ai mis en place durant les mois pr\u00e9c\u00e9dents. Je savais que j\u2019avais un bon niveau physique mais sans avoir jamais perf\u00e9 lors d\u2019une comp\u00e9tition importante. Il fallait que le mental soit aussi en place et je savais que c\u2019\u00e9tait possible. Je suis donc arriv\u00e9 conscient de mon niveau, tout en \u00e9tant plus humble. Je n\u2019avais pas d\u2019attentes particuli\u00e8res et j\u2019ai pris le parti d\u2019accepter l\u2019incertitude.<\/strong><br \/>\n<strong>La demi-finale \u00e9tait par contre beaucoup plus stressante. C\u2019est m\u00eame le moment le plus stressant de la saison<\/strong>, o\u00f9 tout se joue si tu veux te qualifier pour le circuit de Coupe du Monde.\u201d<\/p>\n<p><iframe loading=\"lazy\" title=\"YouTube video player\" src=\"https:\/\/www.youtube.com\/embed\/F7YqluAHnfY?start=6643\" width=\"560\" height=\"315\" frameborder=\"0\" allowfullscreen=\"allowfullscreen\"><\/iframe><\/p>\n<p>Fred Vionnet: <span style=\"text-decoration: underline;\"><strong>\u201cBonne transition! Parles nous justement de cette saison de Coupe du Monde\u201d<\/strong><\/span><\/p>\n<p><span style=\"text-decoration: underline;\">Romaric Geffroy:<\/span><br \/>\n\u201cJe savais que je n\u2019\u00e9tais pas forc\u00e9ment le meilleur fran\u00e7ais sur le style des voies de Coupe du Monde. Surtout que le titre de Champion de France ne se joue que sur une comp\u00e9tition. Donc <strong>je ne suis pas arriv\u00e9 en me donnant un statut particulier malgr\u00e9 mon titre.<\/strong> Je suis conscient de la diff\u00e9rence de niveau entre les comp\u00e9titions nationales et internationales.<br \/>\n<strong>Je suis tr\u00e8s content de ma saison.<\/strong> Je me suis class\u00e9 21\u00e8me \u00e0 Chamonix, 33\u00e8me \u00e0 Brian\u00e7on, 24\u00e8me \u00e0 Innsbr\u00fcck et 23\u00e8me \u00e0 Villars. En grimpant d\u00e9contract\u00e9, sans stress. Ce qui est certainement li\u00e9 \u00e0 la <strong>tr\u00e8s bonne ambiance en \u00e9quipe de France.<\/strong> L\u2019encadrement \u00e0 mis en place un esprit d\u2019\u00e9quipe tr\u00e8s aidant. Lors de mes exp\u00e9riences pr\u00e9c\u00e9dentes il me semble que la performance se faisait de mani\u00e8re plus individuelle.<br \/>\n<strong>J\u2019ai r\u00e9guli\u00e8rement bien grimp\u00e9 dans les voies flash des qualifications. Cela m\u2019a permis d\u2019atteindre 3 demi-finales sur les 4 Coupes du Monde auxquelles j\u2019ai particip\u00e9. Mettre des gros runs en allant au bout de son physique, cela procure beaucoup de plaisir. J\u2019ai par contre eu plus de mal lors des demi-finales qui sont \u00e0 vue. Je ne suis pas tr\u00e8s bon en lecture, dans la prise de d\u00e9cision et la gestion de l\u2019incertitude, quand il faut laisser parler l\u2019instinct. Mais je ne le vis pas comme un \u00e9chec.<\/strong>\u201d<\/p>\n<blockquote class=\"instagram-media\" style=\"background: #FFF; border: 0; border-radius: 3px; box-shadow: 0 0 1px 0 rgba(0,0,0,0.5),0 1px 10px 0 rgba(0,0,0,0.15); margin: 1px; max-width: 540px; min-width: 326px; padding: 0; width: calc(100% - 2px);\" data-instgrm-captioned=\"\" data-instgrm-permalink=\"https:\/\/www.instagram.com\/p\/CgAOxfHjgzX\/?utm_source=ig_embed&amp;utm_campaign=loading\" data-instgrm-version=\"14\">\n<div style=\"padding: 16px;\">\n<div style=\"display: flex; flex-direction: row; align-items: center;\">\n<div style=\"background-color: #f4f4f4; border-radius: 50%; flex-grow: 0; height: 40px; margin-right: 14px; width: 40px;\">&nbsp;<\/div>\n<div style=\"display: flex; flex-direction: column; flex-grow: 1; justify-content: center;\">\n<div style=\"background-color: #f4f4f4; border-radius: 4px; flex-grow: 0; height: 14px; margin-bottom: 6px; width: 100px;\">&nbsp;<\/div>\n<div style=\"background-color: #f4f4f4; border-radius: 4px; flex-grow: 0; height: 14px; width: 60px;\">&nbsp;<\/div>\n<\/div>\n<\/div>\n<div style=\"padding: 19% 0;\">&nbsp;<\/div>\n<div style=\"display: block; height: 50px; margin: 0 auto 12px; width: 50px;\">&nbsp;<\/div>\n<div style=\"padding-top: 8px;\">\n<div style=\"color: #3897f0; font-family: Arial,sans-serif; font-size: 14px; font-style: normal; font-weight: 550; line-height: 18px;\">Voir cette publication sur Instagram<\/div>\n<\/div>\n<div style=\"padding: 12.5% 0;\">&nbsp;<\/div>\n<div style=\"display: flex; flex-direction: row; margin-bottom: 14px; align-items: center;\">\n<div>\n<div style=\"background-color: #f4f4f4; border-radius: 50%; height: 12.5px; width: 12.5px; transform: translateX(0px) translateY(7px);\">&nbsp;<\/div>\n<div style=\"background-color: #f4f4f4; height: 12.5px; transform: rotate(-45deg) translateX(3px) translateY(1px); width: 12.5px; flex-grow: 0; margin-right: 14px; margin-left: 2px;\">&nbsp;<\/div>\n<div style=\"background-color: #f4f4f4; border-radius: 50%; height: 12.5px; width: 12.5px; transform: translateX(9px) translateY(-18px);\">&nbsp;<\/div>\n<\/div>\n<div style=\"margin-left: 8px;\">\n<div style=\"background-color: #f4f4f4; border-radius: 50%; flex-grow: 0; height: 20px; width: 20px;\">&nbsp;<\/div>\n<div style=\"width: 0; height: 0; border-top: 2px solid transparent; border-left: 6px solid #f4f4f4; border-bottom: 2px solid transparent; transform: translateX(16px) translateY(-4px) rotate(30deg);\">&nbsp;<\/div>\n<\/div>\n<div style=\"margin-left: auto;\">\n<div style=\"width: 0px; border-top: 8px solid #F4F4F4; border-right: 8px solid transparent; transform: translateY(16px);\">&nbsp;<\/div>\n<div style=\"background-color: #f4f4f4; flex-grow: 0; height: 12px; width: 16px; transform: translateY(-4px);\">&nbsp;<\/div>\n<div style=\"width: 0; height: 0; border-top: 8px solid #F4F4F4; border-left: 8px solid transparent; transform: translateY(-4px) translateX(8px);\">&nbsp;<\/div>\n<\/div>\n<\/div>\n<div style=\"display: flex; flex-direction: column; flex-grow: 1; justify-content: center; margin-bottom: 24px;\">\n<div style=\"background-color: #f4f4f4; border-radius: 4px; flex-grow: 0; height: 14px; margin-bottom: 6px; width: 224px;\">&nbsp;<\/div>\n<div style=\"background-color: #f4f4f4; border-radius: 4px; flex-grow: 0; height: 14px; width: 144px;\">&nbsp;<\/div>\n<\/div>\n<p style=\"color: #c9c8cd; font-family: Arial,sans-serif; font-size: 14px; line-height: 17px; margin-bottom: 0; margin-top: 8px; overflow: hidden; padding: 8px 0 7px; text-align: center; text-overflow: ellipsis; white-space: nowrap;\"><a style=\"color: #c9c8cd; font-family: Arial,sans-serif; font-size: 14px; font-style: normal; font-weight: normal; line-height: 17px; text-decoration: none;\" href=\"https:\/\/www.instagram.com\/p\/CgAOxfHjgzX\/?utm_source=ig_embed&amp;utm_campaign=loading\" target=\"_blank\" rel=\"noopener\">Une publication partag\u00e9e par Romaric Geffroy (@romaricgeffroy)<\/a><\/p>\n<\/div>\n<\/blockquote>\n<p><script async=\"\" src=\"\/\/www.instagram.com\/embed.js\"><\/script><\/p>\n<p>Fred Vionnet: <span style=\"text-decoration: underline;\"><strong>\u201cComment tu as v\u00e9cu ce retour au niveau international apr\u00e8s 2 ans de falaise?\u201d<\/strong><\/span><\/p>\n<p><span style=\"text-decoration: underline;\">Romaric Geffroy:<\/span><br \/>\n\u201cEffectivement, je me demandais si le niveau avait augment\u00e9. J\u2019ai l\u2019impression qu\u2019il a peu augment\u00e9, ou alors c\u2019est moi qui ai beaucoup progress\u00e9. Concernant les voies, le style est le m\u00eame.<br \/>\n<strong>C\u2019\u00e9tait quand m\u00eame bizarre pour moi de me remettre dans un esprit comp\u00e9titif apr\u00e8s cette interruption. La diff\u00e9rence de nature entre une performance en falaise et une performance en comp\u00e9tition est grande. J\u2019avais plein de r\u00e9glages \u00e0 faire, surtout au niveau du mental et de la gestion des contraintes sp\u00e9cifiques comme l\u2019isolement, l\u2019observation, etc.<\/strong><br \/>\n<strong>J\u2019ai eu besoin de passer par 3 Coupes de France et les Championnats r\u00e9gionaux pour me r\u00e9adapter.<\/strong> Sur les Coupes de France, j\u2019ai vraiment manqu\u00e9 d\u2019efficacit\u00e9 malgr\u00e9 un tr\u00e8s bon niveau physique. Lors de chaque comp\u00e9tition, j\u2019ai fait une erreur qui a cout\u00e9 cher&#8230; A Besan\u00e7on, j\u2019ai eu un probl\u00e8me de prise de d\u00e9cision. A G\u00e9mozac, j\u2019ai ressenti de la pression. A Marseille, j\u2019ai fait une erreur de lecture. Puis aux R\u00e9gionaux, j\u2019ai gagn\u00e9 en grimpant bien. <strong>La pr\u00e9paration mentale que j\u2019avais commenc\u00e9e apr\u00e8s Besan\u00e7on, en f\u00e9vrier, m\u2019a permis de corriger mon \u00e9tat d\u2019esprit et d\u2019\u00eatre pr\u00eat pour les comp\u00e9titions importantes.<\/strong>\u201d<\/p>\n<p>Fred Vionnet: <span style=\"text-decoration: underline;\"><strong>\u201cEst ce que tu repars pour la saison 2023?\u201d<\/strong><\/span><\/p>\n<p><span style=\"text-decoration: underline;\">Romaric Geffroy:<\/span><br \/>\n\u201c<strong>Oui, je repars pour le m\u00eame type de saison avec \u00e0 peu pr\u00e8s les m\u00eames objectifs : reporter le maillot de l\u2019Equipe de France, pour faire mieux en Coupe du Monde si je me qualifie.<\/strong> L\u2019objectif sera alors de faire dans les 15 premiers de mani\u00e8re r\u00e9guli\u00e8re.<br \/>\n<strong>J\u2019ai pris du temps pour grimper en falaise au d\u00e9but de l\u2019automne, mais je suis depuis retourn\u00e9 dans les salles. La grimpe en falaise n\u2019est pas b\u00e9n\u00e9fique durant une saison de comp\u00e9tition.<\/strong>\u201d<\/p>\n<p>Fred Vionnet: <span style=\"text-decoration: underline;\"><strong>\u201cDonc, selon toi, grimpe \u00e0 haut niveau en comp\u00e9tition et en falaise ne sont pas compatibles?\u201d<\/strong><\/span><\/p>\n<p><span style=\"text-decoration: underline;\">Romaric Geffroy:<\/span><br \/>\n\u201c<strong>Dans mon cas non, ces 2 pratiques ne sont pas compatibles.<\/strong> Pour d\u2019autres grimpeurs, cela peut \u00eatre diff\u00e9rent peut \u00eatre.<br \/>\n<strong>Les pr\u00e9hensions et les efforts des voies de Coupe du Monde ont beaucoup \u00e9volu\u00e9 sur les 15 derni\u00e8res ann\u00e9es. S\u2019en est fini des voies de r\u00e9si tr\u00e8s typ\u00e9es falaise sur arqu\u00e9es et semi-arqu\u00e9es. On y trouve beaucoup de prises plates, de pinces, g\u00e9n\u00e9rant des mouvements puissants, dynamiques. Tu es oblig\u00e9 de prendre des risques.<\/strong> D\u2019autant plus que le temps limite a baiss\u00e9 \u00e0 6 minutes.<br \/>\nLa grimpe en falaise exige g\u00e9n\u00e9ralement plus de gestion des d\u00e9contractions et du rel\u00e2chement. Ce ne sont pas des facteurs de performance primordiaux en comp\u00e9tition. Par exemple, pour revenir \u00e0 \u201cBiographie \u201c, la principale difficult\u00e9 de cette voie r\u00e9side, selon moi, dans ta capacit\u00e9 \u00e0 g\u00e9rer les repos. Alors qu\u2019en comp\u00e9tition, surtout avec la r\u00e8gle des 6 minutes, tu restes peu sur les repos. Et encore faut-il qu\u2019il y ait des repos dans la voie. Tu profites plut\u00f4t de mani\u00e8re g\u00e9n\u00e9rale des mouvements moins durs pour te refaire un petit peu.<br \/>\n<strong>Du coup, je pense que la pratique de la falaise ne sert \u00e0 rien pour te pr\u00e9parer physiquement aux comp\u00e9titions. Particuli\u00e8rement pour moi, qui maitrise relativement bien les efforts longs, le rel\u00e2chement et la patience sur les positions de repos.<\/strong><br \/>\n<strong>Par contre, grimper en falaise me permet de me ressourcer. C\u2019est un type de pratique moins stressant, moins frustrant, b\u00e9n\u00e9fique \u00e0 ton \u00e9quilibre mental.<\/strong> Et je pense que si Jakob Schubert, Adam Ondra ou encore Alex Megos par exemple, grimpent encore dehors, c\u2019est parce qu\u2019ils savent pertinemment que cela permet de <strong>prendre soin de leur motivation \u00e0 s\u2019entrainer<\/strong>. Cela ne leur permet pas de progresser pour avoir de meilleurs r\u00e9sultats en comp\u00e9tition.<\/p>\n<p><a href=\"https:\/\/www.escalade.pro\/news\/wp-content\/uploads\/2022\/11\/Rom01.jpg\"><img loading=\"lazy\" decoding=\"async\" class=\"size-medium wp-image-22344 alignright\" src=\"https:\/\/www.escalade.pro\/news\/wp-content\/uploads\/2022\/11\/Rom01-225x300.jpg\" alt=\"romaric geffroy champion france escalade\" width=\"225\" height=\"300\" srcset=\"https:\/\/www.escalade.pro\/news\/wp-content\/uploads\/2022\/11\/Rom01-225x300.jpg 225w, https:\/\/www.escalade.pro\/news\/wp-content\/uploads\/2022\/11\/Rom01-768x1024.jpg 768w, https:\/\/www.escalade.pro\/news\/wp-content\/uploads\/2022\/11\/Rom01-600x800.jpg 600w, https:\/\/www.escalade.pro\/news\/wp-content\/uploads\/2022\/11\/Rom01-400x534.jpg 400w, https:\/\/www.escalade.pro\/news\/wp-content\/uploads\/2022\/11\/Rom01.jpg 1123w\" sizes=\"auto, (max-width: 225px) 100vw, 225px\" \/><\/a>Fred Vionnet: <span style=\"text-decoration: underline;\"><strong>\u201cEst ce que la grimpe en falaise te manque ?\u201d<\/strong><\/span><\/p>\n<p><span style=\"text-decoration: underline;\">Romaric Geffroy:<\/span><br \/>\n\u201c<strong>Actuellement, je n\u2019ai pas besoin de grimper souvent dehors pour garder la motivation et le plaisir de m\u2019entrainer.<\/strong> Le jour o\u00f9 je serai cram\u00e9 mentalement, je retournerai \u00e0 la falaise plus souvent.<br \/>\n<strong>Pour la saison prochaine, je vais probablement faire plus souvent du bloc en ext\u00e9rieur. Cela me semble plus compatible avec la comp\u00e9tition de difficult\u00e9, plus transf\u00e9rable.\u201d<\/strong><\/p>\n<p>Fred Vionnet: <span style=\"text-decoration: underline;\"><strong>\u201cSi j\u2019ai bien suivi, tu travailles sur te points faibles pour avoir de meilleurs r\u00e9sultats en comp\u00e9titons, et cela te permettra d\u2019\u00eatre plus fort en falaise ?\u201d<\/strong><\/span><\/p>\n<p><span style=\"text-decoration: underline;\">Romaric Geffroy:<\/span><br \/>\n\u201c<strong>Oui, car je travaille beaucoup sur la tenue de prise et la puissance.<\/strong> Et ces qualit\u00e9s me manquent souvent dans les voies \u00e0 partir de 9a.\u201d<\/p>\n<p>Fred Vionnet: <span style=\"text-decoration: underline;\"><strong>\u201cExpliques nous stp la diff\u00e9rence entre un \u00e0 vue en falaise, et un \u00e0 vue en comp\u00e9tition.\u201d<\/strong><\/span><\/p>\n<p><span style=\"text-decoration: underline;\">Romaric Geffroy:<\/span><br \/>\n\u201cEn falaise, je suis efficace \u00e0 vue. Et pourtant en comp\u00e9tition, je parviens beaucoup mieux \u00e0 m\u2019exprimer lors des qualifications qui se font flash, que lors des demi-finales \u00e0 vue. Par exemple, \u00e0 Innsbruck, j\u2019ai fait 9\u00e8me en qualification, et 24\u00e8me en demi. C\u2019est r\u00e9current et paradoxal, et je me suis donc d\u00e9j\u00e0 pos\u00e9 cette question.<br \/>\n<strong>Lors d\u2019un essai \u00e0 vue en falaise, tu n\u2019as pas de temps limite. Je peux facilement prendre 30 minutes dans une voie. Il faut \u00eatre patient, rel\u00e2ch\u00e9, profiter des d\u00e9contractions pour prendre un maximum d\u2019informations etc. Alors qu\u2019en comp\u00e9tition, avec le temps limite et l\u2019intensit\u00e9 de l\u2019effort, la prise de d\u00e9cision doit \u00eatre beaucoup plus rapide. La gestion de ton effort est vraiment diff\u00e9rente.<\/strong> La lecture depuis le sol est beaucoup plus importante et je dois m\u2019am\u00e9liorer sur tous ces points.\u201d<\/p>\n<p>Fred Vionnet: <span style=\"text-decoration: underline;\"><strong>\u201cEt pour terminer, quelles sont les voies qui te font r\u00eaver ? Que tu voudrais essayer quand tu auras le temps. Je parle de falaise \u00e9videmment\u201d<\/strong><\/span><\/p>\n<p><span style=\"text-decoration: underline;\">Romaric Geffroy\u202f:<\/span><br \/>\nQuand j\u2019aurai le temps je commencerai par retourner voir si Biographie veut bien de moi. Ensuite c\u2019est un peu flou, j\u2019ai envie de repousser mon niveau mais j\u2019ai aussi envie de faire plein de belles voies dans le 9a-9a+ et de varier ma pratique (trad, grandes-voies, bloc).<br \/>\n<strong>\u00ab\u00a0Du c\u00f4t\u00e9 des gros projets il n\u2019y a pas vraiment de voies connues qui me font r\u00eaver \u00e0 part peut-\u00eatre la Rage d\u2019Adam que j\u2019ai pu essayer cet \u00e9t\u00e9. Je crois que je suis un peu f\u00e2ch\u00e9 avec les voies \u00ab\u202fclassiques\u202f\u00bb homog\u00e8nes, ce que je cherche en priorit\u00e9 dans mes projets aujourd\u2019hui, c\u2019est l\u2019originalit\u00e9 de la gestuelle, l\u2019intensit\u00e9 et un sentiment de d\u00e9couverte.<\/strong> J\u2019ai du mal \u00e0 me projeter dans ces voies connues, vues en vid\u00e9o parce que je ne sais pas si elles vont vraiment me plaire. J\u2019ai plusieurs fois \u00e9t\u00e9 d\u00e9\u00e7u en essayant des classiques dans le 9, <strong>si je me mets un long projet c\u2019est dans une voie que je trouve vraiment incroyable et pas seulement dans un d\u00e9fi physique<\/strong>. En ce moment les voies non ou peu r\u00e9alis\u00e9es me motivent particuli\u00e8rement et j\u2019ai quelques id\u00e9es de ce c\u00f4t\u00e9-l\u00e0\u202f!\u00a0\u00bb<\/p>\n","protected":false},"excerpt":{"rendered":"<p>Pour moi, Romaric Geffroy \u00e9tait un pur falaisiste, un grimpeur de rocher. Sa victoire aux championnats de France 2022 de difficult\u00e9 m&rsquo;a impressionn\u00e9. Comment Romaric a-t-il construit cette victoire ? De tout \u00e9vidence, il ne peut pas \u00eatre que le \u201cpur falaisiste\u201d que je m\u2019imaginais.<\/p>\n","protected":false},"author":1,"featured_media":22347,"comment_status":"open","ping_status":"open","sticky":false,"template":"","format":"standard","meta":{"colormag_page_container_layout":"default_layout","colormag_page_sidebar_layout":"default_layout","_monsterinsights_skip_tracking":false,"_monsterinsights_sitenote_active":false,"_monsterinsights_sitenote_note":"","_monsterinsights_sitenote_category":0,"ngg_post_thumbnail":0,"jetpack_post_was_ever_published":false,"_jetpack_newsletter_access":"","_jetpack_dont_email_post_to_subs":false,"_jetpack_newsletter_tier_id":0,"_jetpack_memberships_contains_paywalled_content":false,"_jetpack_memberships_contains_paid_content":false,"footnotes":"","jetpack_publicize_message":"","jetpack_publicize_feature_enabled":true,"jetpack_social_post_already_shared":true,"jetpack_social_options":{"image_generator_settings":{"template":"highway","default_image_id":0,"font":"","enabled":false},"version":2}},"categories":[4,1],"tags":[299,297,31,17,276,298],"class_list":["post-22345","post","type-post","status-publish","format-standard","has-post-thumbnail","hentry","category-escalade","category-news","tag-champion-de-france","tag-competiton","tag-entrainement","tag-escalade","tag-motivation","tag-romaric-geffroy"],"yoast_head":"<!-- This site is optimized with the Yoast SEO plugin v27.4 - https:\/\/yoast.com\/product\/yoast-seo-wordpress\/ -->\n<title>Romaric Geffroy: champion de France et falaisiste? - Grimpisme<\/title>\n<meta name=\"description\" content=\"Echanges avec le champion de France 2022 sur l&#039;entrainement pour la comp\u00e9tition et la pratique de la falaise.\" \/>\n<meta name=\"robots\" content=\"index, follow, max-snippet:-1, max-image-preview:large, max-video-preview:-1\" \/>\n<link rel=\"canonical\" href=\"https:\/\/www.escalade.pro\/news\/romaric-geffroy-champion-france\/\" \/>\n<meta property=\"og:locale\" content=\"fr_FR\" \/>\n<meta property=\"og:type\" content=\"article\" \/>\n<meta property=\"og:title\" content=\"Romaric Geffroy: champion de France et falaisiste? - Grimpisme\" \/>\n<meta property=\"og:description\" content=\"Echanges avec le champion de France 2022 sur l&#039;entrainement pour la comp\u00e9tition et la pratique de la falaise.\" \/>\n<meta property=\"og:url\" content=\"https:\/\/www.escalade.pro\/news\/romaric-geffroy-champion-france\/\" \/>\n<meta property=\"og:site_name\" content=\"L&#039;Arqu\u00e9e Libre - Fred Vionnet entraineur\/moniteur escalade\" \/>\n<meta property=\"article:publisher\" content=\"https:\/\/www.facebook.com\/grimpisme\/\" \/>\n<meta property=\"article:author\" content=\"https:\/\/www.facebook.com\/fredCaillouXvionnet\" \/>\n<meta property=\"article:published_time\" content=\"2022-11-18T16:12:53+00:00\" \/>\n<meta property=\"article:modified_time\" content=\"2023-04-13T14:29:03+00:00\" \/>\n<meta property=\"og:image\" content=\"https:\/\/www.escalade.pro\/news\/wp-content\/uploads\/2022\/11\/Rom03.jpg\" \/>\n\t<meta property=\"og:image:width\" content=\"1038\" \/>\n\t<meta property=\"og:image:height\" content=\"1660\" \/>\n\t<meta property=\"og:image:type\" content=\"image\/jpeg\" \/>\n<meta name=\"author\" content=\"Fred Vionnet\" \/>\n<meta name=\"twitter:card\" content=\"summary_large_image\" \/>\n<meta name=\"twitter:label1\" content=\"\u00c9crit par\" \/>\n\t<meta name=\"twitter:data1\" content=\"Fred Vionnet\" \/>\n\t<meta name=\"twitter:label2\" content=\"Dur\u00e9e de lecture estim\u00e9e\" \/>\n\t<meta name=\"twitter:data2\" content=\"14 minutes\" \/>\n<script type=\"application\/ld+json\" class=\"yoast-schema-graph\">{\"@context\":\"https:\\\/\\\/schema.org\",\"@graph\":[{\"@type\":\"Article\",\"@id\":\"https:\\\/\\\/www.escalade.pro\\\/news\\\/romaric-geffroy-champion-france\\\/#article\",\"isPartOf\":{\"@id\":\"https:\\\/\\\/www.escalade.pro\\\/news\\\/romaric-geffroy-champion-france\\\/\"},\"author\":{\"name\":\"Fred Vionnet\",\"@id\":\"https:\\\/\\\/www.escalade.pro\\\/news\\\/#\\\/schema\\\/person\\\/e0e0520aa48cfda56ae5406c2fe2caeb\"},\"headline\":\"Romaric Geffroy: champion de France et falaisiste?\",\"datePublished\":\"2022-11-18T16:12:53+00:00\",\"dateModified\":\"2023-04-13T14:29:03+00:00\",\"mainEntityOfPage\":{\"@id\":\"https:\\\/\\\/www.escalade.pro\\\/news\\\/romaric-geffroy-champion-france\\\/\"},\"wordCount\":2928,\"commentCount\":0,\"publisher\":{\"@id\":\"https:\\\/\\\/www.escalade.pro\\\/news\\\/#organization\"},\"image\":{\"@id\":\"https:\\\/\\\/www.escalade.pro\\\/news\\\/romaric-geffroy-champion-france\\\/#primaryimage\"},\"thumbnailUrl\":\"https:\\\/\\\/www.escalade.pro\\\/news\\\/wp-content\\\/uploads\\\/2022\\\/11\\\/Rom03.jpg\",\"keywords\":[\"champion de France\",\"comp\u00e9titon\",\"entrainement\",\"escalade\",\"motivation\",\"romaric geffroy\"],\"articleSection\":[\"Escalade\",\"News et actu\"],\"inLanguage\":\"fr-FR\",\"potentialAction\":[{\"@type\":\"CommentAction\",\"name\":\"Comment\",\"target\":[\"https:\\\/\\\/www.escalade.pro\\\/news\\\/romaric-geffroy-champion-france\\\/#respond\"]}]},{\"@type\":\"WebPage\",\"@id\":\"https:\\\/\\\/www.escalade.pro\\\/news\\\/romaric-geffroy-champion-france\\\/\",\"url\":\"https:\\\/\\\/www.escalade.pro\\\/news\\\/romaric-geffroy-champion-france\\\/\",\"name\":\"Romaric Geffroy: champion de France et falaisiste? - Grimpisme\",\"isPartOf\":{\"@id\":\"https:\\\/\\\/www.escalade.pro\\\/news\\\/#website\"},\"primaryImageOfPage\":{\"@id\":\"https:\\\/\\\/www.escalade.pro\\\/news\\\/romaric-geffroy-champion-france\\\/#primaryimage\"},\"image\":{\"@id\":\"https:\\\/\\\/www.escalade.pro\\\/news\\\/romaric-geffroy-champion-france\\\/#primaryimage\"},\"thumbnailUrl\":\"https:\\\/\\\/www.escalade.pro\\\/news\\\/wp-content\\\/uploads\\\/2022\\\/11\\\/Rom03.jpg\",\"datePublished\":\"2022-11-18T16:12:53+00:00\",\"dateModified\":\"2023-04-13T14:29:03+00:00\",\"description\":\"Echanges avec le champion de France 2022 sur l'entrainement pour la comp\u00e9tition et la pratique de la falaise.\",\"breadcrumb\":{\"@id\":\"https:\\\/\\\/www.escalade.pro\\\/news\\\/romaric-geffroy-champion-france\\\/#breadcrumb\"},\"inLanguage\":\"fr-FR\",\"potentialAction\":[{\"@type\":\"ReadAction\",\"target\":[\"https:\\\/\\\/www.escalade.pro\\\/news\\\/romaric-geffroy-champion-france\\\/\"]}]},{\"@type\":\"ImageObject\",\"inLanguage\":\"fr-FR\",\"@id\":\"https:\\\/\\\/www.escalade.pro\\\/news\\\/romaric-geffroy-champion-france\\\/#primaryimage\",\"url\":\"https:\\\/\\\/www.escalade.pro\\\/news\\\/wp-content\\\/uploads\\\/2022\\\/11\\\/Rom03.jpg\",\"contentUrl\":\"https:\\\/\\\/www.escalade.pro\\\/news\\\/wp-content\\\/uploads\\\/2022\\\/11\\\/Rom03.jpg\",\"width\":1038,\"height\":1660,\"caption\":\"romaric geffroy champion france escalade\"},{\"@type\":\"BreadcrumbList\",\"@id\":\"https:\\\/\\\/www.escalade.pro\\\/news\\\/romaric-geffroy-champion-france\\\/#breadcrumb\",\"itemListElement\":[{\"@type\":\"ListItem\",\"position\":1,\"name\":\"Accueil\",\"item\":\"https:\\\/\\\/www.escalade.pro\\\/news\\\/\"},{\"@type\":\"ListItem\",\"position\":2,\"name\":\"Romaric Geffroy: champion de France et falaisiste?\"}]},{\"@type\":\"WebSite\",\"@id\":\"https:\\\/\\\/www.escalade.pro\\\/news\\\/#website\",\"url\":\"https:\\\/\\\/www.escalade.pro\\\/news\\\/\",\"name\":\"L&#039;Arqu\u00e9e Libre - Fred Vionnet entraineur\\\/moniteur escalade\",\"description\":\"Coaching et entrainement escalade. Buoux, C\u00e9\u00fcse et Fontainebleau.\",\"publisher\":{\"@id\":\"https:\\\/\\\/www.escalade.pro\\\/news\\\/#organization\"},\"potentialAction\":[{\"@type\":\"SearchAction\",\"target\":{\"@type\":\"EntryPoint\",\"urlTemplate\":\"https:\\\/\\\/www.escalade.pro\\\/news\\\/?s={search_term_string}\"},\"query-input\":{\"@type\":\"PropertyValueSpecification\",\"valueRequired\":true,\"valueName\":\"search_term_string\"}}],\"inLanguage\":\"fr-FR\"},{\"@type\":\"Organization\",\"@id\":\"https:\\\/\\\/www.escalade.pro\\\/news\\\/#organization\",\"name\":\"L&#039;Arqu\u00e9e Libre - Fred Vionnet entraineur\\\/moniteur escalade\",\"url\":\"https:\\\/\\\/www.escalade.pro\\\/news\\\/\",\"logo\":{\"@type\":\"ImageObject\",\"inLanguage\":\"fr-FR\",\"@id\":\"https:\\\/\\\/www.escalade.pro\\\/news\\\/#\\\/schema\\\/logo\\\/image\\\/\",\"url\":\"https:\\\/\\\/www.escalade.pro\\\/news\\\/wp-content\\\/uploads\\\/2026\\\/04\\\/logo-wp-AL-avril-2026-1.jpg\",\"contentUrl\":\"https:\\\/\\\/www.escalade.pro\\\/news\\\/wp-content\\\/uploads\\\/2026\\\/04\\\/logo-wp-AL-avril-2026-1.jpg\",\"width\":1955,\"height\":902,\"caption\":\"L&#039;Arqu\u00e9e Libre - Fred Vionnet entraineur\\\/moniteur escalade\"},\"image\":{\"@id\":\"https:\\\/\\\/www.escalade.pro\\\/news\\\/#\\\/schema\\\/logo\\\/image\\\/\"},\"sameAs\":[\"https:\\\/\\\/www.facebook.com\\\/grimpisme\\\/\",\"https:\\\/\\\/www.instagram.com\\\/grimpisme\\\/\",\"https:\\\/\\\/www.linkedin.com\\\/in\\\/fred-vionnet-6284b96a\\\/\",\"https:\\\/\\\/fr.pinterest.com\\\/grimpisme\\\/\",\"https:\\\/\\\/www.youtube.com\\\/@grimpisme\"]},{\"@type\":\"Person\",\"@id\":\"https:\\\/\\\/www.escalade.pro\\\/news\\\/#\\\/schema\\\/person\\\/e0e0520aa48cfda56ae5406c2fe2caeb\",\"name\":\"Fred Vionnet\",\"image\":{\"@type\":\"ImageObject\",\"inLanguage\":\"fr-FR\",\"@id\":\"https:\\\/\\\/secure.gravatar.com\\\/avatar\\\/a2f6c5fc695da895033dcd95afaa6aeda795d5122ab3a22a03e24aab7f3d96a6?s=96&d=blank&r=g\",\"url\":\"https:\\\/\\\/secure.gravatar.com\\\/avatar\\\/a2f6c5fc695da895033dcd95afaa6aeda795d5122ab3a22a03e24aab7f3d96a6?s=96&d=blank&r=g\",\"contentUrl\":\"https:\\\/\\\/secure.gravatar.com\\\/avatar\\\/a2f6c5fc695da895033dcd95afaa6aeda795d5122ab3a22a03e24aab7f3d96a6?s=96&d=blank&r=g\",\"caption\":\"Fred Vionnet\"},\"description\":\"Coach escalade en Haute Savoie. Pas contre une grande voie non plus. Mais on va \u00e0 C\u00e9\u00fcse, Fontainebleau, Buoux ou encore les Gorges du Verdon quand vous voulez.\",\"sameAs\":[\"http:\\\/\\\/www.grimpisme.com\",\"https:\\\/\\\/www.facebook.com\\\/fredCaillouXvionnet\",\"https:\\\/\\\/www.linkedin.com\\\/profile\\\/preview?vpa=pub&locale=fr_FR\",\"https:\\\/\\\/fr.pinterest.com\\\/grimpisme\\\/\",\"https:\\\/\\\/www.youtube.com\\\/user\\\/grimpisme\",\"https:\\\/\\\/soundcloud.com\\\/fredvionnet\"],\"url\":\"https:\\\/\\\/www.escalade.pro\\\/news\\\/author\\\/fred\\\/\"}]}<\/script>\n<!-- \/ Yoast SEO plugin. -->","yoast_head_json":{"title":"Romaric Geffroy: champion de France et falaisiste? - Grimpisme","description":"Echanges avec le champion de France 2022 sur l'entrainement pour la comp\u00e9tition et la pratique de la falaise.","robots":{"index":"index","follow":"follow","max-snippet":"max-snippet:-1","max-image-preview":"max-image-preview:large","max-video-preview":"max-video-preview:-1"},"canonical":"https:\/\/www.escalade.pro\/news\/romaric-geffroy-champion-france\/","og_locale":"fr_FR","og_type":"article","og_title":"Romaric Geffroy: champion de France et falaisiste? - Grimpisme","og_description":"Echanges avec le champion de France 2022 sur l'entrainement pour la comp\u00e9tition et la pratique de la falaise.","og_url":"https:\/\/www.escalade.pro\/news\/romaric-geffroy-champion-france\/","og_site_name":"L&#039;Arqu\u00e9e Libre - Fred Vionnet entraineur\/moniteur escalade","article_publisher":"https:\/\/www.facebook.com\/grimpisme\/","article_author":"https:\/\/www.facebook.com\/fredCaillouXvionnet","article_published_time":"2022-11-18T16:12:53+00:00","article_modified_time":"2023-04-13T14:29:03+00:00","og_image":[{"width":1038,"height":1660,"url":"https:\/\/www.escalade.pro\/news\/wp-content\/uploads\/2022\/11\/Rom03.jpg","type":"image\/jpeg"}],"author":"Fred Vionnet","twitter_card":"summary_large_image","twitter_misc":{"\u00c9crit par":"Fred Vionnet","Dur\u00e9e de lecture estim\u00e9e":"14 minutes"},"schema":{"@context":"https:\/\/schema.org","@graph":[{"@type":"Article","@id":"https:\/\/www.escalade.pro\/news\/romaric-geffroy-champion-france\/#article","isPartOf":{"@id":"https:\/\/www.escalade.pro\/news\/romaric-geffroy-champion-france\/"},"author":{"name":"Fred Vionnet","@id":"https:\/\/www.escalade.pro\/news\/#\/schema\/person\/e0e0520aa48cfda56ae5406c2fe2caeb"},"headline":"Romaric Geffroy: champion de France et falaisiste?","datePublished":"2022-11-18T16:12:53+00:00","dateModified":"2023-04-13T14:29:03+00:00","mainEntityOfPage":{"@id":"https:\/\/www.escalade.pro\/news\/romaric-geffroy-champion-france\/"},"wordCount":2928,"commentCount":0,"publisher":{"@id":"https:\/\/www.escalade.pro\/news\/#organization"},"image":{"@id":"https:\/\/www.escalade.pro\/news\/romaric-geffroy-champion-france\/#primaryimage"},"thumbnailUrl":"https:\/\/www.escalade.pro\/news\/wp-content\/uploads\/2022\/11\/Rom03.jpg","keywords":["champion de France","comp\u00e9titon","entrainement","escalade","motivation","romaric geffroy"],"articleSection":["Escalade","News et actu"],"inLanguage":"fr-FR","potentialAction":[{"@type":"CommentAction","name":"Comment","target":["https:\/\/www.escalade.pro\/news\/romaric-geffroy-champion-france\/#respond"]}]},{"@type":"WebPage","@id":"https:\/\/www.escalade.pro\/news\/romaric-geffroy-champion-france\/","url":"https:\/\/www.escalade.pro\/news\/romaric-geffroy-champion-france\/","name":"Romaric Geffroy: champion de France et falaisiste? - Grimpisme","isPartOf":{"@id":"https:\/\/www.escalade.pro\/news\/#website"},"primaryImageOfPage":{"@id":"https:\/\/www.escalade.pro\/news\/romaric-geffroy-champion-france\/#primaryimage"},"image":{"@id":"https:\/\/www.escalade.pro\/news\/romaric-geffroy-champion-france\/#primaryimage"},"thumbnailUrl":"https:\/\/www.escalade.pro\/news\/wp-content\/uploads\/2022\/11\/Rom03.jpg","datePublished":"2022-11-18T16:12:53+00:00","dateModified":"2023-04-13T14:29:03+00:00","description":"Echanges avec le champion de France 2022 sur l'entrainement pour la comp\u00e9tition et la pratique de la falaise.","breadcrumb":{"@id":"https:\/\/www.escalade.pro\/news\/romaric-geffroy-champion-france\/#breadcrumb"},"inLanguage":"fr-FR","potentialAction":[{"@type":"ReadAction","target":["https:\/\/www.escalade.pro\/news\/romaric-geffroy-champion-france\/"]}]},{"@type":"ImageObject","inLanguage":"fr-FR","@id":"https:\/\/www.escalade.pro\/news\/romaric-geffroy-champion-france\/#primaryimage","url":"https:\/\/www.escalade.pro\/news\/wp-content\/uploads\/2022\/11\/Rom03.jpg","contentUrl":"https:\/\/www.escalade.pro\/news\/wp-content\/uploads\/2022\/11\/Rom03.jpg","width":1038,"height":1660,"caption":"romaric geffroy champion france escalade"},{"@type":"BreadcrumbList","@id":"https:\/\/www.escalade.pro\/news\/romaric-geffroy-champion-france\/#breadcrumb","itemListElement":[{"@type":"ListItem","position":1,"name":"Accueil","item":"https:\/\/www.escalade.pro\/news\/"},{"@type":"ListItem","position":2,"name":"Romaric Geffroy: champion de France et falaisiste?"}]},{"@type":"WebSite","@id":"https:\/\/www.escalade.pro\/news\/#website","url":"https:\/\/www.escalade.pro\/news\/","name":"L&#039;Arqu\u00e9e Libre - Fred Vionnet entraineur\/moniteur escalade","description":"Coaching et entrainement escalade. Buoux, C\u00e9\u00fcse et Fontainebleau.","publisher":{"@id":"https:\/\/www.escalade.pro\/news\/#organization"},"potentialAction":[{"@type":"SearchAction","target":{"@type":"EntryPoint","urlTemplate":"https:\/\/www.escalade.pro\/news\/?s={search_term_string}"},"query-input":{"@type":"PropertyValueSpecification","valueRequired":true,"valueName":"search_term_string"}}],"inLanguage":"fr-FR"},{"@type":"Organization","@id":"https:\/\/www.escalade.pro\/news\/#organization","name":"L&#039;Arqu\u00e9e Libre - Fred Vionnet entraineur\/moniteur escalade","url":"https:\/\/www.escalade.pro\/news\/","logo":{"@type":"ImageObject","inLanguage":"fr-FR","@id":"https:\/\/www.escalade.pro\/news\/#\/schema\/logo\/image\/","url":"https:\/\/www.escalade.pro\/news\/wp-content\/uploads\/2026\/04\/logo-wp-AL-avril-2026-1.jpg","contentUrl":"https:\/\/www.escalade.pro\/news\/wp-content\/uploads\/2026\/04\/logo-wp-AL-avril-2026-1.jpg","width":1955,"height":902,"caption":"L&#039;Arqu\u00e9e Libre - Fred Vionnet entraineur\/moniteur escalade"},"image":{"@id":"https:\/\/www.escalade.pro\/news\/#\/schema\/logo\/image\/"},"sameAs":["https:\/\/www.facebook.com\/grimpisme\/","https:\/\/www.instagram.com\/grimpisme\/","https:\/\/www.linkedin.com\/in\/fred-vionnet-6284b96a\/","https:\/\/fr.pinterest.com\/grimpisme\/","https:\/\/www.youtube.com\/@grimpisme"]},{"@type":"Person","@id":"https:\/\/www.escalade.pro\/news\/#\/schema\/person\/e0e0520aa48cfda56ae5406c2fe2caeb","name":"Fred Vionnet","image":{"@type":"ImageObject","inLanguage":"fr-FR","@id":"https:\/\/secure.gravatar.com\/avatar\/a2f6c5fc695da895033dcd95afaa6aeda795d5122ab3a22a03e24aab7f3d96a6?s=96&d=blank&r=g","url":"https:\/\/secure.gravatar.com\/avatar\/a2f6c5fc695da895033dcd95afaa6aeda795d5122ab3a22a03e24aab7f3d96a6?s=96&d=blank&r=g","contentUrl":"https:\/\/secure.gravatar.com\/avatar\/a2f6c5fc695da895033dcd95afaa6aeda795d5122ab3a22a03e24aab7f3d96a6?s=96&d=blank&r=g","caption":"Fred Vionnet"},"description":"Coach escalade en Haute Savoie. Pas contre une grande voie non plus. Mais on va \u00e0 C\u00e9\u00fcse, Fontainebleau, Buoux ou encore les Gorges du Verdon quand vous voulez.","sameAs":["http:\/\/www.grimpisme.com","https:\/\/www.facebook.com\/fredCaillouXvionnet","https:\/\/www.linkedin.com\/profile\/preview?vpa=pub&locale=fr_FR","https:\/\/fr.pinterest.com\/grimpisme\/","https:\/\/www.youtube.com\/user\/grimpisme","https:\/\/soundcloud.com\/fredvionnet"],"url":"https:\/\/www.escalade.pro\/news\/author\/fred\/"}]}},"jetpack_publicize_connections":[],"jetpack_featured_media_url":"https:\/\/www.escalade.pro\/news\/wp-content\/uploads\/2022\/11\/Rom03.jpg","jetpack_sharing_enabled":true,"jetpack_shortlink":"https:\/\/wp.me\/p68Rw6-5Op","jetpack-related-posts":[{"id":11604,"url":"https:\/\/www.escalade.pro\/news\/test-corde-absolute-pro-millet\/","url_meta":{"origin":22345,"position":0},"title":"Test corde Absolute Pro Millet","author":"Fred Vionnet","date":"28 juillet 2011","format":false,"excerpt":"Ce printemps la soci\u00e9t\u00e9 Millet m'avait gentiment envoy\u00e9 une corde Absolute Pro en 70m \u00e0 tester. Voil\u00e0 enfin le r\u00e9sultat du test apr\u00e8s ceux de No Spot et Escalade-Alsace. Donc pour pr\u00e9senter cette ficelle rapidement, elle ne fait que 9mm de diam\u00e8tre et satisfait aux exigences des 3 types de\u2026","rel":"","context":"Dans &quot;Tests mat\u00e9riel, nouveaut\u00e9s et lectures&quot;","block_context":{"text":"Tests mat\u00e9riel, nouveaut\u00e9s et lectures","link":"https:\/\/www.escalade.pro\/news\/category\/tests-materiel\/"},"img":{"alt_text":"","src":"","width":0,"height":0},"classes":[]},{"id":6329,"url":"https:\/\/www.escalade.pro\/news\/video-jorg-verhoeven-nose\/","url_meta":{"origin":22345,"position":1},"title":"Vid\u00e9o: Jorg Verhoeven en libre dans le Nose","author":"Fred Vionnet","date":"23 septembre 2015","format":false,"excerpt":"L'automne dernier Jorg Verhoeven \u00e9tait seulement le 4\u00e8me grimpeur \u00e0 lib\u00e9rer le Nose, apr\u00e8s Lynn Hill bien s\u00fbr, Tommy Caldwell et Beth Rodden. Voici enfin la vid\u00e9o, tr\u00e8s r\u00e9ussie, de l'encha\u00eenement et des semaines pr\u00e9c\u00e9dentes de travail. Bloqueur, falaisiste, comp\u00e9titeur, Jorg est un sacr\u00e9 grimpeur dans la reconnaissance n'est pas\u2026","rel":"","context":"Dans &quot;Escalade&quot;","block_context":{"text":"Escalade","link":"https:\/\/www.escalade.pro\/news\/category\/escalade\/"},"img":{"alt_text":"","src":"","width":0,"height":0},"classes":[]},{"id":11655,"url":"https:\/\/www.escalade.pro\/news\/vacances-siurana\/","url_meta":{"origin":22345,"position":2},"title":"Vacances \u00e0 Siurana","author":"Fred Vionnet","date":"19 f\u00e9vrier 2013","format":false,"excerpt":"Vacances de grimpe ? Deux termes difficilement conciliables dans la t\u00eate d\u2019un grimpeur obs\u00e9d\u00e9 que je suis (beaucoup vont se reconnaitre aussi je pense). Pourtant si c\u2019est possible, \u00e0 bient\u00f4t 38 ans j\u2019ai r\u00e9ussi \u00e0 grimper une semaine sans faire de vraies croix (ni vraiment essayer d\u2019ailleurs) mais sans pour\u2026","rel":"","context":"Dans &quot;Tests mat\u00e9riel, nouveaut\u00e9s et lectures&quot;","block_context":{"text":"Tests mat\u00e9riel, nouveaut\u00e9s et lectures","link":"https:\/\/www.escalade.pro\/news\/category\/tests-materiel\/"},"img":{"alt_text":"","src":"","width":0,"height":0},"classes":[]},{"id":23520,"url":"https:\/\/www.escalade.pro\/news\/formation-mental-peur-chute-tests-physiques\/","url_meta":{"origin":22345,"position":3},"title":"Les nouveaut\u00e9s de septembre : Formation \u00ab Mental, peur de la chute \u00bb et tests physiques","author":"Fred Vionnet","date":"1 septembre 2023","format":false,"excerpt":"Je vous propose 2 nouveaut\u00e9s abouties pour la saison 2023\/24. Une formation \u00ab Mental, confiance et peur de la chute. Des test physiques pr\u00e9cis pour la pr\u00e9paration physique des falaisiste et bloqueurs.","rel":"","context":"Dans &quot;Escalade&quot;","block_context":{"text":"Escalade","link":"https:\/\/www.escalade.pro\/news\/category\/escalade\/"},"img":{"alt_text":"formation escalade grimpisme fred vionnet","src":"https:\/\/i0.wp.com\/www.escalade.pro\/news\/wp-content\/uploads\/2023\/08\/Capture-decran-2023-08-31-a-11.08.02-1.png?resize=350%2C200&ssl=1","width":350,"height":200},"classes":[]},{"id":25242,"url":"https:\/\/www.escalade.pro\/news\/definir-autonomie-falaise\/","url_meta":{"origin":22345,"position":4},"title":"DEFINIR L\u2019AUTONOMIE EN FALAISE : \u00eatre un VRAI grimpeur de 6a","author":"Fred Vionnet","date":"28 juin 2024","format":false,"excerpt":"Atteindre cette autonomie demande du temps, de la patience et de l\u2019investissement. Il faut se tromper, avoir chaud, froid, peur, gal\u00e9rer, essayer, r\u00e9essayer, etc. Et cela n\u2019est pas donn\u00e9 \u00e0 tout le monde. Il ne suffit pas d\u2019apprendre \u00e0 assurer en salle, d\u2019avoir fait quelques sorties en falaise pour se\u2026","rel":"","context":"Dans &quot;Conseils entrainement escalade&quot;","block_context":{"text":"Conseils entrainement escalade","link":"https:\/\/www.escalade.pro\/news\/category\/entrainement-escalade\/"},"img":{"alt_text":"stage escalade saint leger du ventoux","src":"https:\/\/i0.wp.com\/www.escalade.pro\/news\/wp-content\/uploads\/2024\/04\/st-light7.jpg?resize=350%2C200&ssl=1","width":350,"height":200,"srcset":"https:\/\/i0.wp.com\/www.escalade.pro\/news\/wp-content\/uploads\/2024\/04\/st-light7.jpg?resize=350%2C200&ssl=1 1x, https:\/\/i0.wp.com\/www.escalade.pro\/news\/wp-content\/uploads\/2024\/04\/st-light7.jpg?resize=525%2C300&ssl=1 1.5x, https:\/\/i0.wp.com\/www.escalade.pro\/news\/wp-content\/uploads\/2024\/04\/st-light7.jpg?resize=700%2C400&ssl=1 2x, https:\/\/i0.wp.com\/www.escalade.pro\/news\/wp-content\/uploads\/2024\/04\/st-light7.jpg?resize=1050%2C600&ssl=1 3x"},"classes":[]},{"id":835,"url":"https:\/\/www.escalade.pro\/news\/film-drone-freeride-snowboard\/","url_meta":{"origin":22345,"position":5},"title":"L&rsquo;avenir viendra des drones","author":"Fred Vionnet","date":"1 avril 2014","format":false,"excerpt":"Voici une petit vid\u00e9o de DroneCast sur leurs premiers essais de film freeride avec les fr\u00e8res De Le Rue. Il est \u00e9vident qu'il s'agit des premiers tests mais le r\u00e9sultat est prometteur. A mon avis une r\u00e9volution se pr\u00e9pare dans les films de ski, snowboard et glisse en g\u00e9n\u00e9ral. La\u2026","rel":"","context":"Dans &quot;Ski de rando et freeride&quot;","block_context":{"text":"Ski de rando et freeride","link":"https:\/\/www.escalade.pro\/news\/category\/ski-freeride\/"},"img":{"alt_text":"","src":"","width":0,"height":0},"classes":[]}],"_links":{"self":[{"href":"https:\/\/www.escalade.pro\/news\/wp-json\/wp\/v2\/posts\/22345","targetHints":{"allow":["GET"]}}],"collection":[{"href":"https:\/\/www.escalade.pro\/news\/wp-json\/wp\/v2\/posts"}],"about":[{"href":"https:\/\/www.escalade.pro\/news\/wp-json\/wp\/v2\/types\/post"}],"author":[{"embeddable":true,"href":"https:\/\/www.escalade.pro\/news\/wp-json\/wp\/v2\/users\/1"}],"replies":[{"embeddable":true,"href":"https:\/\/www.escalade.pro\/news\/wp-json\/wp\/v2\/comments?post=22345"}],"version-history":[{"count":29,"href":"https:\/\/www.escalade.pro\/news\/wp-json\/wp\/v2\/posts\/22345\/revisions"}],"predecessor-version":[{"id":22381,"href":"https:\/\/www.escalade.pro\/news\/wp-json\/wp\/v2\/posts\/22345\/revisions\/22381"}],"wp:featuredmedia":[{"embeddable":true,"href":"https:\/\/www.escalade.pro\/news\/wp-json\/wp\/v2\/media\/22347"}],"wp:attachment":[{"href":"https:\/\/www.escalade.pro\/news\/wp-json\/wp\/v2\/media?parent=22345"}],"wp:term":[{"taxonomy":"category","embeddable":true,"href":"https:\/\/www.escalade.pro\/news\/wp-json\/wp\/v2\/categories?post=22345"},{"taxonomy":"post_tag","embeddable":true,"href":"https:\/\/www.escalade.pro\/news\/wp-json\/wp\/v2\/tags?post=22345"}],"curies":[{"name":"wp","href":"https:\/\/api.w.org\/{rel}","templated":true}]}}