{"id":22266,"date":"2022-10-18T15:15:17","date_gmt":"2022-10-18T13:15:17","guid":{"rendered":"https:\/\/www.escalade.pro\/news\/?p=22266"},"modified":"2022-10-18T15:36:48","modified_gmt":"2022-10-18T13:36:48","slug":"chasse","status":"publish","type":"post","link":"https:\/\/www.escalade.pro\/news\/chasse\/","title":{"rendered":"Chass\u00e9s par les chasseurs"},"content":{"rendered":"<p>Samedi 15 octobre, 12h00 environ. Nous arrivons au parking pour l&rsquo;acc\u00e8s de la falaise. Beaucoup de grosses voitures et un panneau rouge signale qu&rsquo;une \u00ab\u00a0partie\u00a0\u00bb de chasse est en cours. Ce panneau nous recommande d&rsquo;\u00eatre vigilants.<\/p>\n<p> Nous partons avec nos sacs \u00e0 dos et nous arr\u00eatons pour discuter avec le chasseur post\u00e9 dans la for\u00eat \u00e0 30 m\u00e8tres de l\u00e0. Le chausseur nous reproche imm\u00e9diatement de ne pas avoir de gilets jaunes. Certes&#8230; Puis, il nous affirme que l&rsquo;acc\u00e8s au site est actuellement interdit car le propri\u00e9taire du terrain a envoy\u00e9 une lettre \u00e0 la mairie pour demander l&rsquo;interdiction de traverser son terrain. Je r\u00e9torque que cela n&rsquo;est donc pas une r\u00e9elle interdiction. <strong>Lorsque nous abordons la th\u00e8me du partage de l&rsquo;acc\u00e8s \u00e0 la nature, il r\u00e9pond que la nature est \u00ab\u00a0\u00e0 eux\u00a0\u00bb, et pas \u00e0 nous. En criant.<\/strong> Nous lui signalons que la conversation s&rsquo;arr\u00eate l\u00e0, fermement mais poliment, et descendons chercher nos gilets fluos.<\/p>\n<p> Quatre grimpeurs locaux sont arriv\u00e9s entre temps. Deux vont discuter avec le monsieur. Celui-ci leur affirme que le maire est pr\u00e9sent sur la terrain que nous devons traverser. Je ne vois pas la pertinence de cet argument&#8230; Les grimpeurs locaux nous conseillent de faire demi-tour afin de ne pas d\u00e9t\u00e9riorer le climat local et de mettre en danger l&rsquo;acc\u00e8s au site de grimpe. Cet argument nous convint de changer de plan. On va se faire griller en plein soleil sur une autre falaise.<\/p>\n<p>Je <strong>n&rsquo;\u00e9tais pas<\/strong> anti-chasse jusqu&rsquo;\u00e0 pr\u00e9sent. <strong>Je suis par contre depuis toujours r\u00e9solument anti armes \u00e0 feux. Je trouve hallucinant qu&rsquo;on ait le droit, dans un pays se disant moderne, de se promener avec une arme. Il y a des cons partout, chez les adeptes de la chasse comme ailleurs. Mais un con arm\u00e9, c&rsquo;est autre chose. C&rsquo;\u00e9tait juste un avis, un avis contradictoire qui n&rsquo;\u00e9tait pas un solution. Mon avis personnel est par contre d\u00e9sormais beaucoup moins contradictoire.<\/strong> Pour moi, une tradition cela ne sert qu&rsquo;\u00e0 faire joli. Comme la couleur d&rsquo;une maison ou d&rsquo;un b\u00e9ret, ou une f\u00eate de village. D\u00e8s que \u00e7a pause un probl\u00e8me autre que l&rsquo;inconfort, \u00e7a d\u00e9gage.<\/p>\n<p>Enfin, hier, je suis tomb\u00e9 sur cette vid\u00e9o ci-dessous. Vous pouvez la voir \u00e9galement en <a href=\"https:\/\/fb.watch\/ge0BhQkM7H\/\" rel=\"noopener\" target=\"_blank\">cliquant sur ce lien<\/a>. Elle a \u00e9t\u00e9 tourn\u00e9e sur la m\u00eame commune. Probablement sur la m\u00eame route. Et je me dis qu&rsquo;on a bien fait de faire demi-tour, car les intimidations auraient pu continuer vu le niveau de responsabilit\u00e9 que montre ces personnes.<br \/> C&rsquo;est dommage, je ne me souvenais pas que le Royans \u00e9tait si beau. Et le nouveau topo est terriblement motivant. Je pensais revenir pour des stages avec le club, avec des clients priv\u00e9s, et pour ma pratique personnelle. Mais cela ne sera pas sur l&rsquo;automne. Dommage pour moi, pour mes clients&#8230; et dommage pour les commer\u00e7ants et acteurs locaux (le nerf de l&rsquo;argent est souvent tr\u00e8s sensible malheureusement). Dommage aussi pour les chasseurs respectueux qui sont certainement nombreux. Mais prendre la majorit\u00e9 en otage, cela ne devrait pas pouvoir \u00eatre possible.<\/p>\n<p><iframe loading=\"lazy\" src=\"https:\/\/www.facebook.com\/plugins\/video.php?height=476&#038;href=https%3A%2F%2Fwww.facebook.com%2Fpierre.rigaux.naturaliste%2Fvideos%2F467930751956064%2F&#038;show_text=false&#038;width=476&#038;t=0\" width=\"476\" height=\"476\" style=\"border:none;overflow:hidden\" scrolling=\"no\" frameborder=\"0\" allowfullscreen=\"true\" allow=\"autoplay; clipboard-write; encrypted-media; picture-in-picture; web-share\" allowFullScreen=\"true\"><\/iframe><\/p>\n","protected":false},"excerpt":{"rendered":"<p>Je n\u2019\u00e9tais pas anti-chasse jusqu\u2019\u00e0 pr\u00e9sent. Mais suite \u00e0 cette rencontre dans le Royans&#8230;<\/p>\n","protected":false},"author":1,"featured_media":22269,"comment_status":"open","ping_status":"open","sticky":false,"template":"","format":"standard","meta":{"colormag_page_container_layout":"default_layout","colormag_page_sidebar_layout":"default_layout","_monsterinsights_skip_tracking":false,"_monsterinsights_sitenote_active":false,"_monsterinsights_sitenote_note":"","_monsterinsights_sitenote_category":0,"ngg_post_thumbnail":0,"jetpack_post_was_ever_published":false,"_jetpack_newsletter_access":"","_jetpack_dont_email_post_to_subs":false,"_jetpack_newsletter_tier_id":0,"_jetpack_memberships_contains_paywalled_content":false,"_jetpack_memberships_contains_paid_content":false,"footnotes":"","jetpack_publicize_message":"","jetpack_publicize_feature_enabled":true,"jetpack_social_post_already_shared":true,"jetpack_social_options":{"image_generator_settings":{"template":"highway","default_image_id":0,"font":"","enabled":false},"version":2}},"categories":[9,10,4],"tags":[291,292,293,294,115,17,290,152,296,295],"class_list":["post-22266","post","type-post","status-publish","format-standard","has-post-thumbnail","hentry","category-coup-de-gueule","category-environnement","category-escalade","tag-acces","tag-chasse","tag-chasseur","tag-coup-de-gueule","tag-environnement","tag-escalade","tag-liberte","tag-nature","tag-royans","tag-vercors"],"yoast_head":"<!-- This site is optimized with the Yoast SEO plugin v27.5 - https:\/\/yoast.com\/product\/yoast-seo-wordpress\/ -->\n<title>Chass\u00e9s par les chasseurs - Grimpisme, entrainement escalade<\/title>\n<meta name=\"description\" content=\"Je n\u2019\u00e9tais pas anti-chasse jusqu\u2019\u00e0 pr\u00e9sent. Mais suite \u00e0 cette rencontre dans le Royans...\" \/>\n<meta name=\"robots\" content=\"index, follow, max-snippet:-1, max-image-preview:large, max-video-preview:-1\" \/>\n<link rel=\"canonical\" href=\"https:\/\/www.escalade.pro\/news\/chasse\/\" \/>\n<meta property=\"og:locale\" content=\"fr_FR\" \/>\n<meta property=\"og:type\" content=\"article\" \/>\n<meta property=\"og:title\" content=\"Chass\u00e9s par les chasseurs - Grimpisme, entrainement escalade\" \/>\n<meta property=\"og:description\" content=\"Je n\u2019\u00e9tais pas anti-chasse jusqu\u2019\u00e0 pr\u00e9sent. Mais suite \u00e0 cette rencontre dans le Royans...\" \/>\n<meta property=\"og:url\" content=\"https:\/\/www.escalade.pro\/news\/chasse\/\" \/>\n<meta property=\"og:site_name\" content=\"L&#039;Arqu\u00e9e Libre - Fred Vionnet entraineur\/moniteur escalade\" \/>\n<meta property=\"article:publisher\" content=\"https:\/\/www.facebook.com\/grimpisme\/\" \/>\n<meta property=\"article:author\" content=\"https:\/\/www.facebook.com\/fredCaillouXvionnet\" \/>\n<meta property=\"article:published_time\" content=\"2022-10-18T13:15:17+00:00\" \/>\n<meta property=\"article:modified_time\" content=\"2022-10-18T13:36:48+00:00\" \/>\n<meta property=\"og:image\" content=\"https:\/\/www.escalade.pro\/news\/wp-content\/uploads\/2022\/10\/chasse.jpg\" \/>\n\t<meta property=\"og:image:width\" content=\"550\" \/>\n\t<meta property=\"og:image:height\" content=\"347\" \/>\n\t<meta property=\"og:image:type\" content=\"image\/jpeg\" \/>\n<meta name=\"author\" content=\"Fred Vionnet\" \/>\n<meta name=\"twitter:card\" content=\"summary_large_image\" \/>\n<meta name=\"twitter:label1\" content=\"\u00c9crit par\" \/>\n\t<meta name=\"twitter:data1\" content=\"Fred Vionnet\" \/>\n\t<meta name=\"twitter:label2\" content=\"Dur\u00e9e de lecture estim\u00e9e\" \/>\n\t<meta name=\"twitter:data2\" content=\"3 minutes\" \/>\n<script type=\"application\/ld+json\" class=\"yoast-schema-graph\">{\"@context\":\"https:\\\/\\\/schema.org\",\"@graph\":[{\"@type\":\"Article\",\"@id\":\"https:\\\/\\\/www.escalade.pro\\\/news\\\/chasse\\\/#article\",\"isPartOf\":{\"@id\":\"https:\\\/\\\/www.escalade.pro\\\/news\\\/chasse\\\/\"},\"author\":{\"name\":\"Fred Vionnet\",\"@id\":\"https:\\\/\\\/www.escalade.pro\\\/news\\\/#\\\/schema\\\/person\\\/e0e0520aa48cfda56ae5406c2fe2caeb\"},\"headline\":\"Chass\u00e9s par les chasseurs\",\"datePublished\":\"2022-10-18T13:15:17+00:00\",\"dateModified\":\"2022-10-18T13:36:48+00:00\",\"mainEntityOfPage\":{\"@id\":\"https:\\\/\\\/www.escalade.pro\\\/news\\\/chasse\\\/\"},\"wordCount\":534,\"commentCount\":2,\"publisher\":{\"@id\":\"https:\\\/\\\/www.escalade.pro\\\/news\\\/#organization\"},\"image\":{\"@id\":\"https:\\\/\\\/www.escalade.pro\\\/news\\\/chasse\\\/#primaryimage\"},\"thumbnailUrl\":\"https:\\\/\\\/www.escalade.pro\\\/news\\\/wp-content\\\/uploads\\\/2022\\\/10\\\/chasse.jpg\",\"keywords\":[\"acc\u00e8s\",\"chasse\",\"chasseur\",\"coup de gueule\",\"environnement\",\"escalade\",\"libert\u00e9\",\"nature\",\"royans\",\"vercors\"],\"articleSection\":[\"Coups de gueule\",\"Environnement\",\"Escalade\"],\"inLanguage\":\"fr-FR\",\"potentialAction\":[{\"@type\":\"CommentAction\",\"name\":\"Comment\",\"target\":[\"https:\\\/\\\/www.escalade.pro\\\/news\\\/chasse\\\/#respond\"]}]},{\"@type\":\"WebPage\",\"@id\":\"https:\\\/\\\/www.escalade.pro\\\/news\\\/chasse\\\/\",\"url\":\"https:\\\/\\\/www.escalade.pro\\\/news\\\/chasse\\\/\",\"name\":\"Chass\u00e9s par les chasseurs - Grimpisme, entrainement escalade\",\"isPartOf\":{\"@id\":\"https:\\\/\\\/www.escalade.pro\\\/news\\\/#website\"},\"primaryImageOfPage\":{\"@id\":\"https:\\\/\\\/www.escalade.pro\\\/news\\\/chasse\\\/#primaryimage\"},\"image\":{\"@id\":\"https:\\\/\\\/www.escalade.pro\\\/news\\\/chasse\\\/#primaryimage\"},\"thumbnailUrl\":\"https:\\\/\\\/www.escalade.pro\\\/news\\\/wp-content\\\/uploads\\\/2022\\\/10\\\/chasse.jpg\",\"datePublished\":\"2022-10-18T13:15:17+00:00\",\"dateModified\":\"2022-10-18T13:36:48+00:00\",\"description\":\"Je n\u2019\u00e9tais pas anti-chasse jusqu\u2019\u00e0 pr\u00e9sent. Mais suite \u00e0 cette rencontre dans le Royans...\",\"breadcrumb\":{\"@id\":\"https:\\\/\\\/www.escalade.pro\\\/news\\\/chasse\\\/#breadcrumb\"},\"inLanguage\":\"fr-FR\",\"potentialAction\":[{\"@type\":\"ReadAction\",\"target\":[\"https:\\\/\\\/www.escalade.pro\\\/news\\\/chasse\\\/\"]}]},{\"@type\":\"ImageObject\",\"inLanguage\":\"fr-FR\",\"@id\":\"https:\\\/\\\/www.escalade.pro\\\/news\\\/chasse\\\/#primaryimage\",\"url\":\"https:\\\/\\\/www.escalade.pro\\\/news\\\/wp-content\\\/uploads\\\/2022\\\/10\\\/chasse.jpg\",\"contentUrl\":\"https:\\\/\\\/www.escalade.pro\\\/news\\\/wp-content\\\/uploads\\\/2022\\\/10\\\/chasse.jpg\",\"width\":550,\"height\":347,\"caption\":\"chasse\"},{\"@type\":\"BreadcrumbList\",\"@id\":\"https:\\\/\\\/www.escalade.pro\\\/news\\\/chasse\\\/#breadcrumb\",\"itemListElement\":[{\"@type\":\"ListItem\",\"position\":1,\"name\":\"Accueil\",\"item\":\"https:\\\/\\\/www.escalade.pro\\\/news\\\/\"},{\"@type\":\"ListItem\",\"position\":2,\"name\":\"Chass\u00e9s par les chasseurs\"}]},{\"@type\":\"WebSite\",\"@id\":\"https:\\\/\\\/www.escalade.pro\\\/news\\\/#website\",\"url\":\"https:\\\/\\\/www.escalade.pro\\\/news\\\/\",\"name\":\"L&#039;Arqu\u00e9e Libre - Fred Vionnet entraineur\\\/moniteur escalade\",\"description\":\"Coaching et entrainement escalade. Buoux, C\u00e9\u00fcse et Fontainebleau.\",\"publisher\":{\"@id\":\"https:\\\/\\\/www.escalade.pro\\\/news\\\/#organization\"},\"potentialAction\":[{\"@type\":\"SearchAction\",\"target\":{\"@type\":\"EntryPoint\",\"urlTemplate\":\"https:\\\/\\\/www.escalade.pro\\\/news\\\/?s={search_term_string}\"},\"query-input\":{\"@type\":\"PropertyValueSpecification\",\"valueRequired\":true,\"valueName\":\"search_term_string\"}}],\"inLanguage\":\"fr-FR\"},{\"@type\":\"Organization\",\"@id\":\"https:\\\/\\\/www.escalade.pro\\\/news\\\/#organization\",\"name\":\"L&#039;Arqu\u00e9e Libre - Fred Vionnet entraineur\\\/moniteur escalade\",\"url\":\"https:\\\/\\\/www.escalade.pro\\\/news\\\/\",\"logo\":{\"@type\":\"ImageObject\",\"inLanguage\":\"fr-FR\",\"@id\":\"https:\\\/\\\/www.escalade.pro\\\/news\\\/#\\\/schema\\\/logo\\\/image\\\/\",\"url\":\"https:\\\/\\\/www.escalade.pro\\\/news\\\/wp-content\\\/uploads\\\/2026\\\/04\\\/logo-wp-AL-avril-2026-1.jpg\",\"contentUrl\":\"https:\\\/\\\/www.escalade.pro\\\/news\\\/wp-content\\\/uploads\\\/2026\\\/04\\\/logo-wp-AL-avril-2026-1.jpg\",\"width\":1955,\"height\":902,\"caption\":\"L&#039;Arqu\u00e9e Libre - Fred Vionnet entraineur\\\/moniteur escalade\"},\"image\":{\"@id\":\"https:\\\/\\\/www.escalade.pro\\\/news\\\/#\\\/schema\\\/logo\\\/image\\\/\"},\"sameAs\":[\"https:\\\/\\\/www.facebook.com\\\/grimpisme\\\/\",\"https:\\\/\\\/www.instagram.com\\\/grimpisme\\\/\",\"https:\\\/\\\/www.linkedin.com\\\/in\\\/fred-vionnet-6284b96a\\\/\",\"https:\\\/\\\/fr.pinterest.com\\\/grimpisme\\\/\",\"https:\\\/\\\/www.youtube.com\\\/@grimpisme\"]},{\"@type\":\"Person\",\"@id\":\"https:\\\/\\\/www.escalade.pro\\\/news\\\/#\\\/schema\\\/person\\\/e0e0520aa48cfda56ae5406c2fe2caeb\",\"name\":\"Fred Vionnet\",\"image\":{\"@type\":\"ImageObject\",\"inLanguage\":\"fr-FR\",\"@id\":\"https:\\\/\\\/secure.gravatar.com\\\/avatar\\\/a2f6c5fc695da895033dcd95afaa6aeda795d5122ab3a22a03e24aab7f3d96a6?s=96&d=blank&r=g\",\"url\":\"https:\\\/\\\/secure.gravatar.com\\\/avatar\\\/a2f6c5fc695da895033dcd95afaa6aeda795d5122ab3a22a03e24aab7f3d96a6?s=96&d=blank&r=g\",\"contentUrl\":\"https:\\\/\\\/secure.gravatar.com\\\/avatar\\\/a2f6c5fc695da895033dcd95afaa6aeda795d5122ab3a22a03e24aab7f3d96a6?s=96&d=blank&r=g\",\"caption\":\"Fred Vionnet\"},\"description\":\"Coach escalade en Haute Savoie. Pas contre une grande voie non plus. Mais on va \u00e0 C\u00e9\u00fcse, Fontainebleau, Buoux ou encore les Gorges du Verdon quand vous voulez.\",\"sameAs\":[\"http:\\\/\\\/www.grimpisme.com\",\"https:\\\/\\\/www.facebook.com\\\/fredCaillouXvionnet\",\"https:\\\/\\\/www.linkedin.com\\\/profile\\\/preview?vpa=pub&locale=fr_FR\",\"https:\\\/\\\/fr.pinterest.com\\\/grimpisme\\\/\",\"https:\\\/\\\/www.youtube.com\\\/user\\\/grimpisme\",\"https:\\\/\\\/soundcloud.com\\\/fredvionnet\"],\"url\":\"https:\\\/\\\/www.escalade.pro\\\/news\\\/author\\\/fred\\\/\"}]}<\/script>\n<!-- \/ Yoast SEO plugin. -->","yoast_head_json":{"title":"Chass\u00e9s par les chasseurs - Grimpisme, entrainement escalade","description":"Je n\u2019\u00e9tais pas anti-chasse jusqu\u2019\u00e0 pr\u00e9sent. Mais suite \u00e0 cette rencontre dans le Royans...","robots":{"index":"index","follow":"follow","max-snippet":"max-snippet:-1","max-image-preview":"max-image-preview:large","max-video-preview":"max-video-preview:-1"},"canonical":"https:\/\/www.escalade.pro\/news\/chasse\/","og_locale":"fr_FR","og_type":"article","og_title":"Chass\u00e9s par les chasseurs - Grimpisme, entrainement escalade","og_description":"Je n\u2019\u00e9tais pas anti-chasse jusqu\u2019\u00e0 pr\u00e9sent. Mais suite \u00e0 cette rencontre dans le Royans...","og_url":"https:\/\/www.escalade.pro\/news\/chasse\/","og_site_name":"L&#039;Arqu\u00e9e Libre - Fred Vionnet entraineur\/moniteur escalade","article_publisher":"https:\/\/www.facebook.com\/grimpisme\/","article_author":"https:\/\/www.facebook.com\/fredCaillouXvionnet","article_published_time":"2022-10-18T13:15:17+00:00","article_modified_time":"2022-10-18T13:36:48+00:00","og_image":[{"width":550,"height":347,"url":"https:\/\/www.escalade.pro\/news\/wp-content\/uploads\/2022\/10\/chasse.jpg","type":"image\/jpeg"}],"author":"Fred Vionnet","twitter_card":"summary_large_image","twitter_misc":{"\u00c9crit par":"Fred Vionnet","Dur\u00e9e de lecture estim\u00e9e":"3 minutes"},"schema":{"@context":"https:\/\/schema.org","@graph":[{"@type":"Article","@id":"https:\/\/www.escalade.pro\/news\/chasse\/#article","isPartOf":{"@id":"https:\/\/www.escalade.pro\/news\/chasse\/"},"author":{"name":"Fred Vionnet","@id":"https:\/\/www.escalade.pro\/news\/#\/schema\/person\/e0e0520aa48cfda56ae5406c2fe2caeb"},"headline":"Chass\u00e9s par les chasseurs","datePublished":"2022-10-18T13:15:17+00:00","dateModified":"2022-10-18T13:36:48+00:00","mainEntityOfPage":{"@id":"https:\/\/www.escalade.pro\/news\/chasse\/"},"wordCount":534,"commentCount":2,"publisher":{"@id":"https:\/\/www.escalade.pro\/news\/#organization"},"image":{"@id":"https:\/\/www.escalade.pro\/news\/chasse\/#primaryimage"},"thumbnailUrl":"https:\/\/www.escalade.pro\/news\/wp-content\/uploads\/2022\/10\/chasse.jpg","keywords":["acc\u00e8s","chasse","chasseur","coup de gueule","environnement","escalade","libert\u00e9","nature","royans","vercors"],"articleSection":["Coups de gueule","Environnement","Escalade"],"inLanguage":"fr-FR","potentialAction":[{"@type":"CommentAction","name":"Comment","target":["https:\/\/www.escalade.pro\/news\/chasse\/#respond"]}]},{"@type":"WebPage","@id":"https:\/\/www.escalade.pro\/news\/chasse\/","url":"https:\/\/www.escalade.pro\/news\/chasse\/","name":"Chass\u00e9s par les chasseurs - Grimpisme, entrainement escalade","isPartOf":{"@id":"https:\/\/www.escalade.pro\/news\/#website"},"primaryImageOfPage":{"@id":"https:\/\/www.escalade.pro\/news\/chasse\/#primaryimage"},"image":{"@id":"https:\/\/www.escalade.pro\/news\/chasse\/#primaryimage"},"thumbnailUrl":"https:\/\/www.escalade.pro\/news\/wp-content\/uploads\/2022\/10\/chasse.jpg","datePublished":"2022-10-18T13:15:17+00:00","dateModified":"2022-10-18T13:36:48+00:00","description":"Je n\u2019\u00e9tais pas anti-chasse jusqu\u2019\u00e0 pr\u00e9sent. Mais suite \u00e0 cette rencontre dans le Royans...","breadcrumb":{"@id":"https:\/\/www.escalade.pro\/news\/chasse\/#breadcrumb"},"inLanguage":"fr-FR","potentialAction":[{"@type":"ReadAction","target":["https:\/\/www.escalade.pro\/news\/chasse\/"]}]},{"@type":"ImageObject","inLanguage":"fr-FR","@id":"https:\/\/www.escalade.pro\/news\/chasse\/#primaryimage","url":"https:\/\/www.escalade.pro\/news\/wp-content\/uploads\/2022\/10\/chasse.jpg","contentUrl":"https:\/\/www.escalade.pro\/news\/wp-content\/uploads\/2022\/10\/chasse.jpg","width":550,"height":347,"caption":"chasse"},{"@type":"BreadcrumbList","@id":"https:\/\/www.escalade.pro\/news\/chasse\/#breadcrumb","itemListElement":[{"@type":"ListItem","position":1,"name":"Accueil","item":"https:\/\/www.escalade.pro\/news\/"},{"@type":"ListItem","position":2,"name":"Chass\u00e9s par les chasseurs"}]},{"@type":"WebSite","@id":"https:\/\/www.escalade.pro\/news\/#website","url":"https:\/\/www.escalade.pro\/news\/","name":"L&#039;Arqu\u00e9e Libre - Fred Vionnet entraineur\/moniteur escalade","description":"Coaching et entrainement escalade. Buoux, C\u00e9\u00fcse et Fontainebleau.","publisher":{"@id":"https:\/\/www.escalade.pro\/news\/#organization"},"potentialAction":[{"@type":"SearchAction","target":{"@type":"EntryPoint","urlTemplate":"https:\/\/www.escalade.pro\/news\/?s={search_term_string}"},"query-input":{"@type":"PropertyValueSpecification","valueRequired":true,"valueName":"search_term_string"}}],"inLanguage":"fr-FR"},{"@type":"Organization","@id":"https:\/\/www.escalade.pro\/news\/#organization","name":"L&#039;Arqu\u00e9e Libre - Fred Vionnet entraineur\/moniteur escalade","url":"https:\/\/www.escalade.pro\/news\/","logo":{"@type":"ImageObject","inLanguage":"fr-FR","@id":"https:\/\/www.escalade.pro\/news\/#\/schema\/logo\/image\/","url":"https:\/\/www.escalade.pro\/news\/wp-content\/uploads\/2026\/04\/logo-wp-AL-avril-2026-1.jpg","contentUrl":"https:\/\/www.escalade.pro\/news\/wp-content\/uploads\/2026\/04\/logo-wp-AL-avril-2026-1.jpg","width":1955,"height":902,"caption":"L&#039;Arqu\u00e9e Libre - Fred Vionnet entraineur\/moniteur escalade"},"image":{"@id":"https:\/\/www.escalade.pro\/news\/#\/schema\/logo\/image\/"},"sameAs":["https:\/\/www.facebook.com\/grimpisme\/","https:\/\/www.instagram.com\/grimpisme\/","https:\/\/www.linkedin.com\/in\/fred-vionnet-6284b96a\/","https:\/\/fr.pinterest.com\/grimpisme\/","https:\/\/www.youtube.com\/@grimpisme"]},{"@type":"Person","@id":"https:\/\/www.escalade.pro\/news\/#\/schema\/person\/e0e0520aa48cfda56ae5406c2fe2caeb","name":"Fred Vionnet","image":{"@type":"ImageObject","inLanguage":"fr-FR","@id":"https:\/\/secure.gravatar.com\/avatar\/a2f6c5fc695da895033dcd95afaa6aeda795d5122ab3a22a03e24aab7f3d96a6?s=96&d=blank&r=g","url":"https:\/\/secure.gravatar.com\/avatar\/a2f6c5fc695da895033dcd95afaa6aeda795d5122ab3a22a03e24aab7f3d96a6?s=96&d=blank&r=g","contentUrl":"https:\/\/secure.gravatar.com\/avatar\/a2f6c5fc695da895033dcd95afaa6aeda795d5122ab3a22a03e24aab7f3d96a6?s=96&d=blank&r=g","caption":"Fred Vionnet"},"description":"Coach escalade en Haute Savoie. Pas contre une grande voie non plus. Mais on va \u00e0 C\u00e9\u00fcse, Fontainebleau, Buoux ou encore les Gorges du Verdon quand vous voulez.","sameAs":["http:\/\/www.grimpisme.com","https:\/\/www.facebook.com\/fredCaillouXvionnet","https:\/\/www.linkedin.com\/profile\/preview?vpa=pub&locale=fr_FR","https:\/\/fr.pinterest.com\/grimpisme\/","https:\/\/www.youtube.com\/user\/grimpisme","https:\/\/soundcloud.com\/fredvionnet"],"url":"https:\/\/www.escalade.pro\/news\/author\/fred\/"}]}},"jetpack_publicize_connections":[],"jetpack_featured_media_url":"https:\/\/www.escalade.pro\/news\/wp-content\/uploads\/2022\/10\/chasse.jpg","jetpack_sharing_enabled":true,"jetpack_shortlink":"https:\/\/wp.me\/s68Rw6-chasse","jetpack-related-posts":[{"id":20997,"url":"https:\/\/www.escalade.pro\/news\/covid-vaccin-obligatoire-salles-escalade\/","url_meta":{"origin":22266,"position":0},"title":"COVID: vaccin obligatoire dans les salles d&rsquo;escalade au 21 juillet 2021","author":"Fred Vionnet","date":"14 juillet 2021","format":false,"excerpt":"Voil\u00e0, nous sommes cette fois au pied du mur. Pour ma part c\u2019est changer de m\u00e9tier ou s\u2019agenouiller.","rel":"","context":"Dans &quot;Coups de gueule&quot;","block_context":{"text":"Coups de gueule","link":"https:\/\/www.escalade.pro\/news\/category\/coup-de-gueule\/"},"img":{"alt_text":"entrainement caf annemasse escalade","src":"https:\/\/i0.wp.com\/www.escalade.pro\/news\/wp-content\/uploads\/2021\/05\/IMG_0153.jpg?resize=350%2C200&ssl=1","width":350,"height":200,"srcset":"https:\/\/i0.wp.com\/www.escalade.pro\/news\/wp-content\/uploads\/2021\/05\/IMG_0153.jpg?resize=350%2C200&ssl=1 1x, https:\/\/i0.wp.com\/www.escalade.pro\/news\/wp-content\/uploads\/2021\/05\/IMG_0153.jpg?resize=525%2C300&ssl=1 1.5x, https:\/\/i0.wp.com\/www.escalade.pro\/news\/wp-content\/uploads\/2021\/05\/IMG_0153.jpg?resize=700%2C400&ssl=1 2x, https:\/\/i0.wp.com\/www.escalade.pro\/news\/wp-content\/uploads\/2021\/05\/IMG_0153.jpg?resize=1050%2C600&ssl=1 3x"},"classes":[]},{"id":4306,"url":"https:\/\/www.escalade.pro\/news\/ere-apres-ski\/","url_meta":{"origin":22266,"position":1},"title":"L&rsquo;\u00e8re apr\u00e8s ski&#8230;","author":"Fred Vionnet","date":"12 f\u00e9vrier 2015","format":false,"excerpt":"Durant la premi\u00e8re semaine des vacances de No\u00ebl il n'y avait pas un p\u00eat de neige sur Cham et il faisait chaud. L'ESF des Houches avait cach\u00e9 durant le mois de la \"neige\" sous une b\u00e2che pour l'\u00e9taler et vendre des pseudo cours de skis pour enfants. Ayant vu ce\u2026","rel":"","context":"Dans &quot;Coups de gueule&quot;","block_context":{"text":"Coups de gueule","link":"https:\/\/www.escalade.pro\/news\/category\/coup-de-gueule\/"},"img":{"alt_text":"ski rechauffement climatique","src":"https:\/\/i0.wp.com\/www.escalade.pro\/news\/wp-content\/uploads\/2015\/02\/aire_apr%C3%A8s_ski.jpg?resize=350%2C200","width":350,"height":200,"srcset":"https:\/\/i0.wp.com\/www.escalade.pro\/news\/wp-content\/uploads\/2015\/02\/aire_apr%C3%A8s_ski.jpg?resize=350%2C200 1x, https:\/\/i0.wp.com\/www.escalade.pro\/news\/wp-content\/uploads\/2015\/02\/aire_apr%C3%A8s_ski.jpg?resize=525%2C300 1.5x, https:\/\/i0.wp.com\/www.escalade.pro\/news\/wp-content\/uploads\/2015\/02\/aire_apr%C3%A8s_ski.jpg?resize=700%2C400 2x, https:\/\/i0.wp.com\/www.escalade.pro\/news\/wp-content\/uploads\/2015\/02\/aire_apr%C3%A8s_ski.jpg?resize=1050%2C600 3x, https:\/\/i0.wp.com\/www.escalade.pro\/news\/wp-content\/uploads\/2015\/02\/aire_apr%C3%A8s_ski.jpg?resize=1400%2C800 4x"},"classes":[]},{"id":19308,"url":"https:\/\/www.escalade.pro\/news\/grandes-voies-pointe-dzerat\/","url_meta":{"origin":22266,"position":2},"title":"Grandes voies \u00e0 la Pointe Dz\u00e9rat.. et bivouac","author":"Julien Saouzanet","date":"2 juillet 2020","format":false,"excerpt":"D\u00e9j\u00e0 le deuxi\u00e8me weekend avec les jeunes du groupe grande voie du CAF Haute-Savoie. La m\u00e9t\u00e9o est bonne, les jeunes sont tous dispo, nous partons donc pour 2 journ\u00e9es de formation et un bivouac du cot\u00e9 du col de la Colombi\u00e8re. Un terrain de jeu parfait entre couennes, blocs et\u2026","rel":"","context":"Dans &quot;Escalade&quot;","block_context":{"text":"Escalade","link":"https:\/\/www.escalade.pro\/news\/category\/escalade\/"},"img":{"alt_text":"escalade col colombiere","src":"https:\/\/i0.wp.com\/www.escalade.pro\/news\/wp-content\/uploads\/2020\/07\/P1070083.jpg?resize=350%2C200&ssl=1","width":350,"height":200,"srcset":"https:\/\/i0.wp.com\/www.escalade.pro\/news\/wp-content\/uploads\/2020\/07\/P1070083.jpg?resize=350%2C200&ssl=1 1x, https:\/\/i0.wp.com\/www.escalade.pro\/news\/wp-content\/uploads\/2020\/07\/P1070083.jpg?resize=525%2C300&ssl=1 1.5x, https:\/\/i0.wp.com\/www.escalade.pro\/news\/wp-content\/uploads\/2020\/07\/P1070083.jpg?resize=700%2C400&ssl=1 2x, https:\/\/i0.wp.com\/www.escalade.pro\/news\/wp-content\/uploads\/2020\/07\/P1070083.jpg?resize=1050%2C600&ssl=1 3x"},"classes":[]},{"id":11562,"url":"https:\/\/www.escalade.pro\/news\/stage-escalade-wadi-rum\/","url_meta":{"origin":22266,"position":3},"title":"5 jours de grimpe \u00e0 Wadi Rum","author":"Fred Vionnet","date":"19 novembre 2010","format":false,"excerpt":"Me voil\u00e0 de retour en Jordanie 11 ans apr\u00e8s. Cette fois ci le contexte est diff\u00e9rent. Si en 1999 j\u2019\u00e9tais venu avec un copain quelques jours apr\u00e8s avoir fini mon BE, cette fois je suis avec Corine et Patrick qui m\u2019ont engag\u00e9 pour 5 jours de grimpe.","rel":"","context":"Dans &quot;Escalade&quot;","block_context":{"text":"Escalade","link":"https:\/\/www.escalade.pro\/news\/category\/escalade\/"},"img":{"alt_text":"escalade climbng wadi rum","src":"https:\/\/i0.wp.com\/www.escalade.pro\/news\/wp-content\/uploads\/2010\/11\/wadi-rum.jpeg?resize=350%2C200&ssl=1","width":350,"height":200,"srcset":"https:\/\/i0.wp.com\/www.escalade.pro\/news\/wp-content\/uploads\/2010\/11\/wadi-rum.jpeg?resize=350%2C200&ssl=1 1x, https:\/\/i0.wp.com\/www.escalade.pro\/news\/wp-content\/uploads\/2010\/11\/wadi-rum.jpeg?resize=525%2C300&ssl=1 1.5x, https:\/\/i0.wp.com\/www.escalade.pro\/news\/wp-content\/uploads\/2010\/11\/wadi-rum.jpeg?resize=700%2C400&ssl=1 2x"},"classes":[]},{"id":19229,"url":"https:\/\/www.escalade.pro\/news\/moniteur-escalade-altitude-1500\/","url_meta":{"origin":22266,"position":4},"title":"BE et DE escalade: l&rsquo;altim\u00e8tre reste bloqu\u00e9 \u00e0 1500m?","author":"Fred Vionnet","date":"17 juin 2020","format":false,"excerpt":"Nous avons les comp\u00e9tences pour encadrer en escalade au-dessus de 1500m, sans aller sur glacier ni n\u00e9v\u00e9s persistants \u00e9videmment. Notre formation en termes de s\u00e9curit\u00e9 et de gestion du milieu naturel ne peut pas \u00eatre remise en cause. En ce qui concerne les comp\u00e9tences purement techniques d\u2019escalade proprement dite nous\u2026","rel":"","context":"Dans &quot;Coups de gueule&quot;","block_context":{"text":"Coups de gueule","link":"https:\/\/www.escalade.pro\/news\/category\/coup-de-gueule\/"},"img":{"alt_text":"extasy escalade sappey","src":"https:\/\/i0.wp.com\/www.escalade.pro\/news\/wp-content\/uploads\/2020\/06\/P1020293.jpg?resize=350%2C200&ssl=1","width":350,"height":200,"srcset":"https:\/\/i0.wp.com\/www.escalade.pro\/news\/wp-content\/uploads\/2020\/06\/P1020293.jpg?resize=350%2C200&ssl=1 1x, https:\/\/i0.wp.com\/www.escalade.pro\/news\/wp-content\/uploads\/2020\/06\/P1020293.jpg?resize=525%2C300&ssl=1 1.5x, https:\/\/i0.wp.com\/www.escalade.pro\/news\/wp-content\/uploads\/2020\/06\/P1020293.jpg?resize=700%2C400&ssl=1 2x, https:\/\/i0.wp.com\/www.escalade.pro\/news\/wp-content\/uploads\/2020\/06\/P1020293.jpg?resize=1050%2C600&ssl=1 3x"},"classes":[]},{"id":15053,"url":"https:\/\/www.escalade.pro\/news\/rabbia-nouvelle-voie-chartreuse\/","url_meta":{"origin":22266,"position":5},"title":"\u00ab\u00a0La Rabbia\u00a0\u00bb, nouvelle voie en Chartreuse","author":"Fred Vionnet","date":"18 septembre 2017","format":false,"excerpt":"Marc Malvoti nous offre encore une nouvelle voie en Chartreuse, avec cette fois-ci \"la Rabbia\", toujours sur les Pitons de Rocheplane.","rel":"","context":"Dans &quot;Escalade&quot;","block_context":{"text":"Escalade","link":"https:\/\/www.escalade.pro\/news\/category\/escalade\/"},"img":{"alt_text":"rabia nouvelle voie escalade chartreuse","src":"https:\/\/i0.wp.com\/www.escalade.pro\/news\/wp-content\/uploads\/2017\/09\/rabia.jpg?resize=350%2C200&ssl=1","width":350,"height":200,"srcset":"https:\/\/i0.wp.com\/www.escalade.pro\/news\/wp-content\/uploads\/2017\/09\/rabia.jpg?resize=350%2C200&ssl=1 1x, https:\/\/i0.wp.com\/www.escalade.pro\/news\/wp-content\/uploads\/2017\/09\/rabia.jpg?resize=525%2C300&ssl=1 1.5x"},"classes":[]}],"_links":{"self":[{"href":"https:\/\/www.escalade.pro\/news\/wp-json\/wp\/v2\/posts\/22266","targetHints":{"allow":["GET"]}}],"collection":[{"href":"https:\/\/www.escalade.pro\/news\/wp-json\/wp\/v2\/posts"}],"about":[{"href":"https:\/\/www.escalade.pro\/news\/wp-json\/wp\/v2\/types\/post"}],"author":[{"embeddable":true,"href":"https:\/\/www.escalade.pro\/news\/wp-json\/wp\/v2\/users\/1"}],"replies":[{"embeddable":true,"href":"https:\/\/www.escalade.pro\/news\/wp-json\/wp\/v2\/comments?post=22266"}],"version-history":[{"count":20,"href":"https:\/\/www.escalade.pro\/news\/wp-json\/wp\/v2\/posts\/22266\/revisions"}],"predecessor-version":[{"id":22287,"href":"https:\/\/www.escalade.pro\/news\/wp-json\/wp\/v2\/posts\/22266\/revisions\/22287"}],"wp:featuredmedia":[{"embeddable":true,"href":"https:\/\/www.escalade.pro\/news\/wp-json\/wp\/v2\/media\/22269"}],"wp:attachment":[{"href":"https:\/\/www.escalade.pro\/news\/wp-json\/wp\/v2\/media?parent=22266"}],"wp:term":[{"taxonomy":"category","embeddable":true,"href":"https:\/\/www.escalade.pro\/news\/wp-json\/wp\/v2\/categories?post=22266"},{"taxonomy":"post_tag","embeddable":true,"href":"https:\/\/www.escalade.pro\/news\/wp-json\/wp\/v2\/tags?post=22266"}],"curies":[{"name":"wp","href":"https:\/\/api.w.org\/{rel}","templated":true}]}}