{"id":20834,"date":"2021-04-30T14:31:18","date_gmt":"2021-04-30T12:31:18","guid":{"rendered":"https:\/\/www.escalade.pro\/news\/?p=20834"},"modified":"2021-06-24T10:36:34","modified_gmt":"2021-06-24T08:36:34","slug":"test-drone-mavic-mini","status":"publish","type":"post","link":"https:\/\/www.escalade.pro\/news\/test-drone-mavic-mini\/","title":{"rendered":"Test mat\u00e9riel: le drone Mavic Mini"},"content":{"rendered":"<p><strong>J&rsquo;ai utilis\u00e9 durant quelques mois sur 2019 et 2020 le drone Mavic Mini<\/strong> (voir le <a href=\"https:\/\/www.dji.com\/fr\/mavic-mini\" rel=\"noopener\" target=\"_blank\">page produit<\/a>). J&rsquo;annonce la couleur de suite, <strong>j&rsquo;ai pr\u00e9f\u00e9r\u00e9 le revendre depuis, l&rsquo;ayant finalement peu utilis\u00e9. Cela ne veut pas dire que mon avis est compl\u00e8tement n\u00e9gatif sur ce drone.<\/strong> Je vous explique.<br \/>\n<figure id=\"attachment_20845\" aria-describedby=\"caption-attachment-20845\" style=\"width: 300px\" class=\"wp-caption aligncenter\"><a href=\"https:\/\/www.dji.com\/fr\/mavic-mini\"><img loading=\"lazy\" decoding=\"async\" src=\"https:\/\/www.escalade.pro\/news\/wp-content\/uploads\/2021\/04\/drone-dji-mavic-mini-300x177.jpg\" alt=\"drone dji mavic mini\" width=\"300\" height=\"177\" class=\"size-medium wp-image-20845\" srcset=\"https:\/\/www.escalade.pro\/news\/wp-content\/uploads\/2021\/04\/drone-dji-mavic-mini-300x177.jpg 300w, https:\/\/www.escalade.pro\/news\/wp-content\/uploads\/2021\/04\/drone-dji-mavic-mini-400x237.jpg 400w, https:\/\/www.escalade.pro\/news\/wp-content\/uploads\/2021\/04\/drone-dji-mavic-mini.jpg 580w\" sizes=\"auto, (max-width: 300px) 100vw, 300px\" \/><\/a><figcaption id=\"caption-attachment-20845\" class=\"wp-caption-text\">Cliquez pour voir la fiche produit.<\/figcaption><\/figure><\/p>\n<hr \/>\n<h6><u>Ce que j&rsquo;ai aim\u00e9 avec le drone Mavic Mini<\/u><\/h6>\n<p><strong>&#8211; La qualit\u00e9 des photos et des vid\u00e9os (voir juste en dessous) m&rsquo;ont agr\u00e9ablement surpris pour le prix pay\u00e9<\/strong> (524 euros le pack complet avec 3 batteries).<br \/>\n&#8211; Le drone est tr\u00e8s l\u00e9ger, <strong>facile d&rsquo;utilisation, stable par vent faible\/moyen, et les batteries tiennent la route<\/strong> (je n&rsquo;en suis jamais venu \u00e0 bout).<br \/>\n<iframe loading=\"lazy\" title=\"YouTube video player\" src=\"https:\/\/www.youtube.com\/embed\/XsMI2PGUHXc\" width=\"560\" height=\"315\" frameborder=\"0\" allowfullscreen=\"allowfullscreen\"><\/iframe><\/p>\n<p><iframe loading=\"lazy\" title=\"YouTube video player\" src=\"https:\/\/www.youtube.com\/embed\/QkuRmgCpCDc\" width=\"560\" height=\"315\" frameborder=\"0\" allowfullscreen=\"allowfullscreen\"><\/iframe><\/p>\n<hr \/>\n<h6><u>Ce que je n&rsquo;ai pas aim\u00e9 avec le drone Mavic Mini<\/u><\/h6>\n<p>&#8211; D\u00e8s la premi\u00e8re utilisation, la tirette de la malette de rangement s&rsquo;est cass\u00e9e!<br \/>\n&#8211; <strong>Le mode emploi est tr\u00e8s succinct, quasi inutile. Pour d\u00e9couvrir les fonctions avanc\u00e9es du drone, il fait malheureusement passer du temps sur YouTube<\/strong>&#8230; En effet on ne trouve pas non plus d&rsquo;explications d\u00e9taill\u00e9es sur le site du distributeur.<br \/>\n&#8211; <strong>Apr\u00e8s quelques utilisations de test, le drone est devenu incontr\u00f4lable. L&rsquo;\u00e9talonnage de l&rsquo;un des composants ne fonctionnant pas sur l&rsquo;application, j&rsquo;ai du le renvoyer en SAV.<\/strong> J&rsquo;ai perdu ainsi 3 semaines &#8230;<br \/>\n&#8211; <strong>Le kit est compos\u00e9 de petites pi\u00e8ces (fils, manettes). Lors d&rsquo;une utilisation en ext\u00e9rieur, on peut facilement perdre l&rsquo;un d&rsquo;elles.<\/strong><br \/>\n&#8211; L&rsquo;application du Mavic Mini ne propose pas la fonction de suivi du sujet.<br \/>\n&#8211; Si \u00e0 l&rsquo;origine, <strong>ce drone est tr\u00e8s petit est compact, ce n&rsquo;est pas la m\u00eame quand on l&rsquo;utilise avec les protections d&rsquo;h\u00e9lices. Il devient alors assez volumineux dans le sac. Mais vu la fragilit\u00e9 des h\u00e9lices, je ne pense pas qu&rsquo;il soit r\u00e9aliste de l&rsquo;utiliser en ext\u00e9rieur sans ces protections.<\/strong> Ou alors pour filmer son barbecue en famille, mais pas plus&#8230;<br \/>\n&#8211; <strong>Le smartphone est un \u00e9l\u00e9ment cl\u00e9 du kit. La t\u00e9l\u00e9commande se branche dessus. Utilisant un IPhone 7 pas tout  neuf, j&rsquo;ai eu des probl\u00e8mes de plantage de l&rsquo;application, de r\u00e9ception du signal (probablement in\u00e9vitable quand on est au pied d&rsquo;une falaise?), et surtout de batterie du smartphone. Je ne pouvais compter au del\u00e0 de 20 minutes d&rsquo;utilisation.<\/strong><br \/>\n&#8211; <strong>Le bruit d&rsquo;un drone peut tr\u00e8s vite devenir d\u00e9rangeant<\/strong> pour les grimpeurs \u00e0 proximit\u00e9. A utiliser avec mod\u00e9ration, dans une zone autoris\u00e9e. <\/p>\n<hr \/>\n<p><strong>Un drone pas cher certes, avec lequel on en a pour son argent, mais pas plus. A part pour filmer dans son jardin et consommer pour consommer, il ne s&rsquo;av\u00e8rera pas tr\u00e8s fiable.<\/strong> J&rsquo;avais comme projet de filmer mes clients, mais le Mavic Mini n&rsquo;est pas assez s\u00e9rieux pour une utilisation professionnelle. Surtout qu&rsquo;<strong>il faut absolument poss\u00e9der un smartphone r\u00e9cent avec une batterie en excellent \u00e9tat pour avoir une chance de filmer au bon moment. <\/strong><\/p>\n<p>Cela serait int\u00e9ressant de voir ce que la <a href=\"https:\/\/www.dji.com\/fr\/mini-2\" rel=\"noopener\" target=\"_blank\">2eme version de ce drone<\/a> donne \u00e0 l&rsquo;utilisation. Pour ma part, je ne m&rsquo;y risquerai pas et irai peut \u00eatre plus tard sur un mod\u00e8le plus \u00e9lev\u00e9 en gamme. Et puis m\u00eame si <a href=\"https:\/\/www.escalade.pro\/news\/film-drone-freeride-snowboard\/\">les drones se sont r\u00e9pandus dans la production des images d&rsquo;activit\u00e9s outdoor<\/a>, <strong>filmer manuellement depuis la corde ou le sol reste indispensable pour capter le son. Un enchainement uncut avec les soufflements et les cris, \u00e7a reste la base non?<\/strong><\/p>\n","protected":false},"excerpt":{"rendered":"<p>J\u2019ai utilis\u00e9 durant quelques mois sur 2019 et 2020 le drone Mavic Mini. J\u2019annonce la couleur de suite, j\u2019ai pr\u00e9f\u00e9r\u00e9 le revendre depuis. Cela ne veut pas dire que mon avis est compl\u00e8tement n\u00e9gatif sur ce drone. <\/p>\n","protected":false},"author":1,"featured_media":20842,"comment_status":"open","ping_status":"open","sticky":false,"template":"","format":"standard","meta":{"colormag_page_container_layout":"default_layout","colormag_page_sidebar_layout":"default_layout","_monsterinsights_skip_tracking":false,"_monsterinsights_sitenote_active":false,"_monsterinsights_sitenote_note":"","_monsterinsights_sitenote_category":0,"ngg_post_thumbnail":0,"jetpack_post_was_ever_published":false,"_jetpack_newsletter_access":"","_jetpack_dont_email_post_to_subs":false,"_jetpack_newsletter_tier_id":0,"_jetpack_memberships_contains_paywalled_content":false,"_jetpack_memberships_contains_paid_content":false,"footnotes":"","jetpack_publicize_message":"","jetpack_publicize_feature_enabled":true,"jetpack_social_post_already_shared":true,"jetpack_social_options":{"image_generator_settings":{"template":"highway","default_image_id":0,"font":"","enabled":false},"version":2}},"categories":[3,7],"tags":[224,225,110,29],"class_list":["post-20834","post","type-post","status-publish","format-standard","has-post-thumbnail","hentry","category-tests-materiel","category-videos","tag-drone","tag-mavic-mini","tag-test-materiel","tag-video"],"yoast_head":"<!-- This site is optimized with the Yoast SEO plugin v27.5 - https:\/\/yoast.com\/product\/yoast-seo-wordpress\/ -->\n<title>Test mat\u00e9riel drone Mavic Mini - Grimpisme, Fred Vionnet coach escalade<\/title>\n<meta name=\"description\" content=\"J\u2019ai utilis\u00e9 durant quelques mois le drone Mavic Mini. J\u2019ai pr\u00e9f\u00e9r\u00e9 le revendre. Cela ne veut pas dire que mon avis est compl\u00e8tement n\u00e9gatif.\" \/>\n<meta name=\"robots\" content=\"index, follow, max-snippet:-1, max-image-preview:large, max-video-preview:-1\" \/>\n<link rel=\"canonical\" href=\"https:\/\/www.escalade.pro\/news\/test-drone-mavic-mini\/\" \/>\n<meta property=\"og:locale\" content=\"fr_FR\" \/>\n<meta property=\"og:type\" content=\"article\" \/>\n<meta property=\"og:title\" content=\"Test mat\u00e9riel drone Mavic Mini - Grimpisme, Fred Vionnet coach escalade\" \/>\n<meta property=\"og:description\" content=\"J\u2019ai utilis\u00e9 durant quelques mois le drone Mavic Mini. J\u2019ai pr\u00e9f\u00e9r\u00e9 le revendre. Cela ne veut pas dire que mon avis est compl\u00e8tement n\u00e9gatif.\" \/>\n<meta property=\"og:url\" content=\"https:\/\/www.escalade.pro\/news\/test-drone-mavic-mini\/\" \/>\n<meta property=\"og:site_name\" content=\"L&#039;Arqu\u00e9e Libre - Fred Vionnet entraineur\/moniteur escalade\" \/>\n<meta property=\"article:publisher\" content=\"https:\/\/www.facebook.com\/grimpisme\/\" \/>\n<meta property=\"article:author\" content=\"https:\/\/www.facebook.com\/fredCaillouXvionnet\" \/>\n<meta property=\"article:published_time\" content=\"2021-04-30T12:31:18+00:00\" \/>\n<meta property=\"article:modified_time\" content=\"2021-06-24T08:36:34+00:00\" \/>\n<meta property=\"og:image\" content=\"https:\/\/www.escalade.pro\/news\/wp-content\/uploads\/2021\/04\/test-drone-mavic-mini.jpg\" \/>\n\t<meta property=\"og:image:width\" content=\"845\" \/>\n\t<meta property=\"og:image:height\" content=\"477\" \/>\n\t<meta property=\"og:image:type\" content=\"image\/jpeg\" \/>\n<meta name=\"author\" content=\"Fred Vionnet\" \/>\n<meta name=\"twitter:card\" content=\"summary_large_image\" \/>\n<meta name=\"twitter:label1\" content=\"\u00c9crit par\" \/>\n\t<meta name=\"twitter:data1\" content=\"Fred Vionnet\" \/>\n\t<meta name=\"twitter:label2\" content=\"Dur\u00e9e de lecture estim\u00e9e\" \/>\n\t<meta name=\"twitter:data2\" content=\"3 minutes\" \/>\n<script type=\"application\/ld+json\" class=\"yoast-schema-graph\">{\"@context\":\"https:\\\/\\\/schema.org\",\"@graph\":[{\"@type\":\"Article\",\"@id\":\"https:\\\/\\\/www.escalade.pro\\\/news\\\/test-drone-mavic-mini\\\/#article\",\"isPartOf\":{\"@id\":\"https:\\\/\\\/www.escalade.pro\\\/news\\\/test-drone-mavic-mini\\\/\"},\"author\":{\"name\":\"Fred Vionnet\",\"@id\":\"https:\\\/\\\/www.escalade.pro\\\/news\\\/#\\\/schema\\\/person\\\/e0e0520aa48cfda56ae5406c2fe2caeb\"},\"headline\":\"Test mat\u00e9riel: le drone Mavic Mini\",\"datePublished\":\"2021-04-30T12:31:18+00:00\",\"dateModified\":\"2021-06-24T08:36:34+00:00\",\"mainEntityOfPage\":{\"@id\":\"https:\\\/\\\/www.escalade.pro\\\/news\\\/test-drone-mavic-mini\\\/\"},\"wordCount\":596,\"commentCount\":0,\"publisher\":{\"@id\":\"https:\\\/\\\/www.escalade.pro\\\/news\\\/#organization\"},\"image\":{\"@id\":\"https:\\\/\\\/www.escalade.pro\\\/news\\\/test-drone-mavic-mini\\\/#primaryimage\"},\"thumbnailUrl\":\"https:\\\/\\\/www.escalade.pro\\\/news\\\/wp-content\\\/uploads\\\/2021\\\/04\\\/test-drone-mavic-mini.jpg\",\"keywords\":[\"drone\",\"mavic mini\",\"test materiel\",\"video\"],\"articleSection\":[\"Tests mat\u00e9riel, nouveaut\u00e9s et lectures\",\"Vid\u00e9os\"],\"inLanguage\":\"fr-FR\",\"potentialAction\":[{\"@type\":\"CommentAction\",\"name\":\"Comment\",\"target\":[\"https:\\\/\\\/www.escalade.pro\\\/news\\\/test-drone-mavic-mini\\\/#respond\"]}]},{\"@type\":\"WebPage\",\"@id\":\"https:\\\/\\\/www.escalade.pro\\\/news\\\/test-drone-mavic-mini\\\/\",\"url\":\"https:\\\/\\\/www.escalade.pro\\\/news\\\/test-drone-mavic-mini\\\/\",\"name\":\"Test mat\u00e9riel drone Mavic Mini - Grimpisme, Fred Vionnet coach escalade\",\"isPartOf\":{\"@id\":\"https:\\\/\\\/www.escalade.pro\\\/news\\\/#website\"},\"primaryImageOfPage\":{\"@id\":\"https:\\\/\\\/www.escalade.pro\\\/news\\\/test-drone-mavic-mini\\\/#primaryimage\"},\"image\":{\"@id\":\"https:\\\/\\\/www.escalade.pro\\\/news\\\/test-drone-mavic-mini\\\/#primaryimage\"},\"thumbnailUrl\":\"https:\\\/\\\/www.escalade.pro\\\/news\\\/wp-content\\\/uploads\\\/2021\\\/04\\\/test-drone-mavic-mini.jpg\",\"datePublished\":\"2021-04-30T12:31:18+00:00\",\"dateModified\":\"2021-06-24T08:36:34+00:00\",\"description\":\"J\u2019ai utilis\u00e9 durant quelques mois le drone Mavic Mini. J\u2019ai pr\u00e9f\u00e9r\u00e9 le revendre. Cela ne veut pas dire que mon avis est compl\u00e8tement n\u00e9gatif.\",\"breadcrumb\":{\"@id\":\"https:\\\/\\\/www.escalade.pro\\\/news\\\/test-drone-mavic-mini\\\/#breadcrumb\"},\"inLanguage\":\"fr-FR\",\"potentialAction\":[{\"@type\":\"ReadAction\",\"target\":[\"https:\\\/\\\/www.escalade.pro\\\/news\\\/test-drone-mavic-mini\\\/\"]}]},{\"@type\":\"ImageObject\",\"inLanguage\":\"fr-FR\",\"@id\":\"https:\\\/\\\/www.escalade.pro\\\/news\\\/test-drone-mavic-mini\\\/#primaryimage\",\"url\":\"https:\\\/\\\/www.escalade.pro\\\/news\\\/wp-content\\\/uploads\\\/2021\\\/04\\\/test-drone-mavic-mini.jpg\",\"contentUrl\":\"https:\\\/\\\/www.escalade.pro\\\/news\\\/wp-content\\\/uploads\\\/2021\\\/04\\\/test-drone-mavic-mini.jpg\",\"width\":845,\"height\":477,\"caption\":\"test drone mavic mini\"},{\"@type\":\"BreadcrumbList\",\"@id\":\"https:\\\/\\\/www.escalade.pro\\\/news\\\/test-drone-mavic-mini\\\/#breadcrumb\",\"itemListElement\":[{\"@type\":\"ListItem\",\"position\":1,\"name\":\"Accueil\",\"item\":\"https:\\\/\\\/www.escalade.pro\\\/news\\\/\"},{\"@type\":\"ListItem\",\"position\":2,\"name\":\"Test mat\u00e9riel: le drone Mavic Mini\"}]},{\"@type\":\"WebSite\",\"@id\":\"https:\\\/\\\/www.escalade.pro\\\/news\\\/#website\",\"url\":\"https:\\\/\\\/www.escalade.pro\\\/news\\\/\",\"name\":\"L&#039;Arqu\u00e9e Libre - Fred Vionnet entraineur\\\/moniteur escalade\",\"description\":\"Coaching et entrainement escalade. Buoux, C\u00e9\u00fcse et Fontainebleau.\",\"publisher\":{\"@id\":\"https:\\\/\\\/www.escalade.pro\\\/news\\\/#organization\"},\"potentialAction\":[{\"@type\":\"SearchAction\",\"target\":{\"@type\":\"EntryPoint\",\"urlTemplate\":\"https:\\\/\\\/www.escalade.pro\\\/news\\\/?s={search_term_string}\"},\"query-input\":{\"@type\":\"PropertyValueSpecification\",\"valueRequired\":true,\"valueName\":\"search_term_string\"}}],\"inLanguage\":\"fr-FR\"},{\"@type\":\"Organization\",\"@id\":\"https:\\\/\\\/www.escalade.pro\\\/news\\\/#organization\",\"name\":\"L&#039;Arqu\u00e9e Libre - Fred Vionnet entraineur\\\/moniteur escalade\",\"url\":\"https:\\\/\\\/www.escalade.pro\\\/news\\\/\",\"logo\":{\"@type\":\"ImageObject\",\"inLanguage\":\"fr-FR\",\"@id\":\"https:\\\/\\\/www.escalade.pro\\\/news\\\/#\\\/schema\\\/logo\\\/image\\\/\",\"url\":\"https:\\\/\\\/www.escalade.pro\\\/news\\\/wp-content\\\/uploads\\\/2026\\\/04\\\/logo-wp-AL-avril-2026-1.jpg\",\"contentUrl\":\"https:\\\/\\\/www.escalade.pro\\\/news\\\/wp-content\\\/uploads\\\/2026\\\/04\\\/logo-wp-AL-avril-2026-1.jpg\",\"width\":1955,\"height\":902,\"caption\":\"L&#039;Arqu\u00e9e Libre - Fred Vionnet entraineur\\\/moniteur escalade\"},\"image\":{\"@id\":\"https:\\\/\\\/www.escalade.pro\\\/news\\\/#\\\/schema\\\/logo\\\/image\\\/\"},\"sameAs\":[\"https:\\\/\\\/www.facebook.com\\\/grimpisme\\\/\",\"https:\\\/\\\/www.instagram.com\\\/grimpisme\\\/\",\"https:\\\/\\\/www.linkedin.com\\\/in\\\/fred-vionnet-6284b96a\\\/\",\"https:\\\/\\\/fr.pinterest.com\\\/grimpisme\\\/\",\"https:\\\/\\\/www.youtube.com\\\/@grimpisme\"]},{\"@type\":\"Person\",\"@id\":\"https:\\\/\\\/www.escalade.pro\\\/news\\\/#\\\/schema\\\/person\\\/e0e0520aa48cfda56ae5406c2fe2caeb\",\"name\":\"Fred Vionnet\",\"image\":{\"@type\":\"ImageObject\",\"inLanguage\":\"fr-FR\",\"@id\":\"https:\\\/\\\/secure.gravatar.com\\\/avatar\\\/a2f6c5fc695da895033dcd95afaa6aeda795d5122ab3a22a03e24aab7f3d96a6?s=96&d=blank&r=g\",\"url\":\"https:\\\/\\\/secure.gravatar.com\\\/avatar\\\/a2f6c5fc695da895033dcd95afaa6aeda795d5122ab3a22a03e24aab7f3d96a6?s=96&d=blank&r=g\",\"contentUrl\":\"https:\\\/\\\/secure.gravatar.com\\\/avatar\\\/a2f6c5fc695da895033dcd95afaa6aeda795d5122ab3a22a03e24aab7f3d96a6?s=96&d=blank&r=g\",\"caption\":\"Fred Vionnet\"},\"description\":\"Coach escalade en Haute Savoie. Pas contre une grande voie non plus. Mais on va \u00e0 C\u00e9\u00fcse, Fontainebleau, Buoux ou encore les Gorges du Verdon quand vous voulez.\",\"sameAs\":[\"http:\\\/\\\/www.grimpisme.com\",\"https:\\\/\\\/www.facebook.com\\\/fredCaillouXvionnet\",\"https:\\\/\\\/www.linkedin.com\\\/profile\\\/preview?vpa=pub&locale=fr_FR\",\"https:\\\/\\\/fr.pinterest.com\\\/grimpisme\\\/\",\"https:\\\/\\\/www.youtube.com\\\/user\\\/grimpisme\",\"https:\\\/\\\/soundcloud.com\\\/fredvionnet\"],\"url\":\"https:\\\/\\\/www.escalade.pro\\\/news\\\/author\\\/fred\\\/\"}]}<\/script>\n<!-- \/ Yoast SEO plugin. -->","yoast_head_json":{"title":"Test mat\u00e9riel drone Mavic Mini - Grimpisme, Fred Vionnet coach escalade","description":"J\u2019ai utilis\u00e9 durant quelques mois le drone Mavic Mini. J\u2019ai pr\u00e9f\u00e9r\u00e9 le revendre. Cela ne veut pas dire que mon avis est compl\u00e8tement n\u00e9gatif.","robots":{"index":"index","follow":"follow","max-snippet":"max-snippet:-1","max-image-preview":"max-image-preview:large","max-video-preview":"max-video-preview:-1"},"canonical":"https:\/\/www.escalade.pro\/news\/test-drone-mavic-mini\/","og_locale":"fr_FR","og_type":"article","og_title":"Test mat\u00e9riel drone Mavic Mini - Grimpisme, Fred Vionnet coach escalade","og_description":"J\u2019ai utilis\u00e9 durant quelques mois le drone Mavic Mini. J\u2019ai pr\u00e9f\u00e9r\u00e9 le revendre. Cela ne veut pas dire que mon avis est compl\u00e8tement n\u00e9gatif.","og_url":"https:\/\/www.escalade.pro\/news\/test-drone-mavic-mini\/","og_site_name":"L&#039;Arqu\u00e9e Libre - Fred Vionnet entraineur\/moniteur escalade","article_publisher":"https:\/\/www.facebook.com\/grimpisme\/","article_author":"https:\/\/www.facebook.com\/fredCaillouXvionnet","article_published_time":"2021-04-30T12:31:18+00:00","article_modified_time":"2021-06-24T08:36:34+00:00","og_image":[{"width":845,"height":477,"url":"https:\/\/www.escalade.pro\/news\/wp-content\/uploads\/2021\/04\/test-drone-mavic-mini.jpg","type":"image\/jpeg"}],"author":"Fred Vionnet","twitter_card":"summary_large_image","twitter_misc":{"\u00c9crit par":"Fred Vionnet","Dur\u00e9e de lecture estim\u00e9e":"3 minutes"},"schema":{"@context":"https:\/\/schema.org","@graph":[{"@type":"Article","@id":"https:\/\/www.escalade.pro\/news\/test-drone-mavic-mini\/#article","isPartOf":{"@id":"https:\/\/www.escalade.pro\/news\/test-drone-mavic-mini\/"},"author":{"name":"Fred Vionnet","@id":"https:\/\/www.escalade.pro\/news\/#\/schema\/person\/e0e0520aa48cfda56ae5406c2fe2caeb"},"headline":"Test mat\u00e9riel: le drone Mavic Mini","datePublished":"2021-04-30T12:31:18+00:00","dateModified":"2021-06-24T08:36:34+00:00","mainEntityOfPage":{"@id":"https:\/\/www.escalade.pro\/news\/test-drone-mavic-mini\/"},"wordCount":596,"commentCount":0,"publisher":{"@id":"https:\/\/www.escalade.pro\/news\/#organization"},"image":{"@id":"https:\/\/www.escalade.pro\/news\/test-drone-mavic-mini\/#primaryimage"},"thumbnailUrl":"https:\/\/www.escalade.pro\/news\/wp-content\/uploads\/2021\/04\/test-drone-mavic-mini.jpg","keywords":["drone","mavic mini","test materiel","video"],"articleSection":["Tests mat\u00e9riel, nouveaut\u00e9s et lectures","Vid\u00e9os"],"inLanguage":"fr-FR","potentialAction":[{"@type":"CommentAction","name":"Comment","target":["https:\/\/www.escalade.pro\/news\/test-drone-mavic-mini\/#respond"]}]},{"@type":"WebPage","@id":"https:\/\/www.escalade.pro\/news\/test-drone-mavic-mini\/","url":"https:\/\/www.escalade.pro\/news\/test-drone-mavic-mini\/","name":"Test mat\u00e9riel drone Mavic Mini - Grimpisme, Fred Vionnet coach escalade","isPartOf":{"@id":"https:\/\/www.escalade.pro\/news\/#website"},"primaryImageOfPage":{"@id":"https:\/\/www.escalade.pro\/news\/test-drone-mavic-mini\/#primaryimage"},"image":{"@id":"https:\/\/www.escalade.pro\/news\/test-drone-mavic-mini\/#primaryimage"},"thumbnailUrl":"https:\/\/www.escalade.pro\/news\/wp-content\/uploads\/2021\/04\/test-drone-mavic-mini.jpg","datePublished":"2021-04-30T12:31:18+00:00","dateModified":"2021-06-24T08:36:34+00:00","description":"J\u2019ai utilis\u00e9 durant quelques mois le drone Mavic Mini. J\u2019ai pr\u00e9f\u00e9r\u00e9 le revendre. Cela ne veut pas dire que mon avis est compl\u00e8tement n\u00e9gatif.","breadcrumb":{"@id":"https:\/\/www.escalade.pro\/news\/test-drone-mavic-mini\/#breadcrumb"},"inLanguage":"fr-FR","potentialAction":[{"@type":"ReadAction","target":["https:\/\/www.escalade.pro\/news\/test-drone-mavic-mini\/"]}]},{"@type":"ImageObject","inLanguage":"fr-FR","@id":"https:\/\/www.escalade.pro\/news\/test-drone-mavic-mini\/#primaryimage","url":"https:\/\/www.escalade.pro\/news\/wp-content\/uploads\/2021\/04\/test-drone-mavic-mini.jpg","contentUrl":"https:\/\/www.escalade.pro\/news\/wp-content\/uploads\/2021\/04\/test-drone-mavic-mini.jpg","width":845,"height":477,"caption":"test drone mavic mini"},{"@type":"BreadcrumbList","@id":"https:\/\/www.escalade.pro\/news\/test-drone-mavic-mini\/#breadcrumb","itemListElement":[{"@type":"ListItem","position":1,"name":"Accueil","item":"https:\/\/www.escalade.pro\/news\/"},{"@type":"ListItem","position":2,"name":"Test mat\u00e9riel: le drone Mavic Mini"}]},{"@type":"WebSite","@id":"https:\/\/www.escalade.pro\/news\/#website","url":"https:\/\/www.escalade.pro\/news\/","name":"L&#039;Arqu\u00e9e Libre - Fred Vionnet entraineur\/moniteur escalade","description":"Coaching et entrainement escalade. Buoux, C\u00e9\u00fcse et Fontainebleau.","publisher":{"@id":"https:\/\/www.escalade.pro\/news\/#organization"},"potentialAction":[{"@type":"SearchAction","target":{"@type":"EntryPoint","urlTemplate":"https:\/\/www.escalade.pro\/news\/?s={search_term_string}"},"query-input":{"@type":"PropertyValueSpecification","valueRequired":true,"valueName":"search_term_string"}}],"inLanguage":"fr-FR"},{"@type":"Organization","@id":"https:\/\/www.escalade.pro\/news\/#organization","name":"L&#039;Arqu\u00e9e Libre - Fred Vionnet entraineur\/moniteur escalade","url":"https:\/\/www.escalade.pro\/news\/","logo":{"@type":"ImageObject","inLanguage":"fr-FR","@id":"https:\/\/www.escalade.pro\/news\/#\/schema\/logo\/image\/","url":"https:\/\/www.escalade.pro\/news\/wp-content\/uploads\/2026\/04\/logo-wp-AL-avril-2026-1.jpg","contentUrl":"https:\/\/www.escalade.pro\/news\/wp-content\/uploads\/2026\/04\/logo-wp-AL-avril-2026-1.jpg","width":1955,"height":902,"caption":"L&#039;Arqu\u00e9e Libre - Fred Vionnet entraineur\/moniteur escalade"},"image":{"@id":"https:\/\/www.escalade.pro\/news\/#\/schema\/logo\/image\/"},"sameAs":["https:\/\/www.facebook.com\/grimpisme\/","https:\/\/www.instagram.com\/grimpisme\/","https:\/\/www.linkedin.com\/in\/fred-vionnet-6284b96a\/","https:\/\/fr.pinterest.com\/grimpisme\/","https:\/\/www.youtube.com\/@grimpisme"]},{"@type":"Person","@id":"https:\/\/www.escalade.pro\/news\/#\/schema\/person\/e0e0520aa48cfda56ae5406c2fe2caeb","name":"Fred Vionnet","image":{"@type":"ImageObject","inLanguage":"fr-FR","@id":"https:\/\/secure.gravatar.com\/avatar\/a2f6c5fc695da895033dcd95afaa6aeda795d5122ab3a22a03e24aab7f3d96a6?s=96&d=blank&r=g","url":"https:\/\/secure.gravatar.com\/avatar\/a2f6c5fc695da895033dcd95afaa6aeda795d5122ab3a22a03e24aab7f3d96a6?s=96&d=blank&r=g","contentUrl":"https:\/\/secure.gravatar.com\/avatar\/a2f6c5fc695da895033dcd95afaa6aeda795d5122ab3a22a03e24aab7f3d96a6?s=96&d=blank&r=g","caption":"Fred Vionnet"},"description":"Coach escalade en Haute Savoie. Pas contre une grande voie non plus. Mais on va \u00e0 C\u00e9\u00fcse, Fontainebleau, Buoux ou encore les Gorges du Verdon quand vous voulez.","sameAs":["http:\/\/www.grimpisme.com","https:\/\/www.facebook.com\/fredCaillouXvionnet","https:\/\/www.linkedin.com\/profile\/preview?vpa=pub&locale=fr_FR","https:\/\/fr.pinterest.com\/grimpisme\/","https:\/\/www.youtube.com\/user\/grimpisme","https:\/\/soundcloud.com\/fredvionnet"],"url":"https:\/\/www.escalade.pro\/news\/author\/fred\/"}]}},"jetpack_publicize_connections":[],"jetpack_featured_media_url":"https:\/\/www.escalade.pro\/news\/wp-content\/uploads\/2021\/04\/test-drone-mavic-mini.jpg","jetpack_sharing_enabled":true,"jetpack_shortlink":"https:\/\/wp.me\/p68Rw6-5q2","jetpack-related-posts":[{"id":4747,"url":"https:\/\/www.escalade.pro\/news\/test-chaussons-hiangle-fiveten\/","url_meta":{"origin":20834,"position":0},"title":"Test chaussons Hiangle FiveTen","author":"Fred Vionnet","date":"30 mars 2015","format":false,"excerpt":"Les chaussons Hiangle Fiveten (voir la fiche produit sur le site du fabricant) sont arriv\u00e9s en France au d\u00e9but de l\u2019automne 2014. J\u2019ai pu grimper avec la m\u00eame paire durant 7 mois sur mur, pan et falaise. Ils commencent \u00e0 \u00eatre trou\u00e9s, il est temps de partager avec vous mon\u2026","rel":"","context":"Dans &quot;Tests mat\u00e9riel, nouveaut\u00e9s et lectures&quot;","block_context":{"text":"Tests mat\u00e9riel, nouveaut\u00e9s et lectures","link":"https:\/\/www.escalade.pro\/news\/category\/tests-materiel\/"},"img":{"alt_text":"test chausson escalade hiangle fiveten","src":"https:\/\/i0.wp.com\/www.escalade.pro\/news\/wp-content\/uploads\/2015\/03\/caro_sinno_fiveten_hiangle-300x200.jpg?resize=350%2C200","width":350,"height":200},"classes":[]},{"id":5188,"url":"https:\/\/www.escalade.pro\/news\/test-baudrier-rebel-beal\/","url_meta":{"origin":20834,"position":1},"title":"Test baudrier Rebel Beal","author":"Fred Vionnet","date":"13 mai 2015","format":false,"excerpt":"J\u2019ai \u00e9norm\u00e9ment utilis\u00e9 le baudrier Rebel de Beal (voir la fiche produit) depuis le mois d\u2019avril 2014 (voir cet article), que ce soit pour la grimpe sportive, l\u2019encadrement, les grandes voies, l\u2019alpinisme ou encore le ski de randonn\u00e9e, m\u00eame si son domaine de pr\u00e9dilection se limite \u00e0 la pratique de\u2026","rel":"","context":"Dans &quot;Coups de gueule&quot;","block_context":{"text":"Coups de gueule","link":"https:\/\/www.escalade.pro\/news\/category\/coup-de-gueule\/"},"img":{"alt_text":"","src":"","width":0,"height":0},"classes":[]},{"id":4664,"url":"https:\/\/www.escalade.pro\/news\/merci-artline-prise\/","url_meta":{"origin":20834,"position":2},"title":"Merci ArtLine Holds!","author":"Fred Vionnet","date":"26 mars 2015","format":false,"excerpt":"Durant les cinq ann\u00e9es o\u00f9 j\u2019ai tenu le shop en ligne, certains fournisseurs \u00e9taient professionnels et humains, d\u2019autres indiff\u00e9rents et professionnels, et certains, heureusement rares, me consid\u00e9raient avec m\u00e9pris car mon chiffre ne les int\u00e9ressait pas. Vu la petite taille de mon \u00ab business \u00bb, j\u2019ai eu tr\u00e8s peu de\u2026","rel":"","context":"Dans &quot;Coups de gueule&quot;","block_context":{"text":"Coups de gueule","link":"https:\/\/www.escalade.pro\/news\/category\/coup-de-gueule\/"},"img":{"alt_text":"prises escalade artline","src":"https:\/\/i0.wp.com\/www.escalade.pro\/news\/wp-content\/uploads\/2015\/03\/P1060276-300x225.jpg?resize=350%2C200","width":350,"height":200},"classes":[]},{"id":17195,"url":"https:\/\/www.escalade.pro\/news\/test-sac-dos-warthog-blue-ice\/","url_meta":{"origin":20834,"position":3},"title":"Test sac \u00e0 dos Warthog 28L Blue Ice","author":"Fred Vionnet","date":"25 novembre 2018","format":false,"excerpt":"Pas besoin d\u2019en dire plus, comme vous l\u2019avez compris j\u2019ai trouv\u00e9 mon sac \u00e0 dos id\u00e9al. Je ne me pause pas de questions quand je bouge pour un ou deux jours, je prends mon Warthog et c\u2019est tout.","rel":"","context":"Dans &quot;Alpinisme&quot;","block_context":{"text":"Alpinisme","link":"https:\/\/www.escalade.pro\/news\/category\/alpinisme\/"},"img":{"alt_text":"test sac dos warthog 28 blue ice","src":"https:\/\/i0.wp.com\/www.escalade.pro\/news\/wp-content\/uploads\/2018\/11\/20180803_095132.jpg?resize=350%2C200&ssl=1","width":350,"height":200},"classes":[]},{"id":15280,"url":"https:\/\/www.escalade.pro\/news\/avis-topo-escalades-autour-annecy\/","url_meta":{"origin":20834,"position":4},"title":"Avis topo: \u00ab\u00a0Escalades autour d&rsquo;Annecy\u00a0\u00bb","author":"Fred Vionnet","date":"28 novembre 2017","format":false,"excerpt":"Je voulais vous parler du nouveau topo \"Escalades autour d'Annecy\", que j'ai utilis\u00e9 r\u00e9guli\u00e8rement durant l'automne avec plaisir. Voil\u00e0 un topo clair, agr\u00e9able \u00e0 parcourir et utiliser, du beau boulot. J'ai beaucoup appr\u00e9ci\u00e9 d'avoir en main une s\u00e9lection de grandes voies de styles diff\u00e9rents, \u00e0 des altitudes et avec des\u2026","rel":"","context":"Dans &quot;Escalade&quot;","block_context":{"text":"Escalade","link":"https:\/\/www.escalade.pro\/news\/category\/escalade\/"},"img":{"alt_text":"Topo escalade autour Annecy","src":"https:\/\/i0.wp.com\/www.escalade.pro\/news\/wp-content\/uploads\/2017\/11\/escalade-autour-annecy2-150x150.jpg?resize=350%2C200&ssl=1","width":350,"height":200},"classes":[]},{"id":3260,"url":"https:\/\/www.escalade.pro\/news\/boostic-scarpa-test\/","url_meta":{"origin":20834,"position":5},"title":"Boostic Scarpa, en parlant de TEST justement","author":"Fred Vionnet","date":"5 septembre 2014","format":false,"excerpt":"Voil\u00e0 j'ai enfin r\u00e9ussi \u00e0 fusiller ma paire de Boostic Scarpa, je suis soulag\u00e9 car je n'ai pas vraiment appr\u00e9ci\u00e9 ce chausson (voir test sur le pr\u00e9c\u00e9dent blog en juillet 2012). Je les trouve toujours aussi limit\u00e9s en pr\u00e9cisions sur petites prises genre gouttes d'eau et dans les trous. Par\u2026","rel":"","context":"Dans &quot;Coups de gueule&quot;","block_context":{"text":"Coups de gueule","link":"https:\/\/www.escalade.pro\/news\/category\/coup-de-gueule\/"},"img":{"alt_text":"test chausson escalade boostic scarpa","src":"https:\/\/i0.wp.com\/www.escalade.pro\/news\/wp-content\/uploads\/2014\/09\/P1050196-300x267.jpg?resize=350%2C200","width":350,"height":200},"classes":[]}],"_links":{"self":[{"href":"https:\/\/www.escalade.pro\/news\/wp-json\/wp\/v2\/posts\/20834","targetHints":{"allow":["GET"]}}],"collection":[{"href":"https:\/\/www.escalade.pro\/news\/wp-json\/wp\/v2\/posts"}],"about":[{"href":"https:\/\/www.escalade.pro\/news\/wp-json\/wp\/v2\/types\/post"}],"author":[{"embeddable":true,"href":"https:\/\/www.escalade.pro\/news\/wp-json\/wp\/v2\/users\/1"}],"replies":[{"embeddable":true,"href":"https:\/\/www.escalade.pro\/news\/wp-json\/wp\/v2\/comments?post=20834"}],"version-history":[{"count":29,"href":"https:\/\/www.escalade.pro\/news\/wp-json\/wp\/v2\/posts\/20834\/revisions"}],"predecessor-version":[{"id":20870,"href":"https:\/\/www.escalade.pro\/news\/wp-json\/wp\/v2\/posts\/20834\/revisions\/20870"}],"wp:featuredmedia":[{"embeddable":true,"href":"https:\/\/www.escalade.pro\/news\/wp-json\/wp\/v2\/media\/20842"}],"wp:attachment":[{"href":"https:\/\/www.escalade.pro\/news\/wp-json\/wp\/v2\/media?parent=20834"}],"wp:term":[{"taxonomy":"category","embeddable":true,"href":"https:\/\/www.escalade.pro\/news\/wp-json\/wp\/v2\/categories?post=20834"},{"taxonomy":"post_tag","embeddable":true,"href":"https:\/\/www.escalade.pro\/news\/wp-json\/wp\/v2\/tags?post=20834"}],"curies":[{"name":"wp","href":"https:\/\/api.w.org\/{rel}","templated":true}]}}