{"id":20146,"date":"2020-12-12T11:20:00","date_gmt":"2020-12-12T10:20:00","guid":{"rendered":"https:\/\/www.escalade.pro\/news\/?p=20146"},"modified":"2020-12-12T11:20:00","modified_gmt":"2020-12-12T10:20:00","slug":"test-lampe-apollo-black-diamond","status":"publish","type":"post","link":"https:\/\/www.escalade.pro\/news\/test-lampe-apollo-black-diamond\/","title":{"rendered":"Test lampe Apollo Black Diamond"},"content":{"rendered":"<p><strong>Nous utilisons depuis un an et demi deux lampes Apollo de Black Diamond (voir la <a href=\"https:\/\/eu.blackdiamondequipment.com\/fr_FR\/apollo-lantern-BD620716_cfg.html\" target=\"_blank\" rel=\"noopener\">page produit<\/a>).<\/strong> Ces lampes de bivouac nous permettent de patienter en attendant la pause de panneaux solaires dans notre \u00ab refuge \u00bb. Il est temps de vous faire un retour (d\u00e9sol\u00e9 pour la qualit\u00e9 des photos, c&rsquo;est un m\u00e9tier&#8230;).<\/p>\n<h6><u>Les infos du fabricant<\/u><\/h6>\n<p><strong><a href=\"https:\/\/www.escalade.pro\/news\/wp-content\/uploads\/2020\/12\/lampe-apollo.jpg\"><img loading=\"lazy\" decoding=\"async\" class=\"size-medium wp-image-20148 alignright\" src=\"https:\/\/www.escalade.pro\/news\/wp-content\/uploads\/2020\/12\/lampe-apollo-300x270.jpg\" alt=\"lampe apollo black diamond\" width=\"300\" height=\"270\" srcset=\"https:\/\/www.escalade.pro\/news\/wp-content\/uploads\/2020\/12\/lampe-apollo-300x270.jpg 300w, https:\/\/www.escalade.pro\/news\/wp-content\/uploads\/2020\/12\/lampe-apollo-400x360.jpg 400w, https:\/\/www.escalade.pro\/news\/wp-content\/uploads\/2020\/12\/lampe-apollo.jpg 600w\" sizes=\"auto, (max-width: 300px) 100vw, 300px\" \/><\/a>Que ce soit pour cuisiner sur le coffre de la voiture, jouer aux cartes en bivouac ou trier du mat\u00e9riel dans la tente, la lanterne Black Diamond Apollo offre une puissance de 225 lumens. Elle fournit un \u00e9clairage puissant qui n&rsquo;\u00e9blouit pas et se r\u00e8gle facilement. L&rsquo;Apollo fonctionne soit sur pile interne rechargeable standard (lithium-ion) soit sur piles alcalines standard. Cette lanterne permet de recharger vos petits appareils \u00e9lectroniques portatifs via un port USB externe. Redessin\u00e9, le bo\u00eetier est dot\u00e9 d&rsquo;un double anneau de suspension rabattable afin de pouvoir accrocher la lampe dans la tente ou \u00e0 un arbre, et de pieds repliables pour la poser ais\u00e9ment sur une table.<\/strong> Les modes clignotant et variateur permettent de moduler l&rsquo;\u00e9clairage en fonction des besoins, et un t\u00e9moin lumineux d&rsquo;\u00e9tat des piles affiche l&rsquo;autonomie restante pour les piles alcalines comme pour la pile interne rechargeable.<\/p>\n<p><a href=\"https:\/\/www.escalade.pro\/news\/wp-content\/uploads\/2020\/12\/mode-emploi-lampe-apollo.jpg\"><img loading=\"lazy\" decoding=\"async\" class=\"size-medium wp-image-20155 alignright\" src=\"https:\/\/www.escalade.pro\/news\/wp-content\/uploads\/2020\/12\/mode-emploi-lampe-apollo-300x142.jpg\" alt=\"mode emploi lampe apollo\" width=\"300\" height=\"142\" srcset=\"https:\/\/www.escalade.pro\/news\/wp-content\/uploads\/2020\/12\/mode-emploi-lampe-apollo-300x142.jpg 300w, https:\/\/www.escalade.pro\/news\/wp-content\/uploads\/2020\/12\/mode-emploi-lampe-apollo-768x364.jpg 768w, https:\/\/www.escalade.pro\/news\/wp-content\/uploads\/2020\/12\/mode-emploi-lampe-apollo-600x284.jpg 600w, https:\/\/www.escalade.pro\/news\/wp-content\/uploads\/2020\/12\/mode-emploi-lampe-apollo-400x189.jpg 400w, https:\/\/www.escalade.pro\/news\/wp-content\/uploads\/2020\/12\/mode-emploi-lampe-apollo.jpg 984w\" sizes=\"auto, (max-width: 300px) 100vw, 300px\" \/><\/a>&#8211; LED QuadPower de 225 lumens (sur r\u00e9glage max.) encastr\u00e9e dans un globe lumineux offrant une lumi\u00e8re puissante non \u00e9blouissante. <br \/>\n&#8211; Fonctionne sur pile interne rechargeable lithium ion (capacit\u00e9 2600 milliamp\u00e8re-heure) ou 3 piles AA. <br \/>\n&#8211; Temps de charge d&rsquo;un t\u00e9l\u00e9phone. <br \/>\n&#8211; Le port USB permet de recharger les appareils \u00e9lectroniques (c\u00e2ble inclus). <br \/>\n&#8211; Indicateur d&rsquo;\u00e9tat pour les piles alcalines comme pour la pile interne rechargeable. <br \/>\n&#8211; Mode clignotant et fonction variateur pour moduler l&rsquo;intensit\u00e9. <br \/>\n&#8211; Double anneau de suspension rabattable et pieds repliables redessin\u00e9s pour de multiples options d&rsquo;\u00e9clairage.<\/p>\n<h6><u>Notre avis<\/u><\/h6>\n<p><strong>Nous sommes vraiment tr\u00e8s satisfaits de la lampe Apollo.<\/strong> Voici pourquoi : <br \/>\n&#8211; <strong>Une utilisation simple et efficace. On appuie pour allumer ou \u00e9teindre, on garde le bouton enfonc\u00e9 pour r\u00e9gler l\u2019intensit\u00e9.<\/strong> Certaines lampes sont des usines \u00e0 gaz insupportables, \u00e9viter la <a href=\"https:\/\/sport.beal-planet.com\/fr\/eclairage\/1796-ff150.html\" target=\"_blank\" rel=\"noopener\">FF150 de Beal<\/a> par exemple. Quand on la rallume, elle revient au r\u00e9glage de la pr\u00e9c\u00e9dente utilisation. <br \/>\n&#8211; <strong>La lumi\u00e8re est agr\u00e9able, pr\u00e9cise sans \u00eatre agressive, et sans zone d\u2019ombre quand la lampe est pendue ou pos\u00e9e avec les pieds d\u00e9pli\u00e9s.<\/strong> <br \/>\n&#8211; <strong>L\u2019autonomie \u00e9tait d\u00e9j\u00e0 correcte sans les piles. Avec cela devient vraiment int\u00e9ressant.<\/strong> D\u2019ailleurs nous n\u2019avons jamais eu la mauvaise surprise d\u2019aller jusqu\u2019\u00e0 l\u2019\u00e9puisement total de l\u2019alimentation. <strong>Les t\u00e9moins de charges sont tr\u00e8s clairs, avec un t\u00e9moin pour chaque type d\u2019alimentation.<\/strong> Le fabricant donne une autonomie, sans piles, de 6h \u00e0 intensit\u00e9 max, 30h \u00e0 intensit\u00e9 mini. Avec les piles on passerait \u00e0 24h et 150h ! Nous n\u2019avons <strong>pas observ\u00e9 de baisse de performance dans le temps, malgr\u00e9 des temp\u00e9ratures d&rsquo;utilisation et de stockage parfois basses.<\/strong><br \/>\n&#8211; <strong>Le syst\u00e8me d\u2019anneaux de suspension fonctionne tr\u00e8s bien. Il est \u00e9galement possible de coincer un pied dans un endroit improbable pour suspendre la lampe.<\/strong> La diffusion de la lumi\u00e8re reste ainsi optimale. <br \/>\n&#8211; <strong>Les deux lampes sont tomb\u00e9es plusieurs fois chacune, par maladresse. Elles ont remarch\u00e9 normalement apr\u00e8s chaque choc<\/strong>&#8230; sentiment d\u2019angoisse avant d\u2019appuyer sur le bouton ON.<\/p>\n<p>Le seul point n\u00e9gatif, il en faut bien un, sera parfois une baisse brutale d\u2019intensit\u00e9 de la lumi\u00e8re, quand les piles et la batterie sont fortement d\u00e9charg\u00e9es. <strong>Sinon, vous l\u2019aurez bien compris, je vous conseille vivement cet achat \u00e0 un excellent rapport qualit\u00e9\/prix. Pour le camping, les bivouacs o\u00f9 l\u2019on n\u2019est pas \u00e0 350g pr\u00eat, la lampe Apollo apporte un r\u00e9el confort. Je serais m\u00eame tent\u00e9 de l\u2019emmener sur un trek de plusieurs jours, peut \u00eatre sans les piles mais avec un petit panneau solaire pour recharger la batterie interne en journ\u00e9e en fonction du nombre de soir\u00e9es \u00e0 passer en autonomie.<\/strong> Avec une frontale pour deux, et une Apollo, cela est envisageable suivant le parcours. Ou alors, une frontale + une Apollo + une mini frontale.<\/p>\n<div id='gallery-1' class='gallery galleryid-20146 gallery-columns-3 gallery-size-colormag-featured-image'><figure class='gallery-item'>\n\t\t\t<div class='gallery-icon landscape'>\n\t\t\t\t<a title=\"lampe apollo black diamond\" href='https:\/\/www.escalade.pro\/news\/wp-content\/uploads\/2020\/12\/P1020759.jpg'><img loading=\"lazy\" decoding=\"async\" width=\"800\" height=\"445\" src=\"https:\/\/www.escalade.pro\/news\/wp-content\/uploads\/2020\/12\/P1020759-800x445.jpg\" class=\"attachment-colormag-featured-image size-colormag-featured-image\" alt=\"lampe apollo black diamond\" aria-describedby=\"gallery-1-20173\" \/><\/a>\n\t\t\t<\/div>\n\t\t\t\t<figcaption class='wp-caption-text gallery-caption' id='gallery-1-20173'>\n\t\t\t\tTest de la lampe de bivouac Apollo Black Diamond, d\u00e9cembre 2020.\n\t\t\t\t<\/figcaption><\/figure><figure class='gallery-item'>\n\t\t\t<div class='gallery-icon portrait'>\n\t\t\t\t<a title=\"lampe apollo black diamond\" href='https:\/\/www.escalade.pro\/news\/wp-content\/uploads\/2020\/12\/P1020762.jpg'><img loading=\"lazy\" decoding=\"async\" width=\"800\" height=\"445\" src=\"https:\/\/www.escalade.pro\/news\/wp-content\/uploads\/2020\/12\/P1020762-800x445.jpg\" class=\"attachment-colormag-featured-image size-colormag-featured-image\" alt=\"lampe apollo black diamond\" \/><\/a>\n\t\t\t<\/div><\/figure><figure class='gallery-item'>\n\t\t\t<div class='gallery-icon landscape'>\n\t\t\t\t<a title=\"lampe apollo black diamond\" href='https:\/\/www.escalade.pro\/news\/wp-content\/uploads\/2020\/12\/P1020764.jpg'><img loading=\"lazy\" decoding=\"async\" width=\"800\" height=\"445\" src=\"https:\/\/www.escalade.pro\/news\/wp-content\/uploads\/2020\/12\/P1020764-800x445.jpg\" class=\"attachment-colormag-featured-image size-colormag-featured-image\" alt=\"lampe apollo black diamond\" \/><\/a>\n\t\t\t<\/div><\/figure>\n\t\t<\/div>\n\n","protected":false},"excerpt":{"rendered":"<p>Pour le camping, les bivouacs o\u00f9 l\u2019on n\u2019est pas \u00e0 350g pr\u00eat, la lampe Apollo apporte un r\u00e9el confort. Je vous conseille vivement cet achat \u00e0 un excellent rapport qualit\u00e9\/prix. <\/p>\n","protected":false},"author":1,"featured_media":20173,"comment_status":"open","ping_status":"open","sticky":false,"template":"","format":"standard","meta":{"colormag_page_container_layout":"default_layout","colormag_page_sidebar_layout":"default_layout","_monsterinsights_skip_tracking":false,"_monsterinsights_sitenote_active":false,"_monsterinsights_sitenote_note":"","_monsterinsights_sitenote_category":0,"ngg_post_thumbnail":0,"jetpack_post_was_ever_published":false,"_jetpack_newsletter_access":"","_jetpack_dont_email_post_to_subs":false,"_jetpack_newsletter_tier_id":0,"_jetpack_memberships_contains_paywalled_content":false,"_jetpack_memberships_contains_paid_content":false,"footnotes":"","jetpack_publicize_message":"","jetpack_publicize_feature_enabled":true,"jetpack_social_post_already_shared":true,"jetpack_social_options":{"image_generator_settings":{"template":"highway","default_image_id":0,"font":"","enabled":false},"version":2}},"categories":[3],"tags":[199,198,110],"class_list":["post-20146","post","type-post","status-publish","format-standard","has-post-thumbnail","hentry","category-tests-materiel","tag-black-diamond","tag-lampe","tag-test-materiel"],"yoast_head":"<!-- This site is optimized with the Yoast SEO plugin v27.5 - https:\/\/yoast.com\/product\/yoast-seo-wordpress\/ -->\n<title>Test lampe Apollo Black Diamond - Grimpisme, coaching escalade<\/title>\n<meta name=\"description\" content=\"Pour le camping, les bivouacs o\u00f9 l\u2019on n\u2019est pas \u00e0 350g pr\u00eat, la lampe Apollo apporte un r\u00e9el confort. Un excellent rapport qualit\u00e9\/prix.\" \/>\n<meta name=\"robots\" content=\"index, follow, max-snippet:-1, max-image-preview:large, max-video-preview:-1\" \/>\n<link rel=\"canonical\" href=\"https:\/\/www.escalade.pro\/news\/test-lampe-apollo-black-diamond\/\" \/>\n<meta property=\"og:locale\" content=\"fr_FR\" \/>\n<meta property=\"og:type\" content=\"article\" \/>\n<meta property=\"og:title\" content=\"Test lampe Apollo Black Diamond - Grimpisme, coaching escalade\" \/>\n<meta property=\"og:description\" content=\"Pour le camping, les bivouacs o\u00f9 l\u2019on n\u2019est pas \u00e0 350g pr\u00eat, la lampe Apollo apporte un r\u00e9el confort. Un excellent rapport qualit\u00e9\/prix.\" \/>\n<meta property=\"og:url\" content=\"https:\/\/www.escalade.pro\/news\/test-lampe-apollo-black-diamond\/\" \/>\n<meta property=\"og:site_name\" content=\"L&#039;Arqu\u00e9e Libre - Fred Vionnet entraineur\/moniteur escalade\" \/>\n<meta property=\"article:publisher\" content=\"https:\/\/www.facebook.com\/grimpisme\/\" \/>\n<meta property=\"article:author\" content=\"https:\/\/www.facebook.com\/fredCaillouXvionnet\" \/>\n<meta property=\"article:published_time\" content=\"2020-12-12T10:20:00+00:00\" \/>\n<meta property=\"og:image\" content=\"https:\/\/www.escalade.pro\/news\/wp-content\/uploads\/2020\/12\/P1020759.jpg\" \/>\n\t<meta property=\"og:image:width\" content=\"1200\" \/>\n\t<meta property=\"og:image:height\" content=\"900\" \/>\n\t<meta property=\"og:image:type\" content=\"image\/jpeg\" \/>\n<meta name=\"author\" content=\"Fred Vionnet\" \/>\n<meta name=\"twitter:card\" content=\"summary_large_image\" \/>\n<meta name=\"twitter:label1\" content=\"\u00c9crit par\" \/>\n\t<meta name=\"twitter:data1\" content=\"Fred Vionnet\" \/>\n\t<meta name=\"twitter:label2\" content=\"Dur\u00e9e de lecture estim\u00e9e\" \/>\n\t<meta name=\"twitter:data2\" content=\"4 minutes\" \/>\n<script type=\"application\/ld+json\" class=\"yoast-schema-graph\">{\"@context\":\"https:\\\/\\\/schema.org\",\"@graph\":[{\"@type\":\"Article\",\"@id\":\"https:\\\/\\\/www.escalade.pro\\\/news\\\/test-lampe-apollo-black-diamond\\\/#article\",\"isPartOf\":{\"@id\":\"https:\\\/\\\/www.escalade.pro\\\/news\\\/test-lampe-apollo-black-diamond\\\/\"},\"author\":{\"name\":\"Fred Vionnet\",\"@id\":\"https:\\\/\\\/www.escalade.pro\\\/news\\\/#\\\/schema\\\/person\\\/e0e0520aa48cfda56ae5406c2fe2caeb\"},\"headline\":\"Test lampe Apollo Black Diamond\",\"datePublished\":\"2020-12-12T10:20:00+00:00\",\"mainEntityOfPage\":{\"@id\":\"https:\\\/\\\/www.escalade.pro\\\/news\\\/test-lampe-apollo-black-diamond\\\/\"},\"wordCount\":710,\"commentCount\":0,\"publisher\":{\"@id\":\"https:\\\/\\\/www.escalade.pro\\\/news\\\/#organization\"},\"image\":{\"@id\":\"https:\\\/\\\/www.escalade.pro\\\/news\\\/test-lampe-apollo-black-diamond\\\/#primaryimage\"},\"thumbnailUrl\":\"https:\\\/\\\/www.escalade.pro\\\/news\\\/wp-content\\\/uploads\\\/2020\\\/12\\\/P1020759.jpg\",\"keywords\":[\"black diamond\",\"lampe\",\"test materiel\"],\"articleSection\":[\"Tests mat\u00e9riel, nouveaut\u00e9s et lectures\"],\"inLanguage\":\"fr-FR\",\"potentialAction\":[{\"@type\":\"CommentAction\",\"name\":\"Comment\",\"target\":[\"https:\\\/\\\/www.escalade.pro\\\/news\\\/test-lampe-apollo-black-diamond\\\/#respond\"]}]},{\"@type\":\"WebPage\",\"@id\":\"https:\\\/\\\/www.escalade.pro\\\/news\\\/test-lampe-apollo-black-diamond\\\/\",\"url\":\"https:\\\/\\\/www.escalade.pro\\\/news\\\/test-lampe-apollo-black-diamond\\\/\",\"name\":\"Test lampe Apollo Black Diamond - Grimpisme, coaching escalade\",\"isPartOf\":{\"@id\":\"https:\\\/\\\/www.escalade.pro\\\/news\\\/#website\"},\"primaryImageOfPage\":{\"@id\":\"https:\\\/\\\/www.escalade.pro\\\/news\\\/test-lampe-apollo-black-diamond\\\/#primaryimage\"},\"image\":{\"@id\":\"https:\\\/\\\/www.escalade.pro\\\/news\\\/test-lampe-apollo-black-diamond\\\/#primaryimage\"},\"thumbnailUrl\":\"https:\\\/\\\/www.escalade.pro\\\/news\\\/wp-content\\\/uploads\\\/2020\\\/12\\\/P1020759.jpg\",\"datePublished\":\"2020-12-12T10:20:00+00:00\",\"description\":\"Pour le camping, les bivouacs o\u00f9 l\u2019on n\u2019est pas \u00e0 350g pr\u00eat, la lampe Apollo apporte un r\u00e9el confort. Un excellent rapport qualit\u00e9\\\/prix.\",\"breadcrumb\":{\"@id\":\"https:\\\/\\\/www.escalade.pro\\\/news\\\/test-lampe-apollo-black-diamond\\\/#breadcrumb\"},\"inLanguage\":\"fr-FR\",\"potentialAction\":[{\"@type\":\"ReadAction\",\"target\":[\"https:\\\/\\\/www.escalade.pro\\\/news\\\/test-lampe-apollo-black-diamond\\\/\"]}]},{\"@type\":\"ImageObject\",\"inLanguage\":\"fr-FR\",\"@id\":\"https:\\\/\\\/www.escalade.pro\\\/news\\\/test-lampe-apollo-black-diamond\\\/#primaryimage\",\"url\":\"https:\\\/\\\/www.escalade.pro\\\/news\\\/wp-content\\\/uploads\\\/2020\\\/12\\\/P1020759.jpg\",\"contentUrl\":\"https:\\\/\\\/www.escalade.pro\\\/news\\\/wp-content\\\/uploads\\\/2020\\\/12\\\/P1020759.jpg\",\"width\":1200,\"height\":900,\"caption\":\"Test de la lampe de bivouac Apollo Black Diamond, d\u00e9cembre 2020.\"},{\"@type\":\"BreadcrumbList\",\"@id\":\"https:\\\/\\\/www.escalade.pro\\\/news\\\/test-lampe-apollo-black-diamond\\\/#breadcrumb\",\"itemListElement\":[{\"@type\":\"ListItem\",\"position\":1,\"name\":\"Accueil\",\"item\":\"https:\\\/\\\/www.escalade.pro\\\/news\\\/\"},{\"@type\":\"ListItem\",\"position\":2,\"name\":\"Test lampe Apollo Black Diamond\"}]},{\"@type\":\"WebSite\",\"@id\":\"https:\\\/\\\/www.escalade.pro\\\/news\\\/#website\",\"url\":\"https:\\\/\\\/www.escalade.pro\\\/news\\\/\",\"name\":\"L&#039;Arqu\u00e9e Libre - Fred Vionnet entraineur\\\/moniteur escalade\",\"description\":\"Coaching et entrainement escalade. Buoux, C\u00e9\u00fcse et Fontainebleau.\",\"publisher\":{\"@id\":\"https:\\\/\\\/www.escalade.pro\\\/news\\\/#organization\"},\"potentialAction\":[{\"@type\":\"SearchAction\",\"target\":{\"@type\":\"EntryPoint\",\"urlTemplate\":\"https:\\\/\\\/www.escalade.pro\\\/news\\\/?s={search_term_string}\"},\"query-input\":{\"@type\":\"PropertyValueSpecification\",\"valueRequired\":true,\"valueName\":\"search_term_string\"}}],\"inLanguage\":\"fr-FR\"},{\"@type\":\"Organization\",\"@id\":\"https:\\\/\\\/www.escalade.pro\\\/news\\\/#organization\",\"name\":\"L&#039;Arqu\u00e9e Libre - Fred Vionnet entraineur\\\/moniteur escalade\",\"url\":\"https:\\\/\\\/www.escalade.pro\\\/news\\\/\",\"logo\":{\"@type\":\"ImageObject\",\"inLanguage\":\"fr-FR\",\"@id\":\"https:\\\/\\\/www.escalade.pro\\\/news\\\/#\\\/schema\\\/logo\\\/image\\\/\",\"url\":\"https:\\\/\\\/www.escalade.pro\\\/news\\\/wp-content\\\/uploads\\\/2026\\\/04\\\/logo-wp-AL-avril-2026-1.jpg\",\"contentUrl\":\"https:\\\/\\\/www.escalade.pro\\\/news\\\/wp-content\\\/uploads\\\/2026\\\/04\\\/logo-wp-AL-avril-2026-1.jpg\",\"width\":1955,\"height\":902,\"caption\":\"L&#039;Arqu\u00e9e Libre - Fred Vionnet entraineur\\\/moniteur escalade\"},\"image\":{\"@id\":\"https:\\\/\\\/www.escalade.pro\\\/news\\\/#\\\/schema\\\/logo\\\/image\\\/\"},\"sameAs\":[\"https:\\\/\\\/www.facebook.com\\\/grimpisme\\\/\",\"https:\\\/\\\/www.instagram.com\\\/grimpisme\\\/\",\"https:\\\/\\\/www.linkedin.com\\\/in\\\/fred-vionnet-6284b96a\\\/\",\"https:\\\/\\\/fr.pinterest.com\\\/grimpisme\\\/\",\"https:\\\/\\\/www.youtube.com\\\/@grimpisme\"]},{\"@type\":\"Person\",\"@id\":\"https:\\\/\\\/www.escalade.pro\\\/news\\\/#\\\/schema\\\/person\\\/e0e0520aa48cfda56ae5406c2fe2caeb\",\"name\":\"Fred Vionnet\",\"image\":{\"@type\":\"ImageObject\",\"inLanguage\":\"fr-FR\",\"@id\":\"https:\\\/\\\/secure.gravatar.com\\\/avatar\\\/a2f6c5fc695da895033dcd95afaa6aeda795d5122ab3a22a03e24aab7f3d96a6?s=96&d=blank&r=g\",\"url\":\"https:\\\/\\\/secure.gravatar.com\\\/avatar\\\/a2f6c5fc695da895033dcd95afaa6aeda795d5122ab3a22a03e24aab7f3d96a6?s=96&d=blank&r=g\",\"contentUrl\":\"https:\\\/\\\/secure.gravatar.com\\\/avatar\\\/a2f6c5fc695da895033dcd95afaa6aeda795d5122ab3a22a03e24aab7f3d96a6?s=96&d=blank&r=g\",\"caption\":\"Fred Vionnet\"},\"description\":\"Coach escalade en Haute Savoie. Pas contre une grande voie non plus. Mais on va \u00e0 C\u00e9\u00fcse, Fontainebleau, Buoux ou encore les Gorges du Verdon quand vous voulez.\",\"sameAs\":[\"http:\\\/\\\/www.grimpisme.com\",\"https:\\\/\\\/www.facebook.com\\\/fredCaillouXvionnet\",\"https:\\\/\\\/www.linkedin.com\\\/profile\\\/preview?vpa=pub&locale=fr_FR\",\"https:\\\/\\\/fr.pinterest.com\\\/grimpisme\\\/\",\"https:\\\/\\\/www.youtube.com\\\/user\\\/grimpisme\",\"https:\\\/\\\/soundcloud.com\\\/fredvionnet\"],\"url\":\"https:\\\/\\\/www.escalade.pro\\\/news\\\/author\\\/fred\\\/\"}]}<\/script>\n<!-- \/ Yoast SEO plugin. -->","yoast_head_json":{"title":"Test lampe Apollo Black Diamond - Grimpisme, coaching escalade","description":"Pour le camping, les bivouacs o\u00f9 l\u2019on n\u2019est pas \u00e0 350g pr\u00eat, la lampe Apollo apporte un r\u00e9el confort. Un excellent rapport qualit\u00e9\/prix.","robots":{"index":"index","follow":"follow","max-snippet":"max-snippet:-1","max-image-preview":"max-image-preview:large","max-video-preview":"max-video-preview:-1"},"canonical":"https:\/\/www.escalade.pro\/news\/test-lampe-apollo-black-diamond\/","og_locale":"fr_FR","og_type":"article","og_title":"Test lampe Apollo Black Diamond - Grimpisme, coaching escalade","og_description":"Pour le camping, les bivouacs o\u00f9 l\u2019on n\u2019est pas \u00e0 350g pr\u00eat, la lampe Apollo apporte un r\u00e9el confort. Un excellent rapport qualit\u00e9\/prix.","og_url":"https:\/\/www.escalade.pro\/news\/test-lampe-apollo-black-diamond\/","og_site_name":"L&#039;Arqu\u00e9e Libre - Fred Vionnet entraineur\/moniteur escalade","article_publisher":"https:\/\/www.facebook.com\/grimpisme\/","article_author":"https:\/\/www.facebook.com\/fredCaillouXvionnet","article_published_time":"2020-12-12T10:20:00+00:00","og_image":[{"width":1200,"height":900,"url":"https:\/\/www.escalade.pro\/news\/wp-content\/uploads\/2020\/12\/P1020759.jpg","type":"image\/jpeg"}],"author":"Fred Vionnet","twitter_card":"summary_large_image","twitter_misc":{"\u00c9crit par":"Fred Vionnet","Dur\u00e9e de lecture estim\u00e9e":"4 minutes"},"schema":{"@context":"https:\/\/schema.org","@graph":[{"@type":"Article","@id":"https:\/\/www.escalade.pro\/news\/test-lampe-apollo-black-diamond\/#article","isPartOf":{"@id":"https:\/\/www.escalade.pro\/news\/test-lampe-apollo-black-diamond\/"},"author":{"name":"Fred Vionnet","@id":"https:\/\/www.escalade.pro\/news\/#\/schema\/person\/e0e0520aa48cfda56ae5406c2fe2caeb"},"headline":"Test lampe Apollo Black Diamond","datePublished":"2020-12-12T10:20:00+00:00","mainEntityOfPage":{"@id":"https:\/\/www.escalade.pro\/news\/test-lampe-apollo-black-diamond\/"},"wordCount":710,"commentCount":0,"publisher":{"@id":"https:\/\/www.escalade.pro\/news\/#organization"},"image":{"@id":"https:\/\/www.escalade.pro\/news\/test-lampe-apollo-black-diamond\/#primaryimage"},"thumbnailUrl":"https:\/\/www.escalade.pro\/news\/wp-content\/uploads\/2020\/12\/P1020759.jpg","keywords":["black diamond","lampe","test materiel"],"articleSection":["Tests mat\u00e9riel, nouveaut\u00e9s et lectures"],"inLanguage":"fr-FR","potentialAction":[{"@type":"CommentAction","name":"Comment","target":["https:\/\/www.escalade.pro\/news\/test-lampe-apollo-black-diamond\/#respond"]}]},{"@type":"WebPage","@id":"https:\/\/www.escalade.pro\/news\/test-lampe-apollo-black-diamond\/","url":"https:\/\/www.escalade.pro\/news\/test-lampe-apollo-black-diamond\/","name":"Test lampe Apollo Black Diamond - Grimpisme, coaching escalade","isPartOf":{"@id":"https:\/\/www.escalade.pro\/news\/#website"},"primaryImageOfPage":{"@id":"https:\/\/www.escalade.pro\/news\/test-lampe-apollo-black-diamond\/#primaryimage"},"image":{"@id":"https:\/\/www.escalade.pro\/news\/test-lampe-apollo-black-diamond\/#primaryimage"},"thumbnailUrl":"https:\/\/www.escalade.pro\/news\/wp-content\/uploads\/2020\/12\/P1020759.jpg","datePublished":"2020-12-12T10:20:00+00:00","description":"Pour le camping, les bivouacs o\u00f9 l\u2019on n\u2019est pas \u00e0 350g pr\u00eat, la lampe Apollo apporte un r\u00e9el confort. Un excellent rapport qualit\u00e9\/prix.","breadcrumb":{"@id":"https:\/\/www.escalade.pro\/news\/test-lampe-apollo-black-diamond\/#breadcrumb"},"inLanguage":"fr-FR","potentialAction":[{"@type":"ReadAction","target":["https:\/\/www.escalade.pro\/news\/test-lampe-apollo-black-diamond\/"]}]},{"@type":"ImageObject","inLanguage":"fr-FR","@id":"https:\/\/www.escalade.pro\/news\/test-lampe-apollo-black-diamond\/#primaryimage","url":"https:\/\/www.escalade.pro\/news\/wp-content\/uploads\/2020\/12\/P1020759.jpg","contentUrl":"https:\/\/www.escalade.pro\/news\/wp-content\/uploads\/2020\/12\/P1020759.jpg","width":1200,"height":900,"caption":"Test de la lampe de bivouac Apollo Black Diamond, d\u00e9cembre 2020."},{"@type":"BreadcrumbList","@id":"https:\/\/www.escalade.pro\/news\/test-lampe-apollo-black-diamond\/#breadcrumb","itemListElement":[{"@type":"ListItem","position":1,"name":"Accueil","item":"https:\/\/www.escalade.pro\/news\/"},{"@type":"ListItem","position":2,"name":"Test lampe Apollo Black Diamond"}]},{"@type":"WebSite","@id":"https:\/\/www.escalade.pro\/news\/#website","url":"https:\/\/www.escalade.pro\/news\/","name":"L&#039;Arqu\u00e9e Libre - Fred Vionnet entraineur\/moniteur escalade","description":"Coaching et entrainement escalade. Buoux, C\u00e9\u00fcse et Fontainebleau.","publisher":{"@id":"https:\/\/www.escalade.pro\/news\/#organization"},"potentialAction":[{"@type":"SearchAction","target":{"@type":"EntryPoint","urlTemplate":"https:\/\/www.escalade.pro\/news\/?s={search_term_string}"},"query-input":{"@type":"PropertyValueSpecification","valueRequired":true,"valueName":"search_term_string"}}],"inLanguage":"fr-FR"},{"@type":"Organization","@id":"https:\/\/www.escalade.pro\/news\/#organization","name":"L&#039;Arqu\u00e9e Libre - Fred Vionnet entraineur\/moniteur escalade","url":"https:\/\/www.escalade.pro\/news\/","logo":{"@type":"ImageObject","inLanguage":"fr-FR","@id":"https:\/\/www.escalade.pro\/news\/#\/schema\/logo\/image\/","url":"https:\/\/www.escalade.pro\/news\/wp-content\/uploads\/2026\/04\/logo-wp-AL-avril-2026-1.jpg","contentUrl":"https:\/\/www.escalade.pro\/news\/wp-content\/uploads\/2026\/04\/logo-wp-AL-avril-2026-1.jpg","width":1955,"height":902,"caption":"L&#039;Arqu\u00e9e Libre - Fred Vionnet entraineur\/moniteur escalade"},"image":{"@id":"https:\/\/www.escalade.pro\/news\/#\/schema\/logo\/image\/"},"sameAs":["https:\/\/www.facebook.com\/grimpisme\/","https:\/\/www.instagram.com\/grimpisme\/","https:\/\/www.linkedin.com\/in\/fred-vionnet-6284b96a\/","https:\/\/fr.pinterest.com\/grimpisme\/","https:\/\/www.youtube.com\/@grimpisme"]},{"@type":"Person","@id":"https:\/\/www.escalade.pro\/news\/#\/schema\/person\/e0e0520aa48cfda56ae5406c2fe2caeb","name":"Fred Vionnet","image":{"@type":"ImageObject","inLanguage":"fr-FR","@id":"https:\/\/secure.gravatar.com\/avatar\/a2f6c5fc695da895033dcd95afaa6aeda795d5122ab3a22a03e24aab7f3d96a6?s=96&d=blank&r=g","url":"https:\/\/secure.gravatar.com\/avatar\/a2f6c5fc695da895033dcd95afaa6aeda795d5122ab3a22a03e24aab7f3d96a6?s=96&d=blank&r=g","contentUrl":"https:\/\/secure.gravatar.com\/avatar\/a2f6c5fc695da895033dcd95afaa6aeda795d5122ab3a22a03e24aab7f3d96a6?s=96&d=blank&r=g","caption":"Fred Vionnet"},"description":"Coach escalade en Haute Savoie. Pas contre une grande voie non plus. Mais on va \u00e0 C\u00e9\u00fcse, Fontainebleau, Buoux ou encore les Gorges du Verdon quand vous voulez.","sameAs":["http:\/\/www.grimpisme.com","https:\/\/www.facebook.com\/fredCaillouXvionnet","https:\/\/www.linkedin.com\/profile\/preview?vpa=pub&locale=fr_FR","https:\/\/fr.pinterest.com\/grimpisme\/","https:\/\/www.youtube.com\/user\/grimpisme","https:\/\/soundcloud.com\/fredvionnet"],"url":"https:\/\/www.escalade.pro\/news\/author\/fred\/"}]}},"jetpack_publicize_connections":[],"jetpack_featured_media_url":"https:\/\/www.escalade.pro\/news\/wp-content\/uploads\/2020\/12\/P1020759.jpg","jetpack_sharing_enabled":true,"jetpack_shortlink":"https:\/\/wp.me\/p68Rw6-5eW","jetpack-related-posts":[{"id":19308,"url":"https:\/\/www.escalade.pro\/news\/grandes-voies-pointe-dzerat\/","url_meta":{"origin":20146,"position":0},"title":"Grandes voies \u00e0 la Pointe Dz\u00e9rat.. et bivouac","author":"Julien Saouzanet","date":"2 juillet 2020","format":false,"excerpt":"D\u00e9j\u00e0 le deuxi\u00e8me weekend avec les jeunes du groupe grande voie du CAF Haute-Savoie. La m\u00e9t\u00e9o est bonne, les jeunes sont tous dispo, nous partons donc pour 2 journ\u00e9es de formation et un bivouac du cot\u00e9 du col de la Colombi\u00e8re. Un terrain de jeu parfait entre couennes, blocs et\u2026","rel":"","context":"Dans &quot;Escalade&quot;","block_context":{"text":"Escalade","link":"https:\/\/www.escalade.pro\/news\/category\/escalade\/"},"img":{"alt_text":"escalade col colombiere","src":"https:\/\/i0.wp.com\/www.escalade.pro\/news\/wp-content\/uploads\/2020\/07\/P1070083.jpg?resize=350%2C200&ssl=1","width":350,"height":200,"srcset":"https:\/\/i0.wp.com\/www.escalade.pro\/news\/wp-content\/uploads\/2020\/07\/P1070083.jpg?resize=350%2C200&ssl=1 1x, https:\/\/i0.wp.com\/www.escalade.pro\/news\/wp-content\/uploads\/2020\/07\/P1070083.jpg?resize=525%2C300&ssl=1 1.5x, https:\/\/i0.wp.com\/www.escalade.pro\/news\/wp-content\/uploads\/2020\/07\/P1070083.jpg?resize=700%2C400&ssl=1 2x, https:\/\/i0.wp.com\/www.escalade.pro\/news\/wp-content\/uploads\/2020\/07\/P1070083.jpg?resize=1050%2C600&ssl=1 3x"},"classes":[]},{"id":19646,"url":"https:\/\/www.escalade.pro\/news\/val-cogne-punta-tersiva\/","url_meta":{"origin":20146,"position":1},"title":"Trekking en Val de Cogne: Punta Tersiva","author":"Fred Vionnet","date":"9 ao\u00fbt 2020","format":false,"excerpt":"Voici le trekking du 21\u00e8me si\u00e8cle, o\u00f9 l\u2019on peut facilement grimper \u00e0 3500 m\u00e8tres sans mat\u00e9riel d\u2019alpinisme. \u00c9tant partis \u00e0 5h00 du bivouac, nous profitons d\u2019un magnifique lever de soleil sur le Grand Paradis juste avant d\u2019atteindre le col.","rel":"","context":"Dans &quot;Trek et trail&quot;","block_context":{"text":"Trek et trail","link":"https:\/\/www.escalade.pro\/news\/category\/trek-et-trail\/"},"img":{"alt_text":"punta tersiva val cogne aoste","src":"https:\/\/i0.wp.com\/www.escalade.pro\/news\/wp-content\/uploads\/2020\/08\/P1020549.jpg?resize=350%2C200&ssl=1","width":350,"height":200,"srcset":"https:\/\/i0.wp.com\/www.escalade.pro\/news\/wp-content\/uploads\/2020\/08\/P1020549.jpg?resize=350%2C200&ssl=1 1x, https:\/\/i0.wp.com\/www.escalade.pro\/news\/wp-content\/uploads\/2020\/08\/P1020549.jpg?resize=525%2C300&ssl=1 1.5x, https:\/\/i0.wp.com\/www.escalade.pro\/news\/wp-content\/uploads\/2020\/08\/P1020549.jpg?resize=700%2C400&ssl=1 2x, https:\/\/i0.wp.com\/www.escalade.pro\/news\/wp-content\/uploads\/2020\/08\/P1020549.jpg?resize=1050%2C600&ssl=1 3x"},"classes":[]},{"id":11654,"url":"https:\/\/www.escalade.pro\/news\/test-frontale-nao-petzl\/","url_meta":{"origin":20146,"position":2},"title":"Test frontale Nao Petzl","author":"Fred Vionnet","date":"24 janvier 2013","format":false,"excerpt":"C'est le moment de publier le test sur la lampe frontale Nao Petzl. Les tests que j\u2019ai trouv\u00e9s sur le web ont \u00e9t\u00e9 r\u00e9alis\u00e9s par des trailers et il est temps de parler montagne. J'utilise depuis l\u2019\u00e9t\u00e9 dernier la Nao en camping (barbecs et bivouacs au pied des falaise), montagne\u2026","rel":"","context":"Dans &quot;Tests mat\u00e9riel, nouveaut\u00e9s et lectures&quot;","block_context":{"text":"Tests mat\u00e9riel, nouveaut\u00e9s et lectures","link":"https:\/\/www.escalade.pro\/news\/category\/tests-materiel\/"},"img":{"alt_text":"test lampe frontale nao petzl","src":"https:\/\/i0.wp.com\/www.escalade.pro\/blog-v1\/wp-content\/uploads\/2013\/01\/e36_a_nao.jpg?resize=350%2C200","width":350,"height":200},"classes":[]},{"id":19461,"url":"https:\/\/www.escalade.pro\/news\/test-baudrier-ellipse-xt-beal\/","url_meta":{"origin":20146,"position":3},"title":"Test baudrier: ELLIPSE XT Beal","author":"Fred Vionnet","date":"13 juillet 2020","format":false,"excerpt":"Nous l\u2019avons utilis\u00e9 essentiellement en grandes voies raides o\u00f9 les relais sont souvent peu spacieux et o\u00f9 les descentes\/acc\u00e8s n\u00e9cessitent des rappels. Nous avons \u00e9t\u00e9 ravis par son confort et la taille des portes-mat\u00e9riels.","rel":"","context":"Dans &quot;Tests mat\u00e9riel, nouveaut\u00e9s et lectures&quot;","block_context":{"text":"Tests mat\u00e9riel, nouveaut\u00e9s et lectures","link":"https:\/\/www.escalade.pro\/news\/category\/tests-materiel\/"},"img":{"alt_text":"baudrier escalade beal","src":"https:\/\/i0.wp.com\/www.escalade.pro\/news\/wp-content\/uploads\/2020\/07\/harnais-ellipse-xt.png?resize=350%2C200&ssl=1","width":350,"height":200},"classes":[]},{"id":11692,"url":"https:\/\/www.escalade.pro\/news\/test-batons-telescopiques-compactor-blackdiamond\/","url_meta":{"origin":20146,"position":4},"title":"Test b\u00e2tons t\u00e9lescopiques Compactor BD","author":"Fred Vionnet","date":"21 janvier 2014","format":false,"excerpt":"J\u2019utilise les b\u00e2tons t\u00e9lescopiques Compactor Black Diamond depuis le mois d\u2019aout dernier en alpinisme, marches d\u2019approche, ski de randonn\u00e9e et ski alpin (donc en station). C\u2019est un produit que je propose \u00e0 la vente sur le magasin en ligne au tarif de 99.50 euros. Voici mes impressions. LES MOINS :\u2026","rel":"","context":"Dans &quot;Tests mat\u00e9riel, nouveaut\u00e9s et lectures&quot;","block_context":{"text":"Tests mat\u00e9riel, nouveaut\u00e9s et lectures","link":"https:\/\/www.escalade.pro\/news\/category\/tests-materiel\/"},"img":{"alt_text":"test batons telescopique montagne compactor black diamond","src":"https:\/\/i0.wp.com\/www.escalade.pro\/blog-v1\/wp-content\/uploads\/2014\/01\/Capture.JPG?resize=350%2C200","width":350,"height":200},"classes":[]},{"id":18014,"url":"https:\/\/www.escalade.pro\/news\/test-smartphone-trekker-crosscall\/","url_meta":{"origin":20146,"position":5},"title":"Test smartphone Trekker-M1 Core Crosscall","author":"Fred Vionnet","date":"17 juin 2019","format":false,"excerpt":"Un rapport qualit\u00e9 prix presque correct, malgr\u00e9 un appareil photo tr\u00e8s mauvais et une batterie bien fatigu\u00e9e apr\u00e8s seulement un an et demi d'utilisation. Vu sa solidit\u00e9 on peut le consid\u00e9rer comme un smartphone destin\u00e9 \u00e0 une utilisation outdoor, sans trop lui en demander.","rel":"","context":"Dans &quot;Tests mat\u00e9riel, nouveaut\u00e9s et lectures&quot;","block_context":{"text":"Tests mat\u00e9riel, nouveaut\u00e9s et lectures","link":"https:\/\/www.escalade.pro\/news\/category\/tests-materiel\/"},"img":{"alt_text":"test smartphone crosscall","src":"https:\/\/i0.wp.com\/www.escalade.pro\/news\/wp-content\/uploads\/2019\/06\/crosscall.jpg?resize=350%2C200&ssl=1","width":350,"height":200,"srcset":"https:\/\/i0.wp.com\/www.escalade.pro\/news\/wp-content\/uploads\/2019\/06\/crosscall.jpg?resize=350%2C200&ssl=1 1x, https:\/\/i0.wp.com\/www.escalade.pro\/news\/wp-content\/uploads\/2019\/06\/crosscall.jpg?resize=525%2C300&ssl=1 1.5x"},"classes":[]}],"_links":{"self":[{"href":"https:\/\/www.escalade.pro\/news\/wp-json\/wp\/v2\/posts\/20146","targetHints":{"allow":["GET"]}}],"collection":[{"href":"https:\/\/www.escalade.pro\/news\/wp-json\/wp\/v2\/posts"}],"about":[{"href":"https:\/\/www.escalade.pro\/news\/wp-json\/wp\/v2\/types\/post"}],"author":[{"embeddable":true,"href":"https:\/\/www.escalade.pro\/news\/wp-json\/wp\/v2\/users\/1"}],"replies":[{"embeddable":true,"href":"https:\/\/www.escalade.pro\/news\/wp-json\/wp\/v2\/comments?post=20146"}],"version-history":[{"count":29,"href":"https:\/\/www.escalade.pro\/news\/wp-json\/wp\/v2\/posts\/20146\/revisions"}],"predecessor-version":[{"id":20183,"href":"https:\/\/www.escalade.pro\/news\/wp-json\/wp\/v2\/posts\/20146\/revisions\/20183"}],"wp:featuredmedia":[{"embeddable":true,"href":"https:\/\/www.escalade.pro\/news\/wp-json\/wp\/v2\/media\/20173"}],"wp:attachment":[{"href":"https:\/\/www.escalade.pro\/news\/wp-json\/wp\/v2\/media?parent=20146"}],"wp:term":[{"taxonomy":"category","embeddable":true,"href":"https:\/\/www.escalade.pro\/news\/wp-json\/wp\/v2\/categories?post=20146"},{"taxonomy":"post_tag","embeddable":true,"href":"https:\/\/www.escalade.pro\/news\/wp-json\/wp\/v2\/tags?post=20146"}],"curies":[{"name":"wp","href":"https:\/\/api.w.org\/{rel}","templated":true}]}}