{"id":19431,"date":"2020-07-08T10:44:53","date_gmt":"2020-07-08T08:44:53","guid":{"rendered":"https:\/\/www.escalade.pro\/news\/?p=19431"},"modified":"2020-10-04T19:02:28","modified_gmt":"2020-10-04T17:02:28","slug":"couloir-mort-mont-blanc","status":"publish","type":"post","link":"https:\/\/www.escalade.pro\/news\/couloir-mort-mont-blanc\/","title":{"rendered":"Am\u00e9nager le \u00ab\u00a0couloir de la mort\u00a0\u00bb au Mont Blanc?"},"content":{"rendered":"<p><iframe loading=\"lazy\" width=\"560\" height=\"315\" src=\"https:\/\/www.youtube.com\/embed\/yuCqZm0zvsw\" frameborder=\"0\" allow=\"accelerometer; autoplay; encrypted-media; gyroscope; picture-in-picture\" allowfullscreen><\/iframe><\/p>\n<p>La chaleur arrive alors que la saison d&rsquo;alpinisme estival va tr\u00e8s bient\u00f4t battre son plein avec les vacances qui d\u00e9butent (m\u00eame si la crise du COVID va probablement mod\u00e9rer cette saison 2020). <strong>Cette vid\u00e9o de la Fondation Petzl, consacr\u00e9e au chutes de pierres du \u00ab\u00a0couloir de la mort\u00a0\u00bb au Mont Blanc, m&rsquo;inqui\u00e8te. Elle me choque m\u00eame par son ton et sa tournure.<\/strong><\/p>\n<p><u>\u00ab\u00a0Sur le plan \u00e9thique c&rsquo;est quelque chose d&rsquo;inacceptable\u00a0\u00bb: <\/u><br \/>\nPourquoi pas, mais de quel plan \u00e9thique parle-t-on?<br \/>\n<u>\u00ab\u00a0Un des sommets les plus meurtriers du monde\u00a0\u00bb: <\/u><br \/>\nLes montagnes tuent des gens ou des gens vont se tuer en tentant de les gravir? Une phrase emprunt\u00e9e \u00e0 Paris Match?<br \/>\n<u><strong>\u00ab\u00a0Nous ne sommes pas all\u00e9 assez loin dans la recherche de solutions. Une r\u00e9flexion collective, sans tabous, permettrait de concevoir des am\u00e9nagements minimalistes pour r\u00e9duire le risque dans le couloir et sur l&rsquo;ar\u00eate du Gouter\u00a0\u00bb: <\/strong><\/u><br \/>\nVoil\u00e0 nous y sommes, on parle bien de politique et d&rsquo;argent avec les \u00e9l\u00e9ments de langage qui vont bien&#8230; avec une marque qui veut se mettre en avant. Ils feraient mieux de faire des masques comme Salomon.<\/p>\n<p><strong>Si je comprends bien, nous bousillons le climat en sachant les drames que cela va engendrer \u00e0 moyen et court terme. En raison de ce changement climatique, la saison propice \u00e0 l&rsquo;ascension du Mont Blanc par sa voie normale devient tr\u00e8s courte et al\u00e9atoire. La solution serait donc d&rsquo;am\u00e9nager le couloir? Sans tabous, nous pourrions parler \u00e9galement de fermer le refuge, de barricader l&rsquo;attaque du couloir, etc. Les <a href=\"https:\/\/www.youtube.com\/watch?v=RQsWl3iqFpI\" rel=\"noopener noreferrer\" target=\"_blank\">cons\u00e9quences \u00e9conomiques et sociales<\/a> sont ind\u00e9niables mais on ne fait que reculer l&rsquo;\u00e9ch\u00e9ance. Nous pourrions parler \u00e9galement, sans tabous, de sortir d&rsquo;un tourisme de masse d&rsquo;une fin de XX\u00e8me si\u00e8cle. Un mod\u00e8le inadapt\u00e9 au nouveau contexte dans lequel la protection de l&rsquo;environnement devrait avoir une place centrale.<\/strong><\/p>\n<p>En am\u00e9nageant le couloir, on va passer de 20.000 \u00e0 combien de pr\u00e9tendants? Que vont-ils faire sur l&rsquo;Ar\u00eate des Bosses en glace? Quelle sera l&rsquo;\u00e9tape suivante, une main courante? <strong>Aucune solution n&rsquo;est \u00e9vidente ni indolore, mais peut \u00eatre devrions-nous penser diff\u00e9remment pour la suite?<\/strong> Finalement, en r\u00e9fl\u00e9chissant de la sorte, c&rsquo;est peut \u00eatre pas si mal que les gens s&rsquo;entassent dans les salles d&rsquo;escalade en ville.<\/p>\n","protected":false},"excerpt":{"rendered":"<p>Cette vid\u00e9o de la Fondation Petzl, consacr\u00e9e au chutes de pierres du \u00ab\u00a0couloir de la mort\u00a0\u00bb au Mont Blanc, m&rsquo;inqui\u00e8te. Elle me choque m\u00eame par son ton et sa tournure.<\/p>\n","protected":false},"author":1,"featured_media":19441,"comment_status":"open","ping_status":"open","sticky":false,"template":"","format":"standard","meta":{"colormag_page_container_layout":"default_layout","colormag_page_sidebar_layout":"default_layout","_monsterinsights_skip_tracking":false,"_monsterinsights_sitenote_active":false,"_monsterinsights_sitenote_note":"","_monsterinsights_sitenote_category":0,"ngg_post_thumbnail":0,"jetpack_post_was_ever_published":false,"_jetpack_newsletter_access":"","_jetpack_dont_email_post_to_subs":false,"_jetpack_newsletter_tier_id":0,"_jetpack_memberships_contains_paywalled_content":false,"_jetpack_memberships_contains_paid_content":false,"footnotes":"","jetpack_publicize_message":"","jetpack_publicize_feature_enabled":true,"jetpack_social_post_already_shared":true,"jetpack_social_options":{"image_generator_settings":{"template":"highway","default_image_id":0,"font":"","enabled":false},"version":2}},"categories":[5,9,10,7],"tags":[50,169,88,168,167,51,29],"class_list":["post-19431","post","type-post","status-publish","format-standard","has-post-thumbnail","hentry","category-alpinisme","category-coup-de-gueule","category-environnement","category-videos","tag-alpinisme","tag-amenagement-montagne","tag-chamonix","tag-danger","tag-mont-blanc","tag-montagne","tag-video"],"yoast_head":"<!-- This site is optimized with the Yoast SEO plugin v27.5 - https:\/\/yoast.com\/product\/yoast-seo-wordpress\/ -->\n<title>Am\u00e9nager le &quot;couloir de la mort&quot; au Mont Blanc? - Grimpisme, escalade<\/title>\n<meta name=\"description\" content=\"Cette vid\u00e9o de la Fondation Petzl, consacr\u00e9e au chutes de pierres du &quot;couloir de la mort&quot; au Mont Blanc, m&#039;inqui\u00e8te. Elle me choque m\u00eame.\" \/>\n<meta name=\"robots\" content=\"index, follow, max-snippet:-1, max-image-preview:large, max-video-preview:-1\" \/>\n<link rel=\"canonical\" href=\"https:\/\/www.escalade.pro\/news\/couloir-mort-mont-blanc\/\" \/>\n<meta property=\"og:locale\" content=\"fr_FR\" \/>\n<meta property=\"og:type\" content=\"article\" \/>\n<meta property=\"og:title\" content=\"Am\u00e9nager le &quot;couloir de la mort&quot; au Mont Blanc? - Grimpisme, escalade\" \/>\n<meta property=\"og:description\" content=\"Cette vid\u00e9o de la Fondation Petzl, consacr\u00e9e au chutes de pierres du &quot;couloir de la mort&quot; au Mont Blanc, m&#039;inqui\u00e8te. Elle me choque m\u00eame.\" \/>\n<meta property=\"og:url\" content=\"https:\/\/www.escalade.pro\/news\/couloir-mort-mont-blanc\/\" \/>\n<meta property=\"og:site_name\" content=\"L&#039;Arqu\u00e9e Libre - Fred Vionnet entraineur\/moniteur escalade\" \/>\n<meta property=\"article:publisher\" content=\"https:\/\/www.facebook.com\/grimpisme\/\" \/>\n<meta property=\"article:author\" content=\"https:\/\/www.facebook.com\/fredCaillouXvionnet\" \/>\n<meta property=\"article:published_time\" content=\"2020-07-08T08:44:53+00:00\" \/>\n<meta property=\"article:modified_time\" content=\"2020-10-04T17:02:28+00:00\" \/>\n<meta property=\"og:image\" content=\"https:\/\/www.escalade.pro\/news\/wp-content\/uploads\/2020\/07\/Capture-d\u2019e\u0301cran-2020-07-08-a\u0300-10.07.43.png\" \/>\n\t<meta property=\"og:image:width\" content=\"635\" \/>\n\t<meta property=\"og:image:height\" content=\"344\" \/>\n\t<meta property=\"og:image:type\" content=\"image\/png\" \/>\n<meta name=\"author\" content=\"Fred Vionnet\" \/>\n<meta name=\"twitter:card\" content=\"summary_large_image\" \/>\n<meta name=\"twitter:label1\" content=\"\u00c9crit par\" \/>\n\t<meta name=\"twitter:data1\" content=\"Fred Vionnet\" \/>\n\t<meta name=\"twitter:label2\" content=\"Dur\u00e9e de lecture estim\u00e9e\" \/>\n\t<meta name=\"twitter:data2\" content=\"2 minutes\" \/>\n<script type=\"application\/ld+json\" class=\"yoast-schema-graph\">{\"@context\":\"https:\\\/\\\/schema.org\",\"@graph\":[{\"@type\":\"Article\",\"@id\":\"https:\\\/\\\/www.escalade.pro\\\/news\\\/couloir-mort-mont-blanc\\\/#article\",\"isPartOf\":{\"@id\":\"https:\\\/\\\/www.escalade.pro\\\/news\\\/couloir-mort-mont-blanc\\\/\"},\"author\":{\"name\":\"Fred Vionnet\",\"@id\":\"https:\\\/\\\/www.escalade.pro\\\/news\\\/#\\\/schema\\\/person\\\/e0e0520aa48cfda56ae5406c2fe2caeb\"},\"headline\":\"Am\u00e9nager le \u00ab\u00a0couloir de la mort\u00a0\u00bb au Mont Blanc?\",\"datePublished\":\"2020-07-08T08:44:53+00:00\",\"dateModified\":\"2020-10-04T17:02:28+00:00\",\"mainEntityOfPage\":{\"@id\":\"https:\\\/\\\/www.escalade.pro\\\/news\\\/couloir-mort-mont-blanc\\\/\"},\"wordCount\":397,\"commentCount\":0,\"publisher\":{\"@id\":\"https:\\\/\\\/www.escalade.pro\\\/news\\\/#organization\"},\"image\":{\"@id\":\"https:\\\/\\\/www.escalade.pro\\\/news\\\/couloir-mort-mont-blanc\\\/#primaryimage\"},\"thumbnailUrl\":\"https:\\\/\\\/www.escalade.pro\\\/news\\\/wp-content\\\/uploads\\\/2020\\\/07\\\/Capture-d\u2019e\u0301cran-2020-07-08-a\u0300-10.07.43.png\",\"keywords\":[\"alpinisme\",\"am\u00e9nagement montagne\",\"Chamonix\",\"danger\",\"mont blanc\",\"montagne\",\"video\"],\"articleSection\":[\"Alpinisme\",\"Coups de gueule\",\"Environnement\",\"Vid\u00e9os\"],\"inLanguage\":\"fr-FR\",\"potentialAction\":[{\"@type\":\"CommentAction\",\"name\":\"Comment\",\"target\":[\"https:\\\/\\\/www.escalade.pro\\\/news\\\/couloir-mort-mont-blanc\\\/#respond\"]}]},{\"@type\":\"WebPage\",\"@id\":\"https:\\\/\\\/www.escalade.pro\\\/news\\\/couloir-mort-mont-blanc\\\/\",\"url\":\"https:\\\/\\\/www.escalade.pro\\\/news\\\/couloir-mort-mont-blanc\\\/\",\"name\":\"Am\u00e9nager le \\\"couloir de la mort\\\" au Mont Blanc? - Grimpisme, escalade\",\"isPartOf\":{\"@id\":\"https:\\\/\\\/www.escalade.pro\\\/news\\\/#website\"},\"primaryImageOfPage\":{\"@id\":\"https:\\\/\\\/www.escalade.pro\\\/news\\\/couloir-mort-mont-blanc\\\/#primaryimage\"},\"image\":{\"@id\":\"https:\\\/\\\/www.escalade.pro\\\/news\\\/couloir-mort-mont-blanc\\\/#primaryimage\"},\"thumbnailUrl\":\"https:\\\/\\\/www.escalade.pro\\\/news\\\/wp-content\\\/uploads\\\/2020\\\/07\\\/Capture-d\u2019e\u0301cran-2020-07-08-a\u0300-10.07.43.png\",\"datePublished\":\"2020-07-08T08:44:53+00:00\",\"dateModified\":\"2020-10-04T17:02:28+00:00\",\"description\":\"Cette vid\u00e9o de la Fondation Petzl, consacr\u00e9e au chutes de pierres du \\\"couloir de la mort\\\" au Mont Blanc, m'inqui\u00e8te. Elle me choque m\u00eame.\",\"breadcrumb\":{\"@id\":\"https:\\\/\\\/www.escalade.pro\\\/news\\\/couloir-mort-mont-blanc\\\/#breadcrumb\"},\"inLanguage\":\"fr-FR\",\"potentialAction\":[{\"@type\":\"ReadAction\",\"target\":[\"https:\\\/\\\/www.escalade.pro\\\/news\\\/couloir-mort-mont-blanc\\\/\"]}]},{\"@type\":\"ImageObject\",\"inLanguage\":\"fr-FR\",\"@id\":\"https:\\\/\\\/www.escalade.pro\\\/news\\\/couloir-mort-mont-blanc\\\/#primaryimage\",\"url\":\"https:\\\/\\\/www.escalade.pro\\\/news\\\/wp-content\\\/uploads\\\/2020\\\/07\\\/Capture-d\u2019e\u0301cran-2020-07-08-a\u0300-10.07.43.png\",\"contentUrl\":\"https:\\\/\\\/www.escalade.pro\\\/news\\\/wp-content\\\/uploads\\\/2020\\\/07\\\/Capture-d\u2019e\u0301cran-2020-07-08-a\u0300-10.07.43.png\",\"width\":635,\"height\":344,\"caption\":\"couloir mort mont blanc\"},{\"@type\":\"BreadcrumbList\",\"@id\":\"https:\\\/\\\/www.escalade.pro\\\/news\\\/couloir-mort-mont-blanc\\\/#breadcrumb\",\"itemListElement\":[{\"@type\":\"ListItem\",\"position\":1,\"name\":\"Accueil\",\"item\":\"https:\\\/\\\/www.escalade.pro\\\/news\\\/\"},{\"@type\":\"ListItem\",\"position\":2,\"name\":\"Am\u00e9nager le \u00ab\u00a0couloir de la mort\u00a0\u00bb au Mont Blanc?\"}]},{\"@type\":\"WebSite\",\"@id\":\"https:\\\/\\\/www.escalade.pro\\\/news\\\/#website\",\"url\":\"https:\\\/\\\/www.escalade.pro\\\/news\\\/\",\"name\":\"L&#039;Arqu\u00e9e Libre - Fred Vionnet entraineur\\\/moniteur escalade\",\"description\":\"Coaching et entrainement escalade. Buoux, C\u00e9\u00fcse et Fontainebleau.\",\"publisher\":{\"@id\":\"https:\\\/\\\/www.escalade.pro\\\/news\\\/#organization\"},\"potentialAction\":[{\"@type\":\"SearchAction\",\"target\":{\"@type\":\"EntryPoint\",\"urlTemplate\":\"https:\\\/\\\/www.escalade.pro\\\/news\\\/?s={search_term_string}\"},\"query-input\":{\"@type\":\"PropertyValueSpecification\",\"valueRequired\":true,\"valueName\":\"search_term_string\"}}],\"inLanguage\":\"fr-FR\"},{\"@type\":\"Organization\",\"@id\":\"https:\\\/\\\/www.escalade.pro\\\/news\\\/#organization\",\"name\":\"L&#039;Arqu\u00e9e Libre - Fred Vionnet entraineur\\\/moniteur escalade\",\"url\":\"https:\\\/\\\/www.escalade.pro\\\/news\\\/\",\"logo\":{\"@type\":\"ImageObject\",\"inLanguage\":\"fr-FR\",\"@id\":\"https:\\\/\\\/www.escalade.pro\\\/news\\\/#\\\/schema\\\/logo\\\/image\\\/\",\"url\":\"https:\\\/\\\/www.escalade.pro\\\/news\\\/wp-content\\\/uploads\\\/2026\\\/04\\\/logo-wp-AL-avril-2026-1.jpg\",\"contentUrl\":\"https:\\\/\\\/www.escalade.pro\\\/news\\\/wp-content\\\/uploads\\\/2026\\\/04\\\/logo-wp-AL-avril-2026-1.jpg\",\"width\":1955,\"height\":902,\"caption\":\"L&#039;Arqu\u00e9e Libre - Fred Vionnet entraineur\\\/moniteur escalade\"},\"image\":{\"@id\":\"https:\\\/\\\/www.escalade.pro\\\/news\\\/#\\\/schema\\\/logo\\\/image\\\/\"},\"sameAs\":[\"https:\\\/\\\/www.facebook.com\\\/grimpisme\\\/\",\"https:\\\/\\\/www.instagram.com\\\/grimpisme\\\/\",\"https:\\\/\\\/www.linkedin.com\\\/in\\\/fred-vionnet-6284b96a\\\/\",\"https:\\\/\\\/fr.pinterest.com\\\/grimpisme\\\/\",\"https:\\\/\\\/www.youtube.com\\\/@grimpisme\"]},{\"@type\":\"Person\",\"@id\":\"https:\\\/\\\/www.escalade.pro\\\/news\\\/#\\\/schema\\\/person\\\/e0e0520aa48cfda56ae5406c2fe2caeb\",\"name\":\"Fred Vionnet\",\"image\":{\"@type\":\"ImageObject\",\"inLanguage\":\"fr-FR\",\"@id\":\"https:\\\/\\\/secure.gravatar.com\\\/avatar\\\/a2f6c5fc695da895033dcd95afaa6aeda795d5122ab3a22a03e24aab7f3d96a6?s=96&d=blank&r=g\",\"url\":\"https:\\\/\\\/secure.gravatar.com\\\/avatar\\\/a2f6c5fc695da895033dcd95afaa6aeda795d5122ab3a22a03e24aab7f3d96a6?s=96&d=blank&r=g\",\"contentUrl\":\"https:\\\/\\\/secure.gravatar.com\\\/avatar\\\/a2f6c5fc695da895033dcd95afaa6aeda795d5122ab3a22a03e24aab7f3d96a6?s=96&d=blank&r=g\",\"caption\":\"Fred Vionnet\"},\"description\":\"Coach escalade en Haute Savoie. Pas contre une grande voie non plus. Mais on va \u00e0 C\u00e9\u00fcse, Fontainebleau, Buoux ou encore les Gorges du Verdon quand vous voulez.\",\"sameAs\":[\"http:\\\/\\\/www.grimpisme.com\",\"https:\\\/\\\/www.facebook.com\\\/fredCaillouXvionnet\",\"https:\\\/\\\/www.linkedin.com\\\/profile\\\/preview?vpa=pub&locale=fr_FR\",\"https:\\\/\\\/fr.pinterest.com\\\/grimpisme\\\/\",\"https:\\\/\\\/www.youtube.com\\\/user\\\/grimpisme\",\"https:\\\/\\\/soundcloud.com\\\/fredvionnet\"],\"url\":\"https:\\\/\\\/www.escalade.pro\\\/news\\\/author\\\/fred\\\/\"}]}<\/script>\n<!-- \/ Yoast SEO plugin. -->","yoast_head_json":{"title":"Am\u00e9nager le \"couloir de la mort\" au Mont Blanc? - Grimpisme, escalade","description":"Cette vid\u00e9o de la Fondation Petzl, consacr\u00e9e au chutes de pierres du \"couloir de la mort\" au Mont Blanc, m'inqui\u00e8te. Elle me choque m\u00eame.","robots":{"index":"index","follow":"follow","max-snippet":"max-snippet:-1","max-image-preview":"max-image-preview:large","max-video-preview":"max-video-preview:-1"},"canonical":"https:\/\/www.escalade.pro\/news\/couloir-mort-mont-blanc\/","og_locale":"fr_FR","og_type":"article","og_title":"Am\u00e9nager le \"couloir de la mort\" au Mont Blanc? - Grimpisme, escalade","og_description":"Cette vid\u00e9o de la Fondation Petzl, consacr\u00e9e au chutes de pierres du \"couloir de la mort\" au Mont Blanc, m'inqui\u00e8te. Elle me choque m\u00eame.","og_url":"https:\/\/www.escalade.pro\/news\/couloir-mort-mont-blanc\/","og_site_name":"L&#039;Arqu\u00e9e Libre - Fred Vionnet entraineur\/moniteur escalade","article_publisher":"https:\/\/www.facebook.com\/grimpisme\/","article_author":"https:\/\/www.facebook.com\/fredCaillouXvionnet","article_published_time":"2020-07-08T08:44:53+00:00","article_modified_time":"2020-10-04T17:02:28+00:00","og_image":[{"width":635,"height":344,"url":"https:\/\/www.escalade.pro\/news\/wp-content\/uploads\/2020\/07\/Capture-d\u2019e\u0301cran-2020-07-08-a\u0300-10.07.43.png","type":"image\/png"}],"author":"Fred Vionnet","twitter_card":"summary_large_image","twitter_misc":{"\u00c9crit par":"Fred Vionnet","Dur\u00e9e de lecture estim\u00e9e":"2 minutes"},"schema":{"@context":"https:\/\/schema.org","@graph":[{"@type":"Article","@id":"https:\/\/www.escalade.pro\/news\/couloir-mort-mont-blanc\/#article","isPartOf":{"@id":"https:\/\/www.escalade.pro\/news\/couloir-mort-mont-blanc\/"},"author":{"name":"Fred Vionnet","@id":"https:\/\/www.escalade.pro\/news\/#\/schema\/person\/e0e0520aa48cfda56ae5406c2fe2caeb"},"headline":"Am\u00e9nager le \u00ab\u00a0couloir de la mort\u00a0\u00bb au Mont Blanc?","datePublished":"2020-07-08T08:44:53+00:00","dateModified":"2020-10-04T17:02:28+00:00","mainEntityOfPage":{"@id":"https:\/\/www.escalade.pro\/news\/couloir-mort-mont-blanc\/"},"wordCount":397,"commentCount":0,"publisher":{"@id":"https:\/\/www.escalade.pro\/news\/#organization"},"image":{"@id":"https:\/\/www.escalade.pro\/news\/couloir-mort-mont-blanc\/#primaryimage"},"thumbnailUrl":"https:\/\/www.escalade.pro\/news\/wp-content\/uploads\/2020\/07\/Capture-d\u2019e\u0301cran-2020-07-08-a\u0300-10.07.43.png","keywords":["alpinisme","am\u00e9nagement montagne","Chamonix","danger","mont blanc","montagne","video"],"articleSection":["Alpinisme","Coups de gueule","Environnement","Vid\u00e9os"],"inLanguage":"fr-FR","potentialAction":[{"@type":"CommentAction","name":"Comment","target":["https:\/\/www.escalade.pro\/news\/couloir-mort-mont-blanc\/#respond"]}]},{"@type":"WebPage","@id":"https:\/\/www.escalade.pro\/news\/couloir-mort-mont-blanc\/","url":"https:\/\/www.escalade.pro\/news\/couloir-mort-mont-blanc\/","name":"Am\u00e9nager le \"couloir de la mort\" au Mont Blanc? - Grimpisme, escalade","isPartOf":{"@id":"https:\/\/www.escalade.pro\/news\/#website"},"primaryImageOfPage":{"@id":"https:\/\/www.escalade.pro\/news\/couloir-mort-mont-blanc\/#primaryimage"},"image":{"@id":"https:\/\/www.escalade.pro\/news\/couloir-mort-mont-blanc\/#primaryimage"},"thumbnailUrl":"https:\/\/www.escalade.pro\/news\/wp-content\/uploads\/2020\/07\/Capture-d\u2019e\u0301cran-2020-07-08-a\u0300-10.07.43.png","datePublished":"2020-07-08T08:44:53+00:00","dateModified":"2020-10-04T17:02:28+00:00","description":"Cette vid\u00e9o de la Fondation Petzl, consacr\u00e9e au chutes de pierres du \"couloir de la mort\" au Mont Blanc, m'inqui\u00e8te. Elle me choque m\u00eame.","breadcrumb":{"@id":"https:\/\/www.escalade.pro\/news\/couloir-mort-mont-blanc\/#breadcrumb"},"inLanguage":"fr-FR","potentialAction":[{"@type":"ReadAction","target":["https:\/\/www.escalade.pro\/news\/couloir-mort-mont-blanc\/"]}]},{"@type":"ImageObject","inLanguage":"fr-FR","@id":"https:\/\/www.escalade.pro\/news\/couloir-mort-mont-blanc\/#primaryimage","url":"https:\/\/www.escalade.pro\/news\/wp-content\/uploads\/2020\/07\/Capture-d\u2019e\u0301cran-2020-07-08-a\u0300-10.07.43.png","contentUrl":"https:\/\/www.escalade.pro\/news\/wp-content\/uploads\/2020\/07\/Capture-d\u2019e\u0301cran-2020-07-08-a\u0300-10.07.43.png","width":635,"height":344,"caption":"couloir mort mont blanc"},{"@type":"BreadcrumbList","@id":"https:\/\/www.escalade.pro\/news\/couloir-mort-mont-blanc\/#breadcrumb","itemListElement":[{"@type":"ListItem","position":1,"name":"Accueil","item":"https:\/\/www.escalade.pro\/news\/"},{"@type":"ListItem","position":2,"name":"Am\u00e9nager le \u00ab\u00a0couloir de la mort\u00a0\u00bb au Mont Blanc?"}]},{"@type":"WebSite","@id":"https:\/\/www.escalade.pro\/news\/#website","url":"https:\/\/www.escalade.pro\/news\/","name":"L&#039;Arqu\u00e9e Libre - Fred Vionnet entraineur\/moniteur escalade","description":"Coaching et entrainement escalade. Buoux, C\u00e9\u00fcse et Fontainebleau.","publisher":{"@id":"https:\/\/www.escalade.pro\/news\/#organization"},"potentialAction":[{"@type":"SearchAction","target":{"@type":"EntryPoint","urlTemplate":"https:\/\/www.escalade.pro\/news\/?s={search_term_string}"},"query-input":{"@type":"PropertyValueSpecification","valueRequired":true,"valueName":"search_term_string"}}],"inLanguage":"fr-FR"},{"@type":"Organization","@id":"https:\/\/www.escalade.pro\/news\/#organization","name":"L&#039;Arqu\u00e9e Libre - Fred Vionnet entraineur\/moniteur escalade","url":"https:\/\/www.escalade.pro\/news\/","logo":{"@type":"ImageObject","inLanguage":"fr-FR","@id":"https:\/\/www.escalade.pro\/news\/#\/schema\/logo\/image\/","url":"https:\/\/www.escalade.pro\/news\/wp-content\/uploads\/2026\/04\/logo-wp-AL-avril-2026-1.jpg","contentUrl":"https:\/\/www.escalade.pro\/news\/wp-content\/uploads\/2026\/04\/logo-wp-AL-avril-2026-1.jpg","width":1955,"height":902,"caption":"L&#039;Arqu\u00e9e Libre - Fred Vionnet entraineur\/moniteur escalade"},"image":{"@id":"https:\/\/www.escalade.pro\/news\/#\/schema\/logo\/image\/"},"sameAs":["https:\/\/www.facebook.com\/grimpisme\/","https:\/\/www.instagram.com\/grimpisme\/","https:\/\/www.linkedin.com\/in\/fred-vionnet-6284b96a\/","https:\/\/fr.pinterest.com\/grimpisme\/","https:\/\/www.youtube.com\/@grimpisme"]},{"@type":"Person","@id":"https:\/\/www.escalade.pro\/news\/#\/schema\/person\/e0e0520aa48cfda56ae5406c2fe2caeb","name":"Fred Vionnet","image":{"@type":"ImageObject","inLanguage":"fr-FR","@id":"https:\/\/secure.gravatar.com\/avatar\/a2f6c5fc695da895033dcd95afaa6aeda795d5122ab3a22a03e24aab7f3d96a6?s=96&d=blank&r=g","url":"https:\/\/secure.gravatar.com\/avatar\/a2f6c5fc695da895033dcd95afaa6aeda795d5122ab3a22a03e24aab7f3d96a6?s=96&d=blank&r=g","contentUrl":"https:\/\/secure.gravatar.com\/avatar\/a2f6c5fc695da895033dcd95afaa6aeda795d5122ab3a22a03e24aab7f3d96a6?s=96&d=blank&r=g","caption":"Fred Vionnet"},"description":"Coach escalade en Haute Savoie. Pas contre une grande voie non plus. Mais on va \u00e0 C\u00e9\u00fcse, Fontainebleau, Buoux ou encore les Gorges du Verdon quand vous voulez.","sameAs":["http:\/\/www.grimpisme.com","https:\/\/www.facebook.com\/fredCaillouXvionnet","https:\/\/www.linkedin.com\/profile\/preview?vpa=pub&locale=fr_FR","https:\/\/fr.pinterest.com\/grimpisme\/","https:\/\/www.youtube.com\/user\/grimpisme","https:\/\/soundcloud.com\/fredvionnet"],"url":"https:\/\/www.escalade.pro\/news\/author\/fred\/"}]}},"jetpack_publicize_connections":[],"jetpack_featured_media_url":"https:\/\/www.escalade.pro\/news\/wp-content\/uploads\/2020\/07\/Capture-d\u2019e\u0301cran-2020-07-08-a\u0300-10.07.43.png","jetpack_sharing_enabled":true,"jetpack_shortlink":"https:\/\/wp.me\/p68Rw6-53p","jetpack-related-posts":[{"id":16562,"url":"https:\/\/www.escalade.pro\/news\/traversee-nonne\/","url_meta":{"origin":19431,"position":0},"title":"Travers\u00e9e de la Nonne, alpinisme massif du Mont Blanc","author":"Fred Vionnet","date":"5 ao\u00fbt 2018","format":false,"excerpt":"Je vous conseille cette course, le granit est magnifique, que ce soit pour monter \u00e0 la Nonne ou pour ensuite traverser le mythique rasoir: une ar\u00eate en 3b, compacte et a\u00e9rienne, un moment de grimpisme rare et jouissif avec le bassin de de Tal\u00e8fre en toile de fond.","rel":"","context":"Dans &quot;Alpinisme&quot;","block_context":{"text":"Alpinisme","link":"https:\/\/www.escalade.pro\/news\/category\/alpinisme\/"},"img":{"alt_text":"traversee nonne mont blanc","src":"https:\/\/i0.wp.com\/www.escalade.pro\/news\/wp-content\/uploads\/2018\/08\/P1120375.jpg?resize=350%2C200&ssl=1","width":350,"height":200,"srcset":"https:\/\/i0.wp.com\/www.escalade.pro\/news\/wp-content\/uploads\/2018\/08\/P1120375.jpg?resize=350%2C200&ssl=1 1x, https:\/\/i0.wp.com\/www.escalade.pro\/news\/wp-content\/uploads\/2018\/08\/P1120375.jpg?resize=525%2C300&ssl=1 1.5x, https:\/\/i0.wp.com\/www.escalade.pro\/news\/wp-content\/uploads\/2018\/08\/P1120375.jpg?resize=700%2C400&ssl=1 2x, https:\/\/i0.wp.com\/www.escalade.pro\/news\/wp-content\/uploads\/2018\/08\/P1120375.jpg?resize=1050%2C600&ssl=1 3x, https:\/\/i0.wp.com\/www.escalade.pro\/news\/wp-content\/uploads\/2018\/08\/P1120375.jpg?resize=1400%2C800&ssl=1 4x"},"classes":[]},{"id":16689,"url":"https:\/\/www.escalade.pro\/news\/livre-jacques-balmat\/","url_meta":{"origin":19431,"position":1},"title":"Livre: \u00ab\u00a0Jacques Balmat &#8211; les ultimes Traces d&rsquo;un chercheur d&rsquo;or\u00a0\u00bb","author":"Fred Vionnet","date":"21 ao\u00fbt 2018","format":false,"excerpt":"Jacques Balmat, dit \"Mont Blanc\", tout montagnard connait ce nom, le nom du premier ascensionniste du Mont Blanc en 1876 avec le m\u00e9decin Gabriel Paccard. En d\u00e9chiffrant ses carnets, Daniel Gr\u00e9voz nous d\u00e9voile la vie de cette homme surprenant. Balmat \u00e9tait bien plus qu'un paysan ou un chasseur de chamois\u2026","rel":"","context":"Dans &quot;Alpinisme&quot;","block_context":{"text":"Alpinisme","link":"https:\/\/www.escalade.pro\/news\/category\/alpinisme\/"},"img":{"alt_text":"jacques blmat mont blanc","src":"https:\/\/i0.wp.com\/www.escalade.pro\/news\/wp-content\/uploads\/2018\/08\/jacques-balmat-1.jpg?resize=350%2C200&ssl=1","width":350,"height":200,"srcset":"https:\/\/i0.wp.com\/www.escalade.pro\/news\/wp-content\/uploads\/2018\/08\/jacques-balmat-1.jpg?resize=350%2C200&ssl=1 1x, https:\/\/i0.wp.com\/www.escalade.pro\/news\/wp-content\/uploads\/2018\/08\/jacques-balmat-1.jpg?resize=525%2C300&ssl=1 1.5x"},"classes":[]},{"id":5552,"url":"https:\/\/www.escalade.pro\/news\/video-ski-couloir-gervasutti-mont-blanc-tacul\/","url_meta":{"origin":19431,"position":2},"title":"Vid\u00e9o: ski au couloir Gervasutti, Mont Blanc du Tacul","author":"Fred Vionnet","date":"20 juin 2015","format":false,"excerpt":"J'ai \u00e9t\u00e9 d\u00e9bord\u00e9 cette semaine et je n'ai rien publi\u00e9, je ne pense pas avoir rat\u00e9 une info incontournable (?), si ce n'est LA vid\u00e9o de Chris Sharma grimpant sur un arbre en buvant du soda aux hormones (ok ok finalement elle n'est pas si pire cette vid\u00e9o, et puis\u2026","rel":"","context":"Dans &quot;Ski de rando et freeride&quot;","block_context":{"text":"Ski de rando et freeride","link":"https:\/\/www.escalade.pro\/news\/category\/ski-freeride\/"},"img":{"alt_text":"","src":"","width":0,"height":0},"classes":[]},{"id":5897,"url":"https:\/\/www.escalade.pro\/news\/fermeture-refuge-gouter-montblanc\/","url_meta":{"origin":19431,"position":3},"title":"Fermeture du refuge du Go\u00fbter","author":"Fred Vionnet","date":"19 juillet 2015","format":false,"excerpt":"Voil\u00e0 on y est arriv\u00e9, apr\u00e8s avoir fortement d\u00e9conseill\u00e9 l'acc\u00e8s au Mont Blanc par le Go\u00fbter, le maire de Saint Gervais Les Bains a ordonn\u00e9 la fermeture du refuge du m\u00eame nom, en raison du risque de chutes de pierres trop important dans une montagne fortement martyris\u00e9e par la canicule.\u2026","rel":"","context":"Dans &quot;Alpinisme&quot;","block_context":{"text":"Alpinisme","link":"https:\/\/www.escalade.pro\/news\/category\/alpinisme\/"},"img":{"alt_text":"refuge_gouter_mont_blanc","src":"https:\/\/i0.wp.com\/www.escalade.pro\/news\/wp-content\/uploads\/2015\/07\/refuge_gouter_mont_blanc-300x111.jpg?resize=350%2C200","width":350,"height":200},"classes":[]},{"id":7760,"url":"https:\/\/www.escalade.pro\/news\/col-bel-oiseau\/","url_meta":{"origin":19431,"position":4},"title":"Oiseau du dimanche","author":"Fred Vionnet","date":"22 f\u00e9vrier 2016","format":false,"excerpt":"Une tr\u00e8s forte chaleur, pas mal de neige fra\u00eeche, des comportements dangereux (dont celui de notre groupe), \u00e9norm\u00e9ment de monde sur l'itin\u00e9raire (sans exag\u00e9rer nous avons vu, crois\u00e9 ou d\u00e9pass\u00e9 plus de 200 personnes!), il y a des jours o\u00f9 quoi qu'on dise, la montagne est bienveillante! Partis pour le\u2026","rel":"","context":"Dans &quot;Coups de gueule&quot;","block_context":{"text":"Coups de gueule","link":"https:\/\/www.escalade.pro\/news\/category\/coup-de-gueule\/"},"img":{"alt_text":"panorama mont blanc buet finive ruan depuis col du bel oiseau","src":"https:\/\/i0.wp.com\/www.escalade.pro\/news\/wp-content\/uploads\/2016\/02\/pano_finive-300x82.jpg?resize=350%2C200","width":350,"height":200},"classes":[]},{"id":8380,"url":"https:\/\/www.escalade.pro\/news\/ski-tony-lamiche-nant-blanc\/","url_meta":{"origin":19431,"position":5},"title":"Ski de pente raide: Tony Lamiche parle du Nant Blanc","author":"Fred Vionnet","date":"25 avril 2016","format":false,"excerpt":"Les r\u00e9p\u00e9titions et ouvertures en pente raide continuent \u00e0 un rythme effr\u00e9n\u00e9 en ce mois d'avril 2016 dans le massif du Mont Blanc (voir sur penteraide.com), m\u00eame si le gros mauvais temps actuel et les fortes chutes de neige en haute montagne collent momentan\u00e9ment les \u00e9nerv\u00e9s au bar ou derri\u00e8re\u2026","rel":"","context":"Dans &quot;Alpinisme&quot;","block_context":{"text":"Alpinisme","link":"https:\/\/www.escalade.pro\/news\/category\/alpinisme\/"},"img":{"alt_text":"descente ski nant blanc","src":"https:\/\/i0.wp.com\/www.escalade.pro\/news\/wp-content\/uploads\/2016\/04\/ski_nant_blanc-300x169.jpg?resize=350%2C200","width":350,"height":200},"classes":[]}],"_links":{"self":[{"href":"https:\/\/www.escalade.pro\/news\/wp-json\/wp\/v2\/posts\/19431","targetHints":{"allow":["GET"]}}],"collection":[{"href":"https:\/\/www.escalade.pro\/news\/wp-json\/wp\/v2\/posts"}],"about":[{"href":"https:\/\/www.escalade.pro\/news\/wp-json\/wp\/v2\/types\/post"}],"author":[{"embeddable":true,"href":"https:\/\/www.escalade.pro\/news\/wp-json\/wp\/v2\/users\/1"}],"replies":[{"embeddable":true,"href":"https:\/\/www.escalade.pro\/news\/wp-json\/wp\/v2\/comments?post=19431"}],"version-history":[{"count":16,"href":"https:\/\/www.escalade.pro\/news\/wp-json\/wp\/v2\/posts\/19431\/revisions"}],"predecessor-version":[{"id":19448,"href":"https:\/\/www.escalade.pro\/news\/wp-json\/wp\/v2\/posts\/19431\/revisions\/19448"}],"wp:featuredmedia":[{"embeddable":true,"href":"https:\/\/www.escalade.pro\/news\/wp-json\/wp\/v2\/media\/19441"}],"wp:attachment":[{"href":"https:\/\/www.escalade.pro\/news\/wp-json\/wp\/v2\/media?parent=19431"}],"wp:term":[{"taxonomy":"category","embeddable":true,"href":"https:\/\/www.escalade.pro\/news\/wp-json\/wp\/v2\/categories?post=19431"},{"taxonomy":"post_tag","embeddable":true,"href":"https:\/\/www.escalade.pro\/news\/wp-json\/wp\/v2\/tags?post=19431"}],"curies":[{"name":"wp","href":"https:\/\/api.w.org\/{rel}","templated":true}]}}