{"id":19337,"date":"2020-07-02T11:59:29","date_gmt":"2020-07-02T09:59:29","guid":{"rendered":"https:\/\/www.escalade.pro\/news\/?p=19337"},"modified":"2020-07-02T11:59:29","modified_gmt":"2020-07-02T09:59:29","slug":"weekend-grande-voie-ete-2020","status":"publish","type":"post","link":"https:\/\/www.escalade.pro\/news\/weekend-grande-voie-ete-2020\/","title":{"rendered":"Weekend grande voie \u00e9t\u00e9 2020"},"content":{"rendered":"<p><u>Dur\u00e9e :<\/u> 2 journ\u00e9es<br \/>\n<u>Dates:<\/u> <strong>18-19\/07 ou 8-9\/08 ou 15-16\/08<\/strong><br \/>\n<u>Nombre max de participants :<\/u> 5<br \/>\n<u>Age minimum :<\/u> 18 ans<br \/>\n<u>Tarif :<\/u> 160 euros par personne, pour les 2 jours (prix de l\u2019encadrement)<br \/>\n<u>Exp\u00e9rience minimum du stagiaire :<\/u> Niveau technique 5B\/C, en t\u00eate<\/p>\n<p><strong><u>Objectifs :<\/u><br \/>\nLes objectifs de ce week-end sont de vous rendre autonome sur des itin\u00e9raires d\u2019une longueur et de plusieurs longueurs, de d\u00e9couvrir le plaisir de prendre de la hauteur et de profiter pleinement d\u2019\u00eatre en montagne. L\u2019encadrement professionnel vous permettra d\u2019apprendre en douceur la pratique de la grande voie en autonomie.<br \/>\nCe programme est adapt\u00e9 \u00e0 des personnes ayant d\u00e9j\u00e0 une petite exp\u00e9rience en escalade. Il convient aux grimpeurs de salle ou d\u2019ext\u00e9rieurs, qui souhaitent se lancer dans des voies de plusieurs longueurs et apprendre les techniques propres \u00e0 l\u2019activit\u00e9.<\/strong><br \/>\nGr\u00e2ce aux diff\u00e9rentes exp\u00e9riences que j\u2019ai accumul\u00e9es au cours de mes ann\u00e9es de pratique, je vous enseignerai toutes mes astuces afin que vous preniez un maximum de plaisir dans l\u2019escalade.<\/p>\n<p><strong><u>Th\u00e8mes des journ\u00e9es :<\/u><br \/>\n&#8211;\t\u00catre capable d\u2019\u00e9voluer en t\u00eate en voie d\u2019une longueur en \u00e9tant rel\u00e2ch\u00e9 et g\u00e9rer l\u2019engagement<br \/>\n&#8211;\tAssurage\/grimpe en moulinette<br \/>\n&#8211;\tAssurage \/grimpe en t\u00eate<br \/>\n&#8211;\tGestuelle technique propre \u00e0 l\u2019escalade<br \/>\n&#8211;\tTactiques lors de la grimpe (clippage, repos, rythme, lecture)<br \/>\n&#8211;\tGrimpe et assurage dans des voie de plusieurs longueurs<br \/>\n&#8211;\tLecture d\u2019un topo choix de l\u2019itin\u00e9raire, \u00e9quipement<br \/>\n&#8211;\tDiff\u00e9rentes m\u00e9thodes de rechape<br \/>\n&#8211;\tRappel<br \/>\n&#8211;\tPose de coinceurs<\/strong><\/p>\n<p><a href=\"https:\/\/www.escalade.pro\/news\/wp-content\/uploads\/2020\/07\/20190916_153826.jpg\"><img loading=\"lazy\" decoding=\"async\" src=\"https:\/\/www.escalade.pro\/news\/wp-content\/uploads\/2020\/07\/20190916_153826-300x225.jpg\" alt=\"stage escalade grandes voies\" width=\"300\" height=\"225\" class=\"aligncenter size-medium wp-image-19340\" srcset=\"https:\/\/www.escalade.pro\/news\/wp-content\/uploads\/2020\/07\/20190916_153826-300x225.jpg 300w, https:\/\/www.escalade.pro\/news\/wp-content\/uploads\/2020\/07\/20190916_153826-1024x768.jpg 1024w, https:\/\/www.escalade.pro\/news\/wp-content\/uploads\/2020\/07\/20190916_153826-768x576.jpg 768w, https:\/\/www.escalade.pro\/news\/wp-content\/uploads\/2020\/07\/20190916_153826-600x450.jpg 600w, https:\/\/www.escalade.pro\/news\/wp-content\/uploads\/2020\/07\/20190916_153826-400x300.jpg 400w, https:\/\/www.escalade.pro\/news\/wp-content\/uploads\/2020\/07\/20190916_153826.jpg 1200w\" sizes=\"auto, (max-width: 300px) 100vw, 300px\" \/><\/a><\/p>\n<p><u>Mat\u00e9riel :<\/u><br \/>\n&#8211;\tUne partie du mat\u00e9riel sera fourni par l\u2019encadrant (cordes, d\u00e9gaines)<br \/>\n&#8211;\tLes chaussons d\u2019escalade, casques, et baudrier ne seront pas fournis<br \/>\n&#8211;\tSi vous avez du mat\u00e9riel personnel, n\u2019h\u00e9sitez pas \u00e0 le prendre afin de savoir l\u2019utiliser au mieux.<\/p>\n<p><u>Sites propos\u00e9s :<\/u><br \/>\nJe vous propose de rester en Haute Savoie et de d\u00e9couvrir les diff\u00e9rents massifs du d\u00e9partement : Aiguilles rouges, Aravis, Mont-Blanc\u2026<br \/>\nRiche de nombreux secteurs, vous pourrez vous initier \u00e0 l\u2019escalade sur des sites d\u2019une longueur et vous lancer ensuite dans des voies de plusieurs longueurs.<br \/>\nNous cr\u00e9erons un groupe Whattaps afin de vous donnez les informations n\u00e9cessaire (lieux de rdv, mat\u00e9riel sp\u00e9cifique\u2026etc)<\/p>\n<p><u>D\u00e9roulement du week-end par journ\u00e9e :<\/u><br \/>\nJour 1 :<br \/>\nPrise de contact avec le groupe. Le matin, l\u2019objectif sera de se familiariser avec l\u2019escalade en moulinette puis en t\u00eate, d\u2019apprendre les diff\u00e9rentes techniques d\u2019assurages, les manips de relais ainsi que les rappels.<br \/>\nLa pratique de nombreuses voies de faciles \u00e0 difficile permettront une initiation en douceur pour vous diriger vers des voies de plusieurs longueurs en cord\u00e9e autonome.<br \/>\nLa pose de coinceurs sera \u00e9galement abord\u00e9e le premier jour (mise en place de relais sur 2 ou 3 points et voies o\u00f9 il faudra compl\u00e9ter l\u2019\u00e9quipement).<br \/>\nJour 2 :<br \/>\nPour revoir et perfectionner les techniques apprises la veille, nous partirons en grande voie de plus grande ampleur (100m \u00e0 200m).<br \/>\nCette grande voie sera pr\u00e9par\u00e9e et choisie ensemble. Je vous proposerai plusieurs options selon les conditions du moment afin de s\u2019adapter au mieux \u00e0 vos attentes. Nous apprendrons aussi \u00e0 lire et utiliser un Topo guide escalade.<\/p>\n<p><a href=\"https:\/\/www.escalade.pro\/news\/wp-content\/uploads\/2020\/07\/IMG_20200530_140404.jpg\"><img loading=\"lazy\" decoding=\"async\" src=\"https:\/\/www.escalade.pro\/news\/wp-content\/uploads\/2020\/07\/IMG_20200530_140404-225x300.jpg\" alt=\"escalade grandes voies\" width=\"225\" height=\"300\" class=\"aligncenter size-medium wp-image-19342\" srcset=\"https:\/\/www.escalade.pro\/news\/wp-content\/uploads\/2020\/07\/IMG_20200530_140404-225x300.jpg 225w, https:\/\/www.escalade.pro\/news\/wp-content\/uploads\/2020\/07\/IMG_20200530_140404-768x1024.jpg 768w, https:\/\/www.escalade.pro\/news\/wp-content\/uploads\/2020\/07\/IMG_20200530_140404-600x800.jpg 600w, https:\/\/www.escalade.pro\/news\/wp-content\/uploads\/2020\/07\/IMG_20200530_140404-400x533.jpg 400w, https:\/\/www.escalade.pro\/news\/wp-content\/uploads\/2020\/07\/IMG_20200530_140404.jpg 900w\" sizes=\"auto, (max-width: 225px) 100vw, 225px\" \/><\/a><\/p>\n<p><u>Encadrement, contact et inscription :<\/u><br \/>\nContactez <a href=\"https:\/\/www.escalade.pro\/news\/presentation\/julien-saouzanet-aspirant-guide\/\">Julien Saouzanet<\/a> (saouzanetjulien.pro(@)gmail.com, 07.77.00.45.02).<br \/>\nGr\u00e2ce \u00e0 mes nombreuses ann\u00e9es en tant que moniteur d\u2019escalade et riche de mes exp\u00e9riences personnelles en escalade et en alpinisme, je me ferai un plaisir de vous accompagner vers l\u2019autonomie en grande voie. Je vous garantis un encadrement de qualit\u00e9 et en toute s\u00e9curit\u00e9.<\/p>\n","protected":false},"excerpt":{"rendered":"<p>Les objectifs de ce week-end sont de vous rendre autonome sur des itin\u00e9raires d\u2019une longueur et de plusieurs longueurs, de d\u00e9couvrir le plaisir de prendre de la hauteur et de profiter pleinement d\u2019\u00eatre en montagne.<\/p>\n","protected":false},"author":9,"featured_media":19340,"comment_status":"open","ping_status":"open","sticky":false,"template":"","format":"standard","meta":{"colormag_page_container_layout":"default_layout","colormag_page_sidebar_layout":"default_layout","_monsterinsights_skip_tracking":false,"_monsterinsights_sitenote_active":false,"_monsterinsights_sitenote_note":"","_monsterinsights_sitenote_category":0,"ngg_post_thumbnail":0,"jetpack_post_was_ever_published":false,"_jetpack_newsletter_access":"","_jetpack_dont_email_post_to_subs":false,"_jetpack_newsletter_tier_id":0,"_jetpack_memberships_contains_paywalled_content":false,"_jetpack_memberships_contains_paid_content":false,"footnotes":"","jetpack_publicize_message":"","jetpack_publicize_feature_enabled":true,"jetpack_social_post_already_shared":true,"jetpack_social_options":{"image_generator_settings":{"template":"highway","default_image_id":0,"font":"","enabled":false},"version":2}},"categories":[4,11],"tags":[163,17,162,139,36,84],"class_list":["post-19337","post","type-post","status-publish","format-standard","has-post-thumbnail","hentry","category-escalade","category-stages-encadrement","tag-autonomie","tag-escalade","tag-ete","tag-formation","tag-grandes-voies","tag-weekend"],"yoast_head":"<!-- This site is optimized with the Yoast SEO plugin v27.5 - https:\/\/yoast.com\/product\/yoast-seo-wordpress\/ -->\n<title>Weekend escalade grande voie \u00e9t\u00e9 2020 - Grimpisme<\/title>\n<meta name=\"description\" content=\"Les objectifs de ce week-end sont de vous rendre autonome sur des itin\u00e9raires d\u2019une longueur et de plusieurs longueurs.\" \/>\n<meta name=\"robots\" content=\"index, follow, max-snippet:-1, max-image-preview:large, max-video-preview:-1\" \/>\n<link rel=\"canonical\" href=\"https:\/\/www.escalade.pro\/news\/weekend-grande-voie-ete-2020\/\" \/>\n<meta property=\"og:locale\" content=\"fr_FR\" \/>\n<meta property=\"og:type\" content=\"article\" \/>\n<meta property=\"og:title\" content=\"Weekend escalade grande voie \u00e9t\u00e9 2020 - Grimpisme\" \/>\n<meta property=\"og:description\" content=\"Les objectifs de ce week-end sont de vous rendre autonome sur des itin\u00e9raires d\u2019une longueur et de plusieurs longueurs.\" \/>\n<meta property=\"og:url\" content=\"https:\/\/www.escalade.pro\/news\/weekend-grande-voie-ete-2020\/\" \/>\n<meta property=\"og:site_name\" content=\"L&#039;Arqu\u00e9e Libre - Fred Vionnet entraineur\/moniteur escalade\" \/>\n<meta property=\"article:publisher\" content=\"https:\/\/www.facebook.com\/grimpisme\/\" \/>\n<meta property=\"article:published_time\" content=\"2020-07-02T09:59:29+00:00\" \/>\n<meta property=\"og:image\" content=\"https:\/\/www.escalade.pro\/news\/wp-content\/uploads\/2020\/07\/20190916_153826.jpg\" \/>\n\t<meta property=\"og:image:width\" content=\"1200\" \/>\n\t<meta property=\"og:image:height\" content=\"900\" \/>\n\t<meta property=\"og:image:type\" content=\"image\/jpeg\" \/>\n<meta name=\"author\" content=\"Julien Saouzanet\" \/>\n<meta name=\"twitter:card\" content=\"summary_large_image\" \/>\n<meta name=\"twitter:label1\" content=\"\u00c9crit par\" \/>\n\t<meta name=\"twitter:data1\" content=\"Julien Saouzanet\" \/>\n\t<meta name=\"twitter:label2\" content=\"Dur\u00e9e de lecture estim\u00e9e\" \/>\n\t<meta name=\"twitter:data2\" content=\"3 minutes\" \/>\n<script type=\"application\/ld+json\" class=\"yoast-schema-graph\">{\"@context\":\"https:\\\/\\\/schema.org\",\"@graph\":[{\"@type\":\"Article\",\"@id\":\"https:\\\/\\\/www.escalade.pro\\\/news\\\/weekend-grande-voie-ete-2020\\\/#article\",\"isPartOf\":{\"@id\":\"https:\\\/\\\/www.escalade.pro\\\/news\\\/weekend-grande-voie-ete-2020\\\/\"},\"author\":{\"name\":\"Julien Saouzanet\",\"@id\":\"https:\\\/\\\/www.escalade.pro\\\/news\\\/#\\\/schema\\\/person\\\/aefd8c045c3f2af5acf5ef58fff23fbe\"},\"headline\":\"Weekend grande voie \u00e9t\u00e9 2020\",\"datePublished\":\"2020-07-02T09:59:29+00:00\",\"mainEntityOfPage\":{\"@id\":\"https:\\\/\\\/www.escalade.pro\\\/news\\\/weekend-grande-voie-ete-2020\\\/\"},\"wordCount\":612,\"commentCount\":0,\"publisher\":{\"@id\":\"https:\\\/\\\/www.escalade.pro\\\/news\\\/#organization\"},\"image\":{\"@id\":\"https:\\\/\\\/www.escalade.pro\\\/news\\\/weekend-grande-voie-ete-2020\\\/#primaryimage\"},\"thumbnailUrl\":\"https:\\\/\\\/www.escalade.pro\\\/news\\\/wp-content\\\/uploads\\\/2020\\\/07\\\/20190916_153826.jpg\",\"keywords\":[\"autonomie\",\"escalade\",\"\u00e9t\u00e9\",\"formation\",\"grandes voies\",\"weekend\"],\"articleSection\":[\"Escalade\",\"S\u00e9jours, weekends et formations\"],\"inLanguage\":\"fr-FR\",\"potentialAction\":[{\"@type\":\"CommentAction\",\"name\":\"Comment\",\"target\":[\"https:\\\/\\\/www.escalade.pro\\\/news\\\/weekend-grande-voie-ete-2020\\\/#respond\"]}]},{\"@type\":\"WebPage\",\"@id\":\"https:\\\/\\\/www.escalade.pro\\\/news\\\/weekend-grande-voie-ete-2020\\\/\",\"url\":\"https:\\\/\\\/www.escalade.pro\\\/news\\\/weekend-grande-voie-ete-2020\\\/\",\"name\":\"Weekend escalade grande voie \u00e9t\u00e9 2020 - Grimpisme\",\"isPartOf\":{\"@id\":\"https:\\\/\\\/www.escalade.pro\\\/news\\\/#website\"},\"primaryImageOfPage\":{\"@id\":\"https:\\\/\\\/www.escalade.pro\\\/news\\\/weekend-grande-voie-ete-2020\\\/#primaryimage\"},\"image\":{\"@id\":\"https:\\\/\\\/www.escalade.pro\\\/news\\\/weekend-grande-voie-ete-2020\\\/#primaryimage\"},\"thumbnailUrl\":\"https:\\\/\\\/www.escalade.pro\\\/news\\\/wp-content\\\/uploads\\\/2020\\\/07\\\/20190916_153826.jpg\",\"datePublished\":\"2020-07-02T09:59:29+00:00\",\"description\":\"Les objectifs de ce week-end sont de vous rendre autonome sur des itin\u00e9raires d\u2019une longueur et de plusieurs longueurs.\",\"breadcrumb\":{\"@id\":\"https:\\\/\\\/www.escalade.pro\\\/news\\\/weekend-grande-voie-ete-2020\\\/#breadcrumb\"},\"inLanguage\":\"fr-FR\",\"potentialAction\":[{\"@type\":\"ReadAction\",\"target\":[\"https:\\\/\\\/www.escalade.pro\\\/news\\\/weekend-grande-voie-ete-2020\\\/\"]}]},{\"@type\":\"ImageObject\",\"inLanguage\":\"fr-FR\",\"@id\":\"https:\\\/\\\/www.escalade.pro\\\/news\\\/weekend-grande-voie-ete-2020\\\/#primaryimage\",\"url\":\"https:\\\/\\\/www.escalade.pro\\\/news\\\/wp-content\\\/uploads\\\/2020\\\/07\\\/20190916_153826.jpg\",\"contentUrl\":\"https:\\\/\\\/www.escalade.pro\\\/news\\\/wp-content\\\/uploads\\\/2020\\\/07\\\/20190916_153826.jpg\",\"width\":1200,\"height\":900,\"caption\":\"stage escalade grandes voies\"},{\"@type\":\"BreadcrumbList\",\"@id\":\"https:\\\/\\\/www.escalade.pro\\\/news\\\/weekend-grande-voie-ete-2020\\\/#breadcrumb\",\"itemListElement\":[{\"@type\":\"ListItem\",\"position\":1,\"name\":\"Accueil\",\"item\":\"https:\\\/\\\/www.escalade.pro\\\/news\\\/\"},{\"@type\":\"ListItem\",\"position\":2,\"name\":\"Weekend grande voie \u00e9t\u00e9 2020\"}]},{\"@type\":\"WebSite\",\"@id\":\"https:\\\/\\\/www.escalade.pro\\\/news\\\/#website\",\"url\":\"https:\\\/\\\/www.escalade.pro\\\/news\\\/\",\"name\":\"L&#039;Arqu\u00e9e Libre - Fred Vionnet entraineur\\\/moniteur escalade\",\"description\":\"Coaching et entrainement escalade. Buoux, C\u00e9\u00fcse et Fontainebleau.\",\"publisher\":{\"@id\":\"https:\\\/\\\/www.escalade.pro\\\/news\\\/#organization\"},\"potentialAction\":[{\"@type\":\"SearchAction\",\"target\":{\"@type\":\"EntryPoint\",\"urlTemplate\":\"https:\\\/\\\/www.escalade.pro\\\/news\\\/?s={search_term_string}\"},\"query-input\":{\"@type\":\"PropertyValueSpecification\",\"valueRequired\":true,\"valueName\":\"search_term_string\"}}],\"inLanguage\":\"fr-FR\"},{\"@type\":\"Organization\",\"@id\":\"https:\\\/\\\/www.escalade.pro\\\/news\\\/#organization\",\"name\":\"L&#039;Arqu\u00e9e Libre - Fred Vionnet entraineur\\\/moniteur escalade\",\"url\":\"https:\\\/\\\/www.escalade.pro\\\/news\\\/\",\"logo\":{\"@type\":\"ImageObject\",\"inLanguage\":\"fr-FR\",\"@id\":\"https:\\\/\\\/www.escalade.pro\\\/news\\\/#\\\/schema\\\/logo\\\/image\\\/\",\"url\":\"https:\\\/\\\/www.escalade.pro\\\/news\\\/wp-content\\\/uploads\\\/2026\\\/04\\\/logo-wp-AL-avril-2026-1.jpg\",\"contentUrl\":\"https:\\\/\\\/www.escalade.pro\\\/news\\\/wp-content\\\/uploads\\\/2026\\\/04\\\/logo-wp-AL-avril-2026-1.jpg\",\"width\":1955,\"height\":902,\"caption\":\"L&#039;Arqu\u00e9e Libre - Fred Vionnet entraineur\\\/moniteur escalade\"},\"image\":{\"@id\":\"https:\\\/\\\/www.escalade.pro\\\/news\\\/#\\\/schema\\\/logo\\\/image\\\/\"},\"sameAs\":[\"https:\\\/\\\/www.facebook.com\\\/grimpisme\\\/\",\"https:\\\/\\\/www.instagram.com\\\/grimpisme\\\/\",\"https:\\\/\\\/www.linkedin.com\\\/in\\\/fred-vionnet-6284b96a\\\/\",\"https:\\\/\\\/fr.pinterest.com\\\/grimpisme\\\/\",\"https:\\\/\\\/www.youtube.com\\\/@grimpisme\"]},{\"@type\":\"Person\",\"@id\":\"https:\\\/\\\/www.escalade.pro\\\/news\\\/#\\\/schema\\\/person\\\/aefd8c045c3f2af5acf5ef58fff23fbe\",\"name\":\"Julien Saouzanet\",\"image\":{\"@type\":\"ImageObject\",\"inLanguage\":\"fr-FR\",\"@id\":\"https:\\\/\\\/secure.gravatar.com\\\/avatar\\\/4d8f11460329443f35b168d3d748fa99dbeeccaa8c74ae2acf563b171081f6c0?s=96&d=blank&r=g\",\"url\":\"https:\\\/\\\/secure.gravatar.com\\\/avatar\\\/4d8f11460329443f35b168d3d748fa99dbeeccaa8c74ae2acf563b171081f6c0?s=96&d=blank&r=g\",\"contentUrl\":\"https:\\\/\\\/secure.gravatar.com\\\/avatar\\\/4d8f11460329443f35b168d3d748fa99dbeeccaa8c74ae2acf563b171081f6c0?s=96&d=blank&r=g\",\"caption\":\"Julien Saouzanet\"},\"description\":\"Des d\u00e9butants qui veulent s\u2019initier aux confirm\u00e9s qui cherchent l\u2019autonomie dans les activit\u00e9s pr\u00e9cit\u00e9es, je saurai m\u2019adapter \u00e0 vos attentes et vous faire partager mes passions.\",\"url\":\"https:\\\/\\\/www.escalade.pro\\\/news\\\/author\\\/julien\\\/\"}]}<\/script>\n<!-- \/ Yoast SEO plugin. -->","yoast_head_json":{"title":"Weekend escalade grande voie \u00e9t\u00e9 2020 - Grimpisme","description":"Les objectifs de ce week-end sont de vous rendre autonome sur des itin\u00e9raires d\u2019une longueur et de plusieurs longueurs.","robots":{"index":"index","follow":"follow","max-snippet":"max-snippet:-1","max-image-preview":"max-image-preview:large","max-video-preview":"max-video-preview:-1"},"canonical":"https:\/\/www.escalade.pro\/news\/weekend-grande-voie-ete-2020\/","og_locale":"fr_FR","og_type":"article","og_title":"Weekend escalade grande voie \u00e9t\u00e9 2020 - Grimpisme","og_description":"Les objectifs de ce week-end sont de vous rendre autonome sur des itin\u00e9raires d\u2019une longueur et de plusieurs longueurs.","og_url":"https:\/\/www.escalade.pro\/news\/weekend-grande-voie-ete-2020\/","og_site_name":"L&#039;Arqu\u00e9e Libre - Fred Vionnet entraineur\/moniteur escalade","article_publisher":"https:\/\/www.facebook.com\/grimpisme\/","article_published_time":"2020-07-02T09:59:29+00:00","og_image":[{"width":1200,"height":900,"url":"https:\/\/www.escalade.pro\/news\/wp-content\/uploads\/2020\/07\/20190916_153826.jpg","type":"image\/jpeg"}],"author":"Julien Saouzanet","twitter_card":"summary_large_image","twitter_misc":{"\u00c9crit par":"Julien Saouzanet","Dur\u00e9e de lecture estim\u00e9e":"3 minutes"},"schema":{"@context":"https:\/\/schema.org","@graph":[{"@type":"Article","@id":"https:\/\/www.escalade.pro\/news\/weekend-grande-voie-ete-2020\/#article","isPartOf":{"@id":"https:\/\/www.escalade.pro\/news\/weekend-grande-voie-ete-2020\/"},"author":{"name":"Julien Saouzanet","@id":"https:\/\/www.escalade.pro\/news\/#\/schema\/person\/aefd8c045c3f2af5acf5ef58fff23fbe"},"headline":"Weekend grande voie \u00e9t\u00e9 2020","datePublished":"2020-07-02T09:59:29+00:00","mainEntityOfPage":{"@id":"https:\/\/www.escalade.pro\/news\/weekend-grande-voie-ete-2020\/"},"wordCount":612,"commentCount":0,"publisher":{"@id":"https:\/\/www.escalade.pro\/news\/#organization"},"image":{"@id":"https:\/\/www.escalade.pro\/news\/weekend-grande-voie-ete-2020\/#primaryimage"},"thumbnailUrl":"https:\/\/www.escalade.pro\/news\/wp-content\/uploads\/2020\/07\/20190916_153826.jpg","keywords":["autonomie","escalade","\u00e9t\u00e9","formation","grandes voies","weekend"],"articleSection":["Escalade","S\u00e9jours, weekends et formations"],"inLanguage":"fr-FR","potentialAction":[{"@type":"CommentAction","name":"Comment","target":["https:\/\/www.escalade.pro\/news\/weekend-grande-voie-ete-2020\/#respond"]}]},{"@type":"WebPage","@id":"https:\/\/www.escalade.pro\/news\/weekend-grande-voie-ete-2020\/","url":"https:\/\/www.escalade.pro\/news\/weekend-grande-voie-ete-2020\/","name":"Weekend escalade grande voie \u00e9t\u00e9 2020 - Grimpisme","isPartOf":{"@id":"https:\/\/www.escalade.pro\/news\/#website"},"primaryImageOfPage":{"@id":"https:\/\/www.escalade.pro\/news\/weekend-grande-voie-ete-2020\/#primaryimage"},"image":{"@id":"https:\/\/www.escalade.pro\/news\/weekend-grande-voie-ete-2020\/#primaryimage"},"thumbnailUrl":"https:\/\/www.escalade.pro\/news\/wp-content\/uploads\/2020\/07\/20190916_153826.jpg","datePublished":"2020-07-02T09:59:29+00:00","description":"Les objectifs de ce week-end sont de vous rendre autonome sur des itin\u00e9raires d\u2019une longueur et de plusieurs longueurs.","breadcrumb":{"@id":"https:\/\/www.escalade.pro\/news\/weekend-grande-voie-ete-2020\/#breadcrumb"},"inLanguage":"fr-FR","potentialAction":[{"@type":"ReadAction","target":["https:\/\/www.escalade.pro\/news\/weekend-grande-voie-ete-2020\/"]}]},{"@type":"ImageObject","inLanguage":"fr-FR","@id":"https:\/\/www.escalade.pro\/news\/weekend-grande-voie-ete-2020\/#primaryimage","url":"https:\/\/www.escalade.pro\/news\/wp-content\/uploads\/2020\/07\/20190916_153826.jpg","contentUrl":"https:\/\/www.escalade.pro\/news\/wp-content\/uploads\/2020\/07\/20190916_153826.jpg","width":1200,"height":900,"caption":"stage escalade grandes voies"},{"@type":"BreadcrumbList","@id":"https:\/\/www.escalade.pro\/news\/weekend-grande-voie-ete-2020\/#breadcrumb","itemListElement":[{"@type":"ListItem","position":1,"name":"Accueil","item":"https:\/\/www.escalade.pro\/news\/"},{"@type":"ListItem","position":2,"name":"Weekend grande voie \u00e9t\u00e9 2020"}]},{"@type":"WebSite","@id":"https:\/\/www.escalade.pro\/news\/#website","url":"https:\/\/www.escalade.pro\/news\/","name":"L&#039;Arqu\u00e9e Libre - Fred Vionnet entraineur\/moniteur escalade","description":"Coaching et entrainement escalade. Buoux, C\u00e9\u00fcse et Fontainebleau.","publisher":{"@id":"https:\/\/www.escalade.pro\/news\/#organization"},"potentialAction":[{"@type":"SearchAction","target":{"@type":"EntryPoint","urlTemplate":"https:\/\/www.escalade.pro\/news\/?s={search_term_string}"},"query-input":{"@type":"PropertyValueSpecification","valueRequired":true,"valueName":"search_term_string"}}],"inLanguage":"fr-FR"},{"@type":"Organization","@id":"https:\/\/www.escalade.pro\/news\/#organization","name":"L&#039;Arqu\u00e9e Libre - Fred Vionnet entraineur\/moniteur escalade","url":"https:\/\/www.escalade.pro\/news\/","logo":{"@type":"ImageObject","inLanguage":"fr-FR","@id":"https:\/\/www.escalade.pro\/news\/#\/schema\/logo\/image\/","url":"https:\/\/www.escalade.pro\/news\/wp-content\/uploads\/2026\/04\/logo-wp-AL-avril-2026-1.jpg","contentUrl":"https:\/\/www.escalade.pro\/news\/wp-content\/uploads\/2026\/04\/logo-wp-AL-avril-2026-1.jpg","width":1955,"height":902,"caption":"L&#039;Arqu\u00e9e Libre - Fred Vionnet entraineur\/moniteur escalade"},"image":{"@id":"https:\/\/www.escalade.pro\/news\/#\/schema\/logo\/image\/"},"sameAs":["https:\/\/www.facebook.com\/grimpisme\/","https:\/\/www.instagram.com\/grimpisme\/","https:\/\/www.linkedin.com\/in\/fred-vionnet-6284b96a\/","https:\/\/fr.pinterest.com\/grimpisme\/","https:\/\/www.youtube.com\/@grimpisme"]},{"@type":"Person","@id":"https:\/\/www.escalade.pro\/news\/#\/schema\/person\/aefd8c045c3f2af5acf5ef58fff23fbe","name":"Julien Saouzanet","image":{"@type":"ImageObject","inLanguage":"fr-FR","@id":"https:\/\/secure.gravatar.com\/avatar\/4d8f11460329443f35b168d3d748fa99dbeeccaa8c74ae2acf563b171081f6c0?s=96&d=blank&r=g","url":"https:\/\/secure.gravatar.com\/avatar\/4d8f11460329443f35b168d3d748fa99dbeeccaa8c74ae2acf563b171081f6c0?s=96&d=blank&r=g","contentUrl":"https:\/\/secure.gravatar.com\/avatar\/4d8f11460329443f35b168d3d748fa99dbeeccaa8c74ae2acf563b171081f6c0?s=96&d=blank&r=g","caption":"Julien Saouzanet"},"description":"Des d\u00e9butants qui veulent s\u2019initier aux confirm\u00e9s qui cherchent l\u2019autonomie dans les activit\u00e9s pr\u00e9cit\u00e9es, je saurai m\u2019adapter \u00e0 vos attentes et vous faire partager mes passions.","url":"https:\/\/www.escalade.pro\/news\/author\/julien\/"}]}},"jetpack_publicize_connections":[],"jetpack_featured_media_url":"https:\/\/www.escalade.pro\/news\/wp-content\/uploads\/2020\/07\/20190916_153826.jpg","jetpack_sharing_enabled":true,"jetpack_shortlink":"https:\/\/wp.me\/p68Rw6-51T","jetpack-related-posts":[{"id":20807,"url":"https:\/\/www.escalade.pro\/news\/de-escalade-formation-grandes-voies-terrain-aventure\/","url_meta":{"origin":19337,"position":0},"title":"DE escalade: le point sur la formation grandes voies en terrain d&rsquo;aventure","author":"Fred Vionnet","date":"21 mai 2021","format":false,"excerpt":"Il a \u00e9t\u00e9 \u00e9voqu\u00e9 que la formation des moniteurs d\u2019escalade ne serait pas suffisante pour l\u2019encadrement en terrain d\u2019aventure sur plusieurs longueurs.\u00a0J\u2019ai contact\u00e9 Jean-No\u00ebl Crouzat, coordinateur et formateur de la formation escalade au CREPS de Montpellier, pour parler de ce sujet.","rel":"","context":"Dans &quot;Coups de gueule&quot;","block_context":{"text":"Coups de gueule","link":"https:\/\/www.escalade.pro\/news\/category\/coup-de-gueule\/"},"img":{"alt_text":"escalade petit bargy voie trous","src":"https:\/\/i0.wp.com\/www.escalade.pro\/news\/wp-content\/uploads\/2020\/07\/P1020405.jpg?resize=350%2C200&ssl=1","width":350,"height":200,"srcset":"https:\/\/i0.wp.com\/www.escalade.pro\/news\/wp-content\/uploads\/2020\/07\/P1020405.jpg?resize=350%2C200&ssl=1 1x, https:\/\/i0.wp.com\/www.escalade.pro\/news\/wp-content\/uploads\/2020\/07\/P1020405.jpg?resize=525%2C300&ssl=1 1.5x, https:\/\/i0.wp.com\/www.escalade.pro\/news\/wp-content\/uploads\/2020\/07\/P1020405.jpg?resize=700%2C400&ssl=1 2x, https:\/\/i0.wp.com\/www.escalade.pro\/news\/wp-content\/uploads\/2020\/07\/P1020405.jpg?resize=1050%2C600&ssl=1 3x"},"classes":[]},{"id":17881,"url":"https:\/\/www.escalade.pro\/news\/candidature-groupe-jeune-escalade-ffcam\/","url_meta":{"origin":19337,"position":1},"title":"Candidature Groupe jeune escalade FFCAM 74","author":"Fred Vionnet","date":"8 avril 2019","format":false,"excerpt":"Je continue l\u2019encadrement du Groupe jeunes escalade du CD74 de la FFCAM. Cette fois ci le cursus de grimpe en grandes voies se d\u00e9roule sur une ann\u00e9e (et non deux), avec 10 journ\u00e9es de grimpe en ext\u00e9rieur.","rel":"","context":"Dans &quot;Escalade&quot;","block_context":{"text":"Escalade","link":"https:\/\/www.escalade.pro\/news\/category\/escalade\/"},"img":{"alt_text":"free tibet escalade gorges verdon","src":"https:\/\/i0.wp.com\/www.escalade.pro\/news\/wp-content\/uploads\/2018\/10\/DSC05545.jpg?resize=350%2C200&ssl=1","width":350,"height":200,"srcset":"https:\/\/i0.wp.com\/www.escalade.pro\/news\/wp-content\/uploads\/2018\/10\/DSC05545.jpg?resize=350%2C200&ssl=1 1x, https:\/\/i0.wp.com\/www.escalade.pro\/news\/wp-content\/uploads\/2018\/10\/DSC05545.jpg?resize=525%2C300&ssl=1 1.5x, https:\/\/i0.wp.com\/www.escalade.pro\/news\/wp-content\/uploads\/2018\/10\/DSC05545.jpg?resize=700%2C400&ssl=1 2x"},"classes":[]},{"id":25498,"url":"https:\/\/www.escalade.pro\/news\/entrainement-grande-voie-escalade\/","url_meta":{"origin":19337,"position":2},"title":"S\u2019entra\u00eener en grande voie, pour la falaise et le bloc","author":"Fred Vionnet","date":"29 juillet 2024","format":false,"excerpt":"La grimpe en grande voie, m\u00eame \u00e0 un niveau tr\u00e8s inf\u00e9rieur \u00e0 votre niveau max, est un excellent entra\u00eenement pour la falaise, et le bloc.","rel":"","context":"Dans &quot;Conseils entrainement escalade&quot;","block_context":{"text":"Conseils entrainement escalade","link":"https:\/\/www.escalade.pro\/news\/category\/entrainement-escalade\/"},"img":{"alt_text":"escalade aiguillet lauzet grande voie","src":"https:\/\/i0.wp.com\/www.escalade.pro\/news\/wp-content\/uploads\/2024\/07\/IMG_3554.jpg?resize=350%2C200&ssl=1","width":350,"height":200,"srcset":"https:\/\/i0.wp.com\/www.escalade.pro\/news\/wp-content\/uploads\/2024\/07\/IMG_3554.jpg?resize=350%2C200&ssl=1 1x, https:\/\/i0.wp.com\/www.escalade.pro\/news\/wp-content\/uploads\/2024\/07\/IMG_3554.jpg?resize=525%2C300&ssl=1 1.5x, https:\/\/i0.wp.com\/www.escalade.pro\/news\/wp-content\/uploads\/2024\/07\/IMG_3554.jpg?resize=700%2C400&ssl=1 2x"},"classes":[]},{"id":25988,"url":"https:\/\/www.escalade.pro\/news\/seances-entrainement-escalade-volume\/","url_meta":{"origin":19337,"position":3},"title":"Les s\u00e9ances d&rsquo;entra\u00eenement de volume sont-elles utiles?","author":"Fred Vionnet","date":"1 octobre 2024","format":false,"excerpt":"Discutons de l'int\u00e9r\u00eat des classiques s\u00e9ances d'entrainement de volume en bloc ou voie. Est ce vraiment un entrainement efficace?","rel":"","context":"Dans &quot;Conseils entrainement escalade&quot;","block_context":{"text":"Conseils entrainement escalade","link":"https:\/\/www.escalade.pro\/news\/category\/entrainement-escalade\/"},"img":{"alt_text":"escalade stage weekend entrainement rock climbing saint leger ventoux","src":"https:\/\/i0.wp.com\/www.escalade.pro\/news\/wp-content\/uploads\/2023\/10\/WhatsApp-Image-2023-10-27-at-19.35.45-1.jpg?resize=350%2C200&ssl=1","width":350,"height":200,"srcset":"https:\/\/i0.wp.com\/www.escalade.pro\/news\/wp-content\/uploads\/2023\/10\/WhatsApp-Image-2023-10-27-at-19.35.45-1.jpg?resize=350%2C200&ssl=1 1x, https:\/\/i0.wp.com\/www.escalade.pro\/news\/wp-content\/uploads\/2023\/10\/WhatsApp-Image-2023-10-27-at-19.35.45-1.jpg?resize=525%2C300&ssl=1 1.5x, https:\/\/i0.wp.com\/www.escalade.pro\/news\/wp-content\/uploads\/2023\/10\/WhatsApp-Image-2023-10-27-at-19.35.45-1.jpg?resize=700%2C400&ssl=1 2x"},"classes":[]},{"id":16299,"url":"https:\/\/www.escalade.pro\/news\/grande-voie-fil-ou-face-saleve\/","url_meta":{"origin":19337,"position":4},"title":"Grande voie \u00ab\u00a0Fil ou Face\u00a0\u00bb, Sal\u00e8ve","author":"Fred Vionnet","date":"18 juin 2018","format":false,"excerpt":"La varappe au Sal\u00e8ve, c\u2019est toute une ambiance. Avec la voie \u201cFil ou Face\u201d on remonte la plus grande falaise, face au parking, mais en utilisant la ligne de faiblesse de la Grande Ar\u00eate.","rel":"","context":"Dans &quot;Escalade&quot;","block_context":{"text":"Escalade","link":"https:\/\/www.escalade.pro\/news\/category\/escalade\/"},"img":{"alt_text":"voie escalade fil ou face saleve","src":"https:\/\/i0.wp.com\/www.escalade.pro\/news\/wp-content\/uploads\/2018\/06\/P1120052.jpg?resize=350%2C200&ssl=1","width":350,"height":200,"srcset":"https:\/\/i0.wp.com\/www.escalade.pro\/news\/wp-content\/uploads\/2018\/06\/P1120052.jpg?resize=350%2C200&ssl=1 1x, https:\/\/i0.wp.com\/www.escalade.pro\/news\/wp-content\/uploads\/2018\/06\/P1120052.jpg?resize=525%2C300&ssl=1 1.5x, https:\/\/i0.wp.com\/www.escalade.pro\/news\/wp-content\/uploads\/2018\/06\/P1120052.jpg?resize=700%2C400&ssl=1 2x"},"classes":[]},{"id":25242,"url":"https:\/\/www.escalade.pro\/news\/definir-autonomie-falaise\/","url_meta":{"origin":19337,"position":5},"title":"DEFINIR L\u2019AUTONOMIE EN FALAISE : \u00eatre un VRAI grimpeur de 6a","author":"Fred Vionnet","date":"28 juin 2024","format":false,"excerpt":"Atteindre cette autonomie demande du temps, de la patience et de l\u2019investissement. Il faut se tromper, avoir chaud, froid, peur, gal\u00e9rer, essayer, r\u00e9essayer, etc. Et cela n\u2019est pas donn\u00e9 \u00e0 tout le monde. Il ne suffit pas d\u2019apprendre \u00e0 assurer en salle, d\u2019avoir fait quelques sorties en falaise pour se\u2026","rel":"","context":"Dans &quot;Conseils entrainement escalade&quot;","block_context":{"text":"Conseils entrainement escalade","link":"https:\/\/www.escalade.pro\/news\/category\/entrainement-escalade\/"},"img":{"alt_text":"stage escalade saint leger du ventoux","src":"https:\/\/i0.wp.com\/www.escalade.pro\/news\/wp-content\/uploads\/2024\/04\/st-light7.jpg?resize=350%2C200&ssl=1","width":350,"height":200,"srcset":"https:\/\/i0.wp.com\/www.escalade.pro\/news\/wp-content\/uploads\/2024\/04\/st-light7.jpg?resize=350%2C200&ssl=1 1x, https:\/\/i0.wp.com\/www.escalade.pro\/news\/wp-content\/uploads\/2024\/04\/st-light7.jpg?resize=525%2C300&ssl=1 1.5x, https:\/\/i0.wp.com\/www.escalade.pro\/news\/wp-content\/uploads\/2024\/04\/st-light7.jpg?resize=700%2C400&ssl=1 2x, https:\/\/i0.wp.com\/www.escalade.pro\/news\/wp-content\/uploads\/2024\/04\/st-light7.jpg?resize=1050%2C600&ssl=1 3x"},"classes":[]}],"_links":{"self":[{"href":"https:\/\/www.escalade.pro\/news\/wp-json\/wp\/v2\/posts\/19337","targetHints":{"allow":["GET"]}}],"collection":[{"href":"https:\/\/www.escalade.pro\/news\/wp-json\/wp\/v2\/posts"}],"about":[{"href":"https:\/\/www.escalade.pro\/news\/wp-json\/wp\/v2\/types\/post"}],"author":[{"embeddable":true,"href":"https:\/\/www.escalade.pro\/news\/wp-json\/wp\/v2\/users\/9"}],"replies":[{"embeddable":true,"href":"https:\/\/www.escalade.pro\/news\/wp-json\/wp\/v2\/comments?post=19337"}],"version-history":[{"count":13,"href":"https:\/\/www.escalade.pro\/news\/wp-json\/wp\/v2\/posts\/19337\/revisions"}],"predecessor-version":[{"id":19354,"href":"https:\/\/www.escalade.pro\/news\/wp-json\/wp\/v2\/posts\/19337\/revisions\/19354"}],"wp:featuredmedia":[{"embeddable":true,"href":"https:\/\/www.escalade.pro\/news\/wp-json\/wp\/v2\/media\/19340"}],"wp:attachment":[{"href":"https:\/\/www.escalade.pro\/news\/wp-json\/wp\/v2\/media?parent=19337"}],"wp:term":[{"taxonomy":"category","embeddable":true,"href":"https:\/\/www.escalade.pro\/news\/wp-json\/wp\/v2\/categories?post=19337"},{"taxonomy":"post_tag","embeddable":true,"href":"https:\/\/www.escalade.pro\/news\/wp-json\/wp\/v2\/tags?post=19337"}],"curies":[{"name":"wp","href":"https:\/\/api.w.org\/{rel}","templated":true}]}}