{"id":17993,"date":"2019-05-11T09:39:50","date_gmt":"2019-05-11T07:39:50","guid":{"rendered":"https:\/\/www.escalade.pro\/news\/?p=17993"},"modified":"2019-05-11T09:39:50","modified_gmt":"2019-05-11T07:39:50","slug":"ninja-skills-martin-keller","status":"publish","type":"post","link":"https:\/\/www.escalade.pro\/news\/ninja-skills-martin-keller\/","title":{"rendered":"Vid\u00e9o bloc: Martin Keller ouvre \u00ab\u00a0Ninja Skills\u00a0\u00bb en d\u00e9part assis"},"content":{"rendered":"<p><iframe loading=\"lazy\" width=\"560\" height=\"315\" src=\"https:\/\/www.youtube.com\/embed\/FUd8M3Dsdo0\" frameborder=\"0\" allow=\"accelerometer; autoplay; encrypted-media; gyroscope; picture-in-picture\" allowfullscreen><\/iframe><\/p>\n<p><strong>Apr\u00e8s plus de 150 sessions de travail sur 3 ans (et oui!), le <a href=\"http:\/\/martinkeller.blogspot.com\/\" rel=\"noopener noreferrer\" target=\"_blank\">grimpeur suisse Martin Keller<\/a> a r\u00e9ussi l\u2019encha\u00eenement de \u00ab\u00a0Ninja Skills\u00a0\u00bb de Nalle Hukkataival. En rajoutant un d\u00e9part assis difficile, compliquant \u00e9norm\u00e9ment la mise en place pour le premier mouvement de la version debout, Martin propose la cotation de 8c+ (8b+ pour le d\u00e9part debout).<\/strong><br \/>\nL&rsquo;essai de l&rsquo;encha\u00eenement est mythique, avec <strong>Martin qui a les doigts insensibles \u00e0 cause du froid et qui hurle \u00e0 chaque mouvement<\/strong>. <strong>Vous remarquerez qu&rsquo;il utilise des m\u00e9thodes diff\u00e9rentes de Nalle, avec une relance main gauche au d\u00e9but, et en pausant le pied droit pour le \u00ab\u00a0ninja mouv\u00a0\u00bb.<\/strong> Alors que Nalle faisait une canne \u00e0 p\u00eache avec le pied droit dans le vide pour jeter main droite.<\/p>\n<p>La vid\u00e9o de <a href=\"https:\/\/www.escalade.pro\/news\/?s=nalle\">Nalle<\/a> ci-dessous.<\/p>\n<p><iframe loading=\"lazy\" width=\"560\" height=\"315\" src=\"https:\/\/www.youtube.com\/embed\/XSHmBBPeFzE\" frameborder=\"0\" allow=\"accelerometer; autoplay; encrypted-media; gyroscope; picture-in-picture\" allowfullscreen><\/iframe><\/p>\n","protected":false},"excerpt":{"rendered":"<p>Apr\u00e8s plus de 150 sessions de travail (et oui!), le grimpeur suisse Martin Keller a r\u00e9ussi l\u2019encha\u00eenement de \u00ab\u00a0Ninja Skills\u00a0\u00bb de Nalle Hukkataival.<\/p>\n","protected":false},"author":1,"featured_media":17996,"comment_status":"open","ping_status":"open","sticky":false,"template":"","format":"standard","meta":{"colormag_page_container_layout":"default_layout","colormag_page_sidebar_layout":"default_layout","_monsterinsights_skip_tracking":false,"_monsterinsights_sitenote_active":false,"_monsterinsights_sitenote_note":"","_monsterinsights_sitenote_category":0,"ngg_post_thumbnail":0,"jetpack_post_was_ever_published":false,"_jetpack_newsletter_access":"","_jetpack_dont_email_post_to_subs":false,"_jetpack_newsletter_tier_id":0,"_jetpack_memberships_contains_paywalled_content":false,"_jetpack_memberships_contains_paid_content":false,"footnotes":"","jetpack_publicize_message":"","jetpack_publicize_feature_enabled":true,"jetpack_social_post_already_shared":true,"jetpack_social_options":{"image_generator_settings":{"template":"highway","default_image_id":0,"font":"","enabled":false},"version":2}},"categories":[4,1,7],"tags":[32,80,17,107],"class_list":["post-17993","post","type-post","status-publish","format-standard","has-post-thumbnail","hentry","category-escalade","category-news","category-videos","tag-bloc","tag-bouldering","tag-escalade","tag-nalle-hukkataival"],"yoast_head":"<!-- This site is optimized with the Yoast SEO plugin v27.5 - https:\/\/yoast.com\/product\/yoast-seo-wordpress\/ -->\n<title>Vid\u00e9o bloc: Martin Keller ouvre &quot;Ninja Skills&quot; en d\u00e9part assis - Grimpisme<\/title>\n<meta name=\"description\" content=\"Apr\u00e8s plus de 150 sessions de travail (et oui!), le grimpeur suisse Martin Keller a r\u00e9ussi l\u2019encha\u00eenement de &quot;Ninja Skills&quot; de Nalle Hukkataival.\" \/>\n<meta name=\"robots\" content=\"index, follow, max-snippet:-1, max-image-preview:large, max-video-preview:-1\" \/>\n<link rel=\"canonical\" href=\"https:\/\/www.escalade.pro\/news\/ninja-skills-martin-keller\/\" \/>\n<meta property=\"og:locale\" content=\"fr_FR\" \/>\n<meta property=\"og:type\" content=\"article\" \/>\n<meta property=\"og:title\" content=\"Vid\u00e9o bloc: Martin Keller ouvre &quot;Ninja Skills&quot; en d\u00e9part assis - Grimpisme\" \/>\n<meta property=\"og:description\" content=\"Apr\u00e8s plus de 150 sessions de travail (et oui!), le grimpeur suisse Martin Keller a r\u00e9ussi l\u2019encha\u00eenement de &quot;Ninja Skills&quot; de Nalle Hukkataival.\" \/>\n<meta property=\"og:url\" content=\"https:\/\/www.escalade.pro\/news\/ninja-skills-martin-keller\/\" \/>\n<meta property=\"og:site_name\" content=\"L&#039;Arqu\u00e9e Libre - Fred Vionnet entraineur\/moniteur escalade\" \/>\n<meta property=\"article:publisher\" content=\"https:\/\/www.facebook.com\/grimpisme\/\" \/>\n<meta property=\"article:author\" content=\"https:\/\/www.facebook.com\/fredCaillouXvionnet\" \/>\n<meta property=\"article:published_time\" content=\"2019-05-11T07:39:50+00:00\" \/>\n<meta property=\"og:image\" content=\"https:\/\/www.escalade.pro\/news\/wp-content\/uploads\/2019\/05\/Capture-d\u2019e\u0301cran-2019-05-10-a\u0300-12.59.42.png\" \/>\n\t<meta property=\"og:image:width\" content=\"640\" \/>\n\t<meta property=\"og:image:height\" content=\"362\" \/>\n\t<meta property=\"og:image:type\" content=\"image\/png\" \/>\n<meta name=\"author\" content=\"Fred Vionnet\" \/>\n<meta name=\"twitter:card\" content=\"summary_large_image\" \/>\n<meta name=\"twitter:label1\" content=\"\u00c9crit par\" \/>\n\t<meta name=\"twitter:data1\" content=\"Fred Vionnet\" \/>\n\t<meta name=\"twitter:label2\" content=\"Dur\u00e9e de lecture estim\u00e9e\" \/>\n\t<meta name=\"twitter:data2\" content=\"1 minute\" \/>\n<script type=\"application\/ld+json\" class=\"yoast-schema-graph\">{\"@context\":\"https:\\\/\\\/schema.org\",\"@graph\":[{\"@type\":\"Article\",\"@id\":\"https:\\\/\\\/www.escalade.pro\\\/news\\\/ninja-skills-martin-keller\\\/#article\",\"isPartOf\":{\"@id\":\"https:\\\/\\\/www.escalade.pro\\\/news\\\/ninja-skills-martin-keller\\\/\"},\"author\":{\"name\":\"Fred Vionnet\",\"@id\":\"https:\\\/\\\/www.escalade.pro\\\/news\\\/#\\\/schema\\\/person\\\/e0e0520aa48cfda56ae5406c2fe2caeb\"},\"headline\":\"Vid\u00e9o bloc: Martin Keller ouvre \u00ab\u00a0Ninja Skills\u00a0\u00bb en d\u00e9part assis\",\"datePublished\":\"2019-05-11T07:39:50+00:00\",\"mainEntityOfPage\":{\"@id\":\"https:\\\/\\\/www.escalade.pro\\\/news\\\/ninja-skills-martin-keller\\\/\"},\"wordCount\":149,\"commentCount\":0,\"publisher\":{\"@id\":\"https:\\\/\\\/www.escalade.pro\\\/news\\\/#organization\"},\"image\":{\"@id\":\"https:\\\/\\\/www.escalade.pro\\\/news\\\/ninja-skills-martin-keller\\\/#primaryimage\"},\"thumbnailUrl\":\"https:\\\/\\\/www.escalade.pro\\\/news\\\/wp-content\\\/uploads\\\/2019\\\/05\\\/Capture-d\u2019e\u0301cran-2019-05-10-a\u0300-12.59.42.png\",\"keywords\":[\"bloc\",\"bouldering\",\"escalade\",\"nalle hukkataival\"],\"articleSection\":[\"Escalade\",\"News et actu\",\"Vid\u00e9os\"],\"inLanguage\":\"fr-FR\",\"potentialAction\":[{\"@type\":\"CommentAction\",\"name\":\"Comment\",\"target\":[\"https:\\\/\\\/www.escalade.pro\\\/news\\\/ninja-skills-martin-keller\\\/#respond\"]}]},{\"@type\":\"WebPage\",\"@id\":\"https:\\\/\\\/www.escalade.pro\\\/news\\\/ninja-skills-martin-keller\\\/\",\"url\":\"https:\\\/\\\/www.escalade.pro\\\/news\\\/ninja-skills-martin-keller\\\/\",\"name\":\"Vid\u00e9o bloc: Martin Keller ouvre \\\"Ninja Skills\\\" en d\u00e9part assis - Grimpisme\",\"isPartOf\":{\"@id\":\"https:\\\/\\\/www.escalade.pro\\\/news\\\/#website\"},\"primaryImageOfPage\":{\"@id\":\"https:\\\/\\\/www.escalade.pro\\\/news\\\/ninja-skills-martin-keller\\\/#primaryimage\"},\"image\":{\"@id\":\"https:\\\/\\\/www.escalade.pro\\\/news\\\/ninja-skills-martin-keller\\\/#primaryimage\"},\"thumbnailUrl\":\"https:\\\/\\\/www.escalade.pro\\\/news\\\/wp-content\\\/uploads\\\/2019\\\/05\\\/Capture-d\u2019e\u0301cran-2019-05-10-a\u0300-12.59.42.png\",\"datePublished\":\"2019-05-11T07:39:50+00:00\",\"description\":\"Apr\u00e8s plus de 150 sessions de travail (et oui!), le grimpeur suisse Martin Keller a r\u00e9ussi l\u2019encha\u00eenement de \\\"Ninja Skills\\\" de Nalle Hukkataival.\",\"breadcrumb\":{\"@id\":\"https:\\\/\\\/www.escalade.pro\\\/news\\\/ninja-skills-martin-keller\\\/#breadcrumb\"},\"inLanguage\":\"fr-FR\",\"potentialAction\":[{\"@type\":\"ReadAction\",\"target\":[\"https:\\\/\\\/www.escalade.pro\\\/news\\\/ninja-skills-martin-keller\\\/\"]}]},{\"@type\":\"ImageObject\",\"inLanguage\":\"fr-FR\",\"@id\":\"https:\\\/\\\/www.escalade.pro\\\/news\\\/ninja-skills-martin-keller\\\/#primaryimage\",\"url\":\"https:\\\/\\\/www.escalade.pro\\\/news\\\/wp-content\\\/uploads\\\/2019\\\/05\\\/Capture-d\u2019e\u0301cran-2019-05-10-a\u0300-12.59.42.png\",\"contentUrl\":\"https:\\\/\\\/www.escalade.pro\\\/news\\\/wp-content\\\/uploads\\\/2019\\\/05\\\/Capture-d\u2019e\u0301cran-2019-05-10-a\u0300-12.59.42.png\",\"width\":640,\"height\":362,\"caption\":\"Martin Keller bloc bouldering escalade ninja skills\"},{\"@type\":\"BreadcrumbList\",\"@id\":\"https:\\\/\\\/www.escalade.pro\\\/news\\\/ninja-skills-martin-keller\\\/#breadcrumb\",\"itemListElement\":[{\"@type\":\"ListItem\",\"position\":1,\"name\":\"Accueil\",\"item\":\"https:\\\/\\\/www.escalade.pro\\\/news\\\/\"},{\"@type\":\"ListItem\",\"position\":2,\"name\":\"Vid\u00e9o bloc: Martin Keller ouvre \u00ab\u00a0Ninja Skills\u00a0\u00bb en d\u00e9part assis\"}]},{\"@type\":\"WebSite\",\"@id\":\"https:\\\/\\\/www.escalade.pro\\\/news\\\/#website\",\"url\":\"https:\\\/\\\/www.escalade.pro\\\/news\\\/\",\"name\":\"L&#039;Arqu\u00e9e Libre - Fred Vionnet entraineur\\\/moniteur escalade\",\"description\":\"Coaching et entrainement escalade. Buoux, C\u00e9\u00fcse et Fontainebleau.\",\"publisher\":{\"@id\":\"https:\\\/\\\/www.escalade.pro\\\/news\\\/#organization\"},\"potentialAction\":[{\"@type\":\"SearchAction\",\"target\":{\"@type\":\"EntryPoint\",\"urlTemplate\":\"https:\\\/\\\/www.escalade.pro\\\/news\\\/?s={search_term_string}\"},\"query-input\":{\"@type\":\"PropertyValueSpecification\",\"valueRequired\":true,\"valueName\":\"search_term_string\"}}],\"inLanguage\":\"fr-FR\"},{\"@type\":\"Organization\",\"@id\":\"https:\\\/\\\/www.escalade.pro\\\/news\\\/#organization\",\"name\":\"L&#039;Arqu\u00e9e Libre - Fred Vionnet entraineur\\\/moniteur escalade\",\"url\":\"https:\\\/\\\/www.escalade.pro\\\/news\\\/\",\"logo\":{\"@type\":\"ImageObject\",\"inLanguage\":\"fr-FR\",\"@id\":\"https:\\\/\\\/www.escalade.pro\\\/news\\\/#\\\/schema\\\/logo\\\/image\\\/\",\"url\":\"https:\\\/\\\/www.escalade.pro\\\/news\\\/wp-content\\\/uploads\\\/2026\\\/04\\\/logo-wp-AL-avril-2026-1.jpg\",\"contentUrl\":\"https:\\\/\\\/www.escalade.pro\\\/news\\\/wp-content\\\/uploads\\\/2026\\\/04\\\/logo-wp-AL-avril-2026-1.jpg\",\"width\":1955,\"height\":902,\"caption\":\"L&#039;Arqu\u00e9e Libre - Fred Vionnet entraineur\\\/moniteur escalade\"},\"image\":{\"@id\":\"https:\\\/\\\/www.escalade.pro\\\/news\\\/#\\\/schema\\\/logo\\\/image\\\/\"},\"sameAs\":[\"https:\\\/\\\/www.facebook.com\\\/grimpisme\\\/\",\"https:\\\/\\\/www.instagram.com\\\/grimpisme\\\/\",\"https:\\\/\\\/www.linkedin.com\\\/in\\\/fred-vionnet-6284b96a\\\/\",\"https:\\\/\\\/fr.pinterest.com\\\/grimpisme\\\/\",\"https:\\\/\\\/www.youtube.com\\\/@grimpisme\"]},{\"@type\":\"Person\",\"@id\":\"https:\\\/\\\/www.escalade.pro\\\/news\\\/#\\\/schema\\\/person\\\/e0e0520aa48cfda56ae5406c2fe2caeb\",\"name\":\"Fred Vionnet\",\"image\":{\"@type\":\"ImageObject\",\"inLanguage\":\"fr-FR\",\"@id\":\"https:\\\/\\\/secure.gravatar.com\\\/avatar\\\/a2f6c5fc695da895033dcd95afaa6aeda795d5122ab3a22a03e24aab7f3d96a6?s=96&d=blank&r=g\",\"url\":\"https:\\\/\\\/secure.gravatar.com\\\/avatar\\\/a2f6c5fc695da895033dcd95afaa6aeda795d5122ab3a22a03e24aab7f3d96a6?s=96&d=blank&r=g\",\"contentUrl\":\"https:\\\/\\\/secure.gravatar.com\\\/avatar\\\/a2f6c5fc695da895033dcd95afaa6aeda795d5122ab3a22a03e24aab7f3d96a6?s=96&d=blank&r=g\",\"caption\":\"Fred Vionnet\"},\"description\":\"Coach escalade en Haute Savoie. Pas contre une grande voie non plus. Mais on va \u00e0 C\u00e9\u00fcse, Fontainebleau, Buoux ou encore les Gorges du Verdon quand vous voulez.\",\"sameAs\":[\"http:\\\/\\\/www.grimpisme.com\",\"https:\\\/\\\/www.facebook.com\\\/fredCaillouXvionnet\",\"https:\\\/\\\/www.linkedin.com\\\/profile\\\/preview?vpa=pub&locale=fr_FR\",\"https:\\\/\\\/fr.pinterest.com\\\/grimpisme\\\/\",\"https:\\\/\\\/www.youtube.com\\\/user\\\/grimpisme\",\"https:\\\/\\\/soundcloud.com\\\/fredvionnet\"],\"url\":\"https:\\\/\\\/www.escalade.pro\\\/news\\\/author\\\/fred\\\/\"}]}<\/script>\n<!-- \/ Yoast SEO plugin. -->","yoast_head_json":{"title":"Vid\u00e9o bloc: Martin Keller ouvre \"Ninja Skills\" en d\u00e9part assis - Grimpisme","description":"Apr\u00e8s plus de 150 sessions de travail (et oui!), le grimpeur suisse Martin Keller a r\u00e9ussi l\u2019encha\u00eenement de \"Ninja Skills\" de Nalle Hukkataival.","robots":{"index":"index","follow":"follow","max-snippet":"max-snippet:-1","max-image-preview":"max-image-preview:large","max-video-preview":"max-video-preview:-1"},"canonical":"https:\/\/www.escalade.pro\/news\/ninja-skills-martin-keller\/","og_locale":"fr_FR","og_type":"article","og_title":"Vid\u00e9o bloc: Martin Keller ouvre \"Ninja Skills\" en d\u00e9part assis - Grimpisme","og_description":"Apr\u00e8s plus de 150 sessions de travail (et oui!), le grimpeur suisse Martin Keller a r\u00e9ussi l\u2019encha\u00eenement de \"Ninja Skills\" de Nalle Hukkataival.","og_url":"https:\/\/www.escalade.pro\/news\/ninja-skills-martin-keller\/","og_site_name":"L&#039;Arqu\u00e9e Libre - Fred Vionnet entraineur\/moniteur escalade","article_publisher":"https:\/\/www.facebook.com\/grimpisme\/","article_author":"https:\/\/www.facebook.com\/fredCaillouXvionnet","article_published_time":"2019-05-11T07:39:50+00:00","og_image":[{"width":640,"height":362,"url":"https:\/\/www.escalade.pro\/news\/wp-content\/uploads\/2019\/05\/Capture-d\u2019e\u0301cran-2019-05-10-a\u0300-12.59.42.png","type":"image\/png"}],"author":"Fred Vionnet","twitter_card":"summary_large_image","twitter_misc":{"\u00c9crit par":"Fred Vionnet","Dur\u00e9e de lecture estim\u00e9e":"1 minute"},"schema":{"@context":"https:\/\/schema.org","@graph":[{"@type":"Article","@id":"https:\/\/www.escalade.pro\/news\/ninja-skills-martin-keller\/#article","isPartOf":{"@id":"https:\/\/www.escalade.pro\/news\/ninja-skills-martin-keller\/"},"author":{"name":"Fred Vionnet","@id":"https:\/\/www.escalade.pro\/news\/#\/schema\/person\/e0e0520aa48cfda56ae5406c2fe2caeb"},"headline":"Vid\u00e9o bloc: Martin Keller ouvre \u00ab\u00a0Ninja Skills\u00a0\u00bb en d\u00e9part assis","datePublished":"2019-05-11T07:39:50+00:00","mainEntityOfPage":{"@id":"https:\/\/www.escalade.pro\/news\/ninja-skills-martin-keller\/"},"wordCount":149,"commentCount":0,"publisher":{"@id":"https:\/\/www.escalade.pro\/news\/#organization"},"image":{"@id":"https:\/\/www.escalade.pro\/news\/ninja-skills-martin-keller\/#primaryimage"},"thumbnailUrl":"https:\/\/www.escalade.pro\/news\/wp-content\/uploads\/2019\/05\/Capture-d\u2019e\u0301cran-2019-05-10-a\u0300-12.59.42.png","keywords":["bloc","bouldering","escalade","nalle hukkataival"],"articleSection":["Escalade","News et actu","Vid\u00e9os"],"inLanguage":"fr-FR","potentialAction":[{"@type":"CommentAction","name":"Comment","target":["https:\/\/www.escalade.pro\/news\/ninja-skills-martin-keller\/#respond"]}]},{"@type":"WebPage","@id":"https:\/\/www.escalade.pro\/news\/ninja-skills-martin-keller\/","url":"https:\/\/www.escalade.pro\/news\/ninja-skills-martin-keller\/","name":"Vid\u00e9o bloc: Martin Keller ouvre \"Ninja Skills\" en d\u00e9part assis - Grimpisme","isPartOf":{"@id":"https:\/\/www.escalade.pro\/news\/#website"},"primaryImageOfPage":{"@id":"https:\/\/www.escalade.pro\/news\/ninja-skills-martin-keller\/#primaryimage"},"image":{"@id":"https:\/\/www.escalade.pro\/news\/ninja-skills-martin-keller\/#primaryimage"},"thumbnailUrl":"https:\/\/www.escalade.pro\/news\/wp-content\/uploads\/2019\/05\/Capture-d\u2019e\u0301cran-2019-05-10-a\u0300-12.59.42.png","datePublished":"2019-05-11T07:39:50+00:00","description":"Apr\u00e8s plus de 150 sessions de travail (et oui!), le grimpeur suisse Martin Keller a r\u00e9ussi l\u2019encha\u00eenement de \"Ninja Skills\" de Nalle Hukkataival.","breadcrumb":{"@id":"https:\/\/www.escalade.pro\/news\/ninja-skills-martin-keller\/#breadcrumb"},"inLanguage":"fr-FR","potentialAction":[{"@type":"ReadAction","target":["https:\/\/www.escalade.pro\/news\/ninja-skills-martin-keller\/"]}]},{"@type":"ImageObject","inLanguage":"fr-FR","@id":"https:\/\/www.escalade.pro\/news\/ninja-skills-martin-keller\/#primaryimage","url":"https:\/\/www.escalade.pro\/news\/wp-content\/uploads\/2019\/05\/Capture-d\u2019e\u0301cran-2019-05-10-a\u0300-12.59.42.png","contentUrl":"https:\/\/www.escalade.pro\/news\/wp-content\/uploads\/2019\/05\/Capture-d\u2019e\u0301cran-2019-05-10-a\u0300-12.59.42.png","width":640,"height":362,"caption":"Martin Keller bloc bouldering escalade ninja skills"},{"@type":"BreadcrumbList","@id":"https:\/\/www.escalade.pro\/news\/ninja-skills-martin-keller\/#breadcrumb","itemListElement":[{"@type":"ListItem","position":1,"name":"Accueil","item":"https:\/\/www.escalade.pro\/news\/"},{"@type":"ListItem","position":2,"name":"Vid\u00e9o bloc: Martin Keller ouvre \u00ab\u00a0Ninja Skills\u00a0\u00bb en d\u00e9part assis"}]},{"@type":"WebSite","@id":"https:\/\/www.escalade.pro\/news\/#website","url":"https:\/\/www.escalade.pro\/news\/","name":"L&#039;Arqu\u00e9e Libre - Fred Vionnet entraineur\/moniteur escalade","description":"Coaching et entrainement escalade. Buoux, C\u00e9\u00fcse et Fontainebleau.","publisher":{"@id":"https:\/\/www.escalade.pro\/news\/#organization"},"potentialAction":[{"@type":"SearchAction","target":{"@type":"EntryPoint","urlTemplate":"https:\/\/www.escalade.pro\/news\/?s={search_term_string}"},"query-input":{"@type":"PropertyValueSpecification","valueRequired":true,"valueName":"search_term_string"}}],"inLanguage":"fr-FR"},{"@type":"Organization","@id":"https:\/\/www.escalade.pro\/news\/#organization","name":"L&#039;Arqu\u00e9e Libre - Fred Vionnet entraineur\/moniteur escalade","url":"https:\/\/www.escalade.pro\/news\/","logo":{"@type":"ImageObject","inLanguage":"fr-FR","@id":"https:\/\/www.escalade.pro\/news\/#\/schema\/logo\/image\/","url":"https:\/\/www.escalade.pro\/news\/wp-content\/uploads\/2026\/04\/logo-wp-AL-avril-2026-1.jpg","contentUrl":"https:\/\/www.escalade.pro\/news\/wp-content\/uploads\/2026\/04\/logo-wp-AL-avril-2026-1.jpg","width":1955,"height":902,"caption":"L&#039;Arqu\u00e9e Libre - Fred Vionnet entraineur\/moniteur escalade"},"image":{"@id":"https:\/\/www.escalade.pro\/news\/#\/schema\/logo\/image\/"},"sameAs":["https:\/\/www.facebook.com\/grimpisme\/","https:\/\/www.instagram.com\/grimpisme\/","https:\/\/www.linkedin.com\/in\/fred-vionnet-6284b96a\/","https:\/\/fr.pinterest.com\/grimpisme\/","https:\/\/www.youtube.com\/@grimpisme"]},{"@type":"Person","@id":"https:\/\/www.escalade.pro\/news\/#\/schema\/person\/e0e0520aa48cfda56ae5406c2fe2caeb","name":"Fred Vionnet","image":{"@type":"ImageObject","inLanguage":"fr-FR","@id":"https:\/\/secure.gravatar.com\/avatar\/a2f6c5fc695da895033dcd95afaa6aeda795d5122ab3a22a03e24aab7f3d96a6?s=96&d=blank&r=g","url":"https:\/\/secure.gravatar.com\/avatar\/a2f6c5fc695da895033dcd95afaa6aeda795d5122ab3a22a03e24aab7f3d96a6?s=96&d=blank&r=g","contentUrl":"https:\/\/secure.gravatar.com\/avatar\/a2f6c5fc695da895033dcd95afaa6aeda795d5122ab3a22a03e24aab7f3d96a6?s=96&d=blank&r=g","caption":"Fred Vionnet"},"description":"Coach escalade en Haute Savoie. Pas contre une grande voie non plus. Mais on va \u00e0 C\u00e9\u00fcse, Fontainebleau, Buoux ou encore les Gorges du Verdon quand vous voulez.","sameAs":["http:\/\/www.grimpisme.com","https:\/\/www.facebook.com\/fredCaillouXvionnet","https:\/\/www.linkedin.com\/profile\/preview?vpa=pub&locale=fr_FR","https:\/\/fr.pinterest.com\/grimpisme\/","https:\/\/www.youtube.com\/user\/grimpisme","https:\/\/soundcloud.com\/fredvionnet"],"url":"https:\/\/www.escalade.pro\/news\/author\/fred\/"}]}},"jetpack_publicize_connections":[],"jetpack_featured_media_url":"https:\/\/www.escalade.pro\/news\/wp-content\/uploads\/2019\/05\/Capture-d\u2019e\u0301cran-2019-05-10-a\u0300-12.59.42.png","jetpack_sharing_enabled":true,"jetpack_shortlink":"https:\/\/wp.me\/p68Rw6-4Gd","jetpack-related-posts":[{"id":13205,"url":"https:\/\/www.escalade.pro\/news\/bloc-bugeleisen-sit-jakob-schubert\/","url_meta":{"origin":17993,"position":0},"title":"Vid\u00e9o: Jakob Schubert dans \u00ab\u00a0B\u00fcgeleisen Sit\u00a0\u00bb 8c","author":"Fred Vionnet","date":"26 novembre 2016","format":false,"excerpt":"Voici enfin la vid\u00e9o de Jakob Schubert dans \"B\u00fcgeleisen Sit\", un bloc autrichien en 8c dont il a r\u00e9alis\u00e9 la deuxi\u00e8me ascension en avril 2015. Ce bloc mythique et magnifique a \u00e9t\u00e9 ouvert en 2001 par Klem Loskot avec un d\u00e9part debout pour une cotation en 8b+, avant que Nalle\u2026","rel":"","context":"Dans &quot;Escalade&quot;","block_context":{"text":"Escalade","link":"https:\/\/www.escalade.pro\/news\/category\/escalade\/"},"img":{"alt_text":"","src":"https:\/\/i0.wp.com\/www.escalade.pro\/news\/wp-content\/uploads\/2016\/11\/Capture-d%E2%80%99e%CC%81cran-2016-11-24-a%CC%80-22.10.01.png?resize=350%2C200&ssl=1","width":350,"height":200,"srcset":"https:\/\/i0.wp.com\/www.escalade.pro\/news\/wp-content\/uploads\/2016\/11\/Capture-d%E2%80%99e%CC%81cran-2016-11-24-a%CC%80-22.10.01.png?resize=350%2C200&ssl=1 1x, https:\/\/i0.wp.com\/www.escalade.pro\/news\/wp-content\/uploads\/2016\/11\/Capture-d%E2%80%99e%CC%81cran-2016-11-24-a%CC%80-22.10.01.png?resize=525%2C300&ssl=1 1.5x, https:\/\/i0.wp.com\/www.escalade.pro\/news\/wp-content\/uploads\/2016\/11\/Capture-d%E2%80%99e%CC%81cran-2016-11-24-a%CC%80-22.10.01.png?resize=700%2C400&ssl=1 2x"},"classes":[]},{"id":2581,"url":"https:\/\/www.escalade.pro\/news\/video-nalle-hukkataival-dans-the-bugeleisen-en-depart-assis-8c\/","url_meta":{"origin":17993,"position":1},"title":"Video: Nalle Hukkataival On The B\u00fcgeleisen Sit Start 8C (+)Vid\u00e9o: Nalle Hukkataival dans The B\u00fcgeleisen en d\u00e9part assis 8C (+)","author":"Fred Vionnet","date":"21 juillet 2014","format":false,"excerpt":"Klem Loskot's masterpiece, The B\u00fcgeleisen Sit Start has long been one of the most coveted boulder problems in the world. With only two ascents on the standing start and none on the sit start, the line has one of the most legitimate claims at the hallowed V16\/8C+ rating and has\u2026","rel":"","context":"Dans &quot;Escalade&quot;","block_context":{"text":"Escalade","link":"https:\/\/www.escalade.pro\/news\/category\/escalade\/"},"img":{"alt_text":"","src":"","width":0,"height":0},"classes":[]},{"id":2263,"url":"https:\/\/www.escalade.pro\/news\/nalle-hukkataival-enchaine-silbergeier\/","url_meta":{"origin":17993,"position":2},"title":"Nalle Hukkataival sends SilbergeierNalle Hukkataival encha\u00eene Silbergeier","author":"Fred Vionnet","date":"23 juin 2014","format":false,"excerpt":"The great boulderer Nalle Hukkataival sent on june 21st the mulipitches route (240m, 8b, 7c+, 8a+, 7a+, 8b\/+, 7c+, R\u00e4tikon, Switzerland). He only needed 3 days to check the pitches before sending. Looking forward to the video! See Baraka Flims video with Nina Caprez and Cedric Lachat to wait for\u2026","rel":"","context":"Dans &quot;Escalade&quot;","block_context":{"text":"Escalade","link":"https:\/\/www.escalade.pro\/news\/category\/escalade\/"},"img":{"alt_text":"Nalle Hukkataival encha\u00eene Silbergeier","src":"https:\/\/i0.wp.com\/www.escalade.pro\/news\/wp-content\/uploads\/2014\/06\/241585-300x167.jpg?resize=350%2C200","width":350,"height":200},"classes":[]},{"id":13055,"url":"https:\/\/www.escalade.pro\/news\/lappnor-project-nalle-hukkataival\/","url_meta":{"origin":17993,"position":3},"title":"Le premier 9a bloc?","author":"Fred Vionnet","date":"24 octobre 2016","format":false,"excerpt":"Sacr\u00e9e news \u00e0 partager ce soir, Nalle Hukkataival annonce sur sa page Facebook qu'il vient enfin de r\u00e9ussir, apr\u00e8s 4 ans de travail (en sessions automnales principalement), son fameux \"lappnor project\"! Ce mur \u00e0 gainage et r\u00e9glettes inf\u00e2mes est d\u00e9sormais nomm\u00e9 \"Burden of Dreams\". Nalle ose avancer la cotation de\u2026","rel":"","context":"Dans &quot;Escalade&quot;","block_context":{"text":"Escalade","link":"https:\/\/www.escalade.pro\/news\/category\/escalade\/"},"img":{"alt_text":"","src":"https:\/\/i0.wp.com\/www.escalade.pro\/news\/wp-content\/uploads\/2016\/10\/lappnor_project.jpg?resize=350%2C200&ssl=1","width":350,"height":200},"classes":[]},{"id":18020,"url":"https:\/\/www.escalade.pro\/news\/video-highballs-rocklands\/","url_meta":{"origin":17993,"position":4},"title":"Vid\u00e9o bloc: highballs \u00ab\u00a0Pretty Tall\u00a0\u00bb \u00e0 Rocklands","author":"Fred Vionnet","date":"12 juin 2019","format":false,"excerpt":"Durant l'\u00e9t\u00e9 2018, un Giuliano Cameroni pas trop en forme ouvre \"The Smile\" (8c). Le jet\u00e9 final est impressionnant. Quand \u00e0 Shawn Raboutou et Daniel Woods, ils r\u00e9p\u00e8tent \"The Finnish Line\" (8c) de Nalle Hukkataival.","rel":"","context":"Dans &quot;Escalade&quot;","block_context":{"text":"Escalade","link":"https:\/\/www.escalade.pro\/news\/category\/escalade\/"},"img":{"alt_text":"Vid\u00e9o bloc: highballs \"Pretty Tall\" \u00e0 Rocklands, Daniel Woods, Shawn Raboutou, Giuliano Cameroni","src":"https:\/\/i0.wp.com\/www.escalade.pro\/news\/wp-content\/uploads\/2019\/06\/bloc-higballs_rocklands.jpg?resize=350%2C200&ssl=1","width":350,"height":200,"srcset":"https:\/\/i0.wp.com\/www.escalade.pro\/news\/wp-content\/uploads\/2019\/06\/bloc-higballs_rocklands.jpg?resize=350%2C200&ssl=1 1x, https:\/\/i0.wp.com\/www.escalade.pro\/news\/wp-content\/uploads\/2019\/06\/bloc-higballs_rocklands.jpg?resize=525%2C300&ssl=1 1.5x, https:\/\/i0.wp.com\/www.escalade.pro\/news\/wp-content\/uploads\/2019\/06\/bloc-higballs_rocklands.jpg?resize=700%2C400&ssl=1 2x"},"classes":[]},{"id":4568,"url":"https:\/\/www.escalade.pro\/news\/video-nalle-hukkataival-alchimiste\/","url_meta":{"origin":17993,"position":5},"title":"Video: Nalle Hukkataival Sends L&rsquo;alchimisteVid\u00e9o: Nalle Hukkataival dans L&rsquo;alchimiste!","author":"Fred Vionnet","date":"17 mars 2015","format":false,"excerpt":"Nalle Hukkataival a \u00e9crit une nouvelle page de l'histoire bleausarde en r\u00e9-ouvrant l'Alchimiste de Marc Le Menestrel (ouvert en 1996, la prise cl\u00e9 fut vandalis\u00e9e peu apr\u00e8s). Nalle a vraiment lutt\u00e9 et a intelligemment chang\u00e9 sa m\u00e9thode du crux apr\u00e8s de dizaines de chutes dans cette relance main gauche. Pas\u2026","rel":"","context":"Dans &quot;Escalade&quot;","block_context":{"text":"Escalade","link":"https:\/\/www.escalade.pro\/news\/category\/escalade\/"},"img":{"alt_text":"","src":"","width":0,"height":0},"classes":[]}],"_links":{"self":[{"href":"https:\/\/www.escalade.pro\/news\/wp-json\/wp\/v2\/posts\/17993","targetHints":{"allow":["GET"]}}],"collection":[{"href":"https:\/\/www.escalade.pro\/news\/wp-json\/wp\/v2\/posts"}],"about":[{"href":"https:\/\/www.escalade.pro\/news\/wp-json\/wp\/v2\/types\/post"}],"author":[{"embeddable":true,"href":"https:\/\/www.escalade.pro\/news\/wp-json\/wp\/v2\/users\/1"}],"replies":[{"embeddable":true,"href":"https:\/\/www.escalade.pro\/news\/wp-json\/wp\/v2\/comments?post=17993"}],"version-history":[{"count":6,"href":"https:\/\/www.escalade.pro\/news\/wp-json\/wp\/v2\/posts\/17993\/revisions"}],"predecessor-version":[{"id":18000,"href":"https:\/\/www.escalade.pro\/news\/wp-json\/wp\/v2\/posts\/17993\/revisions\/18000"}],"wp:featuredmedia":[{"embeddable":true,"href":"https:\/\/www.escalade.pro\/news\/wp-json\/wp\/v2\/media\/17996"}],"wp:attachment":[{"href":"https:\/\/www.escalade.pro\/news\/wp-json\/wp\/v2\/media?parent=17993"}],"wp:term":[{"taxonomy":"category","embeddable":true,"href":"https:\/\/www.escalade.pro\/news\/wp-json\/wp\/v2\/categories?post=17993"},{"taxonomy":"post_tag","embeddable":true,"href":"https:\/\/www.escalade.pro\/news\/wp-json\/wp\/v2\/tags?post=17993"}],"curies":[{"name":"wp","href":"https:\/\/api.w.org\/{rel}","templated":true}]}}