{"id":17925,"date":"2019-04-09T11:55:31","date_gmt":"2019-04-09T09:55:31","guid":{"rendered":"https:\/\/www.escalade.pro\/news\/?p=17925"},"modified":"2022-08-23T16:51:22","modified_gmt":"2022-08-23T14:51:22","slug":"video-jimmy-webb-ephyra","status":"publish","type":"post","link":"https:\/\/www.escalade.pro\/news\/video-jimmy-webb-ephyra\/","title":{"rendered":"Video bloc : Jimmy Webb ouvre \u00ab\u00a0Ephyra\u00a0\u00bb (8c+)"},"content":{"rendered":"<p>Jimmy Webb <a href=\"https:\/\/www.escalade.pro\/news\/video-bloc-jimmy-webb-sleepwalker\/\">encore<\/a>, cette fois ci pour lib\u00e9rer un vieux projet \u00e0 droite du mythique \u00ab\u00a0<a href=\"https:\/\/www.youtube.com\/watch?v=79LUlMmZ4tA\" rel=\"noopener noreferrer\" target=\"_blank\">From dirt grows the flowers<\/a>\u00a0\u00bb de Dave Graham (Chironico). Cotation annonc\u00e9e \u00e0 8c+ pour \u00ab\u00a0Ephyra\u00a0\u00bb, de chien si c&rsquo;est classe et puissant!<\/p>\n<p><iframe loading=\"lazy\" width=\"560\" height=\"315\" src=\"https:\/\/www.youtube.com\/embed\/W5HjTGwqero\" frameborder=\"0\" allow=\"accelerometer; autoplay; encrypted-media; gyroscope; picture-in-picture\" allowfullscreen><\/iframe><\/p>\n","protected":false},"excerpt":{"rendered":"<p>Jimmy Webb encore, cette fois ci pour lib\u00e9rer un vieux projet de Chironico. Cotation annonc\u00e9e \u00e0 8c+ pour \u201cEphyra\u201d, de chien si c\u2019est classe et puissant!<\/p>\n","protected":false},"author":1,"featured_media":17924,"comment_status":"open","ping_status":"open","sticky":false,"template":"","format":"standard","meta":{"colormag_page_container_layout":"default_layout","colormag_page_sidebar_layout":"default_layout","_monsterinsights_skip_tracking":false,"_monsterinsights_sitenote_active":false,"_monsterinsights_sitenote_note":"","_monsterinsights_sitenote_category":0,"ngg_post_thumbnail":0,"jetpack_post_was_ever_published":false,"_jetpack_newsletter_access":"","_jetpack_dont_email_post_to_subs":false,"_jetpack_newsletter_tier_id":0,"_jetpack_memberships_contains_paywalled_content":false,"_jetpack_memberships_contains_paid_content":false,"footnotes":"","jetpack_publicize_message":"","jetpack_publicize_feature_enabled":true,"jetpack_social_post_already_shared":true,"jetpack_social_options":{"image_generator_settings":{"template":"highway","default_image_id":0,"font":"","enabled":false},"version":2}},"categories":[4,1,7],"tags":[32,17,44,156,29],"class_list":["post-17925","post","type-post","status-publish","format-standard","has-post-thumbnail","hentry","category-escalade","category-news","category-videos","tag-bloc","tag-escalade","tag-jimmy-webb","tag-mellow","tag-video"],"yoast_head":"<!-- This site is optimized with the Yoast SEO plugin v27.4 - https:\/\/yoast.com\/product\/yoast-seo-wordpress\/ -->\n<title>Video bloc : Jimmy Webb ouvre &quot;Ephyra&quot; (8c+) - Grimpisme<\/title>\n<meta name=\"description\" content=\"Jimmy Webb encore, cette fois ci pour lib\u00e9rer un vieux projet de Chironico. Cotation annonc\u00e9e \u00e0 8c+ pour \u201cEphyra\u201d, de chien si c\u2019est classe et puissant!\" \/>\n<meta name=\"robots\" content=\"index, follow, max-snippet:-1, max-image-preview:large, max-video-preview:-1\" \/>\n<link rel=\"canonical\" href=\"https:\/\/www.escalade.pro\/news\/video-jimmy-webb-ephyra\/\" \/>\n<meta property=\"og:locale\" content=\"fr_FR\" \/>\n<meta property=\"og:type\" content=\"article\" \/>\n<meta property=\"og:title\" content=\"Video bloc : Jimmy Webb ouvre &quot;Ephyra&quot; (8c+) - Grimpisme\" \/>\n<meta property=\"og:description\" content=\"Jimmy Webb encore, cette fois ci pour lib\u00e9rer un vieux projet de Chironico. Cotation annonc\u00e9e \u00e0 8c+ pour \u201cEphyra\u201d, de chien si c\u2019est classe et puissant!\" \/>\n<meta property=\"og:url\" content=\"https:\/\/www.escalade.pro\/news\/video-jimmy-webb-ephyra\/\" \/>\n<meta property=\"og:site_name\" content=\"L&#039;Arqu\u00e9e Libre - Fred Vionnet entraineur\/moniteur escalade\" \/>\n<meta property=\"article:publisher\" content=\"https:\/\/www.facebook.com\/grimpisme\/\" \/>\n<meta property=\"article:author\" content=\"https:\/\/www.facebook.com\/fredCaillouXvionnet\" \/>\n<meta property=\"article:published_time\" content=\"2019-04-09T09:55:31+00:00\" \/>\n<meta property=\"article:modified_time\" content=\"2022-08-23T14:51:22+00:00\" \/>\n<meta property=\"og:image\" content=\"https:\/\/www.escalade.pro\/news\/wp-content\/uploads\/2019\/04\/jimmy-webb.png\" \/>\n\t<meta property=\"og:image:width\" content=\"691\" \/>\n\t<meta property=\"og:image:height\" content=\"656\" \/>\n\t<meta property=\"og:image:type\" content=\"image\/png\" \/>\n<meta name=\"author\" content=\"Fred Vionnet\" \/>\n<meta name=\"twitter:card\" content=\"summary_large_image\" \/>\n<meta name=\"twitter:label1\" content=\"\u00c9crit par\" \/>\n\t<meta name=\"twitter:data1\" content=\"Fred Vionnet\" \/>\n<script type=\"application\/ld+json\" class=\"yoast-schema-graph\">{\"@context\":\"https:\\\/\\\/schema.org\",\"@graph\":[{\"@type\":\"Article\",\"@id\":\"https:\\\/\\\/www.escalade.pro\\\/news\\\/video-jimmy-webb-ephyra\\\/#article\",\"isPartOf\":{\"@id\":\"https:\\\/\\\/www.escalade.pro\\\/news\\\/video-jimmy-webb-ephyra\\\/\"},\"author\":{\"name\":\"Fred Vionnet\",\"@id\":\"https:\\\/\\\/www.escalade.pro\\\/news\\\/#\\\/schema\\\/person\\\/e0e0520aa48cfda56ae5406c2fe2caeb\"},\"headline\":\"Video bloc : Jimmy Webb ouvre \u00ab\u00a0Ephyra\u00a0\u00bb (8c+)\",\"datePublished\":\"2019-04-09T09:55:31+00:00\",\"dateModified\":\"2022-08-23T14:51:22+00:00\",\"mainEntityOfPage\":{\"@id\":\"https:\\\/\\\/www.escalade.pro\\\/news\\\/video-jimmy-webb-ephyra\\\/\"},\"wordCount\":44,\"commentCount\":0,\"publisher\":{\"@id\":\"https:\\\/\\\/www.escalade.pro\\\/news\\\/#organization\"},\"image\":{\"@id\":\"https:\\\/\\\/www.escalade.pro\\\/news\\\/video-jimmy-webb-ephyra\\\/#primaryimage\"},\"thumbnailUrl\":\"https:\\\/\\\/www.escalade.pro\\\/news\\\/wp-content\\\/uploads\\\/2019\\\/04\\\/jimmy-webb.png\",\"keywords\":[\"bloc\",\"escalade\",\"jimmy webb\",\"mellow\",\"video\"],\"articleSection\":[\"Escalade\",\"News et actu\",\"Vid\u00e9os\"],\"inLanguage\":\"fr-FR\",\"potentialAction\":[{\"@type\":\"CommentAction\",\"name\":\"Comment\",\"target\":[\"https:\\\/\\\/www.escalade.pro\\\/news\\\/video-jimmy-webb-ephyra\\\/#respond\"]}]},{\"@type\":\"WebPage\",\"@id\":\"https:\\\/\\\/www.escalade.pro\\\/news\\\/video-jimmy-webb-ephyra\\\/\",\"url\":\"https:\\\/\\\/www.escalade.pro\\\/news\\\/video-jimmy-webb-ephyra\\\/\",\"name\":\"Video bloc : Jimmy Webb ouvre \\\"Ephyra\\\" (8c+) - Grimpisme\",\"isPartOf\":{\"@id\":\"https:\\\/\\\/www.escalade.pro\\\/news\\\/#website\"},\"primaryImageOfPage\":{\"@id\":\"https:\\\/\\\/www.escalade.pro\\\/news\\\/video-jimmy-webb-ephyra\\\/#primaryimage\"},\"image\":{\"@id\":\"https:\\\/\\\/www.escalade.pro\\\/news\\\/video-jimmy-webb-ephyra\\\/#primaryimage\"},\"thumbnailUrl\":\"https:\\\/\\\/www.escalade.pro\\\/news\\\/wp-content\\\/uploads\\\/2019\\\/04\\\/jimmy-webb.png\",\"datePublished\":\"2019-04-09T09:55:31+00:00\",\"dateModified\":\"2022-08-23T14:51:22+00:00\",\"description\":\"Jimmy Webb encore, cette fois ci pour lib\u00e9rer un vieux projet de Chironico. Cotation annonc\u00e9e \u00e0 8c+ pour \u201cEphyra\u201d, de chien si c\u2019est classe et puissant!\",\"breadcrumb\":{\"@id\":\"https:\\\/\\\/www.escalade.pro\\\/news\\\/video-jimmy-webb-ephyra\\\/#breadcrumb\"},\"inLanguage\":\"fr-FR\",\"potentialAction\":[{\"@type\":\"ReadAction\",\"target\":[\"https:\\\/\\\/www.escalade.pro\\\/news\\\/video-jimmy-webb-ephyra\\\/\"]}]},{\"@type\":\"ImageObject\",\"inLanguage\":\"fr-FR\",\"@id\":\"https:\\\/\\\/www.escalade.pro\\\/news\\\/video-jimmy-webb-ephyra\\\/#primaryimage\",\"url\":\"https:\\\/\\\/www.escalade.pro\\\/news\\\/wp-content\\\/uploads\\\/2019\\\/04\\\/jimmy-webb.png\",\"contentUrl\":\"https:\\\/\\\/www.escalade.pro\\\/news\\\/wp-content\\\/uploads\\\/2019\\\/04\\\/jimmy-webb.png\",\"width\":691,\"height\":656,\"caption\":\"Video bloc escalade, Jimmy Webb, Ephyra, 8C+\"},{\"@type\":\"BreadcrumbList\",\"@id\":\"https:\\\/\\\/www.escalade.pro\\\/news\\\/video-jimmy-webb-ephyra\\\/#breadcrumb\",\"itemListElement\":[{\"@type\":\"ListItem\",\"position\":1,\"name\":\"Accueil\",\"item\":\"https:\\\/\\\/www.escalade.pro\\\/news\\\/\"},{\"@type\":\"ListItem\",\"position\":2,\"name\":\"Video bloc : Jimmy Webb ouvre \u00ab\u00a0Ephyra\u00a0\u00bb (8c+)\"}]},{\"@type\":\"WebSite\",\"@id\":\"https:\\\/\\\/www.escalade.pro\\\/news\\\/#website\",\"url\":\"https:\\\/\\\/www.escalade.pro\\\/news\\\/\",\"name\":\"L&#039;Arqu\u00e9e Libre - Fred Vionnet entraineur\\\/moniteur escalade\",\"description\":\"Coaching et entrainement escalade. Buoux, C\u00e9\u00fcse et Fontainebleau.\",\"publisher\":{\"@id\":\"https:\\\/\\\/www.escalade.pro\\\/news\\\/#organization\"},\"potentialAction\":[{\"@type\":\"SearchAction\",\"target\":{\"@type\":\"EntryPoint\",\"urlTemplate\":\"https:\\\/\\\/www.escalade.pro\\\/news\\\/?s={search_term_string}\"},\"query-input\":{\"@type\":\"PropertyValueSpecification\",\"valueRequired\":true,\"valueName\":\"search_term_string\"}}],\"inLanguage\":\"fr-FR\"},{\"@type\":\"Organization\",\"@id\":\"https:\\\/\\\/www.escalade.pro\\\/news\\\/#organization\",\"name\":\"L&#039;Arqu\u00e9e Libre - Fred Vionnet entraineur\\\/moniteur escalade\",\"url\":\"https:\\\/\\\/www.escalade.pro\\\/news\\\/\",\"logo\":{\"@type\":\"ImageObject\",\"inLanguage\":\"fr-FR\",\"@id\":\"https:\\\/\\\/www.escalade.pro\\\/news\\\/#\\\/schema\\\/logo\\\/image\\\/\",\"url\":\"https:\\\/\\\/www.escalade.pro\\\/news\\\/wp-content\\\/uploads\\\/2026\\\/04\\\/logo-wp-AL-avril-2026-1.jpg\",\"contentUrl\":\"https:\\\/\\\/www.escalade.pro\\\/news\\\/wp-content\\\/uploads\\\/2026\\\/04\\\/logo-wp-AL-avril-2026-1.jpg\",\"width\":1955,\"height\":902,\"caption\":\"L&#039;Arqu\u00e9e Libre - Fred Vionnet entraineur\\\/moniteur escalade\"},\"image\":{\"@id\":\"https:\\\/\\\/www.escalade.pro\\\/news\\\/#\\\/schema\\\/logo\\\/image\\\/\"},\"sameAs\":[\"https:\\\/\\\/www.facebook.com\\\/grimpisme\\\/\",\"https:\\\/\\\/www.instagram.com\\\/grimpisme\\\/\",\"https:\\\/\\\/www.linkedin.com\\\/in\\\/fred-vionnet-6284b96a\\\/\",\"https:\\\/\\\/fr.pinterest.com\\\/grimpisme\\\/\",\"https:\\\/\\\/www.youtube.com\\\/@grimpisme\"]},{\"@type\":\"Person\",\"@id\":\"https:\\\/\\\/www.escalade.pro\\\/news\\\/#\\\/schema\\\/person\\\/e0e0520aa48cfda56ae5406c2fe2caeb\",\"name\":\"Fred Vionnet\",\"image\":{\"@type\":\"ImageObject\",\"inLanguage\":\"fr-FR\",\"@id\":\"https:\\\/\\\/secure.gravatar.com\\\/avatar\\\/a2f6c5fc695da895033dcd95afaa6aeda795d5122ab3a22a03e24aab7f3d96a6?s=96&d=blank&r=g\",\"url\":\"https:\\\/\\\/secure.gravatar.com\\\/avatar\\\/a2f6c5fc695da895033dcd95afaa6aeda795d5122ab3a22a03e24aab7f3d96a6?s=96&d=blank&r=g\",\"contentUrl\":\"https:\\\/\\\/secure.gravatar.com\\\/avatar\\\/a2f6c5fc695da895033dcd95afaa6aeda795d5122ab3a22a03e24aab7f3d96a6?s=96&d=blank&r=g\",\"caption\":\"Fred Vionnet\"},\"description\":\"Coach escalade en Haute Savoie. Pas contre une grande voie non plus. Mais on va \u00e0 C\u00e9\u00fcse, Fontainebleau, Buoux ou encore les Gorges du Verdon quand vous voulez.\",\"sameAs\":[\"http:\\\/\\\/www.grimpisme.com\",\"https:\\\/\\\/www.facebook.com\\\/fredCaillouXvionnet\",\"https:\\\/\\\/www.linkedin.com\\\/profile\\\/preview?vpa=pub&locale=fr_FR\",\"https:\\\/\\\/fr.pinterest.com\\\/grimpisme\\\/\",\"https:\\\/\\\/www.youtube.com\\\/user\\\/grimpisme\",\"https:\\\/\\\/soundcloud.com\\\/fredvionnet\"],\"url\":\"https:\\\/\\\/www.escalade.pro\\\/news\\\/author\\\/fred\\\/\"}]}<\/script>\n<!-- \/ Yoast SEO plugin. -->","yoast_head_json":{"title":"Video bloc : Jimmy Webb ouvre \"Ephyra\" (8c+) - Grimpisme","description":"Jimmy Webb encore, cette fois ci pour lib\u00e9rer un vieux projet de Chironico. Cotation annonc\u00e9e \u00e0 8c+ pour \u201cEphyra\u201d, de chien si c\u2019est classe et puissant!","robots":{"index":"index","follow":"follow","max-snippet":"max-snippet:-1","max-image-preview":"max-image-preview:large","max-video-preview":"max-video-preview:-1"},"canonical":"https:\/\/www.escalade.pro\/news\/video-jimmy-webb-ephyra\/","og_locale":"fr_FR","og_type":"article","og_title":"Video bloc : Jimmy Webb ouvre \"Ephyra\" (8c+) - Grimpisme","og_description":"Jimmy Webb encore, cette fois ci pour lib\u00e9rer un vieux projet de Chironico. Cotation annonc\u00e9e \u00e0 8c+ pour \u201cEphyra\u201d, de chien si c\u2019est classe et puissant!","og_url":"https:\/\/www.escalade.pro\/news\/video-jimmy-webb-ephyra\/","og_site_name":"L&#039;Arqu\u00e9e Libre - Fred Vionnet entraineur\/moniteur escalade","article_publisher":"https:\/\/www.facebook.com\/grimpisme\/","article_author":"https:\/\/www.facebook.com\/fredCaillouXvionnet","article_published_time":"2019-04-09T09:55:31+00:00","article_modified_time":"2022-08-23T14:51:22+00:00","og_image":[{"width":691,"height":656,"url":"https:\/\/www.escalade.pro\/news\/wp-content\/uploads\/2019\/04\/jimmy-webb.png","type":"image\/png"}],"author":"Fred Vionnet","twitter_card":"summary_large_image","twitter_misc":{"\u00c9crit par":"Fred Vionnet"},"schema":{"@context":"https:\/\/schema.org","@graph":[{"@type":"Article","@id":"https:\/\/www.escalade.pro\/news\/video-jimmy-webb-ephyra\/#article","isPartOf":{"@id":"https:\/\/www.escalade.pro\/news\/video-jimmy-webb-ephyra\/"},"author":{"name":"Fred Vionnet","@id":"https:\/\/www.escalade.pro\/news\/#\/schema\/person\/e0e0520aa48cfda56ae5406c2fe2caeb"},"headline":"Video bloc : Jimmy Webb ouvre \u00ab\u00a0Ephyra\u00a0\u00bb (8c+)","datePublished":"2019-04-09T09:55:31+00:00","dateModified":"2022-08-23T14:51:22+00:00","mainEntityOfPage":{"@id":"https:\/\/www.escalade.pro\/news\/video-jimmy-webb-ephyra\/"},"wordCount":44,"commentCount":0,"publisher":{"@id":"https:\/\/www.escalade.pro\/news\/#organization"},"image":{"@id":"https:\/\/www.escalade.pro\/news\/video-jimmy-webb-ephyra\/#primaryimage"},"thumbnailUrl":"https:\/\/www.escalade.pro\/news\/wp-content\/uploads\/2019\/04\/jimmy-webb.png","keywords":["bloc","escalade","jimmy webb","mellow","video"],"articleSection":["Escalade","News et actu","Vid\u00e9os"],"inLanguage":"fr-FR","potentialAction":[{"@type":"CommentAction","name":"Comment","target":["https:\/\/www.escalade.pro\/news\/video-jimmy-webb-ephyra\/#respond"]}]},{"@type":"WebPage","@id":"https:\/\/www.escalade.pro\/news\/video-jimmy-webb-ephyra\/","url":"https:\/\/www.escalade.pro\/news\/video-jimmy-webb-ephyra\/","name":"Video bloc : Jimmy Webb ouvre \"Ephyra\" (8c+) - Grimpisme","isPartOf":{"@id":"https:\/\/www.escalade.pro\/news\/#website"},"primaryImageOfPage":{"@id":"https:\/\/www.escalade.pro\/news\/video-jimmy-webb-ephyra\/#primaryimage"},"image":{"@id":"https:\/\/www.escalade.pro\/news\/video-jimmy-webb-ephyra\/#primaryimage"},"thumbnailUrl":"https:\/\/www.escalade.pro\/news\/wp-content\/uploads\/2019\/04\/jimmy-webb.png","datePublished":"2019-04-09T09:55:31+00:00","dateModified":"2022-08-23T14:51:22+00:00","description":"Jimmy Webb encore, cette fois ci pour lib\u00e9rer un vieux projet de Chironico. Cotation annonc\u00e9e \u00e0 8c+ pour \u201cEphyra\u201d, de chien si c\u2019est classe et puissant!","breadcrumb":{"@id":"https:\/\/www.escalade.pro\/news\/video-jimmy-webb-ephyra\/#breadcrumb"},"inLanguage":"fr-FR","potentialAction":[{"@type":"ReadAction","target":["https:\/\/www.escalade.pro\/news\/video-jimmy-webb-ephyra\/"]}]},{"@type":"ImageObject","inLanguage":"fr-FR","@id":"https:\/\/www.escalade.pro\/news\/video-jimmy-webb-ephyra\/#primaryimage","url":"https:\/\/www.escalade.pro\/news\/wp-content\/uploads\/2019\/04\/jimmy-webb.png","contentUrl":"https:\/\/www.escalade.pro\/news\/wp-content\/uploads\/2019\/04\/jimmy-webb.png","width":691,"height":656,"caption":"Video bloc escalade, Jimmy Webb, Ephyra, 8C+"},{"@type":"BreadcrumbList","@id":"https:\/\/www.escalade.pro\/news\/video-jimmy-webb-ephyra\/#breadcrumb","itemListElement":[{"@type":"ListItem","position":1,"name":"Accueil","item":"https:\/\/www.escalade.pro\/news\/"},{"@type":"ListItem","position":2,"name":"Video bloc : Jimmy Webb ouvre \u00ab\u00a0Ephyra\u00a0\u00bb (8c+)"}]},{"@type":"WebSite","@id":"https:\/\/www.escalade.pro\/news\/#website","url":"https:\/\/www.escalade.pro\/news\/","name":"L&#039;Arqu\u00e9e Libre - Fred Vionnet entraineur\/moniteur escalade","description":"Coaching et entrainement escalade. Buoux, C\u00e9\u00fcse et Fontainebleau.","publisher":{"@id":"https:\/\/www.escalade.pro\/news\/#organization"},"potentialAction":[{"@type":"SearchAction","target":{"@type":"EntryPoint","urlTemplate":"https:\/\/www.escalade.pro\/news\/?s={search_term_string}"},"query-input":{"@type":"PropertyValueSpecification","valueRequired":true,"valueName":"search_term_string"}}],"inLanguage":"fr-FR"},{"@type":"Organization","@id":"https:\/\/www.escalade.pro\/news\/#organization","name":"L&#039;Arqu\u00e9e Libre - Fred Vionnet entraineur\/moniteur escalade","url":"https:\/\/www.escalade.pro\/news\/","logo":{"@type":"ImageObject","inLanguage":"fr-FR","@id":"https:\/\/www.escalade.pro\/news\/#\/schema\/logo\/image\/","url":"https:\/\/www.escalade.pro\/news\/wp-content\/uploads\/2026\/04\/logo-wp-AL-avril-2026-1.jpg","contentUrl":"https:\/\/www.escalade.pro\/news\/wp-content\/uploads\/2026\/04\/logo-wp-AL-avril-2026-1.jpg","width":1955,"height":902,"caption":"L&#039;Arqu\u00e9e Libre - Fred Vionnet entraineur\/moniteur escalade"},"image":{"@id":"https:\/\/www.escalade.pro\/news\/#\/schema\/logo\/image\/"},"sameAs":["https:\/\/www.facebook.com\/grimpisme\/","https:\/\/www.instagram.com\/grimpisme\/","https:\/\/www.linkedin.com\/in\/fred-vionnet-6284b96a\/","https:\/\/fr.pinterest.com\/grimpisme\/","https:\/\/www.youtube.com\/@grimpisme"]},{"@type":"Person","@id":"https:\/\/www.escalade.pro\/news\/#\/schema\/person\/e0e0520aa48cfda56ae5406c2fe2caeb","name":"Fred Vionnet","image":{"@type":"ImageObject","inLanguage":"fr-FR","@id":"https:\/\/secure.gravatar.com\/avatar\/a2f6c5fc695da895033dcd95afaa6aeda795d5122ab3a22a03e24aab7f3d96a6?s=96&d=blank&r=g","url":"https:\/\/secure.gravatar.com\/avatar\/a2f6c5fc695da895033dcd95afaa6aeda795d5122ab3a22a03e24aab7f3d96a6?s=96&d=blank&r=g","contentUrl":"https:\/\/secure.gravatar.com\/avatar\/a2f6c5fc695da895033dcd95afaa6aeda795d5122ab3a22a03e24aab7f3d96a6?s=96&d=blank&r=g","caption":"Fred Vionnet"},"description":"Coach escalade en Haute Savoie. Pas contre une grande voie non plus. Mais on va \u00e0 C\u00e9\u00fcse, Fontainebleau, Buoux ou encore les Gorges du Verdon quand vous voulez.","sameAs":["http:\/\/www.grimpisme.com","https:\/\/www.facebook.com\/fredCaillouXvionnet","https:\/\/www.linkedin.com\/profile\/preview?vpa=pub&locale=fr_FR","https:\/\/fr.pinterest.com\/grimpisme\/","https:\/\/www.youtube.com\/user\/grimpisme","https:\/\/soundcloud.com\/fredvionnet"],"url":"https:\/\/www.escalade.pro\/news\/author\/fred\/"}]}},"jetpack_publicize_connections":[],"jetpack_featured_media_url":"https:\/\/www.escalade.pro\/news\/wp-content\/uploads\/2019\/04\/jimmy-webb.png","jetpack_sharing_enabled":true,"jetpack_shortlink":"https:\/\/wp.me\/p68Rw6-4F7","jetpack-related-posts":[{"id":22120,"url":"https:\/\/www.escalade.pro\/news\/video-alphane-9a-bloc-shawn-raboutou\/","url_meta":{"origin":17925,"position":0},"title":"Vid\u00e9o : \u00ab\u00a0Alphane\u00a0\u00bb 9a bloc par Shawn Raboutou","author":"Fred Vionnet","date":"23 ao\u00fbt 2022","format":false,"excerpt":"MERCI Shawn Raboutou de nous prouver qu\u2019une pratique pas imm\u00e9diatement instagram\u00e9e est encore possible!","rel":"","context":"Dans &quot;Escalade&quot;","block_context":{"text":"Escalade","link":"https:\/\/www.escalade.pro\/news\/category\/escalade\/"},"img":{"alt_text":"escalade bloc shawn raboutou","src":"https:\/\/i0.wp.com\/www.escalade.pro\/news\/wp-content\/uploads\/2022\/08\/shawn-raboutou.jpg?resize=350%2C200&ssl=1","width":350,"height":200,"srcset":"https:\/\/i0.wp.com\/www.escalade.pro\/news\/wp-content\/uploads\/2022\/08\/shawn-raboutou.jpg?resize=350%2C200&ssl=1 1x, https:\/\/i0.wp.com\/www.escalade.pro\/news\/wp-content\/uploads\/2022\/08\/shawn-raboutou.jpg?resize=525%2C300&ssl=1 1.5x, https:\/\/i0.wp.com\/www.escalade.pro\/news\/wp-content\/uploads\/2022\/08\/shawn-raboutou.jpg?resize=700%2C400&ssl=1 2x"},"classes":[]},{"id":17582,"url":"https:\/\/www.escalade.pro\/news\/video-bloc-jimmy-webb-sleepwalker\/","url_meta":{"origin":17925,"position":1},"title":"Vid\u00e9o bloc: Jimmy Webb dans \u00ab\u00a0Sleepwalker\u00a0\u00bb (8c+\/V16)","author":"Fred Vionnet","date":"22 janvier 2019","format":false,"excerpt":"Du grand art avec des invers\u00e9es immondes \u00e0 d\u00e9caler, un grand dynamique, une contre-pointe, puis un mouvement de pan gullich o\u00f9 il faut \u00eatre exact.","rel":"","context":"Dans &quot;Escalade&quot;","block_context":{"text":"Escalade","link":"https:\/\/www.escalade.pro\/news\/category\/escalade\/"},"img":{"alt_text":"jimmy webb escalade bloc","src":"https:\/\/i0.wp.com\/www.escalade.pro\/news\/wp-content\/uploads\/2019\/01\/jimmy-webb-escalade-bloc.jpg?resize=350%2C200&ssl=1","width":350,"height":200,"srcset":"https:\/\/i0.wp.com\/www.escalade.pro\/news\/wp-content\/uploads\/2019\/01\/jimmy-webb-escalade-bloc.jpg?resize=350%2C200&ssl=1 1x, https:\/\/i0.wp.com\/www.escalade.pro\/news\/wp-content\/uploads\/2019\/01\/jimmy-webb-escalade-bloc.jpg?resize=525%2C300&ssl=1 1.5x, https:\/\/i0.wp.com\/www.escalade.pro\/news\/wp-content\/uploads\/2019\/01\/jimmy-webb-escalade-bloc.jpg?resize=700%2C400&ssl=1 2x"},"classes":[]},{"id":18853,"url":"https:\/\/www.escalade.pro\/news\/video-bloc-jimmy-webb-lucid-dreaming\/","url_meta":{"origin":17925,"position":2},"title":"Vid\u00e9o bloc: Jimmy Webb dans \u00ab\u00a0Lucid Dreaming\u00a0\u00bb (V15\/8c)","author":"Fred Vionnet","date":"1 f\u00e9vrier 2020","format":false,"excerpt":"Apr\u00e8s une blessure au doigt l\u2019ann\u00e9e derni\u00e8re, contract\u00e9e \u00e0 Rocklands, Jimmy Webb revient aux affaires. Il ne lui a pas fallu 11 jours de travail comme Alex Megos, mais 9 quand m\u00eame pour encha\u00eener \u201cLucid Dreaming\u201d (8c).","rel":"","context":"Dans &quot;Escalade&quot;","block_context":{"text":"Escalade","link":"https:\/\/www.escalade.pro\/news\/category\/escalade\/"},"img":{"alt_text":"video bloc Jimmy Webb: Lucid Dreaming (V15\/8C)","src":"https:\/\/i0.wp.com\/www.escalade.pro\/news\/wp-content\/uploads\/2020\/02\/Capture-d%E2%80%99e%CC%81cran-2020-02-01-a%CC%80-08.46.54.png?resize=350%2C200&ssl=1","width":350,"height":200,"srcset":"https:\/\/i0.wp.com\/www.escalade.pro\/news\/wp-content\/uploads\/2020\/02\/Capture-d%E2%80%99e%CC%81cran-2020-02-01-a%CC%80-08.46.54.png?resize=350%2C200&ssl=1 1x, https:\/\/i0.wp.com\/www.escalade.pro\/news\/wp-content\/uploads\/2020\/02\/Capture-d%E2%80%99e%CC%81cran-2020-02-01-a%CC%80-08.46.54.png?resize=525%2C300&ssl=1 1.5x"},"classes":[]},{"id":17214,"url":"https:\/\/www.escalade.pro\/news\/video-bloc-jimmy-webb-new-river-bounty\/","url_meta":{"origin":17925,"position":3},"title":"Vid\u00e9o bloc: Jimmy Webb encore!","author":"Fred Vionnet","date":"23 novembre 2018","format":false,"excerpt":"Jimmy Webb, encore! Et encore des beaux blocs, des ouvertures, merci aux grimpeurs de haut niveau qui vivent de leur passion en ne faisant pas ou peu de comp\u00e9titions. Comme quoi une escalade avant tout connect\u00e9e \u00e0 la nature reste possible.","rel":"","context":"Dans &quot;Escalade&quot;","block_context":{"text":"Escalade","link":"https:\/\/www.escalade.pro\/news\/category\/escalade\/"},"img":{"alt_text":"jimmy webb video escalade bloc","src":"https:\/\/i0.wp.com\/www.escalade.pro\/news\/wp-content\/uploads\/2018\/11\/jimmy-webb.jpg?resize=350%2C200&ssl=1","width":350,"height":200,"srcset":"https:\/\/i0.wp.com\/www.escalade.pro\/news\/wp-content\/uploads\/2018\/11\/jimmy-webb.jpg?resize=350%2C200&ssl=1 1x, https:\/\/i0.wp.com\/www.escalade.pro\/news\/wp-content\/uploads\/2018\/11\/jimmy-webb.jpg?resize=525%2C300&ssl=1 1.5x, https:\/\/i0.wp.com\/www.escalade.pro\/news\/wp-content\/uploads\/2018\/11\/jimmy-webb.jpg?resize=700%2C400&ssl=1 2x"},"classes":[]},{"id":7008,"url":"https:\/\/www.escalade.pro\/news\/jimmy-webb-matriarch\/","url_meta":{"origin":17925,"position":4},"title":"Jimmy Webb ouvre \u00ab\u00a0The Matriarch\u00a0\u00bb 8c\/V15","author":"Fred Vionnet","date":"22 d\u00e9cembre 2015","format":false,"excerpt":"Apr\u00e8s 6 jours de travail Jimmy Webb vient d'ouvrir \"The Matriarch\" (Rocktown, US), un 8c bloc dans un toit avec un terrible mouvement d'\u00e9paule puis un jet\u00e9 final dans lequel il est tomb\u00e9 durant 3 jours. Quand Jimmy force de cette mani\u00e8re, c'est vraiment extr\u00eame... Source: www.dpmclimbing.com","rel":"","context":"Dans &quot;Escalade&quot;","block_context":{"text":"Escalade","link":"https:\/\/www.escalade.pro\/news\/category\/escalade\/"},"img":{"alt_text":"","src":"","width":0,"height":0},"classes":[]},{"id":16899,"url":"https:\/\/www.escalade.pro\/news\/video-bloc-jimmy-webb-eurofail-2018\/","url_meta":{"origin":17925,"position":5},"title":"Vid\u00e9o bloc: Jimmy Webb et son \u00ab\u00a0EuroFail 2018\u00a0\u00bb","author":"Fred Vionnet","date":"19 septembre 2018","format":false,"excerpt":"Pour Jimmy Webb qui venait sur Fontainebleau pour r\u00e9aliser la premi\u00e8re du bloc \u201cThe Big Island\u201d en d\u00e9part assis, cela n\u2019a pas \u00e9t\u00e9 simple. Il a malgr\u00e9 tout r\u00e9ussi \u00e0 faire quelques beaux blocs sur Bleau ou Chironico, avec m\u00eame des ouvertures, dont une \u00e9tonnante sortie par la droite du\u2026","rel":"","context":"Dans &quot;Escalade&quot;","block_context":{"text":"Escalade","link":"https:\/\/www.escalade.pro\/news\/category\/escalade\/"},"img":{"alt_text":"jimmy webb escalade bloc","src":"https:\/\/i0.wp.com\/www.escalade.pro\/news\/wp-content\/uploads\/2018\/09\/jimmy-webb.jpg?resize=350%2C200&ssl=1","width":350,"height":200,"srcset":"https:\/\/i0.wp.com\/www.escalade.pro\/news\/wp-content\/uploads\/2018\/09\/jimmy-webb.jpg?resize=350%2C200&ssl=1 1x, https:\/\/i0.wp.com\/www.escalade.pro\/news\/wp-content\/uploads\/2018\/09\/jimmy-webb.jpg?resize=525%2C300&ssl=1 1.5x, https:\/\/i0.wp.com\/www.escalade.pro\/news\/wp-content\/uploads\/2018\/09\/jimmy-webb.jpg?resize=700%2C400&ssl=1 2x"},"classes":[]}],"_links":{"self":[{"href":"https:\/\/www.escalade.pro\/news\/wp-json\/wp\/v2\/posts\/17925","targetHints":{"allow":["GET"]}}],"collection":[{"href":"https:\/\/www.escalade.pro\/news\/wp-json\/wp\/v2\/posts"}],"about":[{"href":"https:\/\/www.escalade.pro\/news\/wp-json\/wp\/v2\/types\/post"}],"author":[{"embeddable":true,"href":"https:\/\/www.escalade.pro\/news\/wp-json\/wp\/v2\/users\/1"}],"replies":[{"embeddable":true,"href":"https:\/\/www.escalade.pro\/news\/wp-json\/wp\/v2\/comments?post=17925"}],"version-history":[{"count":3,"href":"https:\/\/www.escalade.pro\/news\/wp-json\/wp\/v2\/posts\/17925\/revisions"}],"predecessor-version":[{"id":17928,"href":"https:\/\/www.escalade.pro\/news\/wp-json\/wp\/v2\/posts\/17925\/revisions\/17928"}],"wp:featuredmedia":[{"embeddable":true,"href":"https:\/\/www.escalade.pro\/news\/wp-json\/wp\/v2\/media\/17924"}],"wp:attachment":[{"href":"https:\/\/www.escalade.pro\/news\/wp-json\/wp\/v2\/media?parent=17925"}],"wp:term":[{"taxonomy":"category","embeddable":true,"href":"https:\/\/www.escalade.pro\/news\/wp-json\/wp\/v2\/categories?post=17925"},{"taxonomy":"post_tag","embeddable":true,"href":"https:\/\/www.escalade.pro\/news\/wp-json\/wp\/v2\/tags?post=17925"}],"curies":[{"name":"wp","href":"https:\/\/api.w.org\/{rel}","templated":true}]}}