{"id":17848,"date":"2019-04-01T09:28:53","date_gmt":"2019-04-01T07:28:53","guid":{"rendered":"https:\/\/www.escalade.pro\/news\/?p=17848"},"modified":"2022-03-18T11:41:15","modified_gmt":"2022-03-18T10:41:15","slug":"competitions-bloc-note","status":"publish","type":"post","link":"https:\/\/www.escalade.pro\/news\/competitions-bloc-note\/","title":{"rendered":"Comp\u00e9titions de bloc, bient\u00f4t une note de style?"},"content":{"rendered":"<p><strong>D\u00e9cid\u00e9ment l&rsquo;\u00e9volution de l&rsquo;escalade ne cesse de nous surprendre.<\/strong> Va-t-on bient\u00f4t parler de r\u00e9volution? L&rsquo;effet de la carotte olympique a la force d&rsquo;un ouragan et il semblerait que cela ne soit qu&rsquo;un d\u00e9but. <strong>L&rsquo;IFSC r\u00e9fl\u00e9chit actuellement, en partenariat avec son grand fr\u00e8re \u00e9videmment, \u00e0 int\u00e9grer une note de style aux comp\u00e9titions de blocs. Selon les bruits de couloirs, le spectacle sera \u00e9videmment privil\u00e9gi\u00e9.<\/strong><br \/>\nVoyons quelques exemples.<\/p>\n<p><u>Kokoro Fujii bondit entre 2 volumes \u00e0 Vail en 2016, le public est en transe, c&rsquo;est magnifique:<\/u><br \/>\n<iframe loading=\"lazy\" width=\"560\" height=\"315\" src=\"https:\/\/www.youtube.com\/embed\/XxZpoF0Bgao?start=5959\" frameborder=\"0\" allow=\"accelerometer; autoplay; encrypted-media; gyroscope; picture-in-picture\" allowfullscreen><\/iframe><br \/>\n<u>Rustam marche dans le m\u00eame bloc, en grimpant avec des prises (<a href=\"https:\/\/www.escalade.pro\/news\/coupe-monde-bloc-vail-2016\/\">on en a d\u00e9j\u00e0 parl\u00e9 d&rsquo;ailleurs<\/a>):<\/u><br \/>\n<iframe loading=\"lazy\" width=\"560\" height=\"315\" src=\"https:\/\/www.youtube.com\/embed\/XxZpoF0Bgao?start=5199\" frameborder=\"0\" allow=\"accelerometer; autoplay; encrypted-media; gyroscope; picture-in-picture\" allowfullscreen><\/iframe><\/p>\n<p><u>Meiringen 2018, Tomoa Narasaki saute d\u00e9sesp\u00e9r\u00e9ment de prises en prises, mais fait le show:<\/u><br \/>\n<iframe loading=\"lazy\" width=\"560\" height=\"315\" src=\"https:\/\/www.youtube.com\/embed\/fBS0v29rACQ?start=8612\" frameborder=\"0\" allow=\"accelerometer; autoplay; encrypted-media; gyroscope; picture-in-picture\" allowfullscreen><\/iframe><br \/>\n<u>Jakob Schubert, le grimpeur (9b falaise, pardon difficult\u00e9, 8c bloc), grimpe:<\/u><br \/>\n<iframe loading=\"lazy\" width=\"560\" height=\"315\" src=\"https:\/\/www.youtube.com\/embed\/fBS0v29rACQ?start=8763\" frameborder=\"0\" allow=\"accelerometer; autoplay; encrypted-media; gyroscope; picture-in-picture\" allowfullscreen><\/iframe><br \/>\n<\/p>\n<p><strong>Reste \u00e0 savoir comment ces nouveaux crit\u00e8res seront r\u00e9pertori\u00e9s sur le classement. Notes \u00e0 part? Pond\u00e9ration ou bonus sur le classement r\u00e9ussites\/essais actuel? On sert bien les fesses, on attend, et surtout on va grimper dehors en brossant les prises, en achetant des topos, en ne squattant pas les parkings en laissant des cacas partout.<\/strong> De l\u00e0 \u00e0 penser \u00e0 la cr\u00e9ation d&rsquo;une f\u00e9d\u00e9ration de grimpisme sur roche&#8230; ou lah lah on se calme. Surtout que <a href=\"https:\/\/greenspits.com\/fr\/\" rel=\"noopener noreferrer\" target=\"_blank\">Greenspits<\/a> est l\u00e0!<\/p>\n","protected":false},"excerpt":{"rendered":"<p>L&rsquo;IFSC r\u00e9fl\u00e9chit actuellement, en partenariat avec son grand fr\u00e8re \u00e9videmment, \u00e0 int\u00e9grer une note de style aux comp\u00e9titions de blocs. Selon les bruits de couloirs, le spectacle sera \u00e9videmment privil\u00e9gi\u00e9.<\/p>\n","protected":false},"author":1,"featured_media":17856,"comment_status":"open","ping_status":"open","sticky":false,"template":"","format":"standard","meta":{"colormag_page_container_layout":"default_layout","colormag_page_sidebar_layout":"default_layout","_monsterinsights_skip_tracking":false,"_monsterinsights_sitenote_active":false,"_monsterinsights_sitenote_note":"","_monsterinsights_sitenote_category":0,"ngg_post_thumbnail":0,"jetpack_post_was_ever_published":false,"_jetpack_newsletter_access":"","_jetpack_dont_email_post_to_subs":false,"_jetpack_newsletter_tier_id":0,"_jetpack_memberships_contains_paywalled_content":false,"_jetpack_memberships_contains_paid_content":false,"footnotes":"","jetpack_publicize_message":"","jetpack_publicize_feature_enabled":true,"jetpack_social_post_already_shared":true,"jetpack_social_options":{"image_generator_settings":{"template":"highway","default_image_id":0,"font":"","enabled":false},"version":2}},"categories":[9,4,1],"tags":[261,32,101,17],"class_list":["post-17848","post","type-post","status-publish","format-standard","has-post-thumbnail","hentry","category-coup-de-gueule","category-escalade","category-news","tag-1er-avril","tag-bloc","tag-competition","tag-escalade"],"yoast_head":"<!-- This site is optimized with the Yoast SEO plugin v27.5 - https:\/\/yoast.com\/product\/yoast-seo-wordpress\/ -->\n<title>Comp\u00e9titions bloc, une note de style? - Grimpisme, coaching escalade<\/title>\n<meta name=\"description\" content=\"L&#039;IFSC r\u00e9fl\u00e9chit actuellement, en partenariat avec son grand fr\u00e8re \u00e9videmment, \u00e0 int\u00e9grer une note de style aux comp\u00e9titions de blocs.\" \/>\n<meta name=\"robots\" content=\"index, follow, max-snippet:-1, max-image-preview:large, max-video-preview:-1\" \/>\n<link rel=\"canonical\" href=\"https:\/\/www.escalade.pro\/news\/competitions-bloc-note\/\" \/>\n<meta property=\"og:locale\" content=\"fr_FR\" \/>\n<meta property=\"og:type\" content=\"article\" \/>\n<meta property=\"og:title\" content=\"Comp\u00e9titions bloc, une note de style? - Grimpisme, coaching escalade\" \/>\n<meta property=\"og:description\" content=\"L&#039;IFSC r\u00e9fl\u00e9chit actuellement, en partenariat avec son grand fr\u00e8re \u00e9videmment, \u00e0 int\u00e9grer une note de style aux comp\u00e9titions de blocs.\" \/>\n<meta property=\"og:url\" content=\"https:\/\/www.escalade.pro\/news\/competitions-bloc-note\/\" \/>\n<meta property=\"og:site_name\" content=\"L&#039;Arqu\u00e9e Libre - Fred Vionnet entraineur\/moniteur escalade\" \/>\n<meta property=\"article:publisher\" content=\"https:\/\/www.facebook.com\/grimpisme\/\" \/>\n<meta property=\"article:author\" content=\"https:\/\/www.facebook.com\/fredCaillouXvionnet\" \/>\n<meta property=\"article:published_time\" content=\"2019-04-01T07:28:53+00:00\" \/>\n<meta property=\"article:modified_time\" content=\"2022-03-18T10:41:15+00:00\" \/>\n<meta property=\"og:image\" content=\"https:\/\/www.escalade.pro\/news\/wp-content\/uploads\/2019\/03\/Capture-d\u2019e\u0301cran-2019-03-09-a\u0300-10.58.07.png\" \/>\n\t<meta property=\"og:image:width\" content=\"864\" \/>\n\t<meta property=\"og:image:height\" content=\"485\" \/>\n\t<meta property=\"og:image:type\" content=\"image\/png\" \/>\n<meta name=\"author\" content=\"Fred Vionnet\" \/>\n<meta name=\"twitter:card\" content=\"summary_large_image\" \/>\n<meta name=\"twitter:label1\" content=\"\u00c9crit par\" \/>\n\t<meta name=\"twitter:data1\" content=\"Fred Vionnet\" \/>\n\t<meta name=\"twitter:label2\" content=\"Dur\u00e9e de lecture estim\u00e9e\" \/>\n\t<meta name=\"twitter:data2\" content=\"1 minute\" \/>\n<script type=\"application\/ld+json\" class=\"yoast-schema-graph\">{\"@context\":\"https:\\\/\\\/schema.org\",\"@graph\":[{\"@type\":\"Article\",\"@id\":\"https:\\\/\\\/www.escalade.pro\\\/news\\\/competitions-bloc-note\\\/#article\",\"isPartOf\":{\"@id\":\"https:\\\/\\\/www.escalade.pro\\\/news\\\/competitions-bloc-note\\\/\"},\"author\":{\"name\":\"Fred Vionnet\",\"@id\":\"https:\\\/\\\/www.escalade.pro\\\/news\\\/#\\\/schema\\\/person\\\/e0e0520aa48cfda56ae5406c2fe2caeb\"},\"headline\":\"Comp\u00e9titions de bloc, bient\u00f4t une note de style?\",\"datePublished\":\"2019-04-01T07:28:53+00:00\",\"dateModified\":\"2022-03-18T10:41:15+00:00\",\"mainEntityOfPage\":{\"@id\":\"https:\\\/\\\/www.escalade.pro\\\/news\\\/competitions-bloc-note\\\/\"},\"wordCount\":231,\"commentCount\":1,\"publisher\":{\"@id\":\"https:\\\/\\\/www.escalade.pro\\\/news\\\/#organization\"},\"image\":{\"@id\":\"https:\\\/\\\/www.escalade.pro\\\/news\\\/competitions-bloc-note\\\/#primaryimage\"},\"thumbnailUrl\":\"https:\\\/\\\/www.escalade.pro\\\/news\\\/wp-content\\\/uploads\\\/2019\\\/03\\\/Capture-d\u2019e\u0301cran-2019-03-09-a\u0300-10.58.07.png\",\"keywords\":[\"1er avril\",\"bloc\",\"competition\",\"escalade\"],\"articleSection\":[\"Coups de gueule\",\"Escalade\",\"News et actu\"],\"inLanguage\":\"fr-FR\",\"potentialAction\":[{\"@type\":\"CommentAction\",\"name\":\"Comment\",\"target\":[\"https:\\\/\\\/www.escalade.pro\\\/news\\\/competitions-bloc-note\\\/#respond\"]}]},{\"@type\":\"WebPage\",\"@id\":\"https:\\\/\\\/www.escalade.pro\\\/news\\\/competitions-bloc-note\\\/\",\"url\":\"https:\\\/\\\/www.escalade.pro\\\/news\\\/competitions-bloc-note\\\/\",\"name\":\"Comp\u00e9titions bloc, une note de style? - Grimpisme, coaching escalade\",\"isPartOf\":{\"@id\":\"https:\\\/\\\/www.escalade.pro\\\/news\\\/#website\"},\"primaryImageOfPage\":{\"@id\":\"https:\\\/\\\/www.escalade.pro\\\/news\\\/competitions-bloc-note\\\/#primaryimage\"},\"image\":{\"@id\":\"https:\\\/\\\/www.escalade.pro\\\/news\\\/competitions-bloc-note\\\/#primaryimage\"},\"thumbnailUrl\":\"https:\\\/\\\/www.escalade.pro\\\/news\\\/wp-content\\\/uploads\\\/2019\\\/03\\\/Capture-d\u2019e\u0301cran-2019-03-09-a\u0300-10.58.07.png\",\"datePublished\":\"2019-04-01T07:28:53+00:00\",\"dateModified\":\"2022-03-18T10:41:15+00:00\",\"description\":\"L'IFSC r\u00e9fl\u00e9chit actuellement, en partenariat avec son grand fr\u00e8re \u00e9videmment, \u00e0 int\u00e9grer une note de style aux comp\u00e9titions de blocs.\",\"breadcrumb\":{\"@id\":\"https:\\\/\\\/www.escalade.pro\\\/news\\\/competitions-bloc-note\\\/#breadcrumb\"},\"inLanguage\":\"fr-FR\",\"potentialAction\":[{\"@type\":\"ReadAction\",\"target\":[\"https:\\\/\\\/www.escalade.pro\\\/news\\\/competitions-bloc-note\\\/\"]}]},{\"@type\":\"ImageObject\",\"inLanguage\":\"fr-FR\",\"@id\":\"https:\\\/\\\/www.escalade.pro\\\/news\\\/competitions-bloc-note\\\/#primaryimage\",\"url\":\"https:\\\/\\\/www.escalade.pro\\\/news\\\/wp-content\\\/uploads\\\/2019\\\/03\\\/Capture-d\u2019e\u0301cran-2019-03-09-a\u0300-10.58.07.png\",\"contentUrl\":\"https:\\\/\\\/www.escalade.pro\\\/news\\\/wp-content\\\/uploads\\\/2019\\\/03\\\/Capture-d\u2019e\u0301cran-2019-03-09-a\u0300-10.58.07.png\",\"width\":864,\"height\":485,\"caption\":\"jakob schubert competition escalade bloc\"},{\"@type\":\"BreadcrumbList\",\"@id\":\"https:\\\/\\\/www.escalade.pro\\\/news\\\/competitions-bloc-note\\\/#breadcrumb\",\"itemListElement\":[{\"@type\":\"ListItem\",\"position\":1,\"name\":\"Accueil\",\"item\":\"https:\\\/\\\/www.escalade.pro\\\/news\\\/\"},{\"@type\":\"ListItem\",\"position\":2,\"name\":\"Comp\u00e9titions de bloc, bient\u00f4t une note de style?\"}]},{\"@type\":\"WebSite\",\"@id\":\"https:\\\/\\\/www.escalade.pro\\\/news\\\/#website\",\"url\":\"https:\\\/\\\/www.escalade.pro\\\/news\\\/\",\"name\":\"L&#039;Arqu\u00e9e Libre - Fred Vionnet entraineur\\\/moniteur escalade\",\"description\":\"Coaching et entrainement escalade. Buoux, C\u00e9\u00fcse et Fontainebleau.\",\"publisher\":{\"@id\":\"https:\\\/\\\/www.escalade.pro\\\/news\\\/#organization\"},\"potentialAction\":[{\"@type\":\"SearchAction\",\"target\":{\"@type\":\"EntryPoint\",\"urlTemplate\":\"https:\\\/\\\/www.escalade.pro\\\/news\\\/?s={search_term_string}\"},\"query-input\":{\"@type\":\"PropertyValueSpecification\",\"valueRequired\":true,\"valueName\":\"search_term_string\"}}],\"inLanguage\":\"fr-FR\"},{\"@type\":\"Organization\",\"@id\":\"https:\\\/\\\/www.escalade.pro\\\/news\\\/#organization\",\"name\":\"L&#039;Arqu\u00e9e Libre - Fred Vionnet entraineur\\\/moniteur escalade\",\"url\":\"https:\\\/\\\/www.escalade.pro\\\/news\\\/\",\"logo\":{\"@type\":\"ImageObject\",\"inLanguage\":\"fr-FR\",\"@id\":\"https:\\\/\\\/www.escalade.pro\\\/news\\\/#\\\/schema\\\/logo\\\/image\\\/\",\"url\":\"https:\\\/\\\/www.escalade.pro\\\/news\\\/wp-content\\\/uploads\\\/2026\\\/04\\\/logo-wp-AL-avril-2026-1.jpg\",\"contentUrl\":\"https:\\\/\\\/www.escalade.pro\\\/news\\\/wp-content\\\/uploads\\\/2026\\\/04\\\/logo-wp-AL-avril-2026-1.jpg\",\"width\":1955,\"height\":902,\"caption\":\"L&#039;Arqu\u00e9e Libre - Fred Vionnet entraineur\\\/moniteur escalade\"},\"image\":{\"@id\":\"https:\\\/\\\/www.escalade.pro\\\/news\\\/#\\\/schema\\\/logo\\\/image\\\/\"},\"sameAs\":[\"https:\\\/\\\/www.facebook.com\\\/grimpisme\\\/\",\"https:\\\/\\\/www.instagram.com\\\/grimpisme\\\/\",\"https:\\\/\\\/www.linkedin.com\\\/in\\\/fred-vionnet-6284b96a\\\/\",\"https:\\\/\\\/fr.pinterest.com\\\/grimpisme\\\/\",\"https:\\\/\\\/www.youtube.com\\\/@grimpisme\"]},{\"@type\":\"Person\",\"@id\":\"https:\\\/\\\/www.escalade.pro\\\/news\\\/#\\\/schema\\\/person\\\/e0e0520aa48cfda56ae5406c2fe2caeb\",\"name\":\"Fred Vionnet\",\"image\":{\"@type\":\"ImageObject\",\"inLanguage\":\"fr-FR\",\"@id\":\"https:\\\/\\\/secure.gravatar.com\\\/avatar\\\/a2f6c5fc695da895033dcd95afaa6aeda795d5122ab3a22a03e24aab7f3d96a6?s=96&d=blank&r=g\",\"url\":\"https:\\\/\\\/secure.gravatar.com\\\/avatar\\\/a2f6c5fc695da895033dcd95afaa6aeda795d5122ab3a22a03e24aab7f3d96a6?s=96&d=blank&r=g\",\"contentUrl\":\"https:\\\/\\\/secure.gravatar.com\\\/avatar\\\/a2f6c5fc695da895033dcd95afaa6aeda795d5122ab3a22a03e24aab7f3d96a6?s=96&d=blank&r=g\",\"caption\":\"Fred Vionnet\"},\"description\":\"Coach escalade en Haute Savoie. Pas contre une grande voie non plus. Mais on va \u00e0 C\u00e9\u00fcse, Fontainebleau, Buoux ou encore les Gorges du Verdon quand vous voulez.\",\"sameAs\":[\"http:\\\/\\\/www.grimpisme.com\",\"https:\\\/\\\/www.facebook.com\\\/fredCaillouXvionnet\",\"https:\\\/\\\/www.linkedin.com\\\/profile\\\/preview?vpa=pub&locale=fr_FR\",\"https:\\\/\\\/fr.pinterest.com\\\/grimpisme\\\/\",\"https:\\\/\\\/www.youtube.com\\\/user\\\/grimpisme\",\"https:\\\/\\\/soundcloud.com\\\/fredvionnet\"],\"url\":\"https:\\\/\\\/www.escalade.pro\\\/news\\\/author\\\/fred\\\/\"}]}<\/script>\n<!-- \/ Yoast SEO plugin. -->","yoast_head_json":{"title":"Comp\u00e9titions bloc, une note de style? - Grimpisme, coaching escalade","description":"L'IFSC r\u00e9fl\u00e9chit actuellement, en partenariat avec son grand fr\u00e8re \u00e9videmment, \u00e0 int\u00e9grer une note de style aux comp\u00e9titions de blocs.","robots":{"index":"index","follow":"follow","max-snippet":"max-snippet:-1","max-image-preview":"max-image-preview:large","max-video-preview":"max-video-preview:-1"},"canonical":"https:\/\/www.escalade.pro\/news\/competitions-bloc-note\/","og_locale":"fr_FR","og_type":"article","og_title":"Comp\u00e9titions bloc, une note de style? - Grimpisme, coaching escalade","og_description":"L'IFSC r\u00e9fl\u00e9chit actuellement, en partenariat avec son grand fr\u00e8re \u00e9videmment, \u00e0 int\u00e9grer une note de style aux comp\u00e9titions de blocs.","og_url":"https:\/\/www.escalade.pro\/news\/competitions-bloc-note\/","og_site_name":"L&#039;Arqu\u00e9e Libre - Fred Vionnet entraineur\/moniteur escalade","article_publisher":"https:\/\/www.facebook.com\/grimpisme\/","article_author":"https:\/\/www.facebook.com\/fredCaillouXvionnet","article_published_time":"2019-04-01T07:28:53+00:00","article_modified_time":"2022-03-18T10:41:15+00:00","og_image":[{"width":864,"height":485,"url":"https:\/\/www.escalade.pro\/news\/wp-content\/uploads\/2019\/03\/Capture-d\u2019e\u0301cran-2019-03-09-a\u0300-10.58.07.png","type":"image\/png"}],"author":"Fred Vionnet","twitter_card":"summary_large_image","twitter_misc":{"\u00c9crit par":"Fred Vionnet","Dur\u00e9e de lecture estim\u00e9e":"1 minute"},"schema":{"@context":"https:\/\/schema.org","@graph":[{"@type":"Article","@id":"https:\/\/www.escalade.pro\/news\/competitions-bloc-note\/#article","isPartOf":{"@id":"https:\/\/www.escalade.pro\/news\/competitions-bloc-note\/"},"author":{"name":"Fred Vionnet","@id":"https:\/\/www.escalade.pro\/news\/#\/schema\/person\/e0e0520aa48cfda56ae5406c2fe2caeb"},"headline":"Comp\u00e9titions de bloc, bient\u00f4t une note de style?","datePublished":"2019-04-01T07:28:53+00:00","dateModified":"2022-03-18T10:41:15+00:00","mainEntityOfPage":{"@id":"https:\/\/www.escalade.pro\/news\/competitions-bloc-note\/"},"wordCount":231,"commentCount":1,"publisher":{"@id":"https:\/\/www.escalade.pro\/news\/#organization"},"image":{"@id":"https:\/\/www.escalade.pro\/news\/competitions-bloc-note\/#primaryimage"},"thumbnailUrl":"https:\/\/www.escalade.pro\/news\/wp-content\/uploads\/2019\/03\/Capture-d\u2019e\u0301cran-2019-03-09-a\u0300-10.58.07.png","keywords":["1er avril","bloc","competition","escalade"],"articleSection":["Coups de gueule","Escalade","News et actu"],"inLanguage":"fr-FR","potentialAction":[{"@type":"CommentAction","name":"Comment","target":["https:\/\/www.escalade.pro\/news\/competitions-bloc-note\/#respond"]}]},{"@type":"WebPage","@id":"https:\/\/www.escalade.pro\/news\/competitions-bloc-note\/","url":"https:\/\/www.escalade.pro\/news\/competitions-bloc-note\/","name":"Comp\u00e9titions bloc, une note de style? - Grimpisme, coaching escalade","isPartOf":{"@id":"https:\/\/www.escalade.pro\/news\/#website"},"primaryImageOfPage":{"@id":"https:\/\/www.escalade.pro\/news\/competitions-bloc-note\/#primaryimage"},"image":{"@id":"https:\/\/www.escalade.pro\/news\/competitions-bloc-note\/#primaryimage"},"thumbnailUrl":"https:\/\/www.escalade.pro\/news\/wp-content\/uploads\/2019\/03\/Capture-d\u2019e\u0301cran-2019-03-09-a\u0300-10.58.07.png","datePublished":"2019-04-01T07:28:53+00:00","dateModified":"2022-03-18T10:41:15+00:00","description":"L'IFSC r\u00e9fl\u00e9chit actuellement, en partenariat avec son grand fr\u00e8re \u00e9videmment, \u00e0 int\u00e9grer une note de style aux comp\u00e9titions de blocs.","breadcrumb":{"@id":"https:\/\/www.escalade.pro\/news\/competitions-bloc-note\/#breadcrumb"},"inLanguage":"fr-FR","potentialAction":[{"@type":"ReadAction","target":["https:\/\/www.escalade.pro\/news\/competitions-bloc-note\/"]}]},{"@type":"ImageObject","inLanguage":"fr-FR","@id":"https:\/\/www.escalade.pro\/news\/competitions-bloc-note\/#primaryimage","url":"https:\/\/www.escalade.pro\/news\/wp-content\/uploads\/2019\/03\/Capture-d\u2019e\u0301cran-2019-03-09-a\u0300-10.58.07.png","contentUrl":"https:\/\/www.escalade.pro\/news\/wp-content\/uploads\/2019\/03\/Capture-d\u2019e\u0301cran-2019-03-09-a\u0300-10.58.07.png","width":864,"height":485,"caption":"jakob schubert competition escalade bloc"},{"@type":"BreadcrumbList","@id":"https:\/\/www.escalade.pro\/news\/competitions-bloc-note\/#breadcrumb","itemListElement":[{"@type":"ListItem","position":1,"name":"Accueil","item":"https:\/\/www.escalade.pro\/news\/"},{"@type":"ListItem","position":2,"name":"Comp\u00e9titions de bloc, bient\u00f4t une note de style?"}]},{"@type":"WebSite","@id":"https:\/\/www.escalade.pro\/news\/#website","url":"https:\/\/www.escalade.pro\/news\/","name":"L&#039;Arqu\u00e9e Libre - Fred Vionnet entraineur\/moniteur escalade","description":"Coaching et entrainement escalade. Buoux, C\u00e9\u00fcse et Fontainebleau.","publisher":{"@id":"https:\/\/www.escalade.pro\/news\/#organization"},"potentialAction":[{"@type":"SearchAction","target":{"@type":"EntryPoint","urlTemplate":"https:\/\/www.escalade.pro\/news\/?s={search_term_string}"},"query-input":{"@type":"PropertyValueSpecification","valueRequired":true,"valueName":"search_term_string"}}],"inLanguage":"fr-FR"},{"@type":"Organization","@id":"https:\/\/www.escalade.pro\/news\/#organization","name":"L&#039;Arqu\u00e9e Libre - Fred Vionnet entraineur\/moniteur escalade","url":"https:\/\/www.escalade.pro\/news\/","logo":{"@type":"ImageObject","inLanguage":"fr-FR","@id":"https:\/\/www.escalade.pro\/news\/#\/schema\/logo\/image\/","url":"https:\/\/www.escalade.pro\/news\/wp-content\/uploads\/2026\/04\/logo-wp-AL-avril-2026-1.jpg","contentUrl":"https:\/\/www.escalade.pro\/news\/wp-content\/uploads\/2026\/04\/logo-wp-AL-avril-2026-1.jpg","width":1955,"height":902,"caption":"L&#039;Arqu\u00e9e Libre - Fred Vionnet entraineur\/moniteur escalade"},"image":{"@id":"https:\/\/www.escalade.pro\/news\/#\/schema\/logo\/image\/"},"sameAs":["https:\/\/www.facebook.com\/grimpisme\/","https:\/\/www.instagram.com\/grimpisme\/","https:\/\/www.linkedin.com\/in\/fred-vionnet-6284b96a\/","https:\/\/fr.pinterest.com\/grimpisme\/","https:\/\/www.youtube.com\/@grimpisme"]},{"@type":"Person","@id":"https:\/\/www.escalade.pro\/news\/#\/schema\/person\/e0e0520aa48cfda56ae5406c2fe2caeb","name":"Fred Vionnet","image":{"@type":"ImageObject","inLanguage":"fr-FR","@id":"https:\/\/secure.gravatar.com\/avatar\/a2f6c5fc695da895033dcd95afaa6aeda795d5122ab3a22a03e24aab7f3d96a6?s=96&d=blank&r=g","url":"https:\/\/secure.gravatar.com\/avatar\/a2f6c5fc695da895033dcd95afaa6aeda795d5122ab3a22a03e24aab7f3d96a6?s=96&d=blank&r=g","contentUrl":"https:\/\/secure.gravatar.com\/avatar\/a2f6c5fc695da895033dcd95afaa6aeda795d5122ab3a22a03e24aab7f3d96a6?s=96&d=blank&r=g","caption":"Fred Vionnet"},"description":"Coach escalade en Haute Savoie. Pas contre une grande voie non plus. Mais on va \u00e0 C\u00e9\u00fcse, Fontainebleau, Buoux ou encore les Gorges du Verdon quand vous voulez.","sameAs":["http:\/\/www.grimpisme.com","https:\/\/www.facebook.com\/fredCaillouXvionnet","https:\/\/www.linkedin.com\/profile\/preview?vpa=pub&locale=fr_FR","https:\/\/fr.pinterest.com\/grimpisme\/","https:\/\/www.youtube.com\/user\/grimpisme","https:\/\/soundcloud.com\/fredvionnet"],"url":"https:\/\/www.escalade.pro\/news\/author\/fred\/"}]}},"jetpack_publicize_connections":[],"jetpack_featured_media_url":"https:\/\/www.escalade.pro\/news\/wp-content\/uploads\/2019\/03\/Capture-d\u2019e\u0301cran-2019-03-09-a\u0300-10.58.07.png","jetpack_sharing_enabled":true,"jetpack_shortlink":"https:\/\/wp.me\/p68Rw6-4DS","jetpack-related-posts":[{"id":14782,"url":"https:\/\/www.escalade.pro\/news\/video-jan-hojer-bloc-dreamtime-8c\/","url_meta":{"origin":17848,"position":0},"title":"Vid\u00e9o: Jan Hojer dans \u00ab\u00a0Dreamtime\u00a0\u00bb 8c","author":"Fred Vionnet","date":"13 juillet 2017","format":false,"excerpt":"Jan Hojer en vid\u00e9o dans le bloc mythique \"Dreamtime\" (8c) de Fred Nicole \u00e0 Cresciano (Suisse).","rel":"","context":"Dans &quot;Escalade&quot;","block_context":{"text":"Escalade","link":"https:\/\/www.escalade.pro\/news\/category\/escalade\/"},"img":{"alt_text":"jan hojer bloc escalade dreamtime","src":"https:\/\/i0.wp.com\/www.escalade.pro\/news\/wp-content\/uploads\/2017\/07\/Capture-d%E2%80%99e%CC%81cran-2017-07-13-a%CC%80-16.38.06.png?resize=350%2C200&ssl=1","width":350,"height":200,"srcset":"https:\/\/i0.wp.com\/www.escalade.pro\/news\/wp-content\/uploads\/2017\/07\/Capture-d%E2%80%99e%CC%81cran-2017-07-13-a%CC%80-16.38.06.png?resize=350%2C200&ssl=1 1x, https:\/\/i0.wp.com\/www.escalade.pro\/news\/wp-content\/uploads\/2017\/07\/Capture-d%E2%80%99e%CC%81cran-2017-07-13-a%CC%80-16.38.06.png?resize=525%2C300&ssl=1 1.5x"},"classes":[]},{"id":11973,"url":"https:\/\/www.escalade.pro\/news\/video-bloc-vail-slow-moments\/","url_meta":{"origin":17848,"position":1},"title":"Vid\u00e9o: Vail, Slow Moments","author":"Fred Vionnet","date":"30 juin 2016","format":false,"excerpt":"On revient une nouvelle fois sur la Coupe du Monde de Bloc 2016 de Vail (voir le run de Rustam et la blessure d'Alex Puccio) avec cette vid\u00e9o en slow motion de Louder Than Eleven. Il faut dire que tr\u00e8s souvent le spectacle est au rendez-vous sur cette \u00e9preuve, m\u00eame\u2026","rel":"","context":"Dans &quot;Escalade&quot;","block_context":{"text":"Escalade","link":"https:\/\/www.escalade.pro\/news\/category\/escalade\/"},"img":{"alt_text":"","src":"https:\/\/i0.wp.com\/www.escalade.pro\/news\/wp-content\/uploads\/2016\/06\/vail_slow_motion.jpg?resize=350%2C200&ssl=1","width":350,"height":200,"srcset":"https:\/\/i0.wp.com\/www.escalade.pro\/news\/wp-content\/uploads\/2016\/06\/vail_slow_motion.jpg?resize=350%2C200&ssl=1 1x, https:\/\/i0.wp.com\/www.escalade.pro\/news\/wp-content\/uploads\/2016\/06\/vail_slow_motion.jpg?resize=525%2C300&ssl=1 1.5x, https:\/\/i0.wp.com\/www.escalade.pro\/news\/wp-content\/uploads\/2016\/06\/vail_slow_motion.jpg?resize=700%2C400&ssl=1 2x"},"classes":[]},{"id":17214,"url":"https:\/\/www.escalade.pro\/news\/video-bloc-jimmy-webb-new-river-bounty\/","url_meta":{"origin":17848,"position":2},"title":"Vid\u00e9o bloc: Jimmy Webb encore!","author":"Fred Vionnet","date":"23 novembre 2018","format":false,"excerpt":"Jimmy Webb, encore! Et encore des beaux blocs, des ouvertures, merci aux grimpeurs de haut niveau qui vivent de leur passion en ne faisant pas ou peu de comp\u00e9titions. Comme quoi une escalade avant tout connect\u00e9e \u00e0 la nature reste possible.","rel":"","context":"Dans &quot;Escalade&quot;","block_context":{"text":"Escalade","link":"https:\/\/www.escalade.pro\/news\/category\/escalade\/"},"img":{"alt_text":"jimmy webb video escalade bloc","src":"https:\/\/i0.wp.com\/www.escalade.pro\/news\/wp-content\/uploads\/2018\/11\/jimmy-webb.jpg?resize=350%2C200&ssl=1","width":350,"height":200,"srcset":"https:\/\/i0.wp.com\/www.escalade.pro\/news\/wp-content\/uploads\/2018\/11\/jimmy-webb.jpg?resize=350%2C200&ssl=1 1x, https:\/\/i0.wp.com\/www.escalade.pro\/news\/wp-content\/uploads\/2018\/11\/jimmy-webb.jpg?resize=525%2C300&ssl=1 1.5x, https:\/\/i0.wp.com\/www.escalade.pro\/news\/wp-content\/uploads\/2018\/11\/jimmy-webb.jpg?resize=700%2C400&ssl=1 2x"},"classes":[]},{"id":11370,"url":"https:\/\/www.escalade.pro\/news\/itw-pascal-gagneux-champion-france-bloc-2016\/","url_meta":{"origin":17848,"position":3},"title":"Itw: Pascal Gagneux, champion de France de bloc 2016","author":"Fred Vionnet","date":"5 juin 2016","format":false,"excerpt":"Vous aviez peut \u00eatre suivi les Championnats de France de Bloc S\u00e9niors 2016 (\u00e0 revoir ici), qui furent un grand cru avec une comp\u00e9tition spectaculaire pleine de surprises et de suspens. Cl\u00e9mentine Kaiser et Pascal Gagneux inscrivirent pour la premi\u00e8re fois leurs noms au palmar\u00e8s. Voici une interview de Pascal,\u2026","rel":"","context":"Dans &quot;Escalade&quot;","block_context":{"text":"Escalade","link":"https:\/\/www.escalade.pro\/news\/category\/escalade\/"},"img":{"alt_text":"\u00a9 gillespuyfages.com","src":"https:\/\/i0.wp.com\/www.escalade.pro\/news\/wp-content\/uploads\/2016\/06\/pascal_gagneux2-300x200.jpeg?resize=350%2C200","width":350,"height":200},"classes":[]},{"id":18797,"url":"https:\/\/www.escalade.pro\/news\/bloc-inde\/","url_meta":{"origin":17848,"position":4},"title":"Blocs en Inde&#8230; un potentiel incroyable","author":"Fred Vionnet","date":"6 f\u00e9vrier 2020","format":false,"excerpt":"Le bloc en Inde, cela ne pourrait dans le futur pas se r\u00e9sumer qu\u2019\u00e0 Hampi, mais \u00e0 beaucoup beaucoup plus\u2026 Le compte-rendu de quelques bloc aper\u00e7us dans l'Himalaya indien.","rel":"","context":"Dans &quot;Environnement&quot;","block_context":{"text":"Environnement","link":"https:\/\/www.escalade.pro\/news\/category\/environnement\/"},"img":{"alt_text":"bloc escalade inde","src":"https:\/\/i0.wp.com\/www.escalade.pro\/news\/wp-content\/uploads\/2020\/01\/P1010137.jpg?resize=350%2C200&ssl=1","width":350,"height":200,"srcset":"https:\/\/i0.wp.com\/www.escalade.pro\/news\/wp-content\/uploads\/2020\/01\/P1010137.jpg?resize=350%2C200&ssl=1 1x, https:\/\/i0.wp.com\/www.escalade.pro\/news\/wp-content\/uploads\/2020\/01\/P1010137.jpg?resize=525%2C300&ssl=1 1.5x, https:\/\/i0.wp.com\/www.escalade.pro\/news\/wp-content\/uploads\/2020\/01\/P1010137.jpg?resize=700%2C400&ssl=1 2x"},"classes":[]},{"id":1351,"url":"https:\/\/www.escalade.pro\/news\/resultat-chine-coupe-monde-bloc-2014\/","url_meta":{"origin":17848,"position":5},"title":"Premi\u00e8re \u00e9preuve de le coupe du monde de bloc en Chine, victoires allemandes","author":"Fred Vionnet","date":"27 avril 2014","format":false,"excerpt":"Voil\u00e0 la coupe du Monde de bloc 2014 est lanc\u00e9e. Marine Th\u00e9venet et Guillaume Glairon-Mondet \u00e9taient pr\u00e9sents en finale et finissent respectivement 5\u00e8me et 6\u00e8me. Victoires allemandes de Juliane Wurm et du surpuissant Jan Hojer. Suite \u00e0 des probl\u00e8mes techniques sur place la retransmission en streaming des finales \u00e9tait chaotique\u2026","rel":"","context":"Dans &quot;Escalade&quot;","block_context":{"text":"Escalade","link":"https:\/\/www.escalade.pro\/news\/category\/escalade\/"},"img":{"alt_text":"resultat coupe monde bloc chine","src":"https:\/\/i0.wp.com\/www.escalade.pro\/news\/wp-content\/uploads\/2014\/04\/10295730_625444170880060_4416892012552464459_n-300x105.png?resize=350%2C200","width":350,"height":200},"classes":[]}],"_links":{"self":[{"href":"https:\/\/www.escalade.pro\/news\/wp-json\/wp\/v2\/posts\/17848","targetHints":{"allow":["GET"]}}],"collection":[{"href":"https:\/\/www.escalade.pro\/news\/wp-json\/wp\/v2\/posts"}],"about":[{"href":"https:\/\/www.escalade.pro\/news\/wp-json\/wp\/v2\/types\/post"}],"author":[{"embeddable":true,"href":"https:\/\/www.escalade.pro\/news\/wp-json\/wp\/v2\/users\/1"}],"replies":[{"embeddable":true,"href":"https:\/\/www.escalade.pro\/news\/wp-json\/wp\/v2\/comments?post=17848"}],"version-history":[{"count":22,"href":"https:\/\/www.escalade.pro\/news\/wp-json\/wp\/v2\/posts\/17848\/revisions"}],"predecessor-version":[{"id":17913,"href":"https:\/\/www.escalade.pro\/news\/wp-json\/wp\/v2\/posts\/17848\/revisions\/17913"}],"wp:featuredmedia":[{"embeddable":true,"href":"https:\/\/www.escalade.pro\/news\/wp-json\/wp\/v2\/media\/17856"}],"wp:attachment":[{"href":"https:\/\/www.escalade.pro\/news\/wp-json\/wp\/v2\/media?parent=17848"}],"wp:term":[{"taxonomy":"category","embeddable":true,"href":"https:\/\/www.escalade.pro\/news\/wp-json\/wp\/v2\/categories?post=17848"},{"taxonomy":"post_tag","embeddable":true,"href":"https:\/\/www.escalade.pro\/news\/wp-json\/wp\/v2\/tags?post=17848"}],"curies":[{"name":"wp","href":"https:\/\/api.w.org\/{rel}","templated":true}]}}