{"id":17390,"date":"2018-12-25T10:09:55","date_gmt":"2018-12-25T09:09:55","guid":{"rendered":"https:\/\/www.escalade.pro\/news\/?p=17390"},"modified":"2019-02-05T10:23:56","modified_gmt":"2019-02-05T09:23:56","slug":"adam-ondra-just-do-it","status":"publish","type":"post","link":"https:\/\/www.escalade.pro\/news\/adam-ondra-just-do-it\/","title":{"rendered":"Vid\u00e9o escalade: l&rsquo;int\u00e9grale d&rsquo;Adam Ondra dans \u00ab\u00a0Just do it\u00a0\u00bb (8c+)"},"content":{"rendered":"<p>Voil\u00e0 un joli cadeau de No\u00ebl que nous fait Adam Ondra, avec <strong>le film complet de son ascension \u00ab\u00a0\u00e0 vue\u00a0\u00bb de l&rsquo;historique voie \u00ab\u00a0Just do it\u00a0\u00bb (Smith Rock, USA). De plus il commente son ascension. Son analyse de cette performance et de l&rsquo;escalade \u00e0 vue est forc\u00e9ment int\u00e9ressante.<\/strong><\/p>\n<p><strong>Adam aime tenter les voies historiques \u00ab\u00a0\u00e0 vue\u00a0\u00bb. Elles sont souvent \u00e0 doigt, techniques. La prise de risque, indispensable dans le \u00ab\u00a0\u00e0 vue\u00a0\u00bb, doit forc\u00e9ment \u00eatre plus grande. Les d\u00e9cisions doivent \u00eatre prises encore plus rapidement.<\/strong> Apr\u00e8s quelques jours d&rsquo;acclimatation au style de grimpe et au rocher de Smith Rock, Adam est pr\u00eat pour tenter la voie. Les conditions sont pourtant tr\u00e8s froides.<br \/>\nIl arrive au premier repos avec les doigts \u00e0 peu pr\u00eat r\u00e9chauff\u00e9s, apr\u00e8s avoir g\u00e9r\u00e9 au mieux son \u00e9nergie en approchant les crux. L&rsquo;escalade devient plus raide. Il faut d\u00e9sormais sortir du repos pour commencer \u00e0 se battre. Cette transition est parfois difficile.<br \/>\nMais, <strong>apr\u00e8s le deuxi\u00e8me repos, l\u00e0 il faut \u00eatre vraiment pr\u00eat. Adam sait que les erreurs ne sont plus permises. Il oublie la force du vent qui l&rsquo;avait d\u00e9rang\u00e9 sur la premi\u00e8re partie de la voie. Il sort le grand jeu, avec les cris et les sauts de d\u00e9gaines qui s&rsquo;imposent.<\/strong> Les mouvements sont \u00e9videmment durs, grands, sur petites prises. Il est alors heureux trouver de trouver un nouveau repos correct et non anticip\u00e9, o\u00f9 il peut se r\u00e9chauffer les doigts. Surpris par un trou parmi les r\u00e9glettes, plus difficile \u00e0 tenir que pr\u00e9vu, il revient \u00e0 ce repos. <strong>Puis arrive le vrai combat. Adam est explos\u00e9 et ce sont les mouvements les plus durs.<\/strong> La voie est r\u00e9ussie avec les derniers mouvements moins difficiles. <\/p>\n<p><strong>C&rsquo;est vraiment une chance d&rsquo;avoir en vid\u00e9o ce moment marquant de l&rsquo;histoire de l&rsquo;escalade, sans montage. \u00ab\u00a0Just do it\u00a0\u00bb \u00e9tant le premier 8c+ du territoire am\u00e9ricain (premi\u00e8re ascension Jib\u00e9 Tribout). Alan Watts, \u00e9quipeur de la voie et t\u00e9moin de l&rsquo;encha\u00eenement d&rsquo;Adam, ne s&rsquo;en est d&rsquo;ailleurs toujours pas remis.<\/strong> Et \u00e7a fait du bien de sortir du format des <a href=\"https:\/\/www.youtube.com\/channel\/UC8eNyF9eYwgr_K-Nl4gSHWw\/videos\" rel=\"noopener\" target=\"_blank\">vlogs \u00ab\u00a0Climbing The Americas\u00a0\u00bb<\/a> produits ces derni\u00e8res semaines, trop courts et surtout pauvres en contenu. Le lifestyle \u00e7a va 5 minutes&#8230;<\/p>\n<p><iframe loading=\"lazy\" width=\"560\" height=\"315\" src=\"https:\/\/www.youtube.com\/embed\/S6floyyDP-w\" frameborder=\"0\" allow=\"accelerometer; autoplay; encrypted-media; gyroscope; picture-in-picture\" allowfullscreen><\/iframe><\/p>\n<h6><u>A revoir:<\/u><\/h6>\n<p><a href=\"https:\/\/www.escalade.pro\/news\/silence-le-premier-9c-par-adam-ondra-le-film\/\">Adam dans \u00ab\u00a0Silence\u00a0\u00bb<\/a>, le premier 9c.<\/p>\n","protected":false},"excerpt":{"rendered":"<p>Adam aime tenter les voies historiques \u00ab\u00a0\u00e0 vue\u00a0\u00bb. Elles sont souvent \u00e0 doigt, techniques. La prise de risque, indispensable dans le \u00ab\u00a0\u00e0 vue\u00a0\u00bb, doit forc\u00e9ment \u00eatre plus grande. <\/p>\n","protected":false},"author":1,"featured_media":17395,"comment_status":"open","ping_status":"open","sticky":false,"template":"","format":"standard","meta":{"colormag_page_container_layout":"default_layout","colormag_page_sidebar_layout":"default_layout","_monsterinsights_skip_tracking":false,"_monsterinsights_sitenote_active":false,"_monsterinsights_sitenote_note":"","_monsterinsights_sitenote_category":0,"ngg_post_thumbnail":0,"jetpack_post_was_ever_published":false,"_jetpack_newsletter_access":"","_jetpack_dont_email_post_to_subs":false,"_jetpack_newsletter_tier_id":0,"_jetpack_memberships_contains_paywalled_content":false,"_jetpack_memberships_contains_paid_content":false,"footnotes":"","jetpack_publicize_message":"","jetpack_publicize_feature_enabled":true,"jetpack_social_post_already_shared":true,"jetpack_social_options":{"image_generator_settings":{"template":"highway","default_image_id":0,"font":"","enabled":false},"version":2}},"categories":[6,4,1,7],"tags":[69,31,17,70,71,29],"class_list":["post-17390","post","type-post","status-publish","format-standard","has-post-thumbnail","hentry","category-entrainement-escalade","category-escalade","category-news","category-videos","tag-adam-ondra","tag-entrainement","tag-escalade","tag-just-do-it","tag-smith-rock","tag-video"],"yoast_head":"<!-- This site is optimized with the Yoast SEO plugin v27.5 - https:\/\/yoast.com\/product\/yoast-seo-wordpress\/ -->\n<title>Vid\u00e9o Adam Ondra &quot;Just do it&quot; (8c+) - Grimpisme, guides Genevois<\/title>\n<meta name=\"description\" content=\"Voil\u00e0 un joli cadeau de No\u00ebl que nous fait Adam Ondra, avec le film complet de son ascension &quot;\u00e0 vue&quot; de l&#039;historique voie &quot;Just do it&quot; (Smith Rock, USA).\" \/>\n<meta name=\"robots\" content=\"index, follow, max-snippet:-1, max-image-preview:large, max-video-preview:-1\" \/>\n<link rel=\"canonical\" href=\"https:\/\/www.escalade.pro\/news\/adam-ondra-just-do-it\/\" \/>\n<meta property=\"og:locale\" content=\"fr_FR\" \/>\n<meta property=\"og:type\" content=\"article\" \/>\n<meta property=\"og:title\" content=\"Vid\u00e9o Adam Ondra &quot;Just do it&quot; (8c+) - Grimpisme, guides Genevois\" \/>\n<meta property=\"og:description\" content=\"Voil\u00e0 un joli cadeau de No\u00ebl que nous fait Adam Ondra, avec le film complet de son ascension &quot;\u00e0 vue&quot; de l&#039;historique voie &quot;Just do it&quot; (Smith Rock, USA).\" \/>\n<meta property=\"og:url\" content=\"https:\/\/www.escalade.pro\/news\/adam-ondra-just-do-it\/\" \/>\n<meta property=\"og:site_name\" content=\"L&#039;Arqu\u00e9e Libre - Fred Vionnet entraineur\/moniteur escalade\" \/>\n<meta property=\"article:publisher\" content=\"https:\/\/www.facebook.com\/grimpisme\/\" \/>\n<meta property=\"article:author\" content=\"https:\/\/www.facebook.com\/fredCaillouXvionnet\" \/>\n<meta property=\"article:published_time\" content=\"2018-12-25T09:09:55+00:00\" \/>\n<meta property=\"article:modified_time\" content=\"2019-02-05T09:23:56+00:00\" \/>\n<meta property=\"og:image\" content=\"https:\/\/www.escalade.pro\/news\/wp-content\/uploads\/2018\/12\/Capture-d\u2019e\u0301cran-2018-12-24-a\u0300-10.18.15.png\" \/>\n\t<meta property=\"og:image:width\" content=\"863\" \/>\n\t<meta property=\"og:image:height\" content=\"482\" \/>\n\t<meta property=\"og:image:type\" content=\"image\/png\" \/>\n<meta name=\"author\" content=\"Fred Vionnet\" \/>\n<meta name=\"twitter:card\" content=\"summary_large_image\" \/>\n<meta name=\"twitter:label1\" content=\"\u00c9crit par\" \/>\n\t<meta name=\"twitter:data1\" content=\"Fred Vionnet\" \/>\n\t<meta name=\"twitter:label2\" content=\"Dur\u00e9e de lecture estim\u00e9e\" \/>\n\t<meta name=\"twitter:data2\" content=\"2 minutes\" \/>\n<script type=\"application\/ld+json\" class=\"yoast-schema-graph\">{\"@context\":\"https:\\\/\\\/schema.org\",\"@graph\":[{\"@type\":\"Article\",\"@id\":\"https:\\\/\\\/www.escalade.pro\\\/news\\\/adam-ondra-just-do-it\\\/#article\",\"isPartOf\":{\"@id\":\"https:\\\/\\\/www.escalade.pro\\\/news\\\/adam-ondra-just-do-it\\\/\"},\"author\":{\"name\":\"Fred Vionnet\",\"@id\":\"https:\\\/\\\/www.escalade.pro\\\/news\\\/#\\\/schema\\\/person\\\/e0e0520aa48cfda56ae5406c2fe2caeb\"},\"headline\":\"Vid\u00e9o escalade: l&rsquo;int\u00e9grale d&rsquo;Adam Ondra dans \u00ab\u00a0Just do it\u00a0\u00bb (8c+)\",\"datePublished\":\"2018-12-25T09:09:55+00:00\",\"dateModified\":\"2019-02-05T09:23:56+00:00\",\"mainEntityOfPage\":{\"@id\":\"https:\\\/\\\/www.escalade.pro\\\/news\\\/adam-ondra-just-do-it\\\/\"},\"wordCount\":398,\"commentCount\":0,\"publisher\":{\"@id\":\"https:\\\/\\\/www.escalade.pro\\\/news\\\/#organization\"},\"image\":{\"@id\":\"https:\\\/\\\/www.escalade.pro\\\/news\\\/adam-ondra-just-do-it\\\/#primaryimage\"},\"thumbnailUrl\":\"https:\\\/\\\/www.escalade.pro\\\/news\\\/wp-content\\\/uploads\\\/2018\\\/12\\\/Capture-d\u2019e\u0301cran-2018-12-24-a\u0300-10.18.15.png\",\"keywords\":[\"adam ondra\",\"entrainement\",\"escalade\",\"just do it\",\"smith rock\",\"video\"],\"articleSection\":[\"Conseils entrainement escalade\",\"Escalade\",\"News et actu\",\"Vid\u00e9os\"],\"inLanguage\":\"fr-FR\",\"potentialAction\":[{\"@type\":\"CommentAction\",\"name\":\"Comment\",\"target\":[\"https:\\\/\\\/www.escalade.pro\\\/news\\\/adam-ondra-just-do-it\\\/#respond\"]}]},{\"@type\":\"WebPage\",\"@id\":\"https:\\\/\\\/www.escalade.pro\\\/news\\\/adam-ondra-just-do-it\\\/\",\"url\":\"https:\\\/\\\/www.escalade.pro\\\/news\\\/adam-ondra-just-do-it\\\/\",\"name\":\"Vid\u00e9o Adam Ondra \\\"Just do it\\\" (8c+) - Grimpisme, guides Genevois\",\"isPartOf\":{\"@id\":\"https:\\\/\\\/www.escalade.pro\\\/news\\\/#website\"},\"primaryImageOfPage\":{\"@id\":\"https:\\\/\\\/www.escalade.pro\\\/news\\\/adam-ondra-just-do-it\\\/#primaryimage\"},\"image\":{\"@id\":\"https:\\\/\\\/www.escalade.pro\\\/news\\\/adam-ondra-just-do-it\\\/#primaryimage\"},\"thumbnailUrl\":\"https:\\\/\\\/www.escalade.pro\\\/news\\\/wp-content\\\/uploads\\\/2018\\\/12\\\/Capture-d\u2019e\u0301cran-2018-12-24-a\u0300-10.18.15.png\",\"datePublished\":\"2018-12-25T09:09:55+00:00\",\"dateModified\":\"2019-02-05T09:23:56+00:00\",\"description\":\"Voil\u00e0 un joli cadeau de No\u00ebl que nous fait Adam Ondra, avec le film complet de son ascension \\\"\u00e0 vue\\\" de l'historique voie \\\"Just do it\\\" (Smith Rock, USA).\",\"breadcrumb\":{\"@id\":\"https:\\\/\\\/www.escalade.pro\\\/news\\\/adam-ondra-just-do-it\\\/#breadcrumb\"},\"inLanguage\":\"fr-FR\",\"potentialAction\":[{\"@type\":\"ReadAction\",\"target\":[\"https:\\\/\\\/www.escalade.pro\\\/news\\\/adam-ondra-just-do-it\\\/\"]}]},{\"@type\":\"ImageObject\",\"inLanguage\":\"fr-FR\",\"@id\":\"https:\\\/\\\/www.escalade.pro\\\/news\\\/adam-ondra-just-do-it\\\/#primaryimage\",\"url\":\"https:\\\/\\\/www.escalade.pro\\\/news\\\/wp-content\\\/uploads\\\/2018\\\/12\\\/Capture-d\u2019e\u0301cran-2018-12-24-a\u0300-10.18.15.png\",\"contentUrl\":\"https:\\\/\\\/www.escalade.pro\\\/news\\\/wp-content\\\/uploads\\\/2018\\\/12\\\/Capture-d\u2019e\u0301cran-2018-12-24-a\u0300-10.18.15.png\",\"width\":863,\"height\":482,\"caption\":\"video adam ondra just do it escalade\"},{\"@type\":\"BreadcrumbList\",\"@id\":\"https:\\\/\\\/www.escalade.pro\\\/news\\\/adam-ondra-just-do-it\\\/#breadcrumb\",\"itemListElement\":[{\"@type\":\"ListItem\",\"position\":1,\"name\":\"Accueil\",\"item\":\"https:\\\/\\\/www.escalade.pro\\\/news\\\/\"},{\"@type\":\"ListItem\",\"position\":2,\"name\":\"Vid\u00e9o escalade: l&rsquo;int\u00e9grale d&rsquo;Adam Ondra dans \u00ab\u00a0Just do it\u00a0\u00bb (8c+)\"}]},{\"@type\":\"WebSite\",\"@id\":\"https:\\\/\\\/www.escalade.pro\\\/news\\\/#website\",\"url\":\"https:\\\/\\\/www.escalade.pro\\\/news\\\/\",\"name\":\"L&#039;Arqu\u00e9e Libre - Fred Vionnet entraineur\\\/moniteur escalade\",\"description\":\"Coaching et entrainement escalade. Buoux, C\u00e9\u00fcse et Fontainebleau.\",\"publisher\":{\"@id\":\"https:\\\/\\\/www.escalade.pro\\\/news\\\/#organization\"},\"potentialAction\":[{\"@type\":\"SearchAction\",\"target\":{\"@type\":\"EntryPoint\",\"urlTemplate\":\"https:\\\/\\\/www.escalade.pro\\\/news\\\/?s={search_term_string}\"},\"query-input\":{\"@type\":\"PropertyValueSpecification\",\"valueRequired\":true,\"valueName\":\"search_term_string\"}}],\"inLanguage\":\"fr-FR\"},{\"@type\":\"Organization\",\"@id\":\"https:\\\/\\\/www.escalade.pro\\\/news\\\/#organization\",\"name\":\"L&#039;Arqu\u00e9e Libre - Fred Vionnet entraineur\\\/moniteur escalade\",\"url\":\"https:\\\/\\\/www.escalade.pro\\\/news\\\/\",\"logo\":{\"@type\":\"ImageObject\",\"inLanguage\":\"fr-FR\",\"@id\":\"https:\\\/\\\/www.escalade.pro\\\/news\\\/#\\\/schema\\\/logo\\\/image\\\/\",\"url\":\"https:\\\/\\\/www.escalade.pro\\\/news\\\/wp-content\\\/uploads\\\/2026\\\/04\\\/logo-wp-AL-avril-2026-1.jpg\",\"contentUrl\":\"https:\\\/\\\/www.escalade.pro\\\/news\\\/wp-content\\\/uploads\\\/2026\\\/04\\\/logo-wp-AL-avril-2026-1.jpg\",\"width\":1955,\"height\":902,\"caption\":\"L&#039;Arqu\u00e9e Libre - Fred Vionnet entraineur\\\/moniteur escalade\"},\"image\":{\"@id\":\"https:\\\/\\\/www.escalade.pro\\\/news\\\/#\\\/schema\\\/logo\\\/image\\\/\"},\"sameAs\":[\"https:\\\/\\\/www.facebook.com\\\/grimpisme\\\/\",\"https:\\\/\\\/www.instagram.com\\\/grimpisme\\\/\",\"https:\\\/\\\/www.linkedin.com\\\/in\\\/fred-vionnet-6284b96a\\\/\",\"https:\\\/\\\/fr.pinterest.com\\\/grimpisme\\\/\",\"https:\\\/\\\/www.youtube.com\\\/@grimpisme\"]},{\"@type\":\"Person\",\"@id\":\"https:\\\/\\\/www.escalade.pro\\\/news\\\/#\\\/schema\\\/person\\\/e0e0520aa48cfda56ae5406c2fe2caeb\",\"name\":\"Fred Vionnet\",\"image\":{\"@type\":\"ImageObject\",\"inLanguage\":\"fr-FR\",\"@id\":\"https:\\\/\\\/secure.gravatar.com\\\/avatar\\\/a2f6c5fc695da895033dcd95afaa6aeda795d5122ab3a22a03e24aab7f3d96a6?s=96&d=blank&r=g\",\"url\":\"https:\\\/\\\/secure.gravatar.com\\\/avatar\\\/a2f6c5fc695da895033dcd95afaa6aeda795d5122ab3a22a03e24aab7f3d96a6?s=96&d=blank&r=g\",\"contentUrl\":\"https:\\\/\\\/secure.gravatar.com\\\/avatar\\\/a2f6c5fc695da895033dcd95afaa6aeda795d5122ab3a22a03e24aab7f3d96a6?s=96&d=blank&r=g\",\"caption\":\"Fred Vionnet\"},\"description\":\"Coach escalade en Haute Savoie. Pas contre une grande voie non plus. Mais on va \u00e0 C\u00e9\u00fcse, Fontainebleau, Buoux ou encore les Gorges du Verdon quand vous voulez.\",\"sameAs\":[\"http:\\\/\\\/www.grimpisme.com\",\"https:\\\/\\\/www.facebook.com\\\/fredCaillouXvionnet\",\"https:\\\/\\\/www.linkedin.com\\\/profile\\\/preview?vpa=pub&locale=fr_FR\",\"https:\\\/\\\/fr.pinterest.com\\\/grimpisme\\\/\",\"https:\\\/\\\/www.youtube.com\\\/user\\\/grimpisme\",\"https:\\\/\\\/soundcloud.com\\\/fredvionnet\"],\"url\":\"https:\\\/\\\/www.escalade.pro\\\/news\\\/author\\\/fred\\\/\"}]}<\/script>\n<!-- \/ Yoast SEO plugin. -->","yoast_head_json":{"title":"Vid\u00e9o Adam Ondra \"Just do it\" (8c+) - Grimpisme, guides Genevois","description":"Voil\u00e0 un joli cadeau de No\u00ebl que nous fait Adam Ondra, avec le film complet de son ascension \"\u00e0 vue\" de l'historique voie \"Just do it\" (Smith Rock, USA).","robots":{"index":"index","follow":"follow","max-snippet":"max-snippet:-1","max-image-preview":"max-image-preview:large","max-video-preview":"max-video-preview:-1"},"canonical":"https:\/\/www.escalade.pro\/news\/adam-ondra-just-do-it\/","og_locale":"fr_FR","og_type":"article","og_title":"Vid\u00e9o Adam Ondra \"Just do it\" (8c+) - Grimpisme, guides Genevois","og_description":"Voil\u00e0 un joli cadeau de No\u00ebl que nous fait Adam Ondra, avec le film complet de son ascension \"\u00e0 vue\" de l'historique voie \"Just do it\" (Smith Rock, USA).","og_url":"https:\/\/www.escalade.pro\/news\/adam-ondra-just-do-it\/","og_site_name":"L&#039;Arqu\u00e9e Libre - Fred Vionnet entraineur\/moniteur escalade","article_publisher":"https:\/\/www.facebook.com\/grimpisme\/","article_author":"https:\/\/www.facebook.com\/fredCaillouXvionnet","article_published_time":"2018-12-25T09:09:55+00:00","article_modified_time":"2019-02-05T09:23:56+00:00","og_image":[{"width":863,"height":482,"url":"https:\/\/www.escalade.pro\/news\/wp-content\/uploads\/2018\/12\/Capture-d\u2019e\u0301cran-2018-12-24-a\u0300-10.18.15.png","type":"image\/png"}],"author":"Fred Vionnet","twitter_card":"summary_large_image","twitter_misc":{"\u00c9crit par":"Fred Vionnet","Dur\u00e9e de lecture estim\u00e9e":"2 minutes"},"schema":{"@context":"https:\/\/schema.org","@graph":[{"@type":"Article","@id":"https:\/\/www.escalade.pro\/news\/adam-ondra-just-do-it\/#article","isPartOf":{"@id":"https:\/\/www.escalade.pro\/news\/adam-ondra-just-do-it\/"},"author":{"name":"Fred Vionnet","@id":"https:\/\/www.escalade.pro\/news\/#\/schema\/person\/e0e0520aa48cfda56ae5406c2fe2caeb"},"headline":"Vid\u00e9o escalade: l&rsquo;int\u00e9grale d&rsquo;Adam Ondra dans \u00ab\u00a0Just do it\u00a0\u00bb (8c+)","datePublished":"2018-12-25T09:09:55+00:00","dateModified":"2019-02-05T09:23:56+00:00","mainEntityOfPage":{"@id":"https:\/\/www.escalade.pro\/news\/adam-ondra-just-do-it\/"},"wordCount":398,"commentCount":0,"publisher":{"@id":"https:\/\/www.escalade.pro\/news\/#organization"},"image":{"@id":"https:\/\/www.escalade.pro\/news\/adam-ondra-just-do-it\/#primaryimage"},"thumbnailUrl":"https:\/\/www.escalade.pro\/news\/wp-content\/uploads\/2018\/12\/Capture-d\u2019e\u0301cran-2018-12-24-a\u0300-10.18.15.png","keywords":["adam ondra","entrainement","escalade","just do it","smith rock","video"],"articleSection":["Conseils entrainement escalade","Escalade","News et actu","Vid\u00e9os"],"inLanguage":"fr-FR","potentialAction":[{"@type":"CommentAction","name":"Comment","target":["https:\/\/www.escalade.pro\/news\/adam-ondra-just-do-it\/#respond"]}]},{"@type":"WebPage","@id":"https:\/\/www.escalade.pro\/news\/adam-ondra-just-do-it\/","url":"https:\/\/www.escalade.pro\/news\/adam-ondra-just-do-it\/","name":"Vid\u00e9o Adam Ondra \"Just do it\" (8c+) - Grimpisme, guides Genevois","isPartOf":{"@id":"https:\/\/www.escalade.pro\/news\/#website"},"primaryImageOfPage":{"@id":"https:\/\/www.escalade.pro\/news\/adam-ondra-just-do-it\/#primaryimage"},"image":{"@id":"https:\/\/www.escalade.pro\/news\/adam-ondra-just-do-it\/#primaryimage"},"thumbnailUrl":"https:\/\/www.escalade.pro\/news\/wp-content\/uploads\/2018\/12\/Capture-d\u2019e\u0301cran-2018-12-24-a\u0300-10.18.15.png","datePublished":"2018-12-25T09:09:55+00:00","dateModified":"2019-02-05T09:23:56+00:00","description":"Voil\u00e0 un joli cadeau de No\u00ebl que nous fait Adam Ondra, avec le film complet de son ascension \"\u00e0 vue\" de l'historique voie \"Just do it\" (Smith Rock, USA).","breadcrumb":{"@id":"https:\/\/www.escalade.pro\/news\/adam-ondra-just-do-it\/#breadcrumb"},"inLanguage":"fr-FR","potentialAction":[{"@type":"ReadAction","target":["https:\/\/www.escalade.pro\/news\/adam-ondra-just-do-it\/"]}]},{"@type":"ImageObject","inLanguage":"fr-FR","@id":"https:\/\/www.escalade.pro\/news\/adam-ondra-just-do-it\/#primaryimage","url":"https:\/\/www.escalade.pro\/news\/wp-content\/uploads\/2018\/12\/Capture-d\u2019e\u0301cran-2018-12-24-a\u0300-10.18.15.png","contentUrl":"https:\/\/www.escalade.pro\/news\/wp-content\/uploads\/2018\/12\/Capture-d\u2019e\u0301cran-2018-12-24-a\u0300-10.18.15.png","width":863,"height":482,"caption":"video adam ondra just do it escalade"},{"@type":"BreadcrumbList","@id":"https:\/\/www.escalade.pro\/news\/adam-ondra-just-do-it\/#breadcrumb","itemListElement":[{"@type":"ListItem","position":1,"name":"Accueil","item":"https:\/\/www.escalade.pro\/news\/"},{"@type":"ListItem","position":2,"name":"Vid\u00e9o escalade: l&rsquo;int\u00e9grale d&rsquo;Adam Ondra dans \u00ab\u00a0Just do it\u00a0\u00bb (8c+)"}]},{"@type":"WebSite","@id":"https:\/\/www.escalade.pro\/news\/#website","url":"https:\/\/www.escalade.pro\/news\/","name":"L&#039;Arqu\u00e9e Libre - Fred Vionnet entraineur\/moniteur escalade","description":"Coaching et entrainement escalade. Buoux, C\u00e9\u00fcse et Fontainebleau.","publisher":{"@id":"https:\/\/www.escalade.pro\/news\/#organization"},"potentialAction":[{"@type":"SearchAction","target":{"@type":"EntryPoint","urlTemplate":"https:\/\/www.escalade.pro\/news\/?s={search_term_string}"},"query-input":{"@type":"PropertyValueSpecification","valueRequired":true,"valueName":"search_term_string"}}],"inLanguage":"fr-FR"},{"@type":"Organization","@id":"https:\/\/www.escalade.pro\/news\/#organization","name":"L&#039;Arqu\u00e9e Libre - Fred Vionnet entraineur\/moniteur escalade","url":"https:\/\/www.escalade.pro\/news\/","logo":{"@type":"ImageObject","inLanguage":"fr-FR","@id":"https:\/\/www.escalade.pro\/news\/#\/schema\/logo\/image\/","url":"https:\/\/www.escalade.pro\/news\/wp-content\/uploads\/2026\/04\/logo-wp-AL-avril-2026-1.jpg","contentUrl":"https:\/\/www.escalade.pro\/news\/wp-content\/uploads\/2026\/04\/logo-wp-AL-avril-2026-1.jpg","width":1955,"height":902,"caption":"L&#039;Arqu\u00e9e Libre - Fred Vionnet entraineur\/moniteur escalade"},"image":{"@id":"https:\/\/www.escalade.pro\/news\/#\/schema\/logo\/image\/"},"sameAs":["https:\/\/www.facebook.com\/grimpisme\/","https:\/\/www.instagram.com\/grimpisme\/","https:\/\/www.linkedin.com\/in\/fred-vionnet-6284b96a\/","https:\/\/fr.pinterest.com\/grimpisme\/","https:\/\/www.youtube.com\/@grimpisme"]},{"@type":"Person","@id":"https:\/\/www.escalade.pro\/news\/#\/schema\/person\/e0e0520aa48cfda56ae5406c2fe2caeb","name":"Fred Vionnet","image":{"@type":"ImageObject","inLanguage":"fr-FR","@id":"https:\/\/secure.gravatar.com\/avatar\/a2f6c5fc695da895033dcd95afaa6aeda795d5122ab3a22a03e24aab7f3d96a6?s=96&d=blank&r=g","url":"https:\/\/secure.gravatar.com\/avatar\/a2f6c5fc695da895033dcd95afaa6aeda795d5122ab3a22a03e24aab7f3d96a6?s=96&d=blank&r=g","contentUrl":"https:\/\/secure.gravatar.com\/avatar\/a2f6c5fc695da895033dcd95afaa6aeda795d5122ab3a22a03e24aab7f3d96a6?s=96&d=blank&r=g","caption":"Fred Vionnet"},"description":"Coach escalade en Haute Savoie. Pas contre une grande voie non plus. Mais on va \u00e0 C\u00e9\u00fcse, Fontainebleau, Buoux ou encore les Gorges du Verdon quand vous voulez.","sameAs":["http:\/\/www.grimpisme.com","https:\/\/www.facebook.com\/fredCaillouXvionnet","https:\/\/www.linkedin.com\/profile\/preview?vpa=pub&locale=fr_FR","https:\/\/fr.pinterest.com\/grimpisme\/","https:\/\/www.youtube.com\/user\/grimpisme","https:\/\/soundcloud.com\/fredvionnet"],"url":"https:\/\/www.escalade.pro\/news\/author\/fred\/"}]}},"jetpack_publicize_connections":[],"jetpack_featured_media_url":"https:\/\/www.escalade.pro\/news\/wp-content\/uploads\/2018\/12\/Capture-d\u2019e\u0301cran-2018-12-24-a\u0300-10.18.15.png","jetpack_sharing_enabled":true,"jetpack_shortlink":"https:\/\/wp.me\/p68Rw6-4wu","jetpack-related-posts":[{"id":20030,"url":"https:\/\/www.escalade.pro\/news\/video-j3-ondra-perfecto-mundo\/","url_meta":{"origin":17390,"position":0},"title":"Vid\u00e9o: J3 pas simple pour Ondra dans \u00ab\u00a0Perfecto Mundo\u00a0\u00bb","author":"Fred Vionnet","date":"4 novembre 2020","format":false,"excerpt":"La le\u00e7on \u00e0 en tirer? Restez positif. Soyez flexible quand les choses vont moins bien que pr\u00e9vu. Abandonner trop vite est une faiblesse, mais s\u2019ent\u00eater alors que la marche est trop haute est une grosse erreur qui risque de vous d\u00e9motiver.","rel":"","context":"Dans &quot;Conseils entrainement escalade&quot;","block_context":{"text":"Conseils entrainement escalade","link":"https:\/\/www.escalade.pro\/news\/category\/entrainement-escalade\/"},"img":{"alt_text":"adam ondra perfecto mundo","src":"https:\/\/i0.wp.com\/www.escalade.pro\/news\/wp-content\/uploads\/2020\/11\/adam-ondra-perfecto-mundo.jpg?resize=350%2C200&ssl=1","width":350,"height":200,"srcset":"https:\/\/i0.wp.com\/www.escalade.pro\/news\/wp-content\/uploads\/2020\/11\/adam-ondra-perfecto-mundo.jpg?resize=350%2C200&ssl=1 1x, https:\/\/i0.wp.com\/www.escalade.pro\/news\/wp-content\/uploads\/2020\/11\/adam-ondra-perfecto-mundo.jpg?resize=525%2C300&ssl=1 1.5x, https:\/\/i0.wp.com\/www.escalade.pro\/news\/wp-content\/uploads\/2020\/11\/adam-ondra-perfecto-mundo.jpg?resize=700%2C400&ssl=1 2x"},"classes":[]},{"id":3547,"url":"https:\/\/www.escalade.pro\/news\/video-adam-ondra-rock-plastic\/","url_meta":{"origin":17390,"position":1},"title":"Video Adam Ondra: Rock and plastic and privacy settings&#8230;Vid\u00e9o Adam Ondra: Rock and plastic et propri\u00e9t\u00e9 priv\u00e9e&#8230;","author":"Fred Vionnet","date":"8 octobre 2014","format":false,"excerpt":"Can't share this new video about Adam Ondra on the blog because of Black Diamond privacy rights... follow this link and enjoy! Encore une vid\u00e9o sur Adam Ondra me direz vous! Pour tout passionn\u00e9 de grimpe je crois que c'est amplement justifi\u00e9, de plus ce film recadre bien les choses:\u2026","rel":"","context":"Dans &quot;Coups de gueule&quot;","block_context":{"text":"Coups de gueule","link":"https:\/\/www.escalade.pro\/news\/category\/coup-de-gueule\/"},"img":{"alt_text":"ondra adam video rock and plastic","src":"https:\/\/i0.wp.com\/www.escalade.pro\/news\/wp-content\/uploads\/2014\/10\/ondra_rock_plastic2-300x167.jpg?resize=350%2C200","width":350,"height":200},"classes":[]},{"id":3724,"url":"https:\/\/www.escalade.pro\/news\/video-adam-ondra-2x8cc-a-vue-a-flattanger\/","url_meta":{"origin":17390,"position":2},"title":"Video: Adam Ondra  onsighting 2 8c\/c+ routes in FlattangerVid\u00e9o: Adam Ondra, 2x8c\/c+ \u00e0 vue \u00e0 Flattanger","author":"Fred Vionnet","date":"25 octobre 2014","format":false,"excerpt":"Change movie will be definitely and finally released on Sunday 26.10. 2014. Before that, his editor offers us Adam Ondra on-sighting Nordic Flower (established as 9a, today more like 8c\/+) and Muy Verdes 8c\/+ in Hanshelleren cave in Flatanger, Norway. Le film Change devait sortir dimanche dernier. Suite \u00e0 des\u2026","rel":"","context":"Dans &quot;Escalade&quot;","block_context":{"text":"Escalade","link":"https:\/\/www.escalade.pro\/news\/category\/escalade\/"},"img":{"alt_text":"Lleida_Cover","src":"https:\/\/i0.wp.com\/www.escalade.pro\/news\/wp-content\/uploads\/2014\/10\/Lleida_Cover.jpg?resize=350%2C200","width":350,"height":200},"classes":[]},{"id":2562,"url":"https:\/\/www.escalade.pro\/news\/demi-finales-coupe-monde-briancon-en-live\/","url_meta":{"origin":17390,"position":3},"title":"Brian\u00e7on semi-finals liveDemi-finales de la Coupe du Monde de Brian\u00e7on en live","author":"Fred Vionnet","date":"19 juillet 2014","format":false,"excerpt":"Brian\u00e7on semi-finals live with Adam Ondra! D'habitude je ne vous propose pas les lives des demi-finales de Coupe du Monde sur le blog. Cette fois-ci c'est diff\u00e9rent et je les attends impatiemment pour 2 raisons: - Adam Ondra est pr\u00e9sent, il est tr\u00e8s en forme \u00e0 priori (le Superplafond de\u2026","rel":"","context":"Dans &quot;Escalade&quot;","block_context":{"text":"Escalade","link":"https:\/\/www.escalade.pro\/news\/category\/escalade\/"},"img":{"alt_text":"","src":"","width":0,"height":0},"classes":[]},{"id":15016,"url":"https:\/\/www.escalade.pro\/news\/adam-ondra-premier-9c\/","url_meta":{"origin":17390,"position":4},"title":"Adam Ondra et le premier 9c&#8230; si particulier!","author":"Fred Vionnet","date":"8 septembre 2017","format":false,"excerpt":"Les 45 m\u00e8tres de \u201cProject Hard\u201d se composent d\u2019un 8c bloc, suivi d\u2019un 8b bloc puis d\u2019un 7c+ bloc. La \u201cmarche d\u2019approche\u201d est un 8b voie. Plusieurs coincements de genoux permettent \u00e0 Adam de r\u00e9cup\u00e9rer entre les crux.","rel":"","context":"Dans &quot;Escalade&quot;","block_context":{"text":"Escalade","link":"https:\/\/www.escalade.pro\/news\/category\/escalade\/"},"img":{"alt_text":"adam ondra 9c escalade","src":"https:\/\/i0.wp.com\/www.escalade.pro\/news\/wp-content\/uploads\/2017\/09\/Capture-d%E2%80%99e%CC%81cran-2017-09-07-a%CC%80-19.27.03.png?resize=350%2C200&ssl=1","width":350,"height":200,"srcset":"https:\/\/i0.wp.com\/www.escalade.pro\/news\/wp-content\/uploads\/2017\/09\/Capture-d%E2%80%99e%CC%81cran-2017-09-07-a%CC%80-19.27.03.png?resize=350%2C200&ssl=1 1x, https:\/\/i0.wp.com\/www.escalade.pro\/news\/wp-content\/uploads\/2017\/09\/Capture-d%E2%80%99e%CC%81cran-2017-09-07-a%CC%80-19.27.03.png?resize=525%2C300&ssl=1 1.5x"},"classes":[]},{"id":17931,"url":"https:\/\/www.escalade.pro\/news\/journee-entrainement-adam-ondra\/","url_meta":{"origin":17390,"position":5},"title":"Une journ\u00e9e d&rsquo;entrainement \u00ab\u00a0habituelle\u00a0\u00bb pour Adam Ondra!","author":"Fred Vionnet","date":"12 avril 2019","format":false,"excerpt":"Adam Ondra r\u00e9alise 4 s\u00e9ances d'entrainement sur la m\u00eame journ\u00e9e, de 9h30 \u00e0 19h30, stup\u00e9fiant! Mais ce n'est pas un exemple \u00e0 suivre les yeux ferm\u00e9s.","rel":"","context":"Dans &quot;Conseils entrainement escalade&quot;","block_context":{"text":"Conseils entrainement escalade","link":"https:\/\/www.escalade.pro\/news\/category\/entrainement-escalade\/"},"img":{"alt_text":"entrainement adam ondra","src":"https:\/\/i0.wp.com\/www.escalade.pro\/news\/wp-content\/uploads\/2019\/04\/entrainement-adam-ondra.jpg?resize=350%2C200&ssl=1","width":350,"height":200,"srcset":"https:\/\/i0.wp.com\/www.escalade.pro\/news\/wp-content\/uploads\/2019\/04\/entrainement-adam-ondra.jpg?resize=350%2C200&ssl=1 1x, https:\/\/i0.wp.com\/www.escalade.pro\/news\/wp-content\/uploads\/2019\/04\/entrainement-adam-ondra.jpg?resize=525%2C300&ssl=1 1.5x, https:\/\/i0.wp.com\/www.escalade.pro\/news\/wp-content\/uploads\/2019\/04\/entrainement-adam-ondra.jpg?resize=700%2C400&ssl=1 2x"},"classes":[]}],"_links":{"self":[{"href":"https:\/\/www.escalade.pro\/news\/wp-json\/wp\/v2\/posts\/17390","targetHints":{"allow":["GET"]}}],"collection":[{"href":"https:\/\/www.escalade.pro\/news\/wp-json\/wp\/v2\/posts"}],"about":[{"href":"https:\/\/www.escalade.pro\/news\/wp-json\/wp\/v2\/types\/post"}],"author":[{"embeddable":true,"href":"https:\/\/www.escalade.pro\/news\/wp-json\/wp\/v2\/users\/1"}],"replies":[{"embeddable":true,"href":"https:\/\/www.escalade.pro\/news\/wp-json\/wp\/v2\/comments?post=17390"}],"version-history":[{"count":40,"href":"https:\/\/www.escalade.pro\/news\/wp-json\/wp\/v2\/posts\/17390\/revisions"}],"predecessor-version":[{"id":17433,"href":"https:\/\/www.escalade.pro\/news\/wp-json\/wp\/v2\/posts\/17390\/revisions\/17433"}],"wp:featuredmedia":[{"embeddable":true,"href":"https:\/\/www.escalade.pro\/news\/wp-json\/wp\/v2\/media\/17395"}],"wp:attachment":[{"href":"https:\/\/www.escalade.pro\/news\/wp-json\/wp\/v2\/media?parent=17390"}],"wp:term":[{"taxonomy":"category","embeddable":true,"href":"https:\/\/www.escalade.pro\/news\/wp-json\/wp\/v2\/categories?post=17390"},{"taxonomy":"post_tag","embeddable":true,"href":"https:\/\/www.escalade.pro\/news\/wp-json\/wp\/v2\/tags?post=17390"}],"curies":[{"name":"wp","href":"https:\/\/api.w.org\/{rel}","templated":true}]}}