{"id":17232,"date":"2018-11-28T20:30:16","date_gmt":"2018-11-28T19:30:16","guid":{"rendered":"https:\/\/www.escalade.pro\/news\/?p=17232"},"modified":"2019-04-08T15:45:08","modified_gmt":"2019-04-08T13:45:08","slug":"salathe-elcapitan-yosemite","status":"publish","type":"post","link":"https:\/\/www.escalade.pro\/news\/salathe-elcapitan-yosemite\/","title":{"rendered":"Jamais deux sans trois, vir\u00e9e automnale au Yosemite"},"content":{"rendered":"<p style=\"text-align: center;\"><a href=\"https:\/\/www.escalade.pro\/news\/wp-content\/uploads\/2018\/11\/1elcap.jpg\"><img loading=\"lazy\" decoding=\"async\" class=\"alignnone wp-image-17233 size-medium\" src=\"https:\/\/www.escalade.pro\/news\/wp-content\/uploads\/2018\/11\/1elcap-300x225.jpg\" alt=\"elcap yosemite salathe wall\" width=\"300\" height=\"225\" srcset=\"https:\/\/www.escalade.pro\/news\/wp-content\/uploads\/2018\/11\/1elcap-300x225.jpg 300w, https:\/\/www.escalade.pro\/news\/wp-content\/uploads\/2018\/11\/1elcap-768x576.jpg 768w, https:\/\/www.escalade.pro\/news\/wp-content\/uploads\/2018\/11\/1elcap.jpg 1024w, https:\/\/www.escalade.pro\/news\/wp-content\/uploads\/2018\/11\/1elcap-600x450.jpg 600w\" sizes=\"auto, (max-width: 300px) 100vw, 300px\" \/><\/a><\/p>\n<p>La Vall\u00e9e du Yosemite incarne la grimpe \u00e0 &nbsp;l&rsquo;\u00e9chelle am\u00e9ricaine. Nous, les europ\u00e9ens, sommes souvent saisi par ce sentiment de ne plus jouer \u00e0 la m\u00eame \u00e9chelle qu&rsquo;\u00e0 la maison. Plus besoin de pr\u00e9senter ses mythiques embl\u00e8mes que sont le Half-Dome et El Capitan. C&rsquo;est pour gravir ce dernier que je reviens une troisi\u00e8me fois dans cette vall\u00e9e.<\/p>\n<p>Ma premi\u00e8re fois, une rencontre plut\u00f4t intime avec une jeune maman ours avait sensiblement compliqu\u00e9 les choses! Sagesse et couardise avait supplant\u00e9 enthousiasme et na\u00efvet\u00e9.<\/p>\n<p>La deuxi\u00e8me fois, un mal des rimaye carabin\u00e9 avait terrass\u00e9 mon compagnon \u00e0 la redescente du Half-Dome.Le bivouac de Big Sandy Ledge et les longueurs sommitales lui avait offert plus d&rsquo;\u00e9motions qu&rsquo;il n&rsquo;en esp\u00e9rait.<\/p>\n<p style=\"text-align: center;\"><strong>Cette fois-ci fut la bonne! Epaul\u00e9 d&rsquo;un solide pilier comme on n&rsquo;en fait plus que dans les Pyren\u00e9es, ce ne pouvait \u00eatre qu&rsquo;une belle vir\u00e9e.<\/strong><\/p>\n<p>Apr\u00e8s quelques \u00e9chauffements de rigueur dans de belles classiques comme la face nord du Rostrum pour le libre et Washington Column pour a\u00e9rer les \u00e9triers, nous avons paquet\u00e9 le bag et pris direction de Salath\u00e9 Wall, en face sud-ouest d&rsquo;ElCapitan.<\/p>\n<p><a href=\"https:\/\/www.escalade.pro\/news\/wp-content\/uploads\/2018\/11\/4Rostrum2.jpg\"><img loading=\"lazy\" decoding=\"async\" class=\"alignnone wp-image-17235 size-large\" src=\"https:\/\/www.escalade.pro\/news\/wp-content\/uploads\/2018\/11\/4Rostrum2-1024x778.jpg\" alt=\"Rostrum north face Yosemite\" width=\"800\" height=\"608\" srcset=\"https:\/\/www.escalade.pro\/news\/wp-content\/uploads\/2018\/11\/4Rostrum2.jpg 1024w, https:\/\/www.escalade.pro\/news\/wp-content\/uploads\/2018\/11\/4Rostrum2-300x228.jpg 300w, https:\/\/www.escalade.pro\/news\/wp-content\/uploads\/2018\/11\/4Rostrum2-768x584.jpg 768w, https:\/\/www.escalade.pro\/news\/wp-content\/uploads\/2018\/11\/4Rostrum2-600x456.jpg 600w\" sizes=\"auto, (max-width: 800px) 100vw, 800px\" \/><\/a><\/p>\n<p style=\"text-align: center;\"><em><span style=\"font-size: 10pt;\">Face nord du Rostrum<\/span><\/em><\/p>\n<p>La strat\u00e9gie adopt\u00e9e f\u00fbt l\u00e9g\u00e8rement diff\u00e9rente que le classique \u00ab\u00a0Fast and Light\u00a0\u00bb souvent de rigueur dans nos parois alpines. N&rsquo;\u00e9tant pas l\u00e0 tous les quatre matins on a opt\u00e9 pour une option <strong>\u00ab\u00a0Light and Enjoy your Time\u00a0\u00bb<\/strong>. Light parce qu&rsquo;un sac l\u00e9ger c&rsquo;est tout de m\u00eame plus agr\u00e9able \u00e0 hisser qu&rsquo;une grosse patate, et Enjoy your Time parce qu&rsquo;il serait dommage de se presser dans une telle voie. Pour une fois qu&rsquo;il n&rsquo;y a pas de risque de chutes de pierre, de conditions de regel \u00e0 surveiller, de zones de crevasses \u00e0 n\u00e9gocier, on en profite \u00e0 fond!!<\/p>\n<p style=\"text-align: center;\"><a href=\"https:\/\/www.escalade.pro\/news\/wp-content\/uploads\/2018\/11\/9Roof.jpg\"><img loading=\"lazy\" decoding=\"async\" class=\"alignnone wp-image-17240 size-medium\" src=\"https:\/\/www.escalade.pro\/news\/wp-content\/uploads\/2018\/11\/9Roof-200x300.jpg\" alt=\"Roof salathe wall el capitan Yosemite\" width=\"200\" height=\"300\" srcset=\"https:\/\/www.escalade.pro\/news\/wp-content\/uploads\/2018\/11\/9Roof-200x300.jpg 200w, https:\/\/www.escalade.pro\/news\/wp-content\/uploads\/2018\/11\/9Roof-683x1024.jpg 683w, https:\/\/www.escalade.pro\/news\/wp-content\/uploads\/2018\/11\/9Roof-600x900.jpg 600w, https:\/\/www.escalade.pro\/news\/wp-content\/uploads\/2018\/11\/9Roof.jpg 724w\" sizes=\"auto, (max-width: 200px) 100vw, 200px\" \/><\/a><\/p>\n<p style=\"text-align: center;\"><em><span style=\"font-size: 10pt;\">The Roof, une belle longueur d&rsquo;artif.<\/span><\/em><\/p>\n<p style=\"text-align: left;\">De bas en haut tout est beau. Le rocher est excellent, les fissures \u00e9pur\u00e9es, les protections b\u00e9tons. Au fur et \u00e0 mesure que l&rsquo;on s&rsquo;\u00e9l\u00e8ve, la paroi se redresse jusqu&rsquo;\u00e0 l\u00e9g\u00e8rement d\u00e9passer l&rsquo;axe de la verticale dans le Headwall. Les bivouacs se font sur les luxueuses vires que sont Heart Ledges, El Cap Spire et Long Ledge.<\/p>\n<p style=\"text-align: center;\"><strong>Il n&rsquo;y a rien \u00e0 jeter, cette voie mythique tient ses promesses jusqu&rsquo;au bout!<\/strong><\/p>\n<p style=\"text-align: center;\"><img loading=\"lazy\" decoding=\"async\" class=\"alignnone wp-image-17245 size-medium\" src=\"https:\/\/www.escalade.pro\/news\/wp-content\/uploads\/2018\/11\/DSC09240-300x200.jpg\" alt=\"Salahte headwall jumar yosemite El Capitan\" width=\"300\" height=\"200\" srcset=\"https:\/\/www.escalade.pro\/news\/wp-content\/uploads\/2018\/11\/DSC09240-300x200.jpg 300w, https:\/\/www.escalade.pro\/news\/wp-content\/uploads\/2018\/11\/DSC09240-768x512.jpg 768w, https:\/\/www.escalade.pro\/news\/wp-content\/uploads\/2018\/11\/DSC09240-1024x683.jpg 1024w, https:\/\/www.escalade.pro\/news\/wp-content\/uploads\/2018\/11\/DSC09240-600x400.jpg 600w\" sizes=\"auto, (max-width: 300px) 100vw, 300px\" \/><\/p>\n<p style=\"text-align: center;\"><em><span style=\"font-size: 10pt;\">&nbsp;Au sommet du Headwall.<\/span><\/em><\/p>\n<p>Alors \u00ab\u00a0Jamais deux sans trois\u00a0\u00bb d&rsquo;accord. Mais si vous m&rsquo;autorisez un \u00ab\u00a0Jamais trois sans quatre\u00a0\u00bb, j&rsquo;y retourne volontiers au printemps prochain.<\/p>\n<p style=\"text-align: left;\"><strong>Des motiv\u00e9s?<\/strong><\/p>\n<p style=\"text-align: center;\">&nbsp;<\/p>\n<div id='gallery-1' class='gallery galleryid-17232 gallery-columns-3 gallery-size-colormag-featured-image'><figure class='gallery-item'>\n\t\t\t<div class='gallery-icon landscape'>\n\t\t\t\t<a title=\"elcap yosemite salathe wall\" href='https:\/\/www.escalade.pro\/news\/salathe-elcapitan-yosemite\/1elcap\/'><img loading=\"lazy\" decoding=\"async\" width=\"800\" height=\"445\" src=\"https:\/\/www.escalade.pro\/news\/wp-content\/uploads\/2018\/11\/1elcap-800x445.jpg\" class=\"attachment-colormag-featured-image size-colormag-featured-image\" alt=\"elcap yosemite salathe wall\" \/><\/a>\n\t\t\t<\/div><\/figure><figure class='gallery-item'>\n\t\t\t<div class='gallery-icon landscape'>\n\t\t\t\t<a title=\"MrsNatural Glacier point yosemite\" href='https:\/\/www.escalade.pro\/news\/salathe-elcapitan-yosemite\/2mrsnatural\/'><img loading=\"lazy\" decoding=\"async\" width=\"800\" height=\"445\" src=\"https:\/\/www.escalade.pro\/news\/wp-content\/uploads\/2018\/11\/2MrsNatural-800x445.jpg\" class=\"attachment-colormag-featured-image size-colormag-featured-image\" alt=\"MrsNatural Glacier point yosemite\" \/><\/a>\n\t\t\t<\/div><\/figure><figure class='gallery-item'>\n\t\t\t<div class='gallery-icon landscape'>\n\t\t\t\t<a title=\"Rostrum north face Yosemite\" href='https:\/\/www.escalade.pro\/news\/salathe-elcapitan-yosemite\/4rostrum2\/'><img loading=\"lazy\" decoding=\"async\" width=\"800\" height=\"445\" src=\"https:\/\/www.escalade.pro\/news\/wp-content\/uploads\/2018\/11\/4Rostrum2-800x445.jpg\" class=\"attachment-colormag-featured-image size-colormag-featured-image\" alt=\"Rostrum north face Yosemite\" \/><\/a>\n\t\t\t<\/div><\/figure><figure class='gallery-item'>\n\t\t\t<div class='gallery-icon portrait'>\n\t\t\t\t<a title=\"Gates of delirium Ribbon falls yosemite\" href='https:\/\/www.escalade.pro\/news\/salathe-elcapitan-yosemite\/5gates\/'><img loading=\"lazy\" decoding=\"async\" width=\"724\" height=\"445\" src=\"https:\/\/www.escalade.pro\/news\/wp-content\/uploads\/2018\/11\/5Gates-724x445.jpg\" class=\"attachment-colormag-featured-image size-colormag-featured-image\" alt=\"Gates of delirium Ribbon falls yosemite\" \/><\/a>\n\t\t\t<\/div><\/figure><figure class='gallery-item'>\n\t\t\t<div class='gallery-icon landscape'>\n\t\t\t\t<a title=\"heart ledges salahe wall el capitan\" href='https:\/\/www.escalade.pro\/news\/salathe-elcapitan-yosemite\/6salheart\/'><img loading=\"lazy\" decoding=\"async\" width=\"800\" height=\"445\" src=\"https:\/\/www.escalade.pro\/news\/wp-content\/uploads\/2018\/11\/6SalHeart-800x445.jpg\" class=\"attachment-colormag-featured-image size-colormag-featured-image\" alt=\"heart ledges salahe wall el capitan\" \/><\/a>\n\t\t\t<\/div><\/figure><figure class='gallery-item'>\n\t\t\t<div class='gallery-icon portrait'>\n\t\t\t\t<a title=\"Salathe wall Hollow Ledge El Capitan Yosemite\" href='https:\/\/www.escalade.pro\/news\/salathe-elcapitan-yosemite\/7salathe1\/'><img loading=\"lazy\" decoding=\"async\" width=\"800\" height=\"445\" src=\"https:\/\/www.escalade.pro\/news\/wp-content\/uploads\/2018\/11\/7Salathe1-800x445.jpg\" class=\"attachment-colormag-featured-image size-colormag-featured-image\" alt=\"Salathe wall Hollow Ledge El Capitan Yosemite\" \/><\/a>\n\t\t\t<\/div><\/figure><figure class='gallery-item'>\n\t\t\t<div class='gallery-icon landscape'>\n\t\t\t\t<a title=\"El cap spire bivouac salathe wall yosemite\" href='https:\/\/www.escalade.pro\/news\/salathe-elcapitan-yosemite\/8elcapspire\/'><img loading=\"lazy\" decoding=\"async\" width=\"800\" height=\"445\" src=\"https:\/\/www.escalade.pro\/news\/wp-content\/uploads\/2018\/11\/8Elcapspire-800x445.jpg\" class=\"attachment-colormag-featured-image size-colormag-featured-image\" alt=\"El cap spire bivouac salathe wall yosemite\" \/><\/a>\n\t\t\t<\/div><\/figure><figure class='gallery-item'>\n\t\t\t<div class='gallery-icon portrait'>\n\t\t\t\t<a title=\"Roof salathe wall el capitan Yosemite\" href='https:\/\/www.escalade.pro\/news\/salathe-elcapitan-yosemite\/9roof\/'><img loading=\"lazy\" decoding=\"async\" width=\"724\" height=\"445\" src=\"https:\/\/www.escalade.pro\/news\/wp-content\/uploads\/2018\/11\/9Roof-724x445.jpg\" class=\"attachment-colormag-featured-image size-colormag-featured-image\" alt=\"Roof salathe wall el capitan Yosemite\" \/><\/a>\n\t\t\t<\/div><\/figure><figure class='gallery-item'>\n\t\t\t<div class='gallery-icon landscape'>\n\t\t\t\t<a title=\"headwall A2 Salathe wall yosemite\" href='https:\/\/www.escalade.pro\/news\/salathe-elcapitan-yosemite\/10headwall\/'><img loading=\"lazy\" decoding=\"async\" width=\"800\" height=\"445\" src=\"https:\/\/www.escalade.pro\/news\/wp-content\/uploads\/2018\/11\/10headwall-800x445.jpg\" class=\"attachment-colormag-featured-image size-colormag-featured-image\" alt=\"headwall A2 Salathe wall yosemite\" \/><\/a>\n\t\t\t<\/div><\/figure><figure class='gallery-item'>\n\t\t\t<div class='gallery-icon portrait'>\n\t\t\t\t<a title=\"headwall salathe yosemite\" href='https:\/\/www.escalade.pro\/news\/salathe-elcapitan-yosemite\/11headwall\/'><img loading=\"lazy\" decoding=\"async\" width=\"724\" height=\"445\" src=\"https:\/\/www.escalade.pro\/news\/wp-content\/uploads\/2018\/11\/11headwall-724x445.jpg\" class=\"attachment-colormag-featured-image size-colormag-featured-image\" alt=\"headwall salathe yosemite\" \/><\/a>\n\t\t\t<\/div><\/figure><figure class='gallery-item'>\n\t\t\t<div class='gallery-icon portrait'>\n\t\t\t\t<a title=\"Salathe wall Yosemite El capitan\" href='https:\/\/www.escalade.pro\/news\/20181022_092718\/'><img loading=\"lazy\" decoding=\"async\" width=\"800\" height=\"445\" src=\"https:\/\/www.escalade.pro\/news\/wp-content\/uploads\/2018\/11\/20181022_092718-800x445.jpg\" class=\"attachment-colormag-featured-image size-colormag-featured-image\" alt=\"Salathe wall Yosemite El capitan\" \/><\/a>\n\t\t\t<\/div><\/figure><figure class='gallery-item'>\n\t\t\t<div class='gallery-icon landscape'>\n\t\t\t\t<a title=\"Salahte headwall jumar yosemite El Capitan\" href='https:\/\/www.escalade.pro\/news\/salathe-elcapitan-yosemite\/dsc09240\/'><img loading=\"lazy\" decoding=\"async\" width=\"800\" height=\"445\" src=\"https:\/\/www.escalade.pro\/news\/wp-content\/uploads\/2018\/11\/DSC09240-800x445.jpg\" class=\"attachment-colormag-featured-image size-colormag-featured-image\" alt=\"Salahte headwall jumar yosemite El Capitan\" \/><\/a>\n\t\t\t<\/div><\/figure><figure class='gallery-item'>\n\t\t\t<div class='gallery-icon landscape'>\n\t\t\t\t<a title=\"Half dome sunset yosemite valley\" href='https:\/\/www.escalade.pro\/news\/salathe-elcapitan-yosemite\/13halfdome\/'><img loading=\"lazy\" decoding=\"async\" width=\"800\" height=\"445\" src=\"https:\/\/www.escalade.pro\/news\/wp-content\/uploads\/2018\/11\/13Halfdome-800x445.jpg\" class=\"attachment-colormag-featured-image size-colormag-featured-image\" alt=\"Half dome sunset yosemite valley\" \/><\/a>\n\t\t\t<\/div><\/figure>\n\t\t<\/div>\n\n","protected":false},"excerpt":{"rendered":"<p>Ascension plaisir de Salath\u00e9 Wall en bonne compagnie. 900 m\u00e8tres de beau granit raide \u00e0 souhait.<br \/>\nA savourer comme il se doit!<\/p>\n","protected":false},"author":7,"featured_media":17234,"comment_status":"open","ping_status":"open","sticky":false,"template":"","format":"standard","meta":{"colormag_page_container_layout":"default_layout","colormag_page_sidebar_layout":"default_layout","_monsterinsights_skip_tracking":false,"_monsterinsights_sitenote_active":false,"_monsterinsights_sitenote_note":"","_monsterinsights_sitenote_category":0,"ngg_post_thumbnail":0,"jetpack_post_was_ever_published":false,"_jetpack_newsletter_access":"","_jetpack_dont_email_post_to_subs":false,"_jetpack_newsletter_tier_id":0,"_jetpack_memberships_contains_paywalled_content":false,"_jetpack_memberships_contains_paid_content":false,"footnotes":"","jetpack_publicize_message":"","jetpack_publicize_feature_enabled":true,"jetpack_social_post_already_shared":true,"jetpack_social_options":{"image_generator_settings":{"template":"highway","default_image_id":0,"font":"","enabled":false},"version":2}},"categories":[5,4,58,1],"tags":[57,55,17,56,54,53],"class_list":["post-17232","post","type-post","status-publish","format-standard","has-post-thumbnail","hentry","category-alpinisme","category-escalade","category-mes-sorties","category-news","tag-californie","tag-el-capitan","tag-escalade","tag-salathe-wall","tag-trad","tag-yosemite"],"yoast_head":"<!-- This site is optimized with the Yoast SEO plugin v27.5 - https:\/\/yoast.com\/product\/yoast-seo-wordpress\/ -->\n<title>Vir\u00e9e automnale au Yosemite, Salath\u00e9 Wall - Grimpisme<\/title>\n<meta name=\"description\" content=\"Ascension plaisir de Salath\u00e9 Wall en bonne compagnie. 900 m\u00e8tres de beau granit raide \u00e0 souhait.A savourer comme il se doit!\" \/>\n<meta name=\"robots\" content=\"index, follow, max-snippet:-1, max-image-preview:large, max-video-preview:-1\" \/>\n<link rel=\"canonical\" href=\"https:\/\/www.escalade.pro\/news\/salathe-elcapitan-yosemite\/\" \/>\n<meta property=\"og:locale\" content=\"fr_FR\" \/>\n<meta property=\"og:type\" content=\"article\" \/>\n<meta property=\"og:title\" content=\"Vir\u00e9e automnale au Yosemite, Salath\u00e9 Wall - Grimpisme\" \/>\n<meta property=\"og:description\" content=\"Ascension plaisir de Salath\u00e9 Wall en bonne compagnie. 900 m\u00e8tres de beau granit raide \u00e0 souhait.A savourer comme il se doit!\" \/>\n<meta property=\"og:url\" content=\"https:\/\/www.escalade.pro\/news\/salathe-elcapitan-yosemite\/\" \/>\n<meta property=\"og:site_name\" content=\"L&#039;Arqu\u00e9e Libre - Fred Vionnet entraineur\/moniteur escalade\" \/>\n<meta property=\"article:publisher\" content=\"https:\/\/www.facebook.com\/grimpisme\/\" \/>\n<meta property=\"article:published_time\" content=\"2018-11-28T19:30:16+00:00\" \/>\n<meta property=\"article:modified_time\" content=\"2019-04-08T13:45:08+00:00\" \/>\n<meta property=\"og:image\" content=\"https:\/\/www.escalade.pro\/news\/wp-content\/uploads\/2018\/11\/2MrsNatural.jpg\" \/>\n\t<meta property=\"og:image:width\" content=\"1178\" \/>\n\t<meta property=\"og:image:height\" content=\"667\" \/>\n\t<meta property=\"og:image:type\" content=\"image\/jpeg\" \/>\n<meta name=\"author\" content=\"Thibault Beck\" \/>\n<meta name=\"twitter:card\" content=\"summary_large_image\" \/>\n<meta name=\"twitter:label1\" content=\"\u00c9crit par\" \/>\n\t<meta name=\"twitter:data1\" content=\"Thibault Beck\" \/>\n\t<meta name=\"twitter:label2\" content=\"Dur\u00e9e de lecture estim\u00e9e\" \/>\n\t<meta name=\"twitter:data2\" content=\"2 minutes\" \/>\n<script type=\"application\/ld+json\" class=\"yoast-schema-graph\">{\"@context\":\"https:\\\/\\\/schema.org\",\"@graph\":[{\"@type\":\"Article\",\"@id\":\"https:\\\/\\\/www.escalade.pro\\\/news\\\/salathe-elcapitan-yosemite\\\/#article\",\"isPartOf\":{\"@id\":\"https:\\\/\\\/www.escalade.pro\\\/news\\\/salathe-elcapitan-yosemite\\\/\"},\"author\":{\"name\":\"Thibault Beck\",\"@id\":\"https:\\\/\\\/www.escalade.pro\\\/news\\\/#\\\/schema\\\/person\\\/ff778238cf0f41571cb063b366e71cd5\"},\"headline\":\"Jamais deux sans trois, vir\u00e9e automnale au Yosemite\",\"datePublished\":\"2018-11-28T19:30:16+00:00\",\"dateModified\":\"2019-04-08T13:45:08+00:00\",\"mainEntityOfPage\":{\"@id\":\"https:\\\/\\\/www.escalade.pro\\\/news\\\/salathe-elcapitan-yosemite\\\/\"},\"wordCount\":432,\"commentCount\":0,\"publisher\":{\"@id\":\"https:\\\/\\\/www.escalade.pro\\\/news\\\/#organization\"},\"image\":{\"@id\":\"https:\\\/\\\/www.escalade.pro\\\/news\\\/salathe-elcapitan-yosemite\\\/#primaryimage\"},\"thumbnailUrl\":\"https:\\\/\\\/www.escalade.pro\\\/news\\\/wp-content\\\/uploads\\\/2018\\\/11\\\/2MrsNatural.jpg\",\"keywords\":[\"Californie\",\"El capitan\",\"escalade\",\"Salathe Wall\",\"trad\",\"Yosemite\"],\"articleSection\":[\"Alpinisme\",\"Escalade\",\"Mes sorties - retours d'exp\u00e9rience\",\"News et actu\"],\"inLanguage\":\"fr-FR\",\"potentialAction\":[{\"@type\":\"CommentAction\",\"name\":\"Comment\",\"target\":[\"https:\\\/\\\/www.escalade.pro\\\/news\\\/salathe-elcapitan-yosemite\\\/#respond\"]}]},{\"@type\":\"WebPage\",\"@id\":\"https:\\\/\\\/www.escalade.pro\\\/news\\\/salathe-elcapitan-yosemite\\\/\",\"url\":\"https:\\\/\\\/www.escalade.pro\\\/news\\\/salathe-elcapitan-yosemite\\\/\",\"name\":\"Vir\u00e9e automnale au Yosemite, Salath\u00e9 Wall - Grimpisme\",\"isPartOf\":{\"@id\":\"https:\\\/\\\/www.escalade.pro\\\/news\\\/#website\"},\"primaryImageOfPage\":{\"@id\":\"https:\\\/\\\/www.escalade.pro\\\/news\\\/salathe-elcapitan-yosemite\\\/#primaryimage\"},\"image\":{\"@id\":\"https:\\\/\\\/www.escalade.pro\\\/news\\\/salathe-elcapitan-yosemite\\\/#primaryimage\"},\"thumbnailUrl\":\"https:\\\/\\\/www.escalade.pro\\\/news\\\/wp-content\\\/uploads\\\/2018\\\/11\\\/2MrsNatural.jpg\",\"datePublished\":\"2018-11-28T19:30:16+00:00\",\"dateModified\":\"2019-04-08T13:45:08+00:00\",\"description\":\"Ascension plaisir de Salath\u00e9 Wall en bonne compagnie. 900 m\u00e8tres de beau granit raide \u00e0 souhait.A savourer comme il se doit!\",\"breadcrumb\":{\"@id\":\"https:\\\/\\\/www.escalade.pro\\\/news\\\/salathe-elcapitan-yosemite\\\/#breadcrumb\"},\"inLanguage\":\"fr-FR\",\"potentialAction\":[{\"@type\":\"ReadAction\",\"target\":[\"https:\\\/\\\/www.escalade.pro\\\/news\\\/salathe-elcapitan-yosemite\\\/\"]}]},{\"@type\":\"ImageObject\",\"inLanguage\":\"fr-FR\",\"@id\":\"https:\\\/\\\/www.escalade.pro\\\/news\\\/salathe-elcapitan-yosemite\\\/#primaryimage\",\"url\":\"https:\\\/\\\/www.escalade.pro\\\/news\\\/wp-content\\\/uploads\\\/2018\\\/11\\\/2MrsNatural.jpg\",\"contentUrl\":\"https:\\\/\\\/www.escalade.pro\\\/news\\\/wp-content\\\/uploads\\\/2018\\\/11\\\/2MrsNatural.jpg\",\"width\":1178,\"height\":667,\"caption\":\"MrsNatural Glacier point yosemite\"},{\"@type\":\"BreadcrumbList\",\"@id\":\"https:\\\/\\\/www.escalade.pro\\\/news\\\/salathe-elcapitan-yosemite\\\/#breadcrumb\",\"itemListElement\":[{\"@type\":\"ListItem\",\"position\":1,\"name\":\"Accueil\",\"item\":\"https:\\\/\\\/www.escalade.pro\\\/news\\\/\"},{\"@type\":\"ListItem\",\"position\":2,\"name\":\"Jamais deux sans trois, vir\u00e9e automnale au Yosemite\"}]},{\"@type\":\"WebSite\",\"@id\":\"https:\\\/\\\/www.escalade.pro\\\/news\\\/#website\",\"url\":\"https:\\\/\\\/www.escalade.pro\\\/news\\\/\",\"name\":\"L&#039;Arqu\u00e9e Libre - Fred Vionnet entraineur\\\/moniteur escalade\",\"description\":\"Coaching et entrainement escalade. Buoux, C\u00e9\u00fcse et Fontainebleau.\",\"publisher\":{\"@id\":\"https:\\\/\\\/www.escalade.pro\\\/news\\\/#organization\"},\"potentialAction\":[{\"@type\":\"SearchAction\",\"target\":{\"@type\":\"EntryPoint\",\"urlTemplate\":\"https:\\\/\\\/www.escalade.pro\\\/news\\\/?s={search_term_string}\"},\"query-input\":{\"@type\":\"PropertyValueSpecification\",\"valueRequired\":true,\"valueName\":\"search_term_string\"}}],\"inLanguage\":\"fr-FR\"},{\"@type\":\"Organization\",\"@id\":\"https:\\\/\\\/www.escalade.pro\\\/news\\\/#organization\",\"name\":\"L&#039;Arqu\u00e9e Libre - Fred Vionnet entraineur\\\/moniteur escalade\",\"url\":\"https:\\\/\\\/www.escalade.pro\\\/news\\\/\",\"logo\":{\"@type\":\"ImageObject\",\"inLanguage\":\"fr-FR\",\"@id\":\"https:\\\/\\\/www.escalade.pro\\\/news\\\/#\\\/schema\\\/logo\\\/image\\\/\",\"url\":\"https:\\\/\\\/www.escalade.pro\\\/news\\\/wp-content\\\/uploads\\\/2026\\\/04\\\/logo-wp-AL-avril-2026-1.jpg\",\"contentUrl\":\"https:\\\/\\\/www.escalade.pro\\\/news\\\/wp-content\\\/uploads\\\/2026\\\/04\\\/logo-wp-AL-avril-2026-1.jpg\",\"width\":1955,\"height\":902,\"caption\":\"L&#039;Arqu\u00e9e Libre - Fred Vionnet entraineur\\\/moniteur escalade\"},\"image\":{\"@id\":\"https:\\\/\\\/www.escalade.pro\\\/news\\\/#\\\/schema\\\/logo\\\/image\\\/\"},\"sameAs\":[\"https:\\\/\\\/www.facebook.com\\\/grimpisme\\\/\",\"https:\\\/\\\/www.instagram.com\\\/grimpisme\\\/\",\"https:\\\/\\\/www.linkedin.com\\\/in\\\/fred-vionnet-6284b96a\\\/\",\"https:\\\/\\\/fr.pinterest.com\\\/grimpisme\\\/\",\"https:\\\/\\\/www.youtube.com\\\/@grimpisme\"]},{\"@type\":\"Person\",\"@id\":\"https:\\\/\\\/www.escalade.pro\\\/news\\\/#\\\/schema\\\/person\\\/ff778238cf0f41571cb063b366e71cd5\",\"name\":\"Thibault Beck\",\"image\":{\"@type\":\"ImageObject\",\"inLanguage\":\"fr-FR\",\"@id\":\"https:\\\/\\\/secure.gravatar.com\\\/avatar\\\/bd6b30de349c447d65795a1581fa6808c5e1c7937f4682aa9acc31d40c42dadf?s=96&d=blank&r=g\",\"url\":\"https:\\\/\\\/secure.gravatar.com\\\/avatar\\\/bd6b30de349c447d65795a1581fa6808c5e1c7937f4682aa9acc31d40c42dadf?s=96&d=blank&r=g\",\"contentUrl\":\"https:\\\/\\\/secure.gravatar.com\\\/avatar\\\/bd6b30de349c447d65795a1581fa6808c5e1c7937f4682aa9acc31d40c42dadf?s=96&d=blank&r=g\",\"caption\":\"Thibault Beck\"},\"description\":\"Guide de montagne haute... et sauvage.\",\"sameAs\":[\"http:\\\/\\\/www.grimpisme.com\"],\"url\":\"https:\\\/\\\/www.escalade.pro\\\/news\\\/author\\\/thibault-beck\\\/\"}]}<\/script>\n<!-- \/ Yoast SEO plugin. -->","yoast_head_json":{"title":"Vir\u00e9e automnale au Yosemite, Salath\u00e9 Wall - Grimpisme","description":"Ascension plaisir de Salath\u00e9 Wall en bonne compagnie. 900 m\u00e8tres de beau granit raide \u00e0 souhait.A savourer comme il se doit!","robots":{"index":"index","follow":"follow","max-snippet":"max-snippet:-1","max-image-preview":"max-image-preview:large","max-video-preview":"max-video-preview:-1"},"canonical":"https:\/\/www.escalade.pro\/news\/salathe-elcapitan-yosemite\/","og_locale":"fr_FR","og_type":"article","og_title":"Vir\u00e9e automnale au Yosemite, Salath\u00e9 Wall - Grimpisme","og_description":"Ascension plaisir de Salath\u00e9 Wall en bonne compagnie. 900 m\u00e8tres de beau granit raide \u00e0 souhait.A savourer comme il se doit!","og_url":"https:\/\/www.escalade.pro\/news\/salathe-elcapitan-yosemite\/","og_site_name":"L&#039;Arqu\u00e9e Libre - Fred Vionnet entraineur\/moniteur escalade","article_publisher":"https:\/\/www.facebook.com\/grimpisme\/","article_published_time":"2018-11-28T19:30:16+00:00","article_modified_time":"2019-04-08T13:45:08+00:00","og_image":[{"width":1178,"height":667,"url":"https:\/\/www.escalade.pro\/news\/wp-content\/uploads\/2018\/11\/2MrsNatural.jpg","type":"image\/jpeg"}],"author":"Thibault Beck","twitter_card":"summary_large_image","twitter_misc":{"\u00c9crit par":"Thibault Beck","Dur\u00e9e de lecture estim\u00e9e":"2 minutes"},"schema":{"@context":"https:\/\/schema.org","@graph":[{"@type":"Article","@id":"https:\/\/www.escalade.pro\/news\/salathe-elcapitan-yosemite\/#article","isPartOf":{"@id":"https:\/\/www.escalade.pro\/news\/salathe-elcapitan-yosemite\/"},"author":{"name":"Thibault Beck","@id":"https:\/\/www.escalade.pro\/news\/#\/schema\/person\/ff778238cf0f41571cb063b366e71cd5"},"headline":"Jamais deux sans trois, vir\u00e9e automnale au Yosemite","datePublished":"2018-11-28T19:30:16+00:00","dateModified":"2019-04-08T13:45:08+00:00","mainEntityOfPage":{"@id":"https:\/\/www.escalade.pro\/news\/salathe-elcapitan-yosemite\/"},"wordCount":432,"commentCount":0,"publisher":{"@id":"https:\/\/www.escalade.pro\/news\/#organization"},"image":{"@id":"https:\/\/www.escalade.pro\/news\/salathe-elcapitan-yosemite\/#primaryimage"},"thumbnailUrl":"https:\/\/www.escalade.pro\/news\/wp-content\/uploads\/2018\/11\/2MrsNatural.jpg","keywords":["Californie","El capitan","escalade","Salathe Wall","trad","Yosemite"],"articleSection":["Alpinisme","Escalade","Mes sorties - retours d'exp\u00e9rience","News et actu"],"inLanguage":"fr-FR","potentialAction":[{"@type":"CommentAction","name":"Comment","target":["https:\/\/www.escalade.pro\/news\/salathe-elcapitan-yosemite\/#respond"]}]},{"@type":"WebPage","@id":"https:\/\/www.escalade.pro\/news\/salathe-elcapitan-yosemite\/","url":"https:\/\/www.escalade.pro\/news\/salathe-elcapitan-yosemite\/","name":"Vir\u00e9e automnale au Yosemite, Salath\u00e9 Wall - Grimpisme","isPartOf":{"@id":"https:\/\/www.escalade.pro\/news\/#website"},"primaryImageOfPage":{"@id":"https:\/\/www.escalade.pro\/news\/salathe-elcapitan-yosemite\/#primaryimage"},"image":{"@id":"https:\/\/www.escalade.pro\/news\/salathe-elcapitan-yosemite\/#primaryimage"},"thumbnailUrl":"https:\/\/www.escalade.pro\/news\/wp-content\/uploads\/2018\/11\/2MrsNatural.jpg","datePublished":"2018-11-28T19:30:16+00:00","dateModified":"2019-04-08T13:45:08+00:00","description":"Ascension plaisir de Salath\u00e9 Wall en bonne compagnie. 900 m\u00e8tres de beau granit raide \u00e0 souhait.A savourer comme il se doit!","breadcrumb":{"@id":"https:\/\/www.escalade.pro\/news\/salathe-elcapitan-yosemite\/#breadcrumb"},"inLanguage":"fr-FR","potentialAction":[{"@type":"ReadAction","target":["https:\/\/www.escalade.pro\/news\/salathe-elcapitan-yosemite\/"]}]},{"@type":"ImageObject","inLanguage":"fr-FR","@id":"https:\/\/www.escalade.pro\/news\/salathe-elcapitan-yosemite\/#primaryimage","url":"https:\/\/www.escalade.pro\/news\/wp-content\/uploads\/2018\/11\/2MrsNatural.jpg","contentUrl":"https:\/\/www.escalade.pro\/news\/wp-content\/uploads\/2018\/11\/2MrsNatural.jpg","width":1178,"height":667,"caption":"MrsNatural Glacier point yosemite"},{"@type":"BreadcrumbList","@id":"https:\/\/www.escalade.pro\/news\/salathe-elcapitan-yosemite\/#breadcrumb","itemListElement":[{"@type":"ListItem","position":1,"name":"Accueil","item":"https:\/\/www.escalade.pro\/news\/"},{"@type":"ListItem","position":2,"name":"Jamais deux sans trois, vir\u00e9e automnale au Yosemite"}]},{"@type":"WebSite","@id":"https:\/\/www.escalade.pro\/news\/#website","url":"https:\/\/www.escalade.pro\/news\/","name":"L&#039;Arqu\u00e9e Libre - Fred Vionnet entraineur\/moniteur escalade","description":"Coaching et entrainement escalade. Buoux, C\u00e9\u00fcse et Fontainebleau.","publisher":{"@id":"https:\/\/www.escalade.pro\/news\/#organization"},"potentialAction":[{"@type":"SearchAction","target":{"@type":"EntryPoint","urlTemplate":"https:\/\/www.escalade.pro\/news\/?s={search_term_string}"},"query-input":{"@type":"PropertyValueSpecification","valueRequired":true,"valueName":"search_term_string"}}],"inLanguage":"fr-FR"},{"@type":"Organization","@id":"https:\/\/www.escalade.pro\/news\/#organization","name":"L&#039;Arqu\u00e9e Libre - Fred Vionnet entraineur\/moniteur escalade","url":"https:\/\/www.escalade.pro\/news\/","logo":{"@type":"ImageObject","inLanguage":"fr-FR","@id":"https:\/\/www.escalade.pro\/news\/#\/schema\/logo\/image\/","url":"https:\/\/www.escalade.pro\/news\/wp-content\/uploads\/2026\/04\/logo-wp-AL-avril-2026-1.jpg","contentUrl":"https:\/\/www.escalade.pro\/news\/wp-content\/uploads\/2026\/04\/logo-wp-AL-avril-2026-1.jpg","width":1955,"height":902,"caption":"L&#039;Arqu\u00e9e Libre - Fred Vionnet entraineur\/moniteur escalade"},"image":{"@id":"https:\/\/www.escalade.pro\/news\/#\/schema\/logo\/image\/"},"sameAs":["https:\/\/www.facebook.com\/grimpisme\/","https:\/\/www.instagram.com\/grimpisme\/","https:\/\/www.linkedin.com\/in\/fred-vionnet-6284b96a\/","https:\/\/fr.pinterest.com\/grimpisme\/","https:\/\/www.youtube.com\/@grimpisme"]},{"@type":"Person","@id":"https:\/\/www.escalade.pro\/news\/#\/schema\/person\/ff778238cf0f41571cb063b366e71cd5","name":"Thibault Beck","image":{"@type":"ImageObject","inLanguage":"fr-FR","@id":"https:\/\/secure.gravatar.com\/avatar\/bd6b30de349c447d65795a1581fa6808c5e1c7937f4682aa9acc31d40c42dadf?s=96&d=blank&r=g","url":"https:\/\/secure.gravatar.com\/avatar\/bd6b30de349c447d65795a1581fa6808c5e1c7937f4682aa9acc31d40c42dadf?s=96&d=blank&r=g","contentUrl":"https:\/\/secure.gravatar.com\/avatar\/bd6b30de349c447d65795a1581fa6808c5e1c7937f4682aa9acc31d40c42dadf?s=96&d=blank&r=g","caption":"Thibault Beck"},"description":"Guide de montagne haute... et sauvage.","sameAs":["http:\/\/www.grimpisme.com"],"url":"https:\/\/www.escalade.pro\/news\/author\/thibault-beck\/"}]}},"jetpack_publicize_connections":[],"jetpack_featured_media_url":"https:\/\/www.escalade.pro\/news\/wp-content\/uploads\/2018\/11\/2MrsNatural.jpg","jetpack_sharing_enabled":true,"jetpack_shortlink":"https:\/\/wp.me\/p68Rw6-4tW","jetpack-related-posts":[{"id":3568,"url":"https:\/\/www.escalade.pro\/news\/video-alex-honnold-solo-yosemite\/","url_meta":{"origin":17232,"position":0},"title":"Video: Alex Honnold soloing in YosemiteVid\u00e9o: Alex Honnold en solo au Yosemite","author":"Fred Vionnet","date":"9 octobre 2014","format":false,"excerpt":"Alex Honnold solos Yosemite\u2019s Heaven 5.12d. The route was first climbed by Ron Kauk in the 90s and soloed in 2005 by Dean Potter. The climb starts 800 metres above the valley floor. Honnold first soloed it in 2011 on a day when he linked Heaven with Cosmic Debris. Alex\u2026","rel":"","context":"Dans &quot;Escalade&quot;","block_context":{"text":"Escalade","link":"https:\/\/www.escalade.pro\/news\/category\/escalade\/"},"img":{"alt_text":"","src":"","width":0,"height":0},"classes":[]},{"id":14930,"url":"https:\/\/www.escalade.pro\/news\/video-zangerl-jlarcher-zodiac\/","url_meta":{"origin":17232,"position":1},"title":"Vid\u00e9o: Babsi Zangerl et Jacopo Larcher dans \u00ab\u00a0Zodiac\u00a0\u00bb (5.13d, Yosemite)","author":"Fred Vionnet","date":"10 ao\u00fbt 2017","format":false,"excerpt":"Voici Babsi Zangerl et Jacopo Larcher qui lib\u00e8rent la voie \u201cZodiac\u201d sur El Capitan. Celle voie d\u2019escalade artificielle, ouverte en 1972 par Charlie Porter, est lib\u00e9r\u00e9 par les fr\u00e8res Huber en 2003 avec quelques variantes.","rel":"","context":"Dans &quot;Escalade&quot;","block_context":{"text":"Escalade","link":"https:\/\/www.escalade.pro\/news\/category\/escalade\/"},"img":{"alt_text":"","src":"https:\/\/i0.wp.com\/www.escalade.pro\/news\/wp-content\/uploads\/2017\/08\/zodiac.jpg?resize=350%2C200&ssl=1","width":350,"height":200,"srcset":"https:\/\/i0.wp.com\/www.escalade.pro\/news\/wp-content\/uploads\/2017\/08\/zodiac.jpg?resize=350%2C200&ssl=1 1x, https:\/\/i0.wp.com\/www.escalade.pro\/news\/wp-content\/uploads\/2017\/08\/zodiac.jpg?resize=525%2C300&ssl=1 1.5x, https:\/\/i0.wp.com\/www.escalade.pro\/news\/wp-content\/uploads\/2017\/08\/zodiac.jpg?resize=700%2C400&ssl=1 2x"},"classes":[]},{"id":8253,"url":"https:\/\/www.escalade.pro\/news\/video-ski-face-sud-moine\/","url_meta":{"origin":17232,"position":2},"title":"Vid\u00e9o et interview ski: face sud du Moine","author":"Fred Vionnet","date":"31 mars 2016","format":false,"excerpt":"Plusieurs premi\u00e8res en ski de pente raide superbes ont \u00e9t\u00e9 r\u00e9alis\u00e9es cet hiver, avec par exemple Vivian Bruchez et Kilian Jornet \u00e0 l'Aiguille du Chardonnet (vivianbruchez.blogspot.fr) ou encore Julien \"Pica\" Herry et ses potes \u00e0 la Grande Rocheuse (www.tvmountain.com). Si cette descente de la face sud de l'Aiguille du Moine\u2026","rel":"","context":"Dans &quot;Alpinisme&quot;","block_context":{"text":"Alpinisme","link":"https:\/\/www.escalade.pro\/news\/category\/alpinisme\/"},"img":{"alt_text":"\u00a9 Titi Gentet","src":"https:\/\/i0.wp.com\/www.escalade.pro\/news\/wp-content\/uploads\/2016\/03\/moine-300x225.jpg?resize=350%2C200","width":350,"height":200},"classes":[]},{"id":11567,"url":"https:\/\/www.escalade.pro\/news\/marco-pelbaud-glace-fournel\/","url_meta":{"origin":17232,"position":3},"title":"Marco et Pelbaud au Fournel","author":"Fred Vionnet","date":"29 d\u00e9cembre 2010","format":false,"excerpt":"Je continue ma d\u00e9couverte du grimpisme sur glace avec une 3\u00e8me sortie pour ce mois de d\u00e9cembre. Cette fois-ci j'\u00e9tais au secteur Hiroshima de la mythique vall\u00e9e du Fournel. Une fois de plus, je prends ma revanche sur les \u00e9t\u00e9s ou je passe mon temps d\u00e9guis\u00e9 en otarie \u00e0 faire\u2026","rel":"","context":"Dans &quot;Ski de rando et freeride&quot;","block_context":{"text":"Ski de rando et freeride","link":"https:\/\/www.escalade.pro\/news\/category\/ski-freeride\/"},"img":{"alt_text":"P1100363 copie","src":"https:\/\/i0.wp.com\/www.escalade.pro\/blog\/wp-content\/uploads\/2010\/12\/P1100363-copie-300x168.jpg?resize=350%2C200","width":350,"height":200},"classes":[]},{"id":11608,"url":"https:\/\/www.escalade.pro\/news\/bloc-champoleon-champsaur\/","url_meta":{"origin":17232,"position":4},"title":"Blocs dans la vall\u00e9e de Champol\u00e9on","author":"Fred Vionnet","date":"18 septembre 2011","format":false,"excerpt":"Ce weekend Rolland Marie organisait, sous l'\u00e9gide du Caf Hautes Alpes, une (re)d\u00e9couverte du chaos de bloc du rocher des Baumes, dans la vall\u00e9e du Champol\u00e9on (Champsaur, 05). Nous y avons pass\u00e9 l'apr\u00e8s-midi avec les jeunes du CAF Embrun, avant de nous faire chasser pas un d\u00e9luge qui semble annoncer\u2026","rel":"","context":"Dans &quot;News et actu&quot;","block_context":{"text":"News et actu","link":"https:\/\/www.escalade.pro\/news\/category\/news\/"},"img":{"alt_text":"","src":"","width":0,"height":0},"classes":[]},{"id":11645,"url":"https:\/\/www.escalade.pro\/news\/marcellins-wallace-8c-quentin-chastagnier\/","url_meta":{"origin":17232,"position":5},"title":"Marcellius Wallace, 8c","author":"Fred Vionnet","date":"13 ao\u00fbt 2012","format":false,"excerpt":"Merci \u00e0 ce magnifique \u00e9t\u00e9 qui nous a une fois de plus permis de passer un superbe weekend de grimpe en montagne. J'ai enfin refait une croix dans le 8, apr\u00e8s 3 bons mois de disette, avec le 8a dans le panneau d\u00e9versant de gauche. On en reparlera plus tard,\u2026","rel":"","context":"Dans &quot;Tests mat\u00e9riel, nouveaut\u00e9s et lectures&quot;","block_context":{"text":"Tests mat\u00e9riel, nouveaut\u00e9s et lectures","link":"https:\/\/www.escalade.pro\/news\/category\/tests-materiel\/"},"img":{"alt_text":"panoramique queyras ceillac saume vallon pelouses","src":"https:\/\/i0.wp.com\/www.escalade.pro\/blog-v1\/wp-content\/uploads\/2012\/08\/pano-copy-300x86.jpg?resize=350%2C200","width":350,"height":200},"classes":[]}],"_links":{"self":[{"href":"https:\/\/www.escalade.pro\/news\/wp-json\/wp\/v2\/posts\/17232","targetHints":{"allow":["GET"]}}],"collection":[{"href":"https:\/\/www.escalade.pro\/news\/wp-json\/wp\/v2\/posts"}],"about":[{"href":"https:\/\/www.escalade.pro\/news\/wp-json\/wp\/v2\/types\/post"}],"author":[{"embeddable":true,"href":"https:\/\/www.escalade.pro\/news\/wp-json\/wp\/v2\/users\/7"}],"replies":[{"embeddable":true,"href":"https:\/\/www.escalade.pro\/news\/wp-json\/wp\/v2\/comments?post=17232"}],"version-history":[{"count":8,"href":"https:\/\/www.escalade.pro\/news\/wp-json\/wp\/v2\/posts\/17232\/revisions"}],"predecessor-version":[{"id":17271,"href":"https:\/\/www.escalade.pro\/news\/wp-json\/wp\/v2\/posts\/17232\/revisions\/17271"}],"wp:featuredmedia":[{"embeddable":true,"href":"https:\/\/www.escalade.pro\/news\/wp-json\/wp\/v2\/media\/17234"}],"wp:attachment":[{"href":"https:\/\/www.escalade.pro\/news\/wp-json\/wp\/v2\/media?parent=17232"}],"wp:term":[{"taxonomy":"category","embeddable":true,"href":"https:\/\/www.escalade.pro\/news\/wp-json\/wp\/v2\/categories?post=17232"},{"taxonomy":"post_tag","embeddable":true,"href":"https:\/\/www.escalade.pro\/news\/wp-json\/wp\/v2\/tags?post=17232"}],"curies":[{"name":"wp","href":"https:\/\/api.w.org\/{rel}","templated":true}]}}