{"id":15461,"date":"2018-03-05T10:37:23","date_gmt":"2018-03-05T09:37:23","guid":{"rendered":"https:\/\/www.escalade.pro\/news\/?p=15461"},"modified":"2018-11-30T08:55:59","modified_gmt":"2018-11-30T07:55:59","slug":"avalanche-bostan","status":"publish","type":"post","link":"https:\/\/www.escalade.pro\/news\/avalanche-bostan\/","title":{"rendered":"Avalanche \u00e0 Bostan, t\u00e9moignage"},"content":{"rendered":"<p><a href=\"https:\/\/www.escalade.pro\/news\/wp-content\/uploads\/2018\/03\/P1110416-1.jpg\"><img loading=\"lazy\" decoding=\"async\" class=\"aligncenter size-full wp-image-15463\" src=\"https:\/\/www.escalade.pro\/news\/wp-content\/uploads\/2018\/03\/P1110416-1.jpg\" alt=\"avalanche bostan\" width=\"1200\" height=\"900\" srcset=\"https:\/\/www.escalade.pro\/news\/wp-content\/uploads\/2018\/03\/P1110416-1.jpg 1200w, https:\/\/www.escalade.pro\/news\/wp-content\/uploads\/2018\/03\/P1110416-1-300x225.jpg 300w, https:\/\/www.escalade.pro\/news\/wp-content\/uploads\/2018\/03\/P1110416-1-768x576.jpg 768w, https:\/\/www.escalade.pro\/news\/wp-content\/uploads\/2018\/03\/P1110416-1-1024x768.jpg 1024w, https:\/\/www.escalade.pro\/news\/wp-content\/uploads\/2018\/03\/P1110416-1-600x450.jpg 600w\" sizes=\"auto, (max-width: 1200px) 100vw, 1200px\" \/><\/a><\/p>\n<p><strong>Hier, dimanche, nous \u00e9tions parmi les nombreux t\u00e9moins qui ont assist\u00e9 \u00e0 l&rsquo;accident dans la combe de Bostan. L&rsquo;avalanche a co\u00fbt\u00e9 la vie \u00e0 une personne<\/strong> (voir cet <a href=\"http:\/\/www.ledauphine.com\/haute-savoie\/2018\/03\/04\/avalanches-deux-randonneurs-ensevelis-a-samoens-chamonix-vallorcine-avoriaz-abondance\" target=\"_blank\" rel=\"noopener\">article du Dauphin\u00e9 Lib\u00e9r\u00e9<\/a>, m\u00eame si se r\u00e9f\u00e9rer \u00e0 ce m\u00e9dia donne peu de garanties malheureusement, d&rsquo;ailleurs fuyez leur page Facebook, c&rsquo;est Paris Match!). <strong>L&rsquo;id\u00e9e de ce post n&rsquo;est pas de donner des le\u00e7ons, mais de partager ce que nous sommes nombreux \u00e0 avoir vu et compris (ou pas) depuis l&rsquo;autre versant de la combe.<\/strong><\/p>\n<p><strong>M\u00e9t\u00e9o France donnait un risque d&rsquo;avalanche niveau 4, \u00e9voluant \u00e0 3 en cours de journ\u00e9e.<\/strong> C&rsquo;est l&rsquo;occasion pour nous d&rsquo;aller skier la T\u00eate de Bostan, puis de manger \u00e0 la terrasse du refuge, presque une tradition. Les diots et la polente \u00e7a passe toujours tr\u00e8s bien apr\u00e8s 1300m de d\u00e9nivel\u00e9. <strong>La T\u00eate de Bostan est une course de ski de randonn\u00e9e classique o\u00f9 l&rsquo;on n&#8217;emprunte que quelques talus tr\u00e8s courts dont la pente est sup\u00e9rieure \u00e0 30 degr\u00e9s (voir cet article sur l&rsquo;<a href=\"https:\/\/www.escalade.pro\/news\/risque-avalanche-geoportail-indique-pentes-superieures-30-degres\/\" target=\"_blank\" rel=\"noopener\">outil Geoportail des pentes<\/a>).<\/strong><\/p>\n<p><strong>En sortant de la for\u00eat je remarque tout de suite une plaque partie sur plusieurs \u00e9paisseurs d\u00e9cal\u00e9es, en rive gauche sous les Dent d&rsquo;Oddaz, vers 1900m d&rsquo;altitude.<\/strong> Apr\u00e8s le refuge, la trace que nous suivons prend trop \u00e0 gauche, contourne la Cath\u00e9drale pour passer par l&rsquo;Avouille. Je bougonne car cet itin\u00e9raire rallonge la distance \u00e0 parcourir et nous fait rejoindre trop t\u00f4t \u00e0 mon go\u00fbt le convoi de randonneurs arrivant par le col de la Gol\u00e8se. Mais la neige est d\u00e9j\u00e0 lourde \u00e0 tracer alors je choisis la facilit\u00e9 et on suit. <strong>Juste avant de tourner en ouest pour sortir \u00e0 l&rsquo;Avouille, nous voyons une puis deux personnes remonter une contre-pente en face de nous. Cette pente est de la m\u00eame orientation que celle o\u00f9 la plaque est partie plus bas. Ces deux personnes coupent la base de la pente en oblique, cette pente semble \u00e0 coup s\u00fbr charg\u00e9es de neige apport\u00e9es par le vent de SW qui a souffl\u00e9 tr\u00e8s fort depuis deux jours. D&rsquo;en face (1.5km \u00e0 vol d&rsquo;oiseau environ), on voit nettement les accumulations. Je suis convaincu que la pente va partir.<\/strong><\/p>\n<p><strong>En sortant \u00e0 l&rsquo;Avouille, 5 ou 10 minutes plus tard, un attroupement de skieurs regarde en face&#8230;, et appelle les secours car la pente est partie! L&rsquo;avalanche a emport\u00e9 les 2 skieurs, qui, nous l&rsquo;apprendront plus tard, sont des raquetteurs.<\/strong> Je zoom avec mon appareil photo qui est relativement puissant, mais je ne vois que du blanc dans l&rsquo;avalanche. Ils nous faudrait probablement 45 minutes pour descendre et remonter en face sur le lieu de l&rsquo;accident. L&rsquo;avalanche est partie \u00e0 11h35 environ, l&rsquo;h\u00e9licopt\u00e8re pose les premiers secouristes \u00e0 12h10.<\/p>\n<div id='gallery-1' class='gallery galleryid-15461 gallery-columns-3 gallery-size-colormag-featured-image'><figure class='gallery-item'>\n\t\t\t<div class='gallery-icon landscape'>\n\t\t\t\t<a title=\"P1110413\" href='https:\/\/www.escalade.pro\/news\/wp-content\/uploads\/2018\/03\/P1110413.jpg'><img loading=\"lazy\" decoding=\"async\" width=\"800\" height=\"445\" src=\"https:\/\/www.escalade.pro\/news\/wp-content\/uploads\/2018\/03\/P1110413-800x445.jpg\" class=\"attachment-colormag-featured-image size-colormag-featured-image\" alt=\"\" \/><\/a>\n\t\t\t<\/div><\/figure><figure class='gallery-item'>\n\t\t\t<div class='gallery-icon landscape'>\n\t\t\t\t<a title=\"P1110414\" href='https:\/\/www.escalade.pro\/news\/wp-content\/uploads\/2018\/03\/P1110414.jpg'><img loading=\"lazy\" decoding=\"async\" width=\"800\" height=\"445\" src=\"https:\/\/www.escalade.pro\/news\/wp-content\/uploads\/2018\/03\/P1110414-800x445.jpg\" class=\"attachment-colormag-featured-image size-colormag-featured-image\" alt=\"\" \/><\/a>\n\t\t\t<\/div><\/figure><figure class='gallery-item'>\n\t\t\t<div class='gallery-icon landscape'>\n\t\t\t\t<a title=\"P1110415\" href='https:\/\/www.escalade.pro\/news\/wp-content\/uploads\/2018\/03\/P1110415.jpg'><img loading=\"lazy\" decoding=\"async\" width=\"800\" height=\"445\" src=\"https:\/\/www.escalade.pro\/news\/wp-content\/uploads\/2018\/03\/P1110415-800x445.jpg\" class=\"attachment-colormag-featured-image size-colormag-featured-image\" alt=\"\" \/><\/a>\n\t\t\t<\/div><\/figure><figure class='gallery-item'>\n\t\t\t<div class='gallery-icon landscape'>\n\t\t\t\t<a title=\"P1110420\" href='https:\/\/www.escalade.pro\/news\/wp-content\/uploads\/2018\/03\/P1110420.jpg'><img loading=\"lazy\" decoding=\"async\" width=\"800\" height=\"445\" src=\"https:\/\/www.escalade.pro\/news\/wp-content\/uploads\/2018\/03\/P1110420-800x445.jpg\" class=\"attachment-colormag-featured-image size-colormag-featured-image\" alt=\"\" \/><\/a>\n\t\t\t<\/div><\/figure><figure class='gallery-item'>\n\t\t\t<div class='gallery-icon landscape'>\n\t\t\t\t<a title=\"P1110422\" href='https:\/\/www.escalade.pro\/news\/wp-content\/uploads\/2018\/03\/P1110422.jpg'><img loading=\"lazy\" decoding=\"async\" width=\"800\" height=\"445\" src=\"https:\/\/www.escalade.pro\/news\/wp-content\/uploads\/2018\/03\/P1110422-800x445.jpg\" class=\"attachment-colormag-featured-image size-colormag-featured-image\" alt=\"\" \/><\/a>\n\t\t\t<\/div><\/figure><figure class='gallery-item'>\n\t\t\t<div class='gallery-icon landscape'>\n\t\t\t\t<a title=\"P1110423\" href='https:\/\/www.escalade.pro\/news\/wp-content\/uploads\/2018\/03\/P1110423.jpg'><img loading=\"lazy\" decoding=\"async\" width=\"800\" height=\"445\" src=\"https:\/\/www.escalade.pro\/news\/wp-content\/uploads\/2018\/03\/P1110423-800x445.jpg\" class=\"attachment-colormag-featured-image size-colormag-featured-image\" alt=\"\" \/><\/a>\n\t\t\t<\/div><\/figure>\n\t\t<\/div>\n\n<p><strong>Nous avons d\u00e9sormais une vue globale de la rive gauche de la combe, du Tuet aux Dents Blanches. Nous pouvons remarquer d&rsquo;autres d\u00e9parts spontan\u00e9s de plaques \u00e0 vent, sous la Corne au Taureau, dans la m\u00eame orientation que la pente o\u00f9 l&rsquo;avalanche vient d&rsquo;\u00eatre d\u00e9clench\u00e9e, \u00e0 une altitude \u00e0 peine sup\u00e9rieure (voir photos ci-dessus). Les raquetteurs venaient du col de Bostan j&rsquo;imagine, et ils sont pass\u00e9s sous ces avalanches. C&rsquo;est vraiment triste de na pas avoir su lire ces signes plut\u00f4t clairs de danger. Et puis en face la neige \u00e9tait lourde certes, nous n&rsquo;\u00e9tions pas seuls, mais on \u00e9tait bien au soleil, dans des pentes s\u00fbres&#8230;<\/strong> Je me suis demand\u00e9 si nous aurions d\u00fb traverser et remonter en face pour tenter de secourir les personnes ensevelies. Sachant qu&rsquo;aucunes d&rsquo;entre elles ne portait de DVA, nous n&rsquo;aurions rien pu faire de toute fa\u00e7on. Seuls les chiens d&rsquo;avalanche peuvent faire quelque chose dans une telle configuration.<\/p>\n","protected":false},"excerpt":{"rendered":"<p>Hier, dimanche, nous \u00e9tions parmi les nombreux t\u00e9moins qui ont assist\u00e9 \u00e0 l\u2019accident dans la combe de Bostan. L\u2019avalanche a co\u00fbt\u00e9 la vie \u00e0 une personne. L\u2019id\u00e9e de ce post n\u2019est pas de donner des le\u00e7ons, mais de partager ce que nous sommes nombreux \u00e0 avoir vu et compris (ou pas) depuis l\u2019autre versant de la combe.<\/p>\n","protected":false},"author":1,"featured_media":15462,"comment_status":"open","ping_status":"open","sticky":false,"template":"","format":"standard","meta":{"colormag_page_container_layout":"default_layout","colormag_page_sidebar_layout":"default_layout","_monsterinsights_skip_tracking":false,"_monsterinsights_sitenote_active":false,"_monsterinsights_sitenote_note":"","_monsterinsights_sitenote_category":0,"ngg_post_thumbnail":0,"jetpack_post_was_ever_published":false,"_jetpack_newsletter_access":"","_jetpack_dont_email_post_to_subs":false,"_jetpack_newsletter_tier_id":0,"_jetpack_memberships_contains_paywalled_content":false,"_jetpack_memberships_contains_paid_content":false,"footnotes":"","jetpack_publicize_message":"","jetpack_publicize_feature_enabled":true,"jetpack_social_post_already_shared":true,"jetpack_social_options":{"image_generator_settings":{"template":"highway","default_image_id":0,"font":"","enabled":false},"version":2}},"categories":[58,1,8],"tags":[],"class_list":["post-15461","post","type-post","status-publish","format-standard","has-post-thumbnail","hentry","category-mes-sorties","category-news","category-ski-freeride"],"yoast_head":"<!-- This site is optimized with the Yoast SEO plugin v27.5 - https:\/\/yoast.com\/product\/yoast-seo-wordpress\/ -->\n<title>Avalanche \u00e0 Bostan, t\u00e9moignage - Grimpisme<\/title>\n<meta name=\"description\" content=\"Hier, dimanche, nous \u00e9tions parmi les nombreux t\u00e9moins qui ont assist\u00e9 \u00e0 l\u2019accident dans la combe de Bostan. L\u2019avalanche a co\u00fbt\u00e9 la vie \u00e0 une personne. L\u2019id\u00e9e de ce post n\u2019est pas de donner des le\u00e7ons, mais de partager ce que nous sommes nombreux \u00e0 avoir vu et compris (ou pas) depuis l\u2019autre versant de la combe.\" \/>\n<meta name=\"robots\" content=\"index, follow, max-snippet:-1, max-image-preview:large, max-video-preview:-1\" \/>\n<link rel=\"canonical\" href=\"https:\/\/www.escalade.pro\/news\/avalanche-bostan\/\" \/>\n<meta property=\"og:locale\" content=\"fr_FR\" \/>\n<meta property=\"og:type\" content=\"article\" \/>\n<meta property=\"og:title\" content=\"Avalanche \u00e0 Bostan, t\u00e9moignage - Grimpisme\" \/>\n<meta property=\"og:description\" content=\"Hier, dimanche, nous \u00e9tions parmi les nombreux t\u00e9moins qui ont assist\u00e9 \u00e0 l\u2019accident dans la combe de Bostan. L\u2019avalanche a co\u00fbt\u00e9 la vie \u00e0 une personne. L\u2019id\u00e9e de ce post n\u2019est pas de donner des le\u00e7ons, mais de partager ce que nous sommes nombreux \u00e0 avoir vu et compris (ou pas) depuis l\u2019autre versant de la combe.\" \/>\n<meta property=\"og:url\" content=\"https:\/\/www.escalade.pro\/news\/avalanche-bostan\/\" \/>\n<meta property=\"og:site_name\" content=\"L&#039;Arqu\u00e9e Libre - Fred Vionnet entraineur\/moniteur escalade\" \/>\n<meta property=\"article:publisher\" content=\"https:\/\/www.facebook.com\/grimpisme\/\" \/>\n<meta property=\"article:author\" content=\"https:\/\/www.facebook.com\/fredCaillouXvionnet\" \/>\n<meta property=\"article:published_time\" content=\"2018-03-05T09:37:23+00:00\" \/>\n<meta property=\"article:modified_time\" content=\"2018-11-30T07:55:59+00:00\" \/>\n<meta property=\"og:image\" content=\"https:\/\/www.escalade.pro\/news\/wp-content\/uploads\/2018\/03\/P1110416-1024x768.jpg\" \/>\n\t<meta property=\"og:image:width\" content=\"1024\" \/>\n\t<meta property=\"og:image:height\" content=\"768\" \/>\n\t<meta property=\"og:image:type\" content=\"image\/jpeg\" \/>\n<meta name=\"author\" content=\"Fred Vionnet\" \/>\n<meta name=\"twitter:card\" content=\"summary_large_image\" \/>\n<meta name=\"twitter:label1\" content=\"\u00c9crit par\" \/>\n\t<meta name=\"twitter:data1\" content=\"Fred Vionnet\" \/>\n\t<meta name=\"twitter:label2\" content=\"Dur\u00e9e de lecture estim\u00e9e\" \/>\n\t<meta name=\"twitter:data2\" content=\"3 minutes\" \/>\n<script type=\"application\/ld+json\" class=\"yoast-schema-graph\">{\"@context\":\"https:\\\/\\\/schema.org\",\"@graph\":[{\"@type\":\"Article\",\"@id\":\"https:\\\/\\\/www.escalade.pro\\\/news\\\/avalanche-bostan\\\/#article\",\"isPartOf\":{\"@id\":\"https:\\\/\\\/www.escalade.pro\\\/news\\\/avalanche-bostan\\\/\"},\"author\":{\"name\":\"Fred Vionnet\",\"@id\":\"https:\\\/\\\/www.escalade.pro\\\/news\\\/#\\\/schema\\\/person\\\/e0e0520aa48cfda56ae5406c2fe2caeb\"},\"headline\":\"Avalanche \u00e0 Bostan, t\u00e9moignage\",\"datePublished\":\"2018-03-05T09:37:23+00:00\",\"dateModified\":\"2018-11-30T07:55:59+00:00\",\"mainEntityOfPage\":{\"@id\":\"https:\\\/\\\/www.escalade.pro\\\/news\\\/avalanche-bostan\\\/\"},\"wordCount\":630,\"commentCount\":8,\"publisher\":{\"@id\":\"https:\\\/\\\/www.escalade.pro\\\/news\\\/#organization\"},\"image\":{\"@id\":\"https:\\\/\\\/www.escalade.pro\\\/news\\\/avalanche-bostan\\\/#primaryimage\"},\"thumbnailUrl\":\"https:\\\/\\\/www.escalade.pro\\\/news\\\/wp-content\\\/uploads\\\/2018\\\/03\\\/P1110416.jpg\",\"articleSection\":[\"Mes sorties - retours d'exp\u00e9rience\",\"News et actu\",\"Ski de rando et freeride\"],\"inLanguage\":\"fr-FR\",\"potentialAction\":[{\"@type\":\"CommentAction\",\"name\":\"Comment\",\"target\":[\"https:\\\/\\\/www.escalade.pro\\\/news\\\/avalanche-bostan\\\/#respond\"]}]},{\"@type\":\"WebPage\",\"@id\":\"https:\\\/\\\/www.escalade.pro\\\/news\\\/avalanche-bostan\\\/\",\"url\":\"https:\\\/\\\/www.escalade.pro\\\/news\\\/avalanche-bostan\\\/\",\"name\":\"Avalanche \u00e0 Bostan, t\u00e9moignage - Grimpisme\",\"isPartOf\":{\"@id\":\"https:\\\/\\\/www.escalade.pro\\\/news\\\/#website\"},\"primaryImageOfPage\":{\"@id\":\"https:\\\/\\\/www.escalade.pro\\\/news\\\/avalanche-bostan\\\/#primaryimage\"},\"image\":{\"@id\":\"https:\\\/\\\/www.escalade.pro\\\/news\\\/avalanche-bostan\\\/#primaryimage\"},\"thumbnailUrl\":\"https:\\\/\\\/www.escalade.pro\\\/news\\\/wp-content\\\/uploads\\\/2018\\\/03\\\/P1110416.jpg\",\"datePublished\":\"2018-03-05T09:37:23+00:00\",\"dateModified\":\"2018-11-30T07:55:59+00:00\",\"description\":\"Hier, dimanche, nous \u00e9tions parmi les nombreux t\u00e9moins qui ont assist\u00e9 \u00e0 l\u2019accident dans la combe de Bostan. L\u2019avalanche a co\u00fbt\u00e9 la vie \u00e0 une personne. L\u2019id\u00e9e de ce post n\u2019est pas de donner des le\u00e7ons, mais de partager ce que nous sommes nombreux \u00e0 avoir vu et compris (ou pas) depuis l\u2019autre versant de la combe.\",\"breadcrumb\":{\"@id\":\"https:\\\/\\\/www.escalade.pro\\\/news\\\/avalanche-bostan\\\/#breadcrumb\"},\"inLanguage\":\"fr-FR\",\"potentialAction\":[{\"@type\":\"ReadAction\",\"target\":[\"https:\\\/\\\/www.escalade.pro\\\/news\\\/avalanche-bostan\\\/\"]}]},{\"@type\":\"ImageObject\",\"inLanguage\":\"fr-FR\",\"@id\":\"https:\\\/\\\/www.escalade.pro\\\/news\\\/avalanche-bostan\\\/#primaryimage\",\"url\":\"https:\\\/\\\/www.escalade.pro\\\/news\\\/wp-content\\\/uploads\\\/2018\\\/03\\\/P1110416.jpg\",\"contentUrl\":\"https:\\\/\\\/www.escalade.pro\\\/news\\\/wp-content\\\/uploads\\\/2018\\\/03\\\/P1110416.jpg\",\"width\":4000,\"height\":3000,\"caption\":\"avalanche bostan\"},{\"@type\":\"BreadcrumbList\",\"@id\":\"https:\\\/\\\/www.escalade.pro\\\/news\\\/avalanche-bostan\\\/#breadcrumb\",\"itemListElement\":[{\"@type\":\"ListItem\",\"position\":1,\"name\":\"Accueil\",\"item\":\"https:\\\/\\\/www.escalade.pro\\\/news\\\/\"},{\"@type\":\"ListItem\",\"position\":2,\"name\":\"Avalanche \u00e0 Bostan, t\u00e9moignage\"}]},{\"@type\":\"WebSite\",\"@id\":\"https:\\\/\\\/www.escalade.pro\\\/news\\\/#website\",\"url\":\"https:\\\/\\\/www.escalade.pro\\\/news\\\/\",\"name\":\"L&#039;Arqu\u00e9e Libre - Fred Vionnet entraineur\\\/moniteur escalade\",\"description\":\"Coaching et entrainement escalade. Buoux, C\u00e9\u00fcse et Fontainebleau.\",\"publisher\":{\"@id\":\"https:\\\/\\\/www.escalade.pro\\\/news\\\/#organization\"},\"potentialAction\":[{\"@type\":\"SearchAction\",\"target\":{\"@type\":\"EntryPoint\",\"urlTemplate\":\"https:\\\/\\\/www.escalade.pro\\\/news\\\/?s={search_term_string}\"},\"query-input\":{\"@type\":\"PropertyValueSpecification\",\"valueRequired\":true,\"valueName\":\"search_term_string\"}}],\"inLanguage\":\"fr-FR\"},{\"@type\":\"Organization\",\"@id\":\"https:\\\/\\\/www.escalade.pro\\\/news\\\/#organization\",\"name\":\"L&#039;Arqu\u00e9e Libre - Fred Vionnet entraineur\\\/moniteur escalade\",\"url\":\"https:\\\/\\\/www.escalade.pro\\\/news\\\/\",\"logo\":{\"@type\":\"ImageObject\",\"inLanguage\":\"fr-FR\",\"@id\":\"https:\\\/\\\/www.escalade.pro\\\/news\\\/#\\\/schema\\\/logo\\\/image\\\/\",\"url\":\"https:\\\/\\\/www.escalade.pro\\\/news\\\/wp-content\\\/uploads\\\/2026\\\/04\\\/logo-wp-AL-avril-2026-1.jpg\",\"contentUrl\":\"https:\\\/\\\/www.escalade.pro\\\/news\\\/wp-content\\\/uploads\\\/2026\\\/04\\\/logo-wp-AL-avril-2026-1.jpg\",\"width\":1955,\"height\":902,\"caption\":\"L&#039;Arqu\u00e9e Libre - Fred Vionnet entraineur\\\/moniteur escalade\"},\"image\":{\"@id\":\"https:\\\/\\\/www.escalade.pro\\\/news\\\/#\\\/schema\\\/logo\\\/image\\\/\"},\"sameAs\":[\"https:\\\/\\\/www.facebook.com\\\/grimpisme\\\/\",\"https:\\\/\\\/www.instagram.com\\\/grimpisme\\\/\",\"https:\\\/\\\/www.linkedin.com\\\/in\\\/fred-vionnet-6284b96a\\\/\",\"https:\\\/\\\/fr.pinterest.com\\\/grimpisme\\\/\",\"https:\\\/\\\/www.youtube.com\\\/@grimpisme\"]},{\"@type\":\"Person\",\"@id\":\"https:\\\/\\\/www.escalade.pro\\\/news\\\/#\\\/schema\\\/person\\\/e0e0520aa48cfda56ae5406c2fe2caeb\",\"name\":\"Fred Vionnet\",\"image\":{\"@type\":\"ImageObject\",\"inLanguage\":\"fr-FR\",\"@id\":\"https:\\\/\\\/secure.gravatar.com\\\/avatar\\\/a2f6c5fc695da895033dcd95afaa6aeda795d5122ab3a22a03e24aab7f3d96a6?s=96&d=blank&r=g\",\"url\":\"https:\\\/\\\/secure.gravatar.com\\\/avatar\\\/a2f6c5fc695da895033dcd95afaa6aeda795d5122ab3a22a03e24aab7f3d96a6?s=96&d=blank&r=g\",\"contentUrl\":\"https:\\\/\\\/secure.gravatar.com\\\/avatar\\\/a2f6c5fc695da895033dcd95afaa6aeda795d5122ab3a22a03e24aab7f3d96a6?s=96&d=blank&r=g\",\"caption\":\"Fred Vionnet\"},\"description\":\"Coach escalade en Haute Savoie. Pas contre une grande voie non plus. Mais on va \u00e0 C\u00e9\u00fcse, Fontainebleau, Buoux ou encore les Gorges du Verdon quand vous voulez.\",\"sameAs\":[\"http:\\\/\\\/www.grimpisme.com\",\"https:\\\/\\\/www.facebook.com\\\/fredCaillouXvionnet\",\"https:\\\/\\\/www.linkedin.com\\\/profile\\\/preview?vpa=pub&locale=fr_FR\",\"https:\\\/\\\/fr.pinterest.com\\\/grimpisme\\\/\",\"https:\\\/\\\/www.youtube.com\\\/user\\\/grimpisme\",\"https:\\\/\\\/soundcloud.com\\\/fredvionnet\"],\"url\":\"https:\\\/\\\/www.escalade.pro\\\/news\\\/author\\\/fred\\\/\"}]}<\/script>\n<!-- \/ Yoast SEO plugin. -->","yoast_head_json":{"title":"Avalanche \u00e0 Bostan, t\u00e9moignage - Grimpisme","description":"Hier, dimanche, nous \u00e9tions parmi les nombreux t\u00e9moins qui ont assist\u00e9 \u00e0 l\u2019accident dans la combe de Bostan. L\u2019avalanche a co\u00fbt\u00e9 la vie \u00e0 une personne. L\u2019id\u00e9e de ce post n\u2019est pas de donner des le\u00e7ons, mais de partager ce que nous sommes nombreux \u00e0 avoir vu et compris (ou pas) depuis l\u2019autre versant de la combe.","robots":{"index":"index","follow":"follow","max-snippet":"max-snippet:-1","max-image-preview":"max-image-preview:large","max-video-preview":"max-video-preview:-1"},"canonical":"https:\/\/www.escalade.pro\/news\/avalanche-bostan\/","og_locale":"fr_FR","og_type":"article","og_title":"Avalanche \u00e0 Bostan, t\u00e9moignage - Grimpisme","og_description":"Hier, dimanche, nous \u00e9tions parmi les nombreux t\u00e9moins qui ont assist\u00e9 \u00e0 l\u2019accident dans la combe de Bostan. L\u2019avalanche a co\u00fbt\u00e9 la vie \u00e0 une personne. L\u2019id\u00e9e de ce post n\u2019est pas de donner des le\u00e7ons, mais de partager ce que nous sommes nombreux \u00e0 avoir vu et compris (ou pas) depuis l\u2019autre versant de la combe.","og_url":"https:\/\/www.escalade.pro\/news\/avalanche-bostan\/","og_site_name":"L&#039;Arqu\u00e9e Libre - Fred Vionnet entraineur\/moniteur escalade","article_publisher":"https:\/\/www.facebook.com\/grimpisme\/","article_author":"https:\/\/www.facebook.com\/fredCaillouXvionnet","article_published_time":"2018-03-05T09:37:23+00:00","article_modified_time":"2018-11-30T07:55:59+00:00","og_image":[{"width":1024,"height":768,"url":"https:\/\/www.escalade.pro\/news\/wp-content\/uploads\/2018\/03\/P1110416-1024x768.jpg","type":"image\/jpeg"}],"author":"Fred Vionnet","twitter_card":"summary_large_image","twitter_misc":{"\u00c9crit par":"Fred Vionnet","Dur\u00e9e de lecture estim\u00e9e":"3 minutes"},"schema":{"@context":"https:\/\/schema.org","@graph":[{"@type":"Article","@id":"https:\/\/www.escalade.pro\/news\/avalanche-bostan\/#article","isPartOf":{"@id":"https:\/\/www.escalade.pro\/news\/avalanche-bostan\/"},"author":{"name":"Fred Vionnet","@id":"https:\/\/www.escalade.pro\/news\/#\/schema\/person\/e0e0520aa48cfda56ae5406c2fe2caeb"},"headline":"Avalanche \u00e0 Bostan, t\u00e9moignage","datePublished":"2018-03-05T09:37:23+00:00","dateModified":"2018-11-30T07:55:59+00:00","mainEntityOfPage":{"@id":"https:\/\/www.escalade.pro\/news\/avalanche-bostan\/"},"wordCount":630,"commentCount":8,"publisher":{"@id":"https:\/\/www.escalade.pro\/news\/#organization"},"image":{"@id":"https:\/\/www.escalade.pro\/news\/avalanche-bostan\/#primaryimage"},"thumbnailUrl":"https:\/\/www.escalade.pro\/news\/wp-content\/uploads\/2018\/03\/P1110416.jpg","articleSection":["Mes sorties - retours d'exp\u00e9rience","News et actu","Ski de rando et freeride"],"inLanguage":"fr-FR","potentialAction":[{"@type":"CommentAction","name":"Comment","target":["https:\/\/www.escalade.pro\/news\/avalanche-bostan\/#respond"]}]},{"@type":"WebPage","@id":"https:\/\/www.escalade.pro\/news\/avalanche-bostan\/","url":"https:\/\/www.escalade.pro\/news\/avalanche-bostan\/","name":"Avalanche \u00e0 Bostan, t\u00e9moignage - Grimpisme","isPartOf":{"@id":"https:\/\/www.escalade.pro\/news\/#website"},"primaryImageOfPage":{"@id":"https:\/\/www.escalade.pro\/news\/avalanche-bostan\/#primaryimage"},"image":{"@id":"https:\/\/www.escalade.pro\/news\/avalanche-bostan\/#primaryimage"},"thumbnailUrl":"https:\/\/www.escalade.pro\/news\/wp-content\/uploads\/2018\/03\/P1110416.jpg","datePublished":"2018-03-05T09:37:23+00:00","dateModified":"2018-11-30T07:55:59+00:00","description":"Hier, dimanche, nous \u00e9tions parmi les nombreux t\u00e9moins qui ont assist\u00e9 \u00e0 l\u2019accident dans la combe de Bostan. L\u2019avalanche a co\u00fbt\u00e9 la vie \u00e0 une personne. L\u2019id\u00e9e de ce post n\u2019est pas de donner des le\u00e7ons, mais de partager ce que nous sommes nombreux \u00e0 avoir vu et compris (ou pas) depuis l\u2019autre versant de la combe.","breadcrumb":{"@id":"https:\/\/www.escalade.pro\/news\/avalanche-bostan\/#breadcrumb"},"inLanguage":"fr-FR","potentialAction":[{"@type":"ReadAction","target":["https:\/\/www.escalade.pro\/news\/avalanche-bostan\/"]}]},{"@type":"ImageObject","inLanguage":"fr-FR","@id":"https:\/\/www.escalade.pro\/news\/avalanche-bostan\/#primaryimage","url":"https:\/\/www.escalade.pro\/news\/wp-content\/uploads\/2018\/03\/P1110416.jpg","contentUrl":"https:\/\/www.escalade.pro\/news\/wp-content\/uploads\/2018\/03\/P1110416.jpg","width":4000,"height":3000,"caption":"avalanche bostan"},{"@type":"BreadcrumbList","@id":"https:\/\/www.escalade.pro\/news\/avalanche-bostan\/#breadcrumb","itemListElement":[{"@type":"ListItem","position":1,"name":"Accueil","item":"https:\/\/www.escalade.pro\/news\/"},{"@type":"ListItem","position":2,"name":"Avalanche \u00e0 Bostan, t\u00e9moignage"}]},{"@type":"WebSite","@id":"https:\/\/www.escalade.pro\/news\/#website","url":"https:\/\/www.escalade.pro\/news\/","name":"L&#039;Arqu\u00e9e Libre - Fred Vionnet entraineur\/moniteur escalade","description":"Coaching et entrainement escalade. Buoux, C\u00e9\u00fcse et Fontainebleau.","publisher":{"@id":"https:\/\/www.escalade.pro\/news\/#organization"},"potentialAction":[{"@type":"SearchAction","target":{"@type":"EntryPoint","urlTemplate":"https:\/\/www.escalade.pro\/news\/?s={search_term_string}"},"query-input":{"@type":"PropertyValueSpecification","valueRequired":true,"valueName":"search_term_string"}}],"inLanguage":"fr-FR"},{"@type":"Organization","@id":"https:\/\/www.escalade.pro\/news\/#organization","name":"L&#039;Arqu\u00e9e Libre - Fred Vionnet entraineur\/moniteur escalade","url":"https:\/\/www.escalade.pro\/news\/","logo":{"@type":"ImageObject","inLanguage":"fr-FR","@id":"https:\/\/www.escalade.pro\/news\/#\/schema\/logo\/image\/","url":"https:\/\/www.escalade.pro\/news\/wp-content\/uploads\/2026\/04\/logo-wp-AL-avril-2026-1.jpg","contentUrl":"https:\/\/www.escalade.pro\/news\/wp-content\/uploads\/2026\/04\/logo-wp-AL-avril-2026-1.jpg","width":1955,"height":902,"caption":"L&#039;Arqu\u00e9e Libre - Fred Vionnet entraineur\/moniteur escalade"},"image":{"@id":"https:\/\/www.escalade.pro\/news\/#\/schema\/logo\/image\/"},"sameAs":["https:\/\/www.facebook.com\/grimpisme\/","https:\/\/www.instagram.com\/grimpisme\/","https:\/\/www.linkedin.com\/in\/fred-vionnet-6284b96a\/","https:\/\/fr.pinterest.com\/grimpisme\/","https:\/\/www.youtube.com\/@grimpisme"]},{"@type":"Person","@id":"https:\/\/www.escalade.pro\/news\/#\/schema\/person\/e0e0520aa48cfda56ae5406c2fe2caeb","name":"Fred Vionnet","image":{"@type":"ImageObject","inLanguage":"fr-FR","@id":"https:\/\/secure.gravatar.com\/avatar\/a2f6c5fc695da895033dcd95afaa6aeda795d5122ab3a22a03e24aab7f3d96a6?s=96&d=blank&r=g","url":"https:\/\/secure.gravatar.com\/avatar\/a2f6c5fc695da895033dcd95afaa6aeda795d5122ab3a22a03e24aab7f3d96a6?s=96&d=blank&r=g","contentUrl":"https:\/\/secure.gravatar.com\/avatar\/a2f6c5fc695da895033dcd95afaa6aeda795d5122ab3a22a03e24aab7f3d96a6?s=96&d=blank&r=g","caption":"Fred Vionnet"},"description":"Coach escalade en Haute Savoie. Pas contre une grande voie non plus. Mais on va \u00e0 C\u00e9\u00fcse, Fontainebleau, Buoux ou encore les Gorges du Verdon quand vous voulez.","sameAs":["http:\/\/www.grimpisme.com","https:\/\/www.facebook.com\/fredCaillouXvionnet","https:\/\/www.linkedin.com\/profile\/preview?vpa=pub&locale=fr_FR","https:\/\/fr.pinterest.com\/grimpisme\/","https:\/\/www.youtube.com\/user\/grimpisme","https:\/\/soundcloud.com\/fredvionnet"],"url":"https:\/\/www.escalade.pro\/news\/author\/fred\/"}]}},"jetpack_publicize_connections":[],"jetpack_featured_media_url":"https:\/\/www.escalade.pro\/news\/wp-content\/uploads\/2018\/03\/P1110416.jpg","jetpack_sharing_enabled":true,"jetpack_shortlink":"https:\/\/wp.me\/p68Rw6-41n","jetpack-related-posts":[{"id":7943,"url":"https:\/\/www.escalade.pro\/news\/bostan-golette-oule-praz-riant\/","url_meta":{"origin":15461,"position":0},"title":"Encyclop\u00e9die du ski \u00e0 Praz Riant","author":"Fred Vionnet","date":"14 mars 2016","format":false,"excerpt":"J'esp\u00e8re que comme nous vous avez pu profiter de ce magnifique weekend ensoleill\u00e9... et enneig\u00e9. Apr\u00e8s une mont\u00e9e samedi apr\u00e8s midi au col de Bostan pour m\u00e9riter les gourmandises du refuge, nous sommes mont\u00e9s dimanche matin \u00e0 la Golette de l'Oule. Nous avions pr\u00e9vu d'enchainer sur la Pointe Rousse des\u2026","rel":"","context":"Dans &quot;Ski de rando et freeride&quot;","block_context":{"text":"Ski de rando et freeride","link":"https:\/\/www.escalade.pro\/news\/category\/ski-freeride\/"},"img":{"alt_text":"ski rando golette oule bostan samoens grimpisme","src":"https:\/\/i0.wp.com\/www.escalade.pro\/news\/wp-content\/uploads\/2016\/03\/P1080434-300x225.jpg?resize=350%2C200","width":350,"height":200},"classes":[]},{"id":13658,"url":"https:\/\/www.escalade.pro\/news\/conditions-ski-rando-dents-blanches-hautgiffre\/","url_meta":{"origin":15461,"position":1},"title":"Conditions ski de rando: Dents Blanches #hautgiffre","author":"Fred Vionnet","date":"13 f\u00e9vrier 2017","format":false,"excerpt":"Anthony \u00e9tait fin pr\u00eat pour la Dent Blanche, comme tout chamoniard parfaitement au point sur la g\u00e9ographie de la Yaute. Nous nous sommes content\u00e9s des Dents Blanches, moins hautes mais plus nombreuses et qui surtout subissent moins le foehn que le massif du Mont Blanc. Ce dernier atout est d'ailleurs\u2026","rel":"","context":"Dans &quot;Mes sorties - retours d'exp\u00e9rience&quot;","block_context":{"text":"Mes sorties - retours d'exp\u00e9rience","link":"https:\/\/www.escalade.pro\/news\/category\/mes-sorties\/"},"img":{"alt_text":"","src":"https:\/\/i0.wp.com\/www.escalade.pro\/news\/wp-content\/uploads\/2017\/02\/P1100087.jpg?resize=350%2C200&ssl=1","width":350,"height":200,"srcset":"https:\/\/i0.wp.com\/www.escalade.pro\/news\/wp-content\/uploads\/2017\/02\/P1100087.jpg?resize=350%2C200&ssl=1 1x, https:\/\/i0.wp.com\/www.escalade.pro\/news\/wp-content\/uploads\/2017\/02\/P1100087.jpg?resize=525%2C300&ssl=1 1.5x, https:\/\/i0.wp.com\/www.escalade.pro\/news\/wp-content\/uploads\/2017\/02\/P1100087.jpg?resize=700%2C400&ssl=1 2x"},"classes":[]},{"id":5793,"url":"https:\/\/www.escalade.pro\/news\/bostan-pointe-chamois\/","url_meta":{"origin":15461,"position":2},"title":"DEHYDRATATION TOUR DAY 3&#038;4, grimpe \u00e0 Bostan","author":"Fred Vionnet","date":"7 juillet 2015","format":false,"excerpt":"Apr\u00e8s 2 jours sur du granit d\u00e9ment, certes (voir \u00ab Cache-cache \u00bb et la L\u00e9piney au Trident), mais \u00e0 serrer les fesses sur des ponts de neige et \u00e0 voir le massif du Mont Blanc s\u2019effondrer comme un ch\u00e2teau de carte, l\u2019id\u00e9e de continuer ce cycle intense de d\u00e9shydratation en\u2026","rel":"","context":"Dans &quot;Environnement&quot;","block_context":{"text":"Environnement","link":"https:\/\/www.escalade.pro\/news\/category\/environnement\/"},"img":{"alt_text":"pointe chamois bostan","src":"https:\/\/i0.wp.com\/www.escalade.pro\/news\/wp-content\/uploads\/2015\/07\/P1060931-300x225.jpg?resize=350%2C200","width":350,"height":200},"classes":[]},{"id":13506,"url":"https:\/\/www.escalade.pro\/news\/pointes-carmelite-combe-marto-ski\/","url_meta":{"origin":15461,"position":3},"title":"Pointes de la Carm\u00e9lite et Combe Marto","author":"Fred Vionnet","date":"23 janvier 2017","format":false,"excerpt":"Je ne suis pas un grand fan des Aravis, \u00e7a fait de la route pour trouver souvent encore plus de monde qu'\u00e0 Chamonix. Heureusement le secteur du Reposoir est toujours plus calme. Est-ce d\u00fb au d\u00e9nivel\u00e9 qui est minimum de 1300m, o\u00f9 \u00e0 la raideur et \u00e0 l'\u00e9troiture du chemin?\u2026","rel":"","context":"Dans &quot;Mes sorties - retours d'exp\u00e9rience&quot;","block_context":{"text":"Mes sorties - retours d'exp\u00e9rience","link":"https:\/\/www.escalade.pro\/news\/category\/mes-sorties\/"},"img":{"alt_text":"","src":"https:\/\/i0.wp.com\/www.escalade.pro\/news\/wp-content\/uploads\/2017\/01\/P1090974.jpg?resize=350%2C200&ssl=1","width":350,"height":200,"srcset":"https:\/\/i0.wp.com\/www.escalade.pro\/news\/wp-content\/uploads\/2017\/01\/P1090974.jpg?resize=350%2C200&ssl=1 1x, https:\/\/i0.wp.com\/www.escalade.pro\/news\/wp-content\/uploads\/2017\/01\/P1090974.jpg?resize=525%2C300&ssl=1 1.5x, https:\/\/i0.wp.com\/www.escalade.pro\/news\/wp-content\/uploads\/2017\/01\/P1090974.jpg?resize=700%2C400&ssl=1 2x"},"classes":[]},{"id":7643,"url":"https:\/\/www.escalade.pro\/news\/refuge-bostan\/","url_meta":{"origin":15461,"position":4},"title":"Bon cr\u00e9neau \u00e0 Bostan","author":"Fred Vionnet","date":"12 f\u00e9vrier 2016","format":false,"excerpt":"Voil\u00e0 l'hiver s'installe, enfin, avec un encha\u00eenement de perturbations et des limites pluie-neige qui passent parfois sous les 1000m. Ce jeudi 11 f\u00e9vrier 2016 \u00e9tait une superbe journ\u00e9e avec une mont\u00e9e pour nous \u00e0 la classique de la T\u00eate de Bostan, nous avons eu beaucoup de chance. Classique certes, mais\u2026","rel":"","context":"Dans &quot;News et actu&quot;","block_context":{"text":"News et actu","link":"https:\/\/www.escalade.pro\/news\/category\/news\/"},"img":{"alt_text":"tete de bostan dents blanches","src":"https:\/\/i0.wp.com\/www.escalade.pro\/news\/wp-content\/uploads\/2016\/02\/pano-300x94.jpg?resize=350%2C200","width":350,"height":200},"classes":[]},{"id":8157,"url":"https:\/\/www.escalade.pro\/news\/ski-dent-barme-26mars2016\/","url_meta":{"origin":15461,"position":5},"title":"Vid\u00e9oTOPO ski: Dent de Barme par le Pas \u00e0 l&rsquo;Ours","author":"Fred Vionnet","date":"28 mars 2016","format":false,"excerpt":"5h45, Liv et Colin sont \u00e0 l'heure au parking de Bellevue. On va faire une heure de route pour les emmener d\u00e9couvrir le Haut Giffre (#dehorsdecham comme l'\u00e9crira Colin), j'ai un peu la pression mais leur ponctualit\u00e9 et leur bonne humeur sont rassurantes. On part du parking du Pied du\u2026","rel":"","context":"Dans &quot;Ski de rando et freeride&quot;","block_context":{"text":"Ski de rando et freeride","link":"https:\/\/www.escalade.pro\/news\/category\/ski-freeride\/"},"img":{"alt_text":"ski pointe bellegarde col chambres","src":"https:\/\/i0.wp.com\/www.escalade.pro\/news\/wp-content\/uploads\/2016\/03\/pano1-1-300x104.jpg?resize=350%2C200","width":350,"height":200},"classes":[]}],"_links":{"self":[{"href":"https:\/\/www.escalade.pro\/news\/wp-json\/wp\/v2\/posts\/15461","targetHints":{"allow":["GET"]}}],"collection":[{"href":"https:\/\/www.escalade.pro\/news\/wp-json\/wp\/v2\/posts"}],"about":[{"href":"https:\/\/www.escalade.pro\/news\/wp-json\/wp\/v2\/types\/post"}],"author":[{"embeddable":true,"href":"https:\/\/www.escalade.pro\/news\/wp-json\/wp\/v2\/users\/1"}],"replies":[{"embeddable":true,"href":"https:\/\/www.escalade.pro\/news\/wp-json\/wp\/v2\/comments?post=15461"}],"version-history":[{"count":17,"href":"https:\/\/www.escalade.pro\/news\/wp-json\/wp\/v2\/posts\/15461\/revisions"}],"predecessor-version":[{"id":15500,"href":"https:\/\/www.escalade.pro\/news\/wp-json\/wp\/v2\/posts\/15461\/revisions\/15500"}],"wp:featuredmedia":[{"embeddable":true,"href":"https:\/\/www.escalade.pro\/news\/wp-json\/wp\/v2\/media\/15462"}],"wp:attachment":[{"href":"https:\/\/www.escalade.pro\/news\/wp-json\/wp\/v2\/media?parent=15461"}],"wp:term":[{"taxonomy":"category","embeddable":true,"href":"https:\/\/www.escalade.pro\/news\/wp-json\/wp\/v2\/categories?post=15461"},{"taxonomy":"post_tag","embeddable":true,"href":"https:\/\/www.escalade.pro\/news\/wp-json\/wp\/v2\/tags?post=15461"}],"curies":[{"name":"wp","href":"https:\/\/api.w.org\/{rel}","templated":true}]}}