{"id":15451,"date":"2018-02-23T23:12:13","date_gmt":"2018-02-23T22:12:13","guid":{"rendered":"https:\/\/www.escalade.pro\/news\/?p=15451"},"modified":"2018-06-05T11:18:51","modified_gmt":"2018-06-05T10:18:51","slug":"silence-le-premier-9c-par-adam-ondra-le-film","status":"publish","type":"post","link":"https:\/\/www.escalade.pro\/news\/silence-le-premier-9c-par-adam-ondra-le-film\/","title":{"rendered":"\u00ab\u00a0Silence\u00a0\u00bb premier 9c par Adam Ondra, le film"},"content":{"rendered":"<p><strong>En septembre 2017, Adam Ondra r\u00e9alisait le premier 9c de l&rsquo;histoire de l&rsquo;escalade, dans l&rsquo;immense grotte de Flatanger (Norv\u00e8ge). Voici le film de Bernardo Gim\u00e9nez sur cette voie qu&rsquo;Adam a baptis\u00e9e \u00ab\u00a0Silence\u00a0\u00bb. <\/strong>R\u00e9galez-vous, et pour plus d&rsquo;infos voir cette <a href=\"https:\/\/www.escalade.pro\/news\/adam-ondra-premier-9c\/\">news du 8 septembre dernier<\/a>. Avec les images de l&rsquo;encha\u00eenement, on ne comprend encore que mieux comment cette voie est si particuli\u00e8re, et si \u00ab\u00a0bloc\u00a0\u00bb selon Adam.<\/p>\n<p><iframe loading=\"lazy\" src=\"https:\/\/www.youtube.com\/embed\/ZRTNHDd0gL8\" width=\"560\" height=\"315\" frameborder=\"0\" allowfullscreen=\"allowfullscreen\"><\/iframe><\/p>\n<p>La vid\u00e9o de la soir\u00e9e de pr\u00e9sentation est disponible sur ce <a href=\"https:\/\/www.youtube.com\/watch?v=uaNXOgbXV1I\" target=\"_blank\" rel=\"noopener\">lien<\/a>. On y apprend des choses int\u00e9ressantes par Adam mais \u00e9galement par Jerry Moffat.<\/p>\n","protected":false},"excerpt":{"rendered":"<p>En septembre 2017, Adam Ondra r\u00e9alisait le premier 9c de l&rsquo;histoire de l&rsquo;escalade. Voici le film de Bernardo Gim\u00e9nez sur  cette voie qu&rsquo;Adam a baptis\u00e9e \u00ab\u00a0Silence\u00a0\u00bb.<\/p>\n","protected":false},"author":1,"featured_media":15452,"comment_status":"open","ping_status":"open","sticky":false,"template":"","format":"standard","meta":{"colormag_page_container_layout":"default_layout","colormag_page_sidebar_layout":"default_layout","_monsterinsights_skip_tracking":false,"_monsterinsights_sitenote_active":false,"_monsterinsights_sitenote_note":"","_monsterinsights_sitenote_category":0,"ngg_post_thumbnail":0,"jetpack_post_was_ever_published":false,"_jetpack_newsletter_access":"","_jetpack_dont_email_post_to_subs":false,"_jetpack_newsletter_tier_id":0,"_jetpack_memberships_contains_paywalled_content":false,"_jetpack_memberships_contains_paid_content":false,"footnotes":"","jetpack_publicize_message":"","jetpack_publicize_feature_enabled":true,"jetpack_social_post_already_shared":true,"jetpack_social_options":{"image_generator_settings":{"template":"highway","default_image_id":0,"font":"","enabled":false},"version":2}},"categories":[4,1,7],"tags":[],"class_list":["post-15451","post","type-post","status-publish","format-standard","has-post-thumbnail","hentry","category-escalade","category-news","category-videos"],"yoast_head":"<!-- This site is optimized with the Yoast SEO plugin v27.5 - https:\/\/yoast.com\/product\/yoast-seo-wordpress\/ -->\n<title>&quot;Silence&quot; le premier 9c par Adam Ondra, le film - Grimpisme<\/title>\n<meta name=\"description\" content=\"En septembre 2017, Adam Ondra r\u00e9alisait le premier 9c de l&#039;histoire de l&#039;escalade. Voici le film de Bernardo Gim\u00e9nez sur cette voie qu&#039;Adam a baptis\u00e9e &quot;Silence&quot;.\" \/>\n<meta name=\"robots\" content=\"index, follow, max-snippet:-1, max-image-preview:large, max-video-preview:-1\" \/>\n<link rel=\"canonical\" href=\"https:\/\/www.escalade.pro\/news\/silence-le-premier-9c-par-adam-ondra-le-film\/\" \/>\n<meta property=\"og:locale\" content=\"fr_FR\" \/>\n<meta property=\"og:type\" content=\"article\" \/>\n<meta property=\"og:title\" content=\"&quot;Silence&quot; le premier 9c par Adam Ondra, le film - Grimpisme\" \/>\n<meta property=\"og:description\" content=\"En septembre 2017, Adam Ondra r\u00e9alisait le premier 9c de l&#039;histoire de l&#039;escalade. Voici le film de Bernardo Gim\u00e9nez sur cette voie qu&#039;Adam a baptis\u00e9e &quot;Silence&quot;.\" \/>\n<meta property=\"og:url\" content=\"https:\/\/www.escalade.pro\/news\/silence-le-premier-9c-par-adam-ondra-le-film\/\" \/>\n<meta property=\"og:site_name\" content=\"L&#039;Arqu\u00e9e Libre - Fred Vionnet entraineur\/moniteur escalade\" \/>\n<meta property=\"article:publisher\" content=\"https:\/\/www.facebook.com\/grimpisme\/\" \/>\n<meta property=\"article:author\" content=\"https:\/\/www.facebook.com\/fredCaillouXvionnet\" \/>\n<meta property=\"article:published_time\" content=\"2018-02-23T22:12:13+00:00\" \/>\n<meta property=\"article:modified_time\" content=\"2018-06-05T10:18:51+00:00\" \/>\n<meta property=\"og:image\" content=\"https:\/\/www.escalade.pro\/news\/wp-content\/uploads\/2018\/02\/silence-escalade-ondra.jpg\" \/>\n\t<meta property=\"og:image:width\" content=\"556\" \/>\n\t<meta property=\"og:image:height\" content=\"314\" \/>\n\t<meta property=\"og:image:type\" content=\"image\/jpeg\" \/>\n<meta name=\"author\" content=\"Fred Vionnet\" \/>\n<meta name=\"twitter:card\" content=\"summary_large_image\" \/>\n<meta name=\"twitter:label1\" content=\"\u00c9crit par\" \/>\n\t<meta name=\"twitter:data1\" content=\"Fred Vionnet\" \/>\n\t<meta name=\"twitter:label2\" content=\"Dur\u00e9e de lecture estim\u00e9e\" \/>\n\t<meta name=\"twitter:data2\" content=\"1 minute\" \/>\n<script type=\"application\/ld+json\" class=\"yoast-schema-graph\">{\"@context\":\"https:\\\/\\\/schema.org\",\"@graph\":[{\"@type\":\"Article\",\"@id\":\"https:\\\/\\\/www.escalade.pro\\\/news\\\/silence-le-premier-9c-par-adam-ondra-le-film\\\/#article\",\"isPartOf\":{\"@id\":\"https:\\\/\\\/www.escalade.pro\\\/news\\\/silence-le-premier-9c-par-adam-ondra-le-film\\\/\"},\"author\":{\"name\":\"Fred Vionnet\",\"@id\":\"https:\\\/\\\/www.escalade.pro\\\/news\\\/#\\\/schema\\\/person\\\/e0e0520aa48cfda56ae5406c2fe2caeb\"},\"headline\":\"\u00ab\u00a0Silence\u00a0\u00bb premier 9c par Adam Ondra, le film\",\"datePublished\":\"2018-02-23T22:12:13+00:00\",\"dateModified\":\"2018-06-05T10:18:51+00:00\",\"mainEntityOfPage\":{\"@id\":\"https:\\\/\\\/www.escalade.pro\\\/news\\\/silence-le-premier-9c-par-adam-ondra-le-film\\\/\"},\"wordCount\":108,\"commentCount\":0,\"publisher\":{\"@id\":\"https:\\\/\\\/www.escalade.pro\\\/news\\\/#organization\"},\"image\":{\"@id\":\"https:\\\/\\\/www.escalade.pro\\\/news\\\/silence-le-premier-9c-par-adam-ondra-le-film\\\/#primaryimage\"},\"thumbnailUrl\":\"https:\\\/\\\/www.escalade.pro\\\/news\\\/wp-content\\\/uploads\\\/2018\\\/02\\\/silence-escalade-ondra.jpg\",\"articleSection\":[\"Escalade\",\"News et actu\",\"Vid\u00e9os\"],\"inLanguage\":\"fr-FR\",\"potentialAction\":[{\"@type\":\"CommentAction\",\"name\":\"Comment\",\"target\":[\"https:\\\/\\\/www.escalade.pro\\\/news\\\/silence-le-premier-9c-par-adam-ondra-le-film\\\/#respond\"]}]},{\"@type\":\"WebPage\",\"@id\":\"https:\\\/\\\/www.escalade.pro\\\/news\\\/silence-le-premier-9c-par-adam-ondra-le-film\\\/\",\"url\":\"https:\\\/\\\/www.escalade.pro\\\/news\\\/silence-le-premier-9c-par-adam-ondra-le-film\\\/\",\"name\":\"\\\"Silence\\\" le premier 9c par Adam Ondra, le film - Grimpisme\",\"isPartOf\":{\"@id\":\"https:\\\/\\\/www.escalade.pro\\\/news\\\/#website\"},\"primaryImageOfPage\":{\"@id\":\"https:\\\/\\\/www.escalade.pro\\\/news\\\/silence-le-premier-9c-par-adam-ondra-le-film\\\/#primaryimage\"},\"image\":{\"@id\":\"https:\\\/\\\/www.escalade.pro\\\/news\\\/silence-le-premier-9c-par-adam-ondra-le-film\\\/#primaryimage\"},\"thumbnailUrl\":\"https:\\\/\\\/www.escalade.pro\\\/news\\\/wp-content\\\/uploads\\\/2018\\\/02\\\/silence-escalade-ondra.jpg\",\"datePublished\":\"2018-02-23T22:12:13+00:00\",\"dateModified\":\"2018-06-05T10:18:51+00:00\",\"description\":\"En septembre 2017, Adam Ondra r\u00e9alisait le premier 9c de l'histoire de l'escalade. Voici le film de Bernardo Gim\u00e9nez sur cette voie qu'Adam a baptis\u00e9e \\\"Silence\\\".\",\"breadcrumb\":{\"@id\":\"https:\\\/\\\/www.escalade.pro\\\/news\\\/silence-le-premier-9c-par-adam-ondra-le-film\\\/#breadcrumb\"},\"inLanguage\":\"fr-FR\",\"potentialAction\":[{\"@type\":\"ReadAction\",\"target\":[\"https:\\\/\\\/www.escalade.pro\\\/news\\\/silence-le-premier-9c-par-adam-ondra-le-film\\\/\"]}]},{\"@type\":\"ImageObject\",\"inLanguage\":\"fr-FR\",\"@id\":\"https:\\\/\\\/www.escalade.pro\\\/news\\\/silence-le-premier-9c-par-adam-ondra-le-film\\\/#primaryimage\",\"url\":\"https:\\\/\\\/www.escalade.pro\\\/news\\\/wp-content\\\/uploads\\\/2018\\\/02\\\/silence-escalade-ondra.jpg\",\"contentUrl\":\"https:\\\/\\\/www.escalade.pro\\\/news\\\/wp-content\\\/uploads\\\/2018\\\/02\\\/silence-escalade-ondra.jpg\",\"width\":556,\"height\":314,\"caption\":\"film silence escalade adam ondra\"},{\"@type\":\"BreadcrumbList\",\"@id\":\"https:\\\/\\\/www.escalade.pro\\\/news\\\/silence-le-premier-9c-par-adam-ondra-le-film\\\/#breadcrumb\",\"itemListElement\":[{\"@type\":\"ListItem\",\"position\":1,\"name\":\"Accueil\",\"item\":\"https:\\\/\\\/www.escalade.pro\\\/news\\\/\"},{\"@type\":\"ListItem\",\"position\":2,\"name\":\"\u00ab\u00a0Silence\u00a0\u00bb premier 9c par Adam Ondra, le film\"}]},{\"@type\":\"WebSite\",\"@id\":\"https:\\\/\\\/www.escalade.pro\\\/news\\\/#website\",\"url\":\"https:\\\/\\\/www.escalade.pro\\\/news\\\/\",\"name\":\"L&#039;Arqu\u00e9e Libre - Fred Vionnet entraineur\\\/moniteur escalade\",\"description\":\"Coaching et entrainement escalade. Buoux, C\u00e9\u00fcse et Fontainebleau.\",\"publisher\":{\"@id\":\"https:\\\/\\\/www.escalade.pro\\\/news\\\/#organization\"},\"potentialAction\":[{\"@type\":\"SearchAction\",\"target\":{\"@type\":\"EntryPoint\",\"urlTemplate\":\"https:\\\/\\\/www.escalade.pro\\\/news\\\/?s={search_term_string}\"},\"query-input\":{\"@type\":\"PropertyValueSpecification\",\"valueRequired\":true,\"valueName\":\"search_term_string\"}}],\"inLanguage\":\"fr-FR\"},{\"@type\":\"Organization\",\"@id\":\"https:\\\/\\\/www.escalade.pro\\\/news\\\/#organization\",\"name\":\"L&#039;Arqu\u00e9e Libre - Fred Vionnet entraineur\\\/moniteur escalade\",\"url\":\"https:\\\/\\\/www.escalade.pro\\\/news\\\/\",\"logo\":{\"@type\":\"ImageObject\",\"inLanguage\":\"fr-FR\",\"@id\":\"https:\\\/\\\/www.escalade.pro\\\/news\\\/#\\\/schema\\\/logo\\\/image\\\/\",\"url\":\"https:\\\/\\\/www.escalade.pro\\\/news\\\/wp-content\\\/uploads\\\/2026\\\/04\\\/logo-wp-AL-avril-2026-1.jpg\",\"contentUrl\":\"https:\\\/\\\/www.escalade.pro\\\/news\\\/wp-content\\\/uploads\\\/2026\\\/04\\\/logo-wp-AL-avril-2026-1.jpg\",\"width\":1955,\"height\":902,\"caption\":\"L&#039;Arqu\u00e9e Libre - Fred Vionnet entraineur\\\/moniteur escalade\"},\"image\":{\"@id\":\"https:\\\/\\\/www.escalade.pro\\\/news\\\/#\\\/schema\\\/logo\\\/image\\\/\"},\"sameAs\":[\"https:\\\/\\\/www.facebook.com\\\/grimpisme\\\/\",\"https:\\\/\\\/www.instagram.com\\\/grimpisme\\\/\",\"https:\\\/\\\/www.linkedin.com\\\/in\\\/fred-vionnet-6284b96a\\\/\",\"https:\\\/\\\/fr.pinterest.com\\\/grimpisme\\\/\",\"https:\\\/\\\/www.youtube.com\\\/@grimpisme\"]},{\"@type\":\"Person\",\"@id\":\"https:\\\/\\\/www.escalade.pro\\\/news\\\/#\\\/schema\\\/person\\\/e0e0520aa48cfda56ae5406c2fe2caeb\",\"name\":\"Fred Vionnet\",\"image\":{\"@type\":\"ImageObject\",\"inLanguage\":\"fr-FR\",\"@id\":\"https:\\\/\\\/secure.gravatar.com\\\/avatar\\\/a2f6c5fc695da895033dcd95afaa6aeda795d5122ab3a22a03e24aab7f3d96a6?s=96&d=blank&r=g\",\"url\":\"https:\\\/\\\/secure.gravatar.com\\\/avatar\\\/a2f6c5fc695da895033dcd95afaa6aeda795d5122ab3a22a03e24aab7f3d96a6?s=96&d=blank&r=g\",\"contentUrl\":\"https:\\\/\\\/secure.gravatar.com\\\/avatar\\\/a2f6c5fc695da895033dcd95afaa6aeda795d5122ab3a22a03e24aab7f3d96a6?s=96&d=blank&r=g\",\"caption\":\"Fred Vionnet\"},\"description\":\"Coach escalade en Haute Savoie. Pas contre une grande voie non plus. Mais on va \u00e0 C\u00e9\u00fcse, Fontainebleau, Buoux ou encore les Gorges du Verdon quand vous voulez.\",\"sameAs\":[\"http:\\\/\\\/www.grimpisme.com\",\"https:\\\/\\\/www.facebook.com\\\/fredCaillouXvionnet\",\"https:\\\/\\\/www.linkedin.com\\\/profile\\\/preview?vpa=pub&locale=fr_FR\",\"https:\\\/\\\/fr.pinterest.com\\\/grimpisme\\\/\",\"https:\\\/\\\/www.youtube.com\\\/user\\\/grimpisme\",\"https:\\\/\\\/soundcloud.com\\\/fredvionnet\"],\"url\":\"https:\\\/\\\/www.escalade.pro\\\/news\\\/author\\\/fred\\\/\"}]}<\/script>\n<!-- \/ Yoast SEO plugin. -->","yoast_head_json":{"title":"\"Silence\" le premier 9c par Adam Ondra, le film - Grimpisme","description":"En septembre 2017, Adam Ondra r\u00e9alisait le premier 9c de l'histoire de l'escalade. Voici le film de Bernardo Gim\u00e9nez sur cette voie qu'Adam a baptis\u00e9e \"Silence\".","robots":{"index":"index","follow":"follow","max-snippet":"max-snippet:-1","max-image-preview":"max-image-preview:large","max-video-preview":"max-video-preview:-1"},"canonical":"https:\/\/www.escalade.pro\/news\/silence-le-premier-9c-par-adam-ondra-le-film\/","og_locale":"fr_FR","og_type":"article","og_title":"\"Silence\" le premier 9c par Adam Ondra, le film - Grimpisme","og_description":"En septembre 2017, Adam Ondra r\u00e9alisait le premier 9c de l'histoire de l'escalade. Voici le film de Bernardo Gim\u00e9nez sur cette voie qu'Adam a baptis\u00e9e \"Silence\".","og_url":"https:\/\/www.escalade.pro\/news\/silence-le-premier-9c-par-adam-ondra-le-film\/","og_site_name":"L&#039;Arqu\u00e9e Libre - Fred Vionnet entraineur\/moniteur escalade","article_publisher":"https:\/\/www.facebook.com\/grimpisme\/","article_author":"https:\/\/www.facebook.com\/fredCaillouXvionnet","article_published_time":"2018-02-23T22:12:13+00:00","article_modified_time":"2018-06-05T10:18:51+00:00","og_image":[{"width":556,"height":314,"url":"https:\/\/www.escalade.pro\/news\/wp-content\/uploads\/2018\/02\/silence-escalade-ondra.jpg","type":"image\/jpeg"}],"author":"Fred Vionnet","twitter_card":"summary_large_image","twitter_misc":{"\u00c9crit par":"Fred Vionnet","Dur\u00e9e de lecture estim\u00e9e":"1 minute"},"schema":{"@context":"https:\/\/schema.org","@graph":[{"@type":"Article","@id":"https:\/\/www.escalade.pro\/news\/silence-le-premier-9c-par-adam-ondra-le-film\/#article","isPartOf":{"@id":"https:\/\/www.escalade.pro\/news\/silence-le-premier-9c-par-adam-ondra-le-film\/"},"author":{"name":"Fred Vionnet","@id":"https:\/\/www.escalade.pro\/news\/#\/schema\/person\/e0e0520aa48cfda56ae5406c2fe2caeb"},"headline":"\u00ab\u00a0Silence\u00a0\u00bb premier 9c par Adam Ondra, le film","datePublished":"2018-02-23T22:12:13+00:00","dateModified":"2018-06-05T10:18:51+00:00","mainEntityOfPage":{"@id":"https:\/\/www.escalade.pro\/news\/silence-le-premier-9c-par-adam-ondra-le-film\/"},"wordCount":108,"commentCount":0,"publisher":{"@id":"https:\/\/www.escalade.pro\/news\/#organization"},"image":{"@id":"https:\/\/www.escalade.pro\/news\/silence-le-premier-9c-par-adam-ondra-le-film\/#primaryimage"},"thumbnailUrl":"https:\/\/www.escalade.pro\/news\/wp-content\/uploads\/2018\/02\/silence-escalade-ondra.jpg","articleSection":["Escalade","News et actu","Vid\u00e9os"],"inLanguage":"fr-FR","potentialAction":[{"@type":"CommentAction","name":"Comment","target":["https:\/\/www.escalade.pro\/news\/silence-le-premier-9c-par-adam-ondra-le-film\/#respond"]}]},{"@type":"WebPage","@id":"https:\/\/www.escalade.pro\/news\/silence-le-premier-9c-par-adam-ondra-le-film\/","url":"https:\/\/www.escalade.pro\/news\/silence-le-premier-9c-par-adam-ondra-le-film\/","name":"\"Silence\" le premier 9c par Adam Ondra, le film - Grimpisme","isPartOf":{"@id":"https:\/\/www.escalade.pro\/news\/#website"},"primaryImageOfPage":{"@id":"https:\/\/www.escalade.pro\/news\/silence-le-premier-9c-par-adam-ondra-le-film\/#primaryimage"},"image":{"@id":"https:\/\/www.escalade.pro\/news\/silence-le-premier-9c-par-adam-ondra-le-film\/#primaryimage"},"thumbnailUrl":"https:\/\/www.escalade.pro\/news\/wp-content\/uploads\/2018\/02\/silence-escalade-ondra.jpg","datePublished":"2018-02-23T22:12:13+00:00","dateModified":"2018-06-05T10:18:51+00:00","description":"En septembre 2017, Adam Ondra r\u00e9alisait le premier 9c de l'histoire de l'escalade. Voici le film de Bernardo Gim\u00e9nez sur cette voie qu'Adam a baptis\u00e9e \"Silence\".","breadcrumb":{"@id":"https:\/\/www.escalade.pro\/news\/silence-le-premier-9c-par-adam-ondra-le-film\/#breadcrumb"},"inLanguage":"fr-FR","potentialAction":[{"@type":"ReadAction","target":["https:\/\/www.escalade.pro\/news\/silence-le-premier-9c-par-adam-ondra-le-film\/"]}]},{"@type":"ImageObject","inLanguage":"fr-FR","@id":"https:\/\/www.escalade.pro\/news\/silence-le-premier-9c-par-adam-ondra-le-film\/#primaryimage","url":"https:\/\/www.escalade.pro\/news\/wp-content\/uploads\/2018\/02\/silence-escalade-ondra.jpg","contentUrl":"https:\/\/www.escalade.pro\/news\/wp-content\/uploads\/2018\/02\/silence-escalade-ondra.jpg","width":556,"height":314,"caption":"film silence escalade adam ondra"},{"@type":"BreadcrumbList","@id":"https:\/\/www.escalade.pro\/news\/silence-le-premier-9c-par-adam-ondra-le-film\/#breadcrumb","itemListElement":[{"@type":"ListItem","position":1,"name":"Accueil","item":"https:\/\/www.escalade.pro\/news\/"},{"@type":"ListItem","position":2,"name":"\u00ab\u00a0Silence\u00a0\u00bb premier 9c par Adam Ondra, le film"}]},{"@type":"WebSite","@id":"https:\/\/www.escalade.pro\/news\/#website","url":"https:\/\/www.escalade.pro\/news\/","name":"L&#039;Arqu\u00e9e Libre - Fred Vionnet entraineur\/moniteur escalade","description":"Coaching et entrainement escalade. Buoux, C\u00e9\u00fcse et Fontainebleau.","publisher":{"@id":"https:\/\/www.escalade.pro\/news\/#organization"},"potentialAction":[{"@type":"SearchAction","target":{"@type":"EntryPoint","urlTemplate":"https:\/\/www.escalade.pro\/news\/?s={search_term_string}"},"query-input":{"@type":"PropertyValueSpecification","valueRequired":true,"valueName":"search_term_string"}}],"inLanguage":"fr-FR"},{"@type":"Organization","@id":"https:\/\/www.escalade.pro\/news\/#organization","name":"L&#039;Arqu\u00e9e Libre - Fred Vionnet entraineur\/moniteur escalade","url":"https:\/\/www.escalade.pro\/news\/","logo":{"@type":"ImageObject","inLanguage":"fr-FR","@id":"https:\/\/www.escalade.pro\/news\/#\/schema\/logo\/image\/","url":"https:\/\/www.escalade.pro\/news\/wp-content\/uploads\/2026\/04\/logo-wp-AL-avril-2026-1.jpg","contentUrl":"https:\/\/www.escalade.pro\/news\/wp-content\/uploads\/2026\/04\/logo-wp-AL-avril-2026-1.jpg","width":1955,"height":902,"caption":"L&#039;Arqu\u00e9e Libre - Fred Vionnet entraineur\/moniteur escalade"},"image":{"@id":"https:\/\/www.escalade.pro\/news\/#\/schema\/logo\/image\/"},"sameAs":["https:\/\/www.facebook.com\/grimpisme\/","https:\/\/www.instagram.com\/grimpisme\/","https:\/\/www.linkedin.com\/in\/fred-vionnet-6284b96a\/","https:\/\/fr.pinterest.com\/grimpisme\/","https:\/\/www.youtube.com\/@grimpisme"]},{"@type":"Person","@id":"https:\/\/www.escalade.pro\/news\/#\/schema\/person\/e0e0520aa48cfda56ae5406c2fe2caeb","name":"Fred Vionnet","image":{"@type":"ImageObject","inLanguage":"fr-FR","@id":"https:\/\/secure.gravatar.com\/avatar\/a2f6c5fc695da895033dcd95afaa6aeda795d5122ab3a22a03e24aab7f3d96a6?s=96&d=blank&r=g","url":"https:\/\/secure.gravatar.com\/avatar\/a2f6c5fc695da895033dcd95afaa6aeda795d5122ab3a22a03e24aab7f3d96a6?s=96&d=blank&r=g","contentUrl":"https:\/\/secure.gravatar.com\/avatar\/a2f6c5fc695da895033dcd95afaa6aeda795d5122ab3a22a03e24aab7f3d96a6?s=96&d=blank&r=g","caption":"Fred Vionnet"},"description":"Coach escalade en Haute Savoie. Pas contre une grande voie non plus. Mais on va \u00e0 C\u00e9\u00fcse, Fontainebleau, Buoux ou encore les Gorges du Verdon quand vous voulez.","sameAs":["http:\/\/www.grimpisme.com","https:\/\/www.facebook.com\/fredCaillouXvionnet","https:\/\/www.linkedin.com\/profile\/preview?vpa=pub&locale=fr_FR","https:\/\/fr.pinterest.com\/grimpisme\/","https:\/\/www.youtube.com\/user\/grimpisme","https:\/\/soundcloud.com\/fredvionnet"],"url":"https:\/\/www.escalade.pro\/news\/author\/fred\/"}]}},"jetpack_publicize_connections":[],"jetpack_featured_media_url":"https:\/\/www.escalade.pro\/news\/wp-content\/uploads\/2018\/02\/silence-escalade-ondra.jpg","jetpack_sharing_enabled":true,"jetpack_shortlink":"https:\/\/wp.me\/p68Rw6-41d","jetpack-related-posts":[{"id":17390,"url":"https:\/\/www.escalade.pro\/news\/adam-ondra-just-do-it\/","url_meta":{"origin":15451,"position":0},"title":"Vid\u00e9o escalade: l&rsquo;int\u00e9grale d&rsquo;Adam Ondra dans \u00ab\u00a0Just do it\u00a0\u00bb (8c+)","author":"Fred Vionnet","date":"25 d\u00e9cembre 2018","format":false,"excerpt":"Adam aime tenter les voies historiques \"\u00e0 vue\". Elles sont souvent \u00e0 doigt, techniques. La prise de risque, indispensable dans le \"\u00e0 vue\", doit forc\u00e9ment \u00eatre plus grande.","rel":"","context":"Dans &quot;Conseils entrainement escalade&quot;","block_context":{"text":"Conseils entrainement escalade","link":"https:\/\/www.escalade.pro\/news\/category\/entrainement-escalade\/"},"img":{"alt_text":"video adam ondra just do it escalade","src":"https:\/\/i0.wp.com\/www.escalade.pro\/news\/wp-content\/uploads\/2018\/12\/Capture-d%E2%80%99e%CC%81cran-2018-12-24-a%CC%80-10.18.15.png?resize=350%2C200&ssl=1","width":350,"height":200,"srcset":"https:\/\/i0.wp.com\/www.escalade.pro\/news\/wp-content\/uploads\/2018\/12\/Capture-d%E2%80%99e%CC%81cran-2018-12-24-a%CC%80-10.18.15.png?resize=350%2C200&ssl=1 1x, https:\/\/i0.wp.com\/www.escalade.pro\/news\/wp-content\/uploads\/2018\/12\/Capture-d%E2%80%99e%CC%81cran-2018-12-24-a%CC%80-10.18.15.png?resize=525%2C300&ssl=1 1.5x, https:\/\/i0.wp.com\/www.escalade.pro\/news\/wp-content\/uploads\/2018\/12\/Capture-d%E2%80%99e%CC%81cran-2018-12-24-a%CC%80-10.18.15.png?resize=700%2C400&ssl=1 2x"},"classes":[]},{"id":15016,"url":"https:\/\/www.escalade.pro\/news\/adam-ondra-premier-9c\/","url_meta":{"origin":15451,"position":1},"title":"Adam Ondra et le premier 9c&#8230; si particulier!","author":"Fred Vionnet","date":"8 septembre 2017","format":false,"excerpt":"Les 45 m\u00e8tres de \u201cProject Hard\u201d se composent d\u2019un 8c bloc, suivi d\u2019un 8b bloc puis d\u2019un 7c+ bloc. La \u201cmarche d\u2019approche\u201d est un 8b voie. Plusieurs coincements de genoux permettent \u00e0 Adam de r\u00e9cup\u00e9rer entre les crux.","rel":"","context":"Dans &quot;Escalade&quot;","block_context":{"text":"Escalade","link":"https:\/\/www.escalade.pro\/news\/category\/escalade\/"},"img":{"alt_text":"adam ondra 9c escalade","src":"https:\/\/i0.wp.com\/www.escalade.pro\/news\/wp-content\/uploads\/2017\/09\/Capture-d%E2%80%99e%CC%81cran-2017-09-07-a%CC%80-19.27.03.png?resize=350%2C200&ssl=1","width":350,"height":200,"srcset":"https:\/\/i0.wp.com\/www.escalade.pro\/news\/wp-content\/uploads\/2017\/09\/Capture-d%E2%80%99e%CC%81cran-2017-09-07-a%CC%80-19.27.03.png?resize=350%2C200&ssl=1 1x, https:\/\/i0.wp.com\/www.escalade.pro\/news\/wp-content\/uploads\/2017\/09\/Capture-d%E2%80%99e%CC%81cran-2017-09-07-a%CC%80-19.27.03.png?resize=525%2C300&ssl=1 1.5x"},"classes":[]},{"id":3820,"url":"https:\/\/www.escalade.pro\/news\/film-change-adam-ondra\/","url_meta":{"origin":15451,"position":2},"title":"Film Change, Adam Ondra","author":"Fred Vionnet","date":"4 novembre 2014","format":false,"excerpt":"Apr\u00e8s une semaine de retard suite \u00e0 des probl\u00e8mes techniques, le film Change est disponible en t\u00e9l\u00e9chargement depuis le dimanche 26 octobre, au tarif de 16 euros. Je vous rappelle que Change est le nom de la premi\u00e8re voie en 9b+, ouverte pas Adam dans la grotte de Flatanger (Norv\u00e8ge),\u2026","rel":"","context":"Dans &quot;Escalade&quot;","block_context":{"text":"Escalade","link":"https:\/\/www.escalade.pro\/news\/category\/escalade\/"},"img":{"alt_text":"adam ondra change movie","src":"https:\/\/i0.wp.com\/www.escalade.pro\/news\/wp-content\/uploads\/2014\/11\/adam_ondra_change-300x198.jpg?resize=350%2C200","width":350,"height":200},"classes":[]},{"id":2562,"url":"https:\/\/www.escalade.pro\/news\/demi-finales-coupe-monde-briancon-en-live\/","url_meta":{"origin":15451,"position":3},"title":"Brian\u00e7on semi-finals liveDemi-finales de la Coupe du Monde de Brian\u00e7on en live","author":"Fred Vionnet","date":"19 juillet 2014","format":false,"excerpt":"Brian\u00e7on semi-finals live with Adam Ondra! D'habitude je ne vous propose pas les lives des demi-finales de Coupe du Monde sur le blog. Cette fois-ci c'est diff\u00e9rent et je les attends impatiemment pour 2 raisons: - Adam Ondra est pr\u00e9sent, il est tr\u00e8s en forme \u00e0 priori (le Superplafond de\u2026","rel":"","context":"Dans &quot;Escalade&quot;","block_context":{"text":"Escalade","link":"https:\/\/www.escalade.pro\/news\/category\/escalade\/"},"img":{"alt_text":"","src":"","width":0,"height":0},"classes":[]},{"id":6277,"url":"https:\/\/www.escalade.pro\/news\/sachi-amma-jungle-boogie\/","url_meta":{"origin":15451,"position":4},"title":"Sachi Amma enchaine \u00ab\u00a0Jungle Boogie\u00a0\u00bb 9a+, C\u00e9\u00fcse","author":"Fred Vionnet","date":"18 septembre 2015","format":false,"excerpt":"Sachi Amma a encha\u00een\u00e9 hier \"Jungle Boogie\", 9a+, \u00e0 C\u00e9\u00fcse, in extremis, au dernier essai avant de prendre la route pour l'Allemagne (Frankejura? Action Directe?). Cette voie lui tenait particuli\u00e8rement \u00e0 coeur et il lui aura fallu deux passages \u00e0 C\u00e9\u00fcse pour faire la croix. D'ailleurs le film \"Time to\u2026","rel":"","context":"Dans &quot;Escalade&quot;","block_context":{"text":"Escalade","link":"https:\/\/www.escalade.pro\/news\/category\/escalade\/"},"img":{"alt_text":"\u00a9 Jan Novak Photography","src":"https:\/\/i0.wp.com\/www.escalade.pro\/news\/wp-content\/uploads\/2015\/09\/sachi_amma_jungleboogie-300x202.jpg?resize=350%2C200","width":350,"height":200},"classes":[]},{"id":20030,"url":"https:\/\/www.escalade.pro\/news\/video-j3-ondra-perfecto-mundo\/","url_meta":{"origin":15451,"position":5},"title":"Vid\u00e9o: J3 pas simple pour Ondra dans \u00ab\u00a0Perfecto Mundo\u00a0\u00bb","author":"Fred Vionnet","date":"4 novembre 2020","format":false,"excerpt":"La le\u00e7on \u00e0 en tirer? Restez positif. Soyez flexible quand les choses vont moins bien que pr\u00e9vu. Abandonner trop vite est une faiblesse, mais s\u2019ent\u00eater alors que la marche est trop haute est une grosse erreur qui risque de vous d\u00e9motiver.","rel":"","context":"Dans &quot;Conseils entrainement escalade&quot;","block_context":{"text":"Conseils entrainement escalade","link":"https:\/\/www.escalade.pro\/news\/category\/entrainement-escalade\/"},"img":{"alt_text":"adam ondra perfecto mundo","src":"https:\/\/i0.wp.com\/www.escalade.pro\/news\/wp-content\/uploads\/2020\/11\/adam-ondra-perfecto-mundo.jpg?resize=350%2C200&ssl=1","width":350,"height":200,"srcset":"https:\/\/i0.wp.com\/www.escalade.pro\/news\/wp-content\/uploads\/2020\/11\/adam-ondra-perfecto-mundo.jpg?resize=350%2C200&ssl=1 1x, https:\/\/i0.wp.com\/www.escalade.pro\/news\/wp-content\/uploads\/2020\/11\/adam-ondra-perfecto-mundo.jpg?resize=525%2C300&ssl=1 1.5x, https:\/\/i0.wp.com\/www.escalade.pro\/news\/wp-content\/uploads\/2020\/11\/adam-ondra-perfecto-mundo.jpg?resize=700%2C400&ssl=1 2x"},"classes":[]}],"_links":{"self":[{"href":"https:\/\/www.escalade.pro\/news\/wp-json\/wp\/v2\/posts\/15451","targetHints":{"allow":["GET"]}}],"collection":[{"href":"https:\/\/www.escalade.pro\/news\/wp-json\/wp\/v2\/posts"}],"about":[{"href":"https:\/\/www.escalade.pro\/news\/wp-json\/wp\/v2\/types\/post"}],"author":[{"embeddable":true,"href":"https:\/\/www.escalade.pro\/news\/wp-json\/wp\/v2\/users\/1"}],"replies":[{"embeddable":true,"href":"https:\/\/www.escalade.pro\/news\/wp-json\/wp\/v2\/comments?post=15451"}],"version-history":[{"count":7,"href":"https:\/\/www.escalade.pro\/news\/wp-json\/wp\/v2\/posts\/15451\/revisions"}],"predecessor-version":[{"id":15455,"href":"https:\/\/www.escalade.pro\/news\/wp-json\/wp\/v2\/posts\/15451\/revisions\/15455"}],"wp:featuredmedia":[{"embeddable":true,"href":"https:\/\/www.escalade.pro\/news\/wp-json\/wp\/v2\/media\/15452"}],"wp:attachment":[{"href":"https:\/\/www.escalade.pro\/news\/wp-json\/wp\/v2\/media?parent=15451"}],"wp:term":[{"taxonomy":"category","embeddable":true,"href":"https:\/\/www.escalade.pro\/news\/wp-json\/wp\/v2\/categories?post=15451"},{"taxonomy":"post_tag","embeddable":true,"href":"https:\/\/www.escalade.pro\/news\/wp-json\/wp\/v2\/tags?post=15451"}],"curies":[{"name":"wp","href":"https:\/\/api.w.org\/{rel}","templated":true}]}}