{"id":14650,"date":"2017-06-27T11:05:46","date_gmt":"2017-06-27T10:05:46","guid":{"rendered":"https:\/\/www.escalade.pro\/news\/?p=14650"},"modified":"2017-06-27T11:05:46","modified_gmt":"2017-06-27T10:05:46","slug":"video-anna-stohr-jakob-schuber-bloc-cetait-demain-fontainebleau","status":"publish","type":"post","link":"https:\/\/www.escalade.pro\/news\/video-anna-stohr-jakob-schuber-bloc-cetait-demain-fontainebleau\/","title":{"rendered":"Vid\u00e9o: Anna St\u00f6hr et Jakob Schubert dans le premier 8a bloc \u00ab\u00a0C&rsquo;etait demain\u00a0\u00bb"},"content":{"rendered":"<p>Une vid\u00e9o promotionnelle certes, mais avec du contenu, ce qui n&rsquo;est pas toujours le cas. <strong>Anna St\u00f6hr et Jakob Schubert essayent les 2 mouvements du premier 8a bloc de l&rsquo;histoire \u00ab\u00a0C&rsquo;etait demain\u00a0\u00bb, ouvert \u00e0 Fontainebleau en 1984 par Jacky Godoffe. <\/strong>Les stars de la r\u00e9sine passionn\u00e9es de caillou, je aime!<\/p>\n<p><iframe loading=\"lazy\" width=\"560\" height=\"315\" src=\"https:\/\/www.youtube.com\/embed\/eMEiOmQ3YBk\" frameborder=\"0\" allowfullscreen><\/iframe><\/p>\n","protected":false},"excerpt":{"rendered":"<p>Anna St\u00f6hr et Jakob Schubert essayent les 2 mouvements du premier 8a bloc de l&rsquo;histoire \u00ab\u00a0C&rsquo;etait demain\u00a0\u00bb, ouvert \u00e0 Fontainebleau en 1984 par Jacky Godoffe. <\/p>\n","protected":false},"author":1,"featured_media":14652,"comment_status":"open","ping_status":"open","sticky":false,"template":"","format":"standard","meta":{"colormag_page_container_layout":"default_layout","colormag_page_sidebar_layout":"default_layout","_monsterinsights_skip_tracking":false,"_monsterinsights_sitenote_active":false,"_monsterinsights_sitenote_note":"","_monsterinsights_sitenote_category":0,"ngg_post_thumbnail":0,"jetpack_post_was_ever_published":false,"_jetpack_newsletter_access":"","_jetpack_dont_email_post_to_subs":false,"_jetpack_newsletter_tier_id":0,"_jetpack_memberships_contains_paywalled_content":false,"_jetpack_memberships_contains_paid_content":false,"footnotes":"","jetpack_publicize_message":"","jetpack_publicize_feature_enabled":true,"jetpack_social_post_already_shared":true,"jetpack_social_options":{"image_generator_settings":{"template":"highway","default_image_id":0,"font":"","enabled":false},"version":2}},"categories":[4,7],"tags":[],"class_list":["post-14650","post","type-post","status-publish","format-standard","has-post-thumbnail","hentry","category-escalade","category-videos"],"yoast_head":"<!-- This site is optimized with the Yoast SEO plugin v27.5 - https:\/\/yoast.com\/product\/yoast-seo-wordpress\/ -->\n<title>Vid\u00e9o: Anna St\u00f6hr et Jakob Schubert dans le premier 8a bloc &quot;C&#039;etait demain&quot; &#8211; L&#039;Arqu\u00e9e Libre - Fred Vionnet entraineur\/moniteur escalade<\/title>\n<meta name=\"robots\" content=\"index, follow, max-snippet:-1, max-image-preview:large, max-video-preview:-1\" \/>\n<link rel=\"canonical\" href=\"https:\/\/www.escalade.pro\/news\/video-anna-stohr-jakob-schuber-bloc-cetait-demain-fontainebleau\/\" \/>\n<meta property=\"og:locale\" content=\"fr_FR\" \/>\n<meta property=\"og:type\" content=\"article\" \/>\n<meta property=\"og:title\" content=\"Vid\u00e9o: Anna St\u00f6hr et Jakob Schubert dans le premier 8a bloc &quot;C&#039;etait demain&quot; &#8211; L&#039;Arqu\u00e9e Libre - Fred Vionnet entraineur\/moniteur escalade\" \/>\n<meta property=\"og:description\" content=\"Anna St\u00f6hr et Jakob Schubert essayent les 2 mouvements du premier 8a bloc de l&#039;histoire &quot;C&#039;etait demain&quot;, ouvert \u00e0 Fontainebleau en 1984 par Jacky Godoffe.\" \/>\n<meta property=\"og:url\" content=\"https:\/\/www.escalade.pro\/news\/video-anna-stohr-jakob-schuber-bloc-cetait-demain-fontainebleau\/\" \/>\n<meta property=\"og:site_name\" content=\"L&#039;Arqu\u00e9e Libre - Fred Vionnet entraineur\/moniteur escalade\" \/>\n<meta property=\"article:publisher\" content=\"https:\/\/www.facebook.com\/grimpisme\/\" \/>\n<meta property=\"article:author\" content=\"https:\/\/www.facebook.com\/fredCaillouXvionnet\" \/>\n<meta property=\"article:published_time\" content=\"2017-06-27T10:05:46+00:00\" \/>\n<meta property=\"og:image\" content=\"https:\/\/www.escalade.pro\/news\/wp-content\/uploads\/2017\/06\/cetait-demain-bloc-fontainebleau.jpg\" \/>\n\t<meta property=\"og:image:width\" content=\"848\" \/>\n\t<meta property=\"og:image:height\" content=\"475\" \/>\n\t<meta property=\"og:image:type\" content=\"image\/jpeg\" \/>\n<meta name=\"author\" content=\"Fred Vionnet\" \/>\n<meta name=\"twitter:card\" content=\"summary_large_image\" \/>\n<meta name=\"twitter:label1\" content=\"\u00c9crit par\" \/>\n\t<meta name=\"twitter:data1\" content=\"Fred Vionnet\" \/>\n<script type=\"application\/ld+json\" class=\"yoast-schema-graph\">{\"@context\":\"https:\\\/\\\/schema.org\",\"@graph\":[{\"@type\":\"Article\",\"@id\":\"https:\\\/\\\/www.escalade.pro\\\/news\\\/video-anna-stohr-jakob-schuber-bloc-cetait-demain-fontainebleau\\\/#article\",\"isPartOf\":{\"@id\":\"https:\\\/\\\/www.escalade.pro\\\/news\\\/video-anna-stohr-jakob-schuber-bloc-cetait-demain-fontainebleau\\\/\"},\"author\":{\"name\":\"Fred Vionnet\",\"@id\":\"https:\\\/\\\/www.escalade.pro\\\/news\\\/#\\\/schema\\\/person\\\/e0e0520aa48cfda56ae5406c2fe2caeb\"},\"headline\":\"Vid\u00e9o: Anna St\u00f6hr et Jakob Schubert dans le premier 8a bloc \u00ab\u00a0C&rsquo;etait demain\u00a0\u00bb\",\"datePublished\":\"2017-06-27T10:05:46+00:00\",\"mainEntityOfPage\":{\"@id\":\"https:\\\/\\\/www.escalade.pro\\\/news\\\/video-anna-stohr-jakob-schuber-bloc-cetait-demain-fontainebleau\\\/\"},\"wordCount\":66,\"commentCount\":0,\"publisher\":{\"@id\":\"https:\\\/\\\/www.escalade.pro\\\/news\\\/#organization\"},\"image\":{\"@id\":\"https:\\\/\\\/www.escalade.pro\\\/news\\\/video-anna-stohr-jakob-schuber-bloc-cetait-demain-fontainebleau\\\/#primaryimage\"},\"thumbnailUrl\":\"https:\\\/\\\/www.escalade.pro\\\/news\\\/wp-content\\\/uploads\\\/2017\\\/06\\\/cetait-demain-bloc-fontainebleau.jpg\",\"articleSection\":[\"Escalade\",\"Vid\u00e9os\"],\"inLanguage\":\"fr-FR\",\"potentialAction\":[{\"@type\":\"CommentAction\",\"name\":\"Comment\",\"target\":[\"https:\\\/\\\/www.escalade.pro\\\/news\\\/video-anna-stohr-jakob-schuber-bloc-cetait-demain-fontainebleau\\\/#respond\"]}]},{\"@type\":\"WebPage\",\"@id\":\"https:\\\/\\\/www.escalade.pro\\\/news\\\/video-anna-stohr-jakob-schuber-bloc-cetait-demain-fontainebleau\\\/\",\"url\":\"https:\\\/\\\/www.escalade.pro\\\/news\\\/video-anna-stohr-jakob-schuber-bloc-cetait-demain-fontainebleau\\\/\",\"name\":\"Vid\u00e9o: Anna St\u00f6hr et Jakob Schubert dans le premier 8a bloc \\\"C'etait demain\\\" &#8211; L&#039;Arqu\u00e9e Libre - Fred Vionnet entraineur\\\/moniteur escalade\",\"isPartOf\":{\"@id\":\"https:\\\/\\\/www.escalade.pro\\\/news\\\/#website\"},\"primaryImageOfPage\":{\"@id\":\"https:\\\/\\\/www.escalade.pro\\\/news\\\/video-anna-stohr-jakob-schuber-bloc-cetait-demain-fontainebleau\\\/#primaryimage\"},\"image\":{\"@id\":\"https:\\\/\\\/www.escalade.pro\\\/news\\\/video-anna-stohr-jakob-schuber-bloc-cetait-demain-fontainebleau\\\/#primaryimage\"},\"thumbnailUrl\":\"https:\\\/\\\/www.escalade.pro\\\/news\\\/wp-content\\\/uploads\\\/2017\\\/06\\\/cetait-demain-bloc-fontainebleau.jpg\",\"datePublished\":\"2017-06-27T10:05:46+00:00\",\"breadcrumb\":{\"@id\":\"https:\\\/\\\/www.escalade.pro\\\/news\\\/video-anna-stohr-jakob-schuber-bloc-cetait-demain-fontainebleau\\\/#breadcrumb\"},\"inLanguage\":\"fr-FR\",\"potentialAction\":[{\"@type\":\"ReadAction\",\"target\":[\"https:\\\/\\\/www.escalade.pro\\\/news\\\/video-anna-stohr-jakob-schuber-bloc-cetait-demain-fontainebleau\\\/\"]}]},{\"@type\":\"ImageObject\",\"inLanguage\":\"fr-FR\",\"@id\":\"https:\\\/\\\/www.escalade.pro\\\/news\\\/video-anna-stohr-jakob-schuber-bloc-cetait-demain-fontainebleau\\\/#primaryimage\",\"url\":\"https:\\\/\\\/www.escalade.pro\\\/news\\\/wp-content\\\/uploads\\\/2017\\\/06\\\/cetait-demain-bloc-fontainebleau.jpg\",\"contentUrl\":\"https:\\\/\\\/www.escalade.pro\\\/news\\\/wp-content\\\/uploads\\\/2017\\\/06\\\/cetait-demain-bloc-fontainebleau.jpg\",\"width\":848,\"height\":475,\"caption\":\"video bloc fontainebleau stohr schubert\"},{\"@type\":\"BreadcrumbList\",\"@id\":\"https:\\\/\\\/www.escalade.pro\\\/news\\\/video-anna-stohr-jakob-schuber-bloc-cetait-demain-fontainebleau\\\/#breadcrumb\",\"itemListElement\":[{\"@type\":\"ListItem\",\"position\":1,\"name\":\"Accueil\",\"item\":\"https:\\\/\\\/www.escalade.pro\\\/news\\\/\"},{\"@type\":\"ListItem\",\"position\":2,\"name\":\"Vid\u00e9o: Anna St\u00f6hr et Jakob Schubert dans le premier 8a bloc \u00ab\u00a0C&rsquo;etait demain\u00a0\u00bb\"}]},{\"@type\":\"WebSite\",\"@id\":\"https:\\\/\\\/www.escalade.pro\\\/news\\\/#website\",\"url\":\"https:\\\/\\\/www.escalade.pro\\\/news\\\/\",\"name\":\"L&#039;Arqu\u00e9e Libre - Fred Vionnet entraineur\\\/moniteur escalade\",\"description\":\"Coaching et entrainement escalade. Buoux, C\u00e9\u00fcse et Fontainebleau.\",\"publisher\":{\"@id\":\"https:\\\/\\\/www.escalade.pro\\\/news\\\/#organization\"},\"potentialAction\":[{\"@type\":\"SearchAction\",\"target\":{\"@type\":\"EntryPoint\",\"urlTemplate\":\"https:\\\/\\\/www.escalade.pro\\\/news\\\/?s={search_term_string}\"},\"query-input\":{\"@type\":\"PropertyValueSpecification\",\"valueRequired\":true,\"valueName\":\"search_term_string\"}}],\"inLanguage\":\"fr-FR\"},{\"@type\":\"Organization\",\"@id\":\"https:\\\/\\\/www.escalade.pro\\\/news\\\/#organization\",\"name\":\"L&#039;Arqu\u00e9e Libre - Fred Vionnet entraineur\\\/moniteur escalade\",\"url\":\"https:\\\/\\\/www.escalade.pro\\\/news\\\/\",\"logo\":{\"@type\":\"ImageObject\",\"inLanguage\":\"fr-FR\",\"@id\":\"https:\\\/\\\/www.escalade.pro\\\/news\\\/#\\\/schema\\\/logo\\\/image\\\/\",\"url\":\"https:\\\/\\\/www.escalade.pro\\\/news\\\/wp-content\\\/uploads\\\/2026\\\/04\\\/logo-wp-AL-avril-2026-1.jpg\",\"contentUrl\":\"https:\\\/\\\/www.escalade.pro\\\/news\\\/wp-content\\\/uploads\\\/2026\\\/04\\\/logo-wp-AL-avril-2026-1.jpg\",\"width\":1955,\"height\":902,\"caption\":\"L&#039;Arqu\u00e9e Libre - Fred Vionnet entraineur\\\/moniteur escalade\"},\"image\":{\"@id\":\"https:\\\/\\\/www.escalade.pro\\\/news\\\/#\\\/schema\\\/logo\\\/image\\\/\"},\"sameAs\":[\"https:\\\/\\\/www.facebook.com\\\/grimpisme\\\/\",\"https:\\\/\\\/www.instagram.com\\\/grimpisme\\\/\",\"https:\\\/\\\/www.linkedin.com\\\/in\\\/fred-vionnet-6284b96a\\\/\",\"https:\\\/\\\/fr.pinterest.com\\\/grimpisme\\\/\",\"https:\\\/\\\/www.youtube.com\\\/@grimpisme\"]},{\"@type\":\"Person\",\"@id\":\"https:\\\/\\\/www.escalade.pro\\\/news\\\/#\\\/schema\\\/person\\\/e0e0520aa48cfda56ae5406c2fe2caeb\",\"name\":\"Fred Vionnet\",\"image\":{\"@type\":\"ImageObject\",\"inLanguage\":\"fr-FR\",\"@id\":\"https:\\\/\\\/secure.gravatar.com\\\/avatar\\\/a2f6c5fc695da895033dcd95afaa6aeda795d5122ab3a22a03e24aab7f3d96a6?s=96&d=blank&r=g\",\"url\":\"https:\\\/\\\/secure.gravatar.com\\\/avatar\\\/a2f6c5fc695da895033dcd95afaa6aeda795d5122ab3a22a03e24aab7f3d96a6?s=96&d=blank&r=g\",\"contentUrl\":\"https:\\\/\\\/secure.gravatar.com\\\/avatar\\\/a2f6c5fc695da895033dcd95afaa6aeda795d5122ab3a22a03e24aab7f3d96a6?s=96&d=blank&r=g\",\"caption\":\"Fred Vionnet\"},\"description\":\"Coach escalade en Haute Savoie. Pas contre une grande voie non plus. Mais on va \u00e0 C\u00e9\u00fcse, Fontainebleau, Buoux ou encore les Gorges du Verdon quand vous voulez.\",\"sameAs\":[\"http:\\\/\\\/www.grimpisme.com\",\"https:\\\/\\\/www.facebook.com\\\/fredCaillouXvionnet\",\"https:\\\/\\\/www.linkedin.com\\\/profile\\\/preview?vpa=pub&locale=fr_FR\",\"https:\\\/\\\/fr.pinterest.com\\\/grimpisme\\\/\",\"https:\\\/\\\/www.youtube.com\\\/user\\\/grimpisme\",\"https:\\\/\\\/soundcloud.com\\\/fredvionnet\"],\"url\":\"https:\\\/\\\/www.escalade.pro\\\/news\\\/author\\\/fred\\\/\"}]}<\/script>\n<!-- \/ Yoast SEO plugin. -->","yoast_head_json":{"title":"Vid\u00e9o: Anna St\u00f6hr et Jakob Schubert dans le premier 8a bloc \"C'etait demain\" &#8211; L&#039;Arqu\u00e9e Libre - Fred Vionnet entraineur\/moniteur escalade","robots":{"index":"index","follow":"follow","max-snippet":"max-snippet:-1","max-image-preview":"max-image-preview:large","max-video-preview":"max-video-preview:-1"},"canonical":"https:\/\/www.escalade.pro\/news\/video-anna-stohr-jakob-schuber-bloc-cetait-demain-fontainebleau\/","og_locale":"fr_FR","og_type":"article","og_title":"Vid\u00e9o: Anna St\u00f6hr et Jakob Schubert dans le premier 8a bloc \"C'etait demain\" &#8211; L&#039;Arqu\u00e9e Libre - Fred Vionnet entraineur\/moniteur escalade","og_description":"Anna St\u00f6hr et Jakob Schubert essayent les 2 mouvements du premier 8a bloc de l'histoire \"C'etait demain\", ouvert \u00e0 Fontainebleau en 1984 par Jacky Godoffe.","og_url":"https:\/\/www.escalade.pro\/news\/video-anna-stohr-jakob-schuber-bloc-cetait-demain-fontainebleau\/","og_site_name":"L&#039;Arqu\u00e9e Libre - Fred Vionnet entraineur\/moniteur escalade","article_publisher":"https:\/\/www.facebook.com\/grimpisme\/","article_author":"https:\/\/www.facebook.com\/fredCaillouXvionnet","article_published_time":"2017-06-27T10:05:46+00:00","og_image":[{"width":848,"height":475,"url":"https:\/\/www.escalade.pro\/news\/wp-content\/uploads\/2017\/06\/cetait-demain-bloc-fontainebleau.jpg","type":"image\/jpeg"}],"author":"Fred Vionnet","twitter_card":"summary_large_image","twitter_misc":{"\u00c9crit par":"Fred Vionnet"},"schema":{"@context":"https:\/\/schema.org","@graph":[{"@type":"Article","@id":"https:\/\/www.escalade.pro\/news\/video-anna-stohr-jakob-schuber-bloc-cetait-demain-fontainebleau\/#article","isPartOf":{"@id":"https:\/\/www.escalade.pro\/news\/video-anna-stohr-jakob-schuber-bloc-cetait-demain-fontainebleau\/"},"author":{"name":"Fred Vionnet","@id":"https:\/\/www.escalade.pro\/news\/#\/schema\/person\/e0e0520aa48cfda56ae5406c2fe2caeb"},"headline":"Vid\u00e9o: Anna St\u00f6hr et Jakob Schubert dans le premier 8a bloc \u00ab\u00a0C&rsquo;etait demain\u00a0\u00bb","datePublished":"2017-06-27T10:05:46+00:00","mainEntityOfPage":{"@id":"https:\/\/www.escalade.pro\/news\/video-anna-stohr-jakob-schuber-bloc-cetait-demain-fontainebleau\/"},"wordCount":66,"commentCount":0,"publisher":{"@id":"https:\/\/www.escalade.pro\/news\/#organization"},"image":{"@id":"https:\/\/www.escalade.pro\/news\/video-anna-stohr-jakob-schuber-bloc-cetait-demain-fontainebleau\/#primaryimage"},"thumbnailUrl":"https:\/\/www.escalade.pro\/news\/wp-content\/uploads\/2017\/06\/cetait-demain-bloc-fontainebleau.jpg","articleSection":["Escalade","Vid\u00e9os"],"inLanguage":"fr-FR","potentialAction":[{"@type":"CommentAction","name":"Comment","target":["https:\/\/www.escalade.pro\/news\/video-anna-stohr-jakob-schuber-bloc-cetait-demain-fontainebleau\/#respond"]}]},{"@type":"WebPage","@id":"https:\/\/www.escalade.pro\/news\/video-anna-stohr-jakob-schuber-bloc-cetait-demain-fontainebleau\/","url":"https:\/\/www.escalade.pro\/news\/video-anna-stohr-jakob-schuber-bloc-cetait-demain-fontainebleau\/","name":"Vid\u00e9o: Anna St\u00f6hr et Jakob Schubert dans le premier 8a bloc \"C'etait demain\" &#8211; L&#039;Arqu\u00e9e Libre - Fred Vionnet entraineur\/moniteur escalade","isPartOf":{"@id":"https:\/\/www.escalade.pro\/news\/#website"},"primaryImageOfPage":{"@id":"https:\/\/www.escalade.pro\/news\/video-anna-stohr-jakob-schuber-bloc-cetait-demain-fontainebleau\/#primaryimage"},"image":{"@id":"https:\/\/www.escalade.pro\/news\/video-anna-stohr-jakob-schuber-bloc-cetait-demain-fontainebleau\/#primaryimage"},"thumbnailUrl":"https:\/\/www.escalade.pro\/news\/wp-content\/uploads\/2017\/06\/cetait-demain-bloc-fontainebleau.jpg","datePublished":"2017-06-27T10:05:46+00:00","breadcrumb":{"@id":"https:\/\/www.escalade.pro\/news\/video-anna-stohr-jakob-schuber-bloc-cetait-demain-fontainebleau\/#breadcrumb"},"inLanguage":"fr-FR","potentialAction":[{"@type":"ReadAction","target":["https:\/\/www.escalade.pro\/news\/video-anna-stohr-jakob-schuber-bloc-cetait-demain-fontainebleau\/"]}]},{"@type":"ImageObject","inLanguage":"fr-FR","@id":"https:\/\/www.escalade.pro\/news\/video-anna-stohr-jakob-schuber-bloc-cetait-demain-fontainebleau\/#primaryimage","url":"https:\/\/www.escalade.pro\/news\/wp-content\/uploads\/2017\/06\/cetait-demain-bloc-fontainebleau.jpg","contentUrl":"https:\/\/www.escalade.pro\/news\/wp-content\/uploads\/2017\/06\/cetait-demain-bloc-fontainebleau.jpg","width":848,"height":475,"caption":"video bloc fontainebleau stohr schubert"},{"@type":"BreadcrumbList","@id":"https:\/\/www.escalade.pro\/news\/video-anna-stohr-jakob-schuber-bloc-cetait-demain-fontainebleau\/#breadcrumb","itemListElement":[{"@type":"ListItem","position":1,"name":"Accueil","item":"https:\/\/www.escalade.pro\/news\/"},{"@type":"ListItem","position":2,"name":"Vid\u00e9o: Anna St\u00f6hr et Jakob Schubert dans le premier 8a bloc \u00ab\u00a0C&rsquo;etait demain\u00a0\u00bb"}]},{"@type":"WebSite","@id":"https:\/\/www.escalade.pro\/news\/#website","url":"https:\/\/www.escalade.pro\/news\/","name":"L&#039;Arqu\u00e9e Libre - Fred Vionnet entraineur\/moniteur escalade","description":"Coaching et entrainement escalade. Buoux, C\u00e9\u00fcse et Fontainebleau.","publisher":{"@id":"https:\/\/www.escalade.pro\/news\/#organization"},"potentialAction":[{"@type":"SearchAction","target":{"@type":"EntryPoint","urlTemplate":"https:\/\/www.escalade.pro\/news\/?s={search_term_string}"},"query-input":{"@type":"PropertyValueSpecification","valueRequired":true,"valueName":"search_term_string"}}],"inLanguage":"fr-FR"},{"@type":"Organization","@id":"https:\/\/www.escalade.pro\/news\/#organization","name":"L&#039;Arqu\u00e9e Libre - Fred Vionnet entraineur\/moniteur escalade","url":"https:\/\/www.escalade.pro\/news\/","logo":{"@type":"ImageObject","inLanguage":"fr-FR","@id":"https:\/\/www.escalade.pro\/news\/#\/schema\/logo\/image\/","url":"https:\/\/www.escalade.pro\/news\/wp-content\/uploads\/2026\/04\/logo-wp-AL-avril-2026-1.jpg","contentUrl":"https:\/\/www.escalade.pro\/news\/wp-content\/uploads\/2026\/04\/logo-wp-AL-avril-2026-1.jpg","width":1955,"height":902,"caption":"L&#039;Arqu\u00e9e Libre - Fred Vionnet entraineur\/moniteur escalade"},"image":{"@id":"https:\/\/www.escalade.pro\/news\/#\/schema\/logo\/image\/"},"sameAs":["https:\/\/www.facebook.com\/grimpisme\/","https:\/\/www.instagram.com\/grimpisme\/","https:\/\/www.linkedin.com\/in\/fred-vionnet-6284b96a\/","https:\/\/fr.pinterest.com\/grimpisme\/","https:\/\/www.youtube.com\/@grimpisme"]},{"@type":"Person","@id":"https:\/\/www.escalade.pro\/news\/#\/schema\/person\/e0e0520aa48cfda56ae5406c2fe2caeb","name":"Fred Vionnet","image":{"@type":"ImageObject","inLanguage":"fr-FR","@id":"https:\/\/secure.gravatar.com\/avatar\/a2f6c5fc695da895033dcd95afaa6aeda795d5122ab3a22a03e24aab7f3d96a6?s=96&d=blank&r=g","url":"https:\/\/secure.gravatar.com\/avatar\/a2f6c5fc695da895033dcd95afaa6aeda795d5122ab3a22a03e24aab7f3d96a6?s=96&d=blank&r=g","contentUrl":"https:\/\/secure.gravatar.com\/avatar\/a2f6c5fc695da895033dcd95afaa6aeda795d5122ab3a22a03e24aab7f3d96a6?s=96&d=blank&r=g","caption":"Fred Vionnet"},"description":"Coach escalade en Haute Savoie. Pas contre une grande voie non plus. Mais on va \u00e0 C\u00e9\u00fcse, Fontainebleau, Buoux ou encore les Gorges du Verdon quand vous voulez.","sameAs":["http:\/\/www.grimpisme.com","https:\/\/www.facebook.com\/fredCaillouXvionnet","https:\/\/www.linkedin.com\/profile\/preview?vpa=pub&locale=fr_FR","https:\/\/fr.pinterest.com\/grimpisme\/","https:\/\/www.youtube.com\/user\/grimpisme","https:\/\/soundcloud.com\/fredvionnet"],"url":"https:\/\/www.escalade.pro\/news\/author\/fred\/"}]}},"jetpack_publicize_connections":[],"jetpack_featured_media_url":"https:\/\/www.escalade.pro\/news\/wp-content\/uploads\/2017\/06\/cetait-demain-bloc-fontainebleau.jpg","jetpack_sharing_enabled":true,"jetpack_shortlink":"https:\/\/wp.me\/p68Rw6-3Oi","jetpack-related-posts":[{"id":5212,"url":"https:\/\/www.escalade.pro\/news\/championnat-europe-bloc-2015-en-live\/","url_meta":{"origin":14650,"position":0},"title":"Finales du Championnat d&rsquo;Europe de bloc 2015 en live!","author":"Fred Vionnet","date":"16 mai 2015","format":false,"excerpt":"Les finales du championnats d'Europe de bloc 2015 \u00e0 Innsbruck avec Fanny Gibert pour repr\u00e9senter la France. La liste des 7 grimpeuses finalistes (dont 3 autrichiennes avec l'inoxydable Anna Stohr)! Juliane Wurm ALL (championne du monde en titre) Anna Stohr AUT Katharina Saurwein AUT Jessica Pilz AUT Monica Retschy ALL\u2026","rel":"","context":"Dans &quot;Escalade&quot;","block_context":{"text":"Escalade","link":"https:\/\/www.escalade.pro\/news\/category\/escalade\/"},"img":{"alt_text":"","src":"","width":0,"height":0},"classes":[]},{"id":2173,"url":"https:\/\/www.escalade.pro\/news\/video-anna-stohr-rose-vampire-buoux\/","url_meta":{"origin":14650,"position":1},"title":"Video: Anna St\u00f6hr in la Rose et le Vampire (8b, Buoux)Vid\u00e9o: Anna St\u00f6hr dans la Rose et le Vampire (8b, Buoux)","author":"Fred Vionnet","date":"12 juin 2014","format":false,"excerpt":"Mammut continue de nous faire visiter des voies mythiques qui ont marqu\u00e9 l'histoire de l'escalade. Anna St\u00f6hr encha\u00eene la Rose et le Vampire \u00e0 Buoux, en grimpant aussi bien que durant les multiples comp\u00e9titions de bloc qu'elle a remport\u00e9es. Cette voie reste un 8b de r\u00e9f\u00e9rence en force\/r\u00e9si, avec des\u2026","rel":"","context":"Dans &quot;Escalade&quot;","block_context":{"text":"Escalade","link":"https:\/\/www.escalade.pro\/news\/category\/escalade\/"},"img":{"alt_text":"","src":"","width":0,"height":0},"classes":[]},{"id":8362,"url":"https:\/\/www.escalade.pro\/news\/coupe-monde-bloc-2016-finales-meiringen-live\/","url_meta":{"origin":14650,"position":2},"title":"Coupe du Monde Bloc 2016, finales Meiringen live","author":"Fred Vionnet","date":"16 avril 2016","format":false,"excerpt":"La Coupe du Monde de Bloc version 2016 reprend ce weekend \u00e0 Meiringen (Suisse). Les finales sont disponibles en live ci-dessous d\u00e8s 18h40. Chez les filles nous avons 2 fran\u00e7aises en finale avec la championne de France Cl\u00e9mentine Kaiser et Melissa Le N\u00e9v\u00e9. Janja Garnbret a survol\u00e9 les demi-finales, va-t-elle\u2026","rel":"","context":"Dans &quot;Escalade&quot;","block_context":{"text":"Escalade","link":"https:\/\/www.escalade.pro\/news\/category\/escalade\/"},"img":{"alt_text":"Meiringen bloc finale femmes","src":"https:\/\/i0.wp.com\/www.escalade.pro\/news\/wp-content\/uploads\/2016\/04\/Meiringen_femmes-300x120.jpg?resize=350%2C200","width":350,"height":200},"classes":[]},{"id":13205,"url":"https:\/\/www.escalade.pro\/news\/bloc-bugeleisen-sit-jakob-schubert\/","url_meta":{"origin":14650,"position":3},"title":"Vid\u00e9o: Jakob Schubert dans \u00ab\u00a0B\u00fcgeleisen Sit\u00a0\u00bb 8c","author":"Fred Vionnet","date":"26 novembre 2016","format":false,"excerpt":"Voici enfin la vid\u00e9o de Jakob Schubert dans \"B\u00fcgeleisen Sit\", un bloc autrichien en 8c dont il a r\u00e9alis\u00e9 la deuxi\u00e8me ascension en avril 2015. Ce bloc mythique et magnifique a \u00e9t\u00e9 ouvert en 2001 par Klem Loskot avec un d\u00e9part debout pour une cotation en 8b+, avant que Nalle\u2026","rel":"","context":"Dans &quot;Escalade&quot;","block_context":{"text":"Escalade","link":"https:\/\/www.escalade.pro\/news\/category\/escalade\/"},"img":{"alt_text":"","src":"https:\/\/i0.wp.com\/www.escalade.pro\/news\/wp-content\/uploads\/2016\/11\/Capture-d%E2%80%99e%CC%81cran-2016-11-24-a%CC%80-22.10.01.png?resize=350%2C200&ssl=1","width":350,"height":200,"srcset":"https:\/\/i0.wp.com\/www.escalade.pro\/news\/wp-content\/uploads\/2016\/11\/Capture-d%E2%80%99e%CC%81cran-2016-11-24-a%CC%80-22.10.01.png?resize=350%2C200&ssl=1 1x, https:\/\/i0.wp.com\/www.escalade.pro\/news\/wp-content\/uploads\/2016\/11\/Capture-d%E2%80%99e%CC%81cran-2016-11-24-a%CC%80-22.10.01.png?resize=525%2C300&ssl=1 1.5x, https:\/\/i0.wp.com\/www.escalade.pro\/news\/wp-content\/uploads\/2016\/11\/Capture-d%E2%80%99e%CC%81cran-2016-11-24-a%CC%80-22.10.01.png?resize=700%2C400&ssl=1 2x"},"classes":[]},{"id":11912,"url":"https:\/\/www.escalade.pro\/news\/coupe-monde-bloc-vail-2016\/","url_meta":{"origin":14650,"position":4},"title":"Le run de Rustam \u00e0 Vail","author":"Fred Vionnet","date":"16 juin 2016","format":false,"excerpt":"Cette finale de l'avant derni\u00e8re \u00e9preuve de la Coupe du Monde de bloc 2016, organis\u00e9e \u00e0 Vail (USA), fut superbe, avec des blocs magnifiques \u00e0 la difficult\u00e9 bien dos\u00e9e o\u00f9 les finalistes se sont donn\u00e9s \u00e0 fond. Chez les filles Megan Mascarenas gagne de nouveau \u00e0 domicile devant Shauna Coxsey,\u2026","rel":"","context":"Dans &quot;Escalade&quot;","block_context":{"text":"Escalade","link":"https:\/\/www.escalade.pro\/news\/category\/escalade\/"},"img":{"alt_text":"rustam gelmanov vail","src":"https:\/\/i0.wp.com\/www.escalade.pro\/news\/wp-content\/uploads\/2016\/06\/rustam_vail.jpg?resize=350%2C200","width":350,"height":200},"classes":[]},{"id":5973,"url":"https:\/\/www.escalade.pro\/news\/video-bloc-comparatif-femmes-innsbruck-toronto-vail-udini\/","url_meta":{"origin":14650,"position":5},"title":"Vid\u00e9o bloc: comparatif femmes Innsbruck, Toronto et Vail par Udini","author":"Fred Vionnet","date":"10 ao\u00fbt 2015","format":false,"excerpt":"Une fois de plus l'objectif et l\u2019\u0153il de l\u2019entra\u00eeneur Udini metent en avant la beaut\u00e9 et l\u2019exigence des comp\u00e9titions de bloc internationales. Ici avec Juliane Wurm, Alex Puccio, Margo Hayes, Megan Mascarenas, Miho Nonaka, Moni Retschy, Shauna Coxsey et Anna St\u00f6hr, lors du Championnat d'Europe d'Innsbruck et des Coupes du\u2026","rel":"","context":"Dans &quot;Escalade&quot;","block_context":{"text":"Escalade","link":"https:\/\/www.escalade.pro\/news\/category\/escalade\/"},"img":{"alt_text":"","src":"","width":0,"height":0},"classes":[]}],"_links":{"self":[{"href":"https:\/\/www.escalade.pro\/news\/wp-json\/wp\/v2\/posts\/14650","targetHints":{"allow":["GET"]}}],"collection":[{"href":"https:\/\/www.escalade.pro\/news\/wp-json\/wp\/v2\/posts"}],"about":[{"href":"https:\/\/www.escalade.pro\/news\/wp-json\/wp\/v2\/types\/post"}],"author":[{"embeddable":true,"href":"https:\/\/www.escalade.pro\/news\/wp-json\/wp\/v2\/users\/1"}],"replies":[{"embeddable":true,"href":"https:\/\/www.escalade.pro\/news\/wp-json\/wp\/v2\/comments?post=14650"}],"version-history":[{"count":2,"href":"https:\/\/www.escalade.pro\/news\/wp-json\/wp\/v2\/posts\/14650\/revisions"}],"predecessor-version":[{"id":14653,"href":"https:\/\/www.escalade.pro\/news\/wp-json\/wp\/v2\/posts\/14650\/revisions\/14653"}],"wp:featuredmedia":[{"embeddable":true,"href":"https:\/\/www.escalade.pro\/news\/wp-json\/wp\/v2\/media\/14652"}],"wp:attachment":[{"href":"https:\/\/www.escalade.pro\/news\/wp-json\/wp\/v2\/media?parent=14650"}],"wp:term":[{"taxonomy":"category","embeddable":true,"href":"https:\/\/www.escalade.pro\/news\/wp-json\/wp\/v2\/categories?post=14650"},{"taxonomy":"post_tag","embeddable":true,"href":"https:\/\/www.escalade.pro\/news\/wp-json\/wp\/v2\/tags?post=14650"}],"curies":[{"name":"wp","href":"https:\/\/api.w.org\/{rel}","templated":true}]}}