{"id":14312,"date":"2017-05-09T17:18:26","date_gmt":"2017-05-09T16:18:26","guid":{"rendered":"https:\/\/www.escalade.pro\/news\/?p=14312"},"modified":"2018-11-30T09:01:44","modified_gmt":"2018-11-30T08:01:44","slug":"ski-rando-cheval-blanc-emosson","status":"publish","type":"post","link":"https:\/\/www.escalade.pro\/news\/ski-rando-cheval-blanc-emosson\/","title":{"rendered":"Ski de rando: Cheval Blanc depuis Emosson"},"content":{"rendered":"<p><a href=\"https:\/\/www.escalade.pro\/news\/wp-content\/uploads\/2017\/05\/P1100272-2.jpg\"><img loading=\"lazy\" decoding=\"async\" class=\"aligncenter wp-image-14313 size-medium\" src=\"https:\/\/www.escalade.pro\/news\/wp-content\/uploads\/2017\/05\/P1100272-2-300x225.jpg\" alt=\"ski rando cheval blanc emosson\" width=\"300\" height=\"225\" srcset=\"https:\/\/www.escalade.pro\/news\/wp-content\/uploads\/2017\/05\/P1100272-2-300x225.jpg 300w, https:\/\/www.escalade.pro\/news\/wp-content\/uploads\/2017\/05\/P1100272-2-768x576.jpg 768w, https:\/\/www.escalade.pro\/news\/wp-content\/uploads\/2017\/05\/P1100272-2-600x450.jpg 600w, https:\/\/www.escalade.pro\/news\/wp-content\/uploads\/2017\/05\/P1100272-2.jpg 800w\" sizes=\"auto, (max-width: 300px) 100vw, 300px\" \/><\/a><\/p>\n<p>Allez c&rsquo;\u00e9tait probablement la derni\u00e8re glissade de ce mauvais hiver 2017, mais il fallait bien faire <strong>la rituelle ballade sur Emosson, la route ayant ouvert samedi. L&rsquo;enneigement n&rsquo;est \u00e9videmment pas \u00e9norme, les talus orient\u00e9s au sud se d\u00e9neigent tr\u00e8s vite et le torrent est d\u00e9j\u00e0 visible \u00e0 la sortie de la Gorge de la Veudale. Nous avons pu skier du bon velours \u00e0 peine lourd au Cheval Blanc, un r\u00e9gal, avec un panorama toujours aussi splendide de ce sommet que j&rsquo;aime beaucoup.<\/strong><br \/>\n Maintenant place au rocher!<\/p>\n<p><u>Les conditions sur Camptocamp:<\/u><br \/>\n <a href=\"https:\/\/www.camptocamp.org\/outings\/882732\/fr\/cheval-blanc-depuis-emosson\" target=\"_blank\" rel=\"noopener\">www.camptocamp.org\/outings\/882732\/fr\/cheval-blanc-depuis-emosson<\/a><\/p>\nngg_shortcode_0_placeholder\n","protected":false},"excerpt":{"rendered":"<p> L\u2019enneigement n\u2019est \u00e9videmment pas \u00e9norme, les talus orient\u00e9s au sud se d\u00e9neigent tr\u00e8s vite et le torrent est d\u00e9j\u00e0 visible \u00e0 la sortie de la Gorge de la Veudale. Nous avons pu skier du bon velours \u00e0 peine lourd au Cheval Blanc, un r\u00e9gal, avec un panorama toujours aussi splendide de ce sommet que j\u2019aime beaucoup.<\/p>\n","protected":false},"author":1,"featured_media":14313,"comment_status":"open","ping_status":"open","sticky":false,"template":"","format":"standard","meta":{"colormag_page_container_layout":"default_layout","colormag_page_sidebar_layout":"default_layout","_monsterinsights_skip_tracking":false,"_monsterinsights_sitenote_active":false,"_monsterinsights_sitenote_note":"","_monsterinsights_sitenote_category":0,"ngg_post_thumbnail":0,"jetpack_post_was_ever_published":false,"_jetpack_newsletter_access":"","_jetpack_dont_email_post_to_subs":false,"_jetpack_newsletter_tier_id":0,"_jetpack_memberships_contains_paywalled_content":false,"_jetpack_memberships_contains_paid_content":false,"footnotes":"","jetpack_publicize_message":"","jetpack_publicize_feature_enabled":true,"jetpack_social_post_already_shared":true,"jetpack_social_options":{"image_generator_settings":{"template":"highway","default_image_id":0,"font":"","enabled":false},"version":2}},"categories":[58,8],"tags":[],"class_list":["post-14312","post","type-post","status-publish","format-standard","has-post-thumbnail","hentry","category-mes-sorties","category-ski-freeride"],"yoast_head":"<!-- This site is optimized with the Yoast SEO plugin v27.4 - https:\/\/yoast.com\/product\/yoast-seo-wordpress\/ -->\n<title>Ski de rando: Cheval Blanc depuis Emosson &#8211; L&#039;Arqu\u00e9e Libre - Fred Vionnet entraineur\/moniteur escalade<\/title>\n<meta name=\"robots\" content=\"index, follow, max-snippet:-1, max-image-preview:large, max-video-preview:-1\" \/>\n<link rel=\"canonical\" href=\"https:\/\/www.escalade.pro\/news\/ski-rando-cheval-blanc-emosson\/\" \/>\n<meta property=\"og:locale\" content=\"fr_FR\" \/>\n<meta property=\"og:type\" content=\"article\" \/>\n<meta property=\"og:title\" content=\"Ski de rando: Cheval Blanc depuis Emosson &#8211; L&#039;Arqu\u00e9e Libre - Fred Vionnet entraineur\/moniteur escalade\" \/>\n<meta property=\"og:description\" content=\"L\u2019enneigement n\u2019est \u00e9videmment pas \u00e9norme, les talus orient\u00e9s au sud se d\u00e9neigent tr\u00e8s vite et le torrent est d\u00e9j\u00e0 visible \u00e0 la sortie de la Gorge de la Veudale. Nous avons pu skier du bon velours \u00e0 peine lourd au Cheval Blanc, un r\u00e9gal, avec un panorama toujours aussi splendide de ce sommet que j\u2019aime beaucoup.\" \/>\n<meta property=\"og:url\" content=\"https:\/\/www.escalade.pro\/news\/ski-rando-cheval-blanc-emosson\/\" \/>\n<meta property=\"og:site_name\" content=\"L&#039;Arqu\u00e9e Libre - Fred Vionnet entraineur\/moniteur escalade\" \/>\n<meta property=\"article:publisher\" content=\"https:\/\/www.facebook.com\/grimpisme\/\" \/>\n<meta property=\"article:author\" content=\"https:\/\/www.facebook.com\/fredCaillouXvionnet\" \/>\n<meta property=\"article:published_time\" content=\"2017-05-09T16:18:26+00:00\" \/>\n<meta property=\"article:modified_time\" content=\"2018-11-30T08:01:44+00:00\" \/>\n<meta property=\"og:image\" content=\"https:\/\/www.escalade.pro\/news\/wp-content\/uploads\/2017\/05\/P1100272-2.jpg\" \/>\n\t<meta property=\"og:image:width\" content=\"800\" \/>\n\t<meta property=\"og:image:height\" content=\"600\" \/>\n\t<meta property=\"og:image:type\" content=\"image\/jpeg\" \/>\n<meta name=\"author\" content=\"Fred Vionnet\" \/>\n<meta name=\"twitter:card\" content=\"summary_large_image\" \/>\n<meta name=\"twitter:label1\" content=\"\u00c9crit par\" \/>\n\t<meta name=\"twitter:data1\" content=\"Fred Vionnet\" \/>\n\t<meta name=\"twitter:label2\" content=\"Dur\u00e9e de lecture estim\u00e9e\" \/>\n\t<meta name=\"twitter:data2\" content=\"1 minute\" \/>\n<script type=\"application\/ld+json\" class=\"yoast-schema-graph\">{\"@context\":\"https:\\\/\\\/schema.org\",\"@graph\":[{\"@type\":\"Article\",\"@id\":\"https:\\\/\\\/www.escalade.pro\\\/news\\\/ski-rando-cheval-blanc-emosson\\\/#article\",\"isPartOf\":{\"@id\":\"https:\\\/\\\/www.escalade.pro\\\/news\\\/ski-rando-cheval-blanc-emosson\\\/\"},\"author\":{\"name\":\"Fred Vionnet\",\"@id\":\"https:\\\/\\\/www.escalade.pro\\\/news\\\/#\\\/schema\\\/person\\\/e0e0520aa48cfda56ae5406c2fe2caeb\"},\"headline\":\"Ski de rando: Cheval Blanc depuis Emosson\",\"datePublished\":\"2017-05-09T16:18:26+00:00\",\"dateModified\":\"2018-11-30T08:01:44+00:00\",\"mainEntityOfPage\":{\"@id\":\"https:\\\/\\\/www.escalade.pro\\\/news\\\/ski-rando-cheval-blanc-emosson\\\/\"},\"wordCount\":109,\"commentCount\":0,\"publisher\":{\"@id\":\"https:\\\/\\\/www.escalade.pro\\\/news\\\/#organization\"},\"image\":{\"@id\":\"https:\\\/\\\/www.escalade.pro\\\/news\\\/ski-rando-cheval-blanc-emosson\\\/#primaryimage\"},\"thumbnailUrl\":\"https:\\\/\\\/www.escalade.pro\\\/news\\\/wp-content\\\/uploads\\\/2017\\\/05\\\/P1100272-2.jpg\",\"articleSection\":[\"Mes sorties - retours d'exp\u00e9rience\",\"Ski de rando et freeride\"],\"inLanguage\":\"fr-FR\",\"potentialAction\":[{\"@type\":\"CommentAction\",\"name\":\"Comment\",\"target\":[\"https:\\\/\\\/www.escalade.pro\\\/news\\\/ski-rando-cheval-blanc-emosson\\\/#respond\"]}]},{\"@type\":\"WebPage\",\"@id\":\"https:\\\/\\\/www.escalade.pro\\\/news\\\/ski-rando-cheval-blanc-emosson\\\/\",\"url\":\"https:\\\/\\\/www.escalade.pro\\\/news\\\/ski-rando-cheval-blanc-emosson\\\/\",\"name\":\"Ski de rando: Cheval Blanc depuis Emosson &#8211; L&#039;Arqu\u00e9e Libre - Fred Vionnet entraineur\\\/moniteur escalade\",\"isPartOf\":{\"@id\":\"https:\\\/\\\/www.escalade.pro\\\/news\\\/#website\"},\"primaryImageOfPage\":{\"@id\":\"https:\\\/\\\/www.escalade.pro\\\/news\\\/ski-rando-cheval-blanc-emosson\\\/#primaryimage\"},\"image\":{\"@id\":\"https:\\\/\\\/www.escalade.pro\\\/news\\\/ski-rando-cheval-blanc-emosson\\\/#primaryimage\"},\"thumbnailUrl\":\"https:\\\/\\\/www.escalade.pro\\\/news\\\/wp-content\\\/uploads\\\/2017\\\/05\\\/P1100272-2.jpg\",\"datePublished\":\"2017-05-09T16:18:26+00:00\",\"dateModified\":\"2018-11-30T08:01:44+00:00\",\"breadcrumb\":{\"@id\":\"https:\\\/\\\/www.escalade.pro\\\/news\\\/ski-rando-cheval-blanc-emosson\\\/#breadcrumb\"},\"inLanguage\":\"fr-FR\",\"potentialAction\":[{\"@type\":\"ReadAction\",\"target\":[\"https:\\\/\\\/www.escalade.pro\\\/news\\\/ski-rando-cheval-blanc-emosson\\\/\"]}]},{\"@type\":\"ImageObject\",\"inLanguage\":\"fr-FR\",\"@id\":\"https:\\\/\\\/www.escalade.pro\\\/news\\\/ski-rando-cheval-blanc-emosson\\\/#primaryimage\",\"url\":\"https:\\\/\\\/www.escalade.pro\\\/news\\\/wp-content\\\/uploads\\\/2017\\\/05\\\/P1100272-2.jpg\",\"contentUrl\":\"https:\\\/\\\/www.escalade.pro\\\/news\\\/wp-content\\\/uploads\\\/2017\\\/05\\\/P1100272-2.jpg\",\"width\":800,\"height\":600,\"caption\":\"ski rando cheval blanc emosson\"},{\"@type\":\"BreadcrumbList\",\"@id\":\"https:\\\/\\\/www.escalade.pro\\\/news\\\/ski-rando-cheval-blanc-emosson\\\/#breadcrumb\",\"itemListElement\":[{\"@type\":\"ListItem\",\"position\":1,\"name\":\"Accueil\",\"item\":\"https:\\\/\\\/www.escalade.pro\\\/news\\\/\"},{\"@type\":\"ListItem\",\"position\":2,\"name\":\"Ski de rando: Cheval Blanc depuis Emosson\"}]},{\"@type\":\"WebSite\",\"@id\":\"https:\\\/\\\/www.escalade.pro\\\/news\\\/#website\",\"url\":\"https:\\\/\\\/www.escalade.pro\\\/news\\\/\",\"name\":\"L&#039;Arqu\u00e9e Libre - Fred Vionnet entraineur\\\/moniteur escalade\",\"description\":\"Coaching et entrainement escalade. Buoux, C\u00e9\u00fcse et Fontainebleau.\",\"publisher\":{\"@id\":\"https:\\\/\\\/www.escalade.pro\\\/news\\\/#organization\"},\"potentialAction\":[{\"@type\":\"SearchAction\",\"target\":{\"@type\":\"EntryPoint\",\"urlTemplate\":\"https:\\\/\\\/www.escalade.pro\\\/news\\\/?s={search_term_string}\"},\"query-input\":{\"@type\":\"PropertyValueSpecification\",\"valueRequired\":true,\"valueName\":\"search_term_string\"}}],\"inLanguage\":\"fr-FR\"},{\"@type\":\"Organization\",\"@id\":\"https:\\\/\\\/www.escalade.pro\\\/news\\\/#organization\",\"name\":\"L&#039;Arqu\u00e9e Libre - Fred Vionnet entraineur\\\/moniteur escalade\",\"url\":\"https:\\\/\\\/www.escalade.pro\\\/news\\\/\",\"logo\":{\"@type\":\"ImageObject\",\"inLanguage\":\"fr-FR\",\"@id\":\"https:\\\/\\\/www.escalade.pro\\\/news\\\/#\\\/schema\\\/logo\\\/image\\\/\",\"url\":\"https:\\\/\\\/www.escalade.pro\\\/news\\\/wp-content\\\/uploads\\\/2026\\\/04\\\/logo-wp-AL-avril-2026-1.jpg\",\"contentUrl\":\"https:\\\/\\\/www.escalade.pro\\\/news\\\/wp-content\\\/uploads\\\/2026\\\/04\\\/logo-wp-AL-avril-2026-1.jpg\",\"width\":1955,\"height\":902,\"caption\":\"L&#039;Arqu\u00e9e Libre - Fred Vionnet entraineur\\\/moniteur escalade\"},\"image\":{\"@id\":\"https:\\\/\\\/www.escalade.pro\\\/news\\\/#\\\/schema\\\/logo\\\/image\\\/\"},\"sameAs\":[\"https:\\\/\\\/www.facebook.com\\\/grimpisme\\\/\",\"https:\\\/\\\/www.instagram.com\\\/grimpisme\\\/\",\"https:\\\/\\\/www.linkedin.com\\\/in\\\/fred-vionnet-6284b96a\\\/\",\"https:\\\/\\\/fr.pinterest.com\\\/grimpisme\\\/\",\"https:\\\/\\\/www.youtube.com\\\/@grimpisme\"]},{\"@type\":\"Person\",\"@id\":\"https:\\\/\\\/www.escalade.pro\\\/news\\\/#\\\/schema\\\/person\\\/e0e0520aa48cfda56ae5406c2fe2caeb\",\"name\":\"Fred Vionnet\",\"image\":{\"@type\":\"ImageObject\",\"inLanguage\":\"fr-FR\",\"@id\":\"https:\\\/\\\/secure.gravatar.com\\\/avatar\\\/a2f6c5fc695da895033dcd95afaa6aeda795d5122ab3a22a03e24aab7f3d96a6?s=96&d=blank&r=g\",\"url\":\"https:\\\/\\\/secure.gravatar.com\\\/avatar\\\/a2f6c5fc695da895033dcd95afaa6aeda795d5122ab3a22a03e24aab7f3d96a6?s=96&d=blank&r=g\",\"contentUrl\":\"https:\\\/\\\/secure.gravatar.com\\\/avatar\\\/a2f6c5fc695da895033dcd95afaa6aeda795d5122ab3a22a03e24aab7f3d96a6?s=96&d=blank&r=g\",\"caption\":\"Fred Vionnet\"},\"description\":\"Coach escalade en Haute Savoie. Pas contre une grande voie non plus. Mais on va \u00e0 C\u00e9\u00fcse, Fontainebleau, Buoux ou encore les Gorges du Verdon quand vous voulez.\",\"sameAs\":[\"http:\\\/\\\/www.grimpisme.com\",\"https:\\\/\\\/www.facebook.com\\\/fredCaillouXvionnet\",\"https:\\\/\\\/www.linkedin.com\\\/profile\\\/preview?vpa=pub&locale=fr_FR\",\"https:\\\/\\\/fr.pinterest.com\\\/grimpisme\\\/\",\"https:\\\/\\\/www.youtube.com\\\/user\\\/grimpisme\",\"https:\\\/\\\/soundcloud.com\\\/fredvionnet\"],\"url\":\"https:\\\/\\\/www.escalade.pro\\\/news\\\/author\\\/fred\\\/\"}]}<\/script>\n<!-- \/ Yoast SEO plugin. -->","yoast_head_json":{"title":"Ski de rando: Cheval Blanc depuis Emosson &#8211; L&#039;Arqu\u00e9e Libre - Fred Vionnet entraineur\/moniteur escalade","robots":{"index":"index","follow":"follow","max-snippet":"max-snippet:-1","max-image-preview":"max-image-preview:large","max-video-preview":"max-video-preview:-1"},"canonical":"https:\/\/www.escalade.pro\/news\/ski-rando-cheval-blanc-emosson\/","og_locale":"fr_FR","og_type":"article","og_title":"Ski de rando: Cheval Blanc depuis Emosson &#8211; L&#039;Arqu\u00e9e Libre - Fred Vionnet entraineur\/moniteur escalade","og_description":"L\u2019enneigement n\u2019est \u00e9videmment pas \u00e9norme, les talus orient\u00e9s au sud se d\u00e9neigent tr\u00e8s vite et le torrent est d\u00e9j\u00e0 visible \u00e0 la sortie de la Gorge de la Veudale. Nous avons pu skier du bon velours \u00e0 peine lourd au Cheval Blanc, un r\u00e9gal, avec un panorama toujours aussi splendide de ce sommet que j\u2019aime beaucoup.","og_url":"https:\/\/www.escalade.pro\/news\/ski-rando-cheval-blanc-emosson\/","og_site_name":"L&#039;Arqu\u00e9e Libre - Fred Vionnet entraineur\/moniteur escalade","article_publisher":"https:\/\/www.facebook.com\/grimpisme\/","article_author":"https:\/\/www.facebook.com\/fredCaillouXvionnet","article_published_time":"2017-05-09T16:18:26+00:00","article_modified_time":"2018-11-30T08:01:44+00:00","og_image":[{"width":800,"height":600,"url":"https:\/\/www.escalade.pro\/news\/wp-content\/uploads\/2017\/05\/P1100272-2.jpg","type":"image\/jpeg"}],"author":"Fred Vionnet","twitter_card":"summary_large_image","twitter_misc":{"\u00c9crit par":"Fred Vionnet","Dur\u00e9e de lecture estim\u00e9e":"1 minute"},"schema":{"@context":"https:\/\/schema.org","@graph":[{"@type":"Article","@id":"https:\/\/www.escalade.pro\/news\/ski-rando-cheval-blanc-emosson\/#article","isPartOf":{"@id":"https:\/\/www.escalade.pro\/news\/ski-rando-cheval-blanc-emosson\/"},"author":{"name":"Fred Vionnet","@id":"https:\/\/www.escalade.pro\/news\/#\/schema\/person\/e0e0520aa48cfda56ae5406c2fe2caeb"},"headline":"Ski de rando: Cheval Blanc depuis Emosson","datePublished":"2017-05-09T16:18:26+00:00","dateModified":"2018-11-30T08:01:44+00:00","mainEntityOfPage":{"@id":"https:\/\/www.escalade.pro\/news\/ski-rando-cheval-blanc-emosson\/"},"wordCount":109,"commentCount":0,"publisher":{"@id":"https:\/\/www.escalade.pro\/news\/#organization"},"image":{"@id":"https:\/\/www.escalade.pro\/news\/ski-rando-cheval-blanc-emosson\/#primaryimage"},"thumbnailUrl":"https:\/\/www.escalade.pro\/news\/wp-content\/uploads\/2017\/05\/P1100272-2.jpg","articleSection":["Mes sorties - retours d'exp\u00e9rience","Ski de rando et freeride"],"inLanguage":"fr-FR","potentialAction":[{"@type":"CommentAction","name":"Comment","target":["https:\/\/www.escalade.pro\/news\/ski-rando-cheval-blanc-emosson\/#respond"]}]},{"@type":"WebPage","@id":"https:\/\/www.escalade.pro\/news\/ski-rando-cheval-blanc-emosson\/","url":"https:\/\/www.escalade.pro\/news\/ski-rando-cheval-blanc-emosson\/","name":"Ski de rando: Cheval Blanc depuis Emosson &#8211; L&#039;Arqu\u00e9e Libre - Fred Vionnet entraineur\/moniteur escalade","isPartOf":{"@id":"https:\/\/www.escalade.pro\/news\/#website"},"primaryImageOfPage":{"@id":"https:\/\/www.escalade.pro\/news\/ski-rando-cheval-blanc-emosson\/#primaryimage"},"image":{"@id":"https:\/\/www.escalade.pro\/news\/ski-rando-cheval-blanc-emosson\/#primaryimage"},"thumbnailUrl":"https:\/\/www.escalade.pro\/news\/wp-content\/uploads\/2017\/05\/P1100272-2.jpg","datePublished":"2017-05-09T16:18:26+00:00","dateModified":"2018-11-30T08:01:44+00:00","breadcrumb":{"@id":"https:\/\/www.escalade.pro\/news\/ski-rando-cheval-blanc-emosson\/#breadcrumb"},"inLanguage":"fr-FR","potentialAction":[{"@type":"ReadAction","target":["https:\/\/www.escalade.pro\/news\/ski-rando-cheval-blanc-emosson\/"]}]},{"@type":"ImageObject","inLanguage":"fr-FR","@id":"https:\/\/www.escalade.pro\/news\/ski-rando-cheval-blanc-emosson\/#primaryimage","url":"https:\/\/www.escalade.pro\/news\/wp-content\/uploads\/2017\/05\/P1100272-2.jpg","contentUrl":"https:\/\/www.escalade.pro\/news\/wp-content\/uploads\/2017\/05\/P1100272-2.jpg","width":800,"height":600,"caption":"ski rando cheval blanc emosson"},{"@type":"BreadcrumbList","@id":"https:\/\/www.escalade.pro\/news\/ski-rando-cheval-blanc-emosson\/#breadcrumb","itemListElement":[{"@type":"ListItem","position":1,"name":"Accueil","item":"https:\/\/www.escalade.pro\/news\/"},{"@type":"ListItem","position":2,"name":"Ski de rando: Cheval Blanc depuis Emosson"}]},{"@type":"WebSite","@id":"https:\/\/www.escalade.pro\/news\/#website","url":"https:\/\/www.escalade.pro\/news\/","name":"L&#039;Arqu\u00e9e Libre - Fred Vionnet entraineur\/moniteur escalade","description":"Coaching et entrainement escalade. Buoux, C\u00e9\u00fcse et Fontainebleau.","publisher":{"@id":"https:\/\/www.escalade.pro\/news\/#organization"},"potentialAction":[{"@type":"SearchAction","target":{"@type":"EntryPoint","urlTemplate":"https:\/\/www.escalade.pro\/news\/?s={search_term_string}"},"query-input":{"@type":"PropertyValueSpecification","valueRequired":true,"valueName":"search_term_string"}}],"inLanguage":"fr-FR"},{"@type":"Organization","@id":"https:\/\/www.escalade.pro\/news\/#organization","name":"L&#039;Arqu\u00e9e Libre - Fred Vionnet entraineur\/moniteur escalade","url":"https:\/\/www.escalade.pro\/news\/","logo":{"@type":"ImageObject","inLanguage":"fr-FR","@id":"https:\/\/www.escalade.pro\/news\/#\/schema\/logo\/image\/","url":"https:\/\/www.escalade.pro\/news\/wp-content\/uploads\/2026\/04\/logo-wp-AL-avril-2026-1.jpg","contentUrl":"https:\/\/www.escalade.pro\/news\/wp-content\/uploads\/2026\/04\/logo-wp-AL-avril-2026-1.jpg","width":1955,"height":902,"caption":"L&#039;Arqu\u00e9e Libre - Fred Vionnet entraineur\/moniteur escalade"},"image":{"@id":"https:\/\/www.escalade.pro\/news\/#\/schema\/logo\/image\/"},"sameAs":["https:\/\/www.facebook.com\/grimpisme\/","https:\/\/www.instagram.com\/grimpisme\/","https:\/\/www.linkedin.com\/in\/fred-vionnet-6284b96a\/","https:\/\/fr.pinterest.com\/grimpisme\/","https:\/\/www.youtube.com\/@grimpisme"]},{"@type":"Person","@id":"https:\/\/www.escalade.pro\/news\/#\/schema\/person\/e0e0520aa48cfda56ae5406c2fe2caeb","name":"Fred Vionnet","image":{"@type":"ImageObject","inLanguage":"fr-FR","@id":"https:\/\/secure.gravatar.com\/avatar\/a2f6c5fc695da895033dcd95afaa6aeda795d5122ab3a22a03e24aab7f3d96a6?s=96&d=blank&r=g","url":"https:\/\/secure.gravatar.com\/avatar\/a2f6c5fc695da895033dcd95afaa6aeda795d5122ab3a22a03e24aab7f3d96a6?s=96&d=blank&r=g","contentUrl":"https:\/\/secure.gravatar.com\/avatar\/a2f6c5fc695da895033dcd95afaa6aeda795d5122ab3a22a03e24aab7f3d96a6?s=96&d=blank&r=g","caption":"Fred Vionnet"},"description":"Coach escalade en Haute Savoie. Pas contre une grande voie non plus. Mais on va \u00e0 C\u00e9\u00fcse, Fontainebleau, Buoux ou encore les Gorges du Verdon quand vous voulez.","sameAs":["http:\/\/www.grimpisme.com","https:\/\/www.facebook.com\/fredCaillouXvionnet","https:\/\/www.linkedin.com\/profile\/preview?vpa=pub&locale=fr_FR","https:\/\/fr.pinterest.com\/grimpisme\/","https:\/\/www.youtube.com\/user\/grimpisme","https:\/\/soundcloud.com\/fredvionnet"],"url":"https:\/\/www.escalade.pro\/news\/author\/fred\/"}]}},"jetpack_publicize_connections":[],"jetpack_featured_media_url":"https:\/\/www.escalade.pro\/news\/wp-content\/uploads\/2017\/05\/P1100272-2.jpg","jetpack_sharing_enabled":true,"jetpack_shortlink":"https:\/\/wp.me\/p68Rw6-3IQ","jetpack-related-posts":[{"id":11120,"url":"https:\/\/www.escalade.pro\/news\/ski-de-rando-pointe-terrasse-cheval-blanc\/","url_meta":{"origin":14312,"position":0},"title":"Ski de rando: Terrasse et Cheval Blanc, 16 mai 2016","author":"Fred Vionnet","date":"16 mai 2016","format":false,"excerpt":"Avec une poulie fragile, il est \u00e0 peu pr\u00eat autant impossible de faire de la falaise en Haute Savoie que regarder TF1 plus de 10 secondes sans s'\u00e9crier \"ils nous prennent vraiment pour des cons!\". Heureusement il reste encore beaucoup de neige en montagne, il fait frais, alors on se\u2026","rel":"","context":"Dans &quot;Ski de rando et freeride&quot;","block_context":{"text":"Ski de rando et freeride","link":"https:\/\/www.escalade.pro\/news\/category\/ski-freeride\/"},"img":{"alt_text":"buet face ouest tr\u00e9 les eaux","src":"https:\/\/i0.wp.com\/www.escalade.pro\/news\/wp-content\/uploads\/2016\/05\/P1080696-300x225.jpg?resize=350%2C200","width":350,"height":200},"classes":[]},{"id":5274,"url":"https:\/\/www.escalade.pro\/news\/pointe-terrasse-ski-salomon-mtn\/","url_meta":{"origin":14312,"position":1},"title":"Cure-dents et fourchettes \u00e0 fondue en Terrasse","author":"Fred Vionnet","date":"25 mai 2015","format":false,"excerpt":"La saison de ski de rando en moyenne montagne finit sa sordide agonie qui aurait dur\u00e9 plus longtemps que pr\u00e9vu gr\u00e2ce au retour du froid sur le mois de mai. Ca passe encore \u00e0 la Pointe de la Terrasse par Emosson mais il faut d\u00e9chausser deux fois sur le bas\u2026","rel":"","context":"Dans &quot;Ski de rando et freeride&quot;","block_context":{"text":"Ski de rando et freeride","link":"https:\/\/www.escalade.pro\/news\/category\/ski-freeride\/"},"img":{"alt_text":"Qui se cache dans la Br\u00e8che des Perrons?","src":"https:\/\/i0.wp.com\/www.escalade.pro\/news\/wp-content\/uploads\/2015\/05\/P1060599-300x225.jpg?resize=350%2C200","width":350,"height":200},"classes":[]},{"id":18336,"url":"https:\/\/www.escalade.pro\/news\/golden-pillar-veudale-emosson\/","url_meta":{"origin":14312,"position":2},"title":"Grand voie trad: \u00ab\u00a0Golden Pillar\u00a0\u00bb \u00e0 la Veudale (Emosson)","author":"Fred Vionnet","date":"2 ao\u00fbt 2019","format":"quote","excerpt":"Une belle grande voie en trad sur un granit de qualit\u00e9. Plein sud \u00e0 2300m, dans un cadre magnifique. Id\u00e9ale pour se perfectionner \u00e0 la pause de coinceurs.","rel":"","context":"Dans &quot;Alpinisme&quot;","block_context":{"text":"Alpinisme","link":"https:\/\/www.escalade.pro\/news\/category\/alpinisme\/"},"img":{"alt_text":"voie escalade golden pillar emosson","src":"https:\/\/i0.wp.com\/www.escalade.pro\/news\/wp-content\/uploads\/2019\/08\/P1010727.jpg?resize=350%2C200&ssl=1","width":350,"height":200,"srcset":"https:\/\/i0.wp.com\/www.escalade.pro\/news\/wp-content\/uploads\/2019\/08\/P1010727.jpg?resize=350%2C200&ssl=1 1x, https:\/\/i0.wp.com\/www.escalade.pro\/news\/wp-content\/uploads\/2019\/08\/P1010727.jpg?resize=525%2C300&ssl=1 1.5x, https:\/\/i0.wp.com\/www.escalade.pro\/news\/wp-content\/uploads\/2019\/08\/P1010727.jpg?resize=700%2C400&ssl=1 2x"},"classes":[]},{"id":5147,"url":"https:\/\/www.escalade.pro\/news\/bel-oiseau-versant-w-emosson\/","url_meta":{"origin":14312,"position":3},"title":"Bel Oiseau, versant W, Emosson","author":"Fred Vionnet","date":"10 mai 2015","format":false,"excerpt":"La route du barrage d\u2019Emosson a ouvert le samedi 9 mai, le traditionnel parcours printanier des gorges de la Veudale pour acc\u00e9der \u00e0 la Pointe de la Terrasse est tr\u00e8s fr\u00e9quent\u00e9 et semble en bonnes conditions (on chausse juste apr\u00e8s le barrage). Deux gars revenaient du Tenneverge mais avaient d\u00fb\u2026","rel":"","context":"Dans &quot;Escalade&quot;","block_context":{"text":"Escalade","link":"https:\/\/www.escalade.pro\/news\/category\/escalade\/"},"img":{"alt_text":"bel oiseau versant ouest emosson ski rando","src":"https:\/\/i0.wp.com\/www.escalade.pro\/news\/wp-content\/uploads\/2015\/05\/pano-2-300x121.jpg?resize=350%2C200","width":350,"height":200},"classes":[]},{"id":11240,"url":"https:\/\/www.escalade.pro\/news\/ski-dome-glacier-refuge-robert-blanc\/","url_meta":{"origin":14312,"position":4},"title":"Ski au D\u00f4me des Glaciers depuis le refuge Robert Blanc","author":"Fred Vionnet","date":"26 mai 2016","format":false,"excerpt":"Avec cet hiver qui pour notre plus grand bonheur s'est \u00e9ternis\u00e9 (pour les grincheux fallait sortir le short en d\u00e9cembre) et des grosses chutes de neige r\u00e9guli\u00e8res depuis la mi-avril, l'enneigement est tr\u00e8s bon en montagne pour une fin mai. Nous nous sommes gliss\u00e9s entre deux perturbations pour monter au\u2026","rel":"","context":"Dans &quot;News et actu&quot;","block_context":{"text":"News et actu","link":"https:\/\/www.escalade.pro\/news\/category\/news\/"},"img":{"alt_text":"ski dome glaciers refuge robert blanc","src":"https:\/\/i0.wp.com\/www.escalade.pro\/news\/wp-content\/uploads\/2016\/05\/P1080733-300x225.jpg?resize=350%2C200","width":350,"height":200},"classes":[]},{"id":13658,"url":"https:\/\/www.escalade.pro\/news\/conditions-ski-rando-dents-blanches-hautgiffre\/","url_meta":{"origin":14312,"position":5},"title":"Conditions ski de rando: Dents Blanches #hautgiffre","author":"Fred Vionnet","date":"13 f\u00e9vrier 2017","format":false,"excerpt":"Anthony \u00e9tait fin pr\u00eat pour la Dent Blanche, comme tout chamoniard parfaitement au point sur la g\u00e9ographie de la Yaute. Nous nous sommes content\u00e9s des Dents Blanches, moins hautes mais plus nombreuses et qui surtout subissent moins le foehn que le massif du Mont Blanc. Ce dernier atout est d'ailleurs\u2026","rel":"","context":"Dans &quot;Mes sorties - retours d'exp\u00e9rience&quot;","block_context":{"text":"Mes sorties - retours d'exp\u00e9rience","link":"https:\/\/www.escalade.pro\/news\/category\/mes-sorties\/"},"img":{"alt_text":"","src":"https:\/\/i0.wp.com\/www.escalade.pro\/news\/wp-content\/uploads\/2017\/02\/P1100087.jpg?resize=350%2C200&ssl=1","width":350,"height":200,"srcset":"https:\/\/i0.wp.com\/www.escalade.pro\/news\/wp-content\/uploads\/2017\/02\/P1100087.jpg?resize=350%2C200&ssl=1 1x, https:\/\/i0.wp.com\/www.escalade.pro\/news\/wp-content\/uploads\/2017\/02\/P1100087.jpg?resize=525%2C300&ssl=1 1.5x, https:\/\/i0.wp.com\/www.escalade.pro\/news\/wp-content\/uploads\/2017\/02\/P1100087.jpg?resize=700%2C400&ssl=1 2x"},"classes":[]}],"_links":{"self":[{"href":"https:\/\/www.escalade.pro\/news\/wp-json\/wp\/v2\/posts\/14312","targetHints":{"allow":["GET"]}}],"collection":[{"href":"https:\/\/www.escalade.pro\/news\/wp-json\/wp\/v2\/posts"}],"about":[{"href":"https:\/\/www.escalade.pro\/news\/wp-json\/wp\/v2\/types\/post"}],"author":[{"embeddable":true,"href":"https:\/\/www.escalade.pro\/news\/wp-json\/wp\/v2\/users\/1"}],"replies":[{"embeddable":true,"href":"https:\/\/www.escalade.pro\/news\/wp-json\/wp\/v2\/comments?post=14312"}],"version-history":[{"count":6,"href":"https:\/\/www.escalade.pro\/news\/wp-json\/wp\/v2\/posts\/14312\/revisions"}],"predecessor-version":[{"id":14550,"href":"https:\/\/www.escalade.pro\/news\/wp-json\/wp\/v2\/posts\/14312\/revisions\/14550"}],"wp:featuredmedia":[{"embeddable":true,"href":"https:\/\/www.escalade.pro\/news\/wp-json\/wp\/v2\/media\/14313"}],"wp:attachment":[{"href":"https:\/\/www.escalade.pro\/news\/wp-json\/wp\/v2\/media?parent=14312"}],"wp:term":[{"taxonomy":"category","embeddable":true,"href":"https:\/\/www.escalade.pro\/news\/wp-json\/wp\/v2\/categories?post=14312"},{"taxonomy":"post_tag","embeddable":true,"href":"https:\/\/www.escalade.pro\/news\/wp-json\/wp\/v2\/tags?post=14312"}],"curies":[{"name":"wp","href":"https:\/\/api.w.org\/{rel}","templated":true}]}}