{"id":14240,"date":"2017-05-16T15:09:22","date_gmt":"2017-05-16T14:09:22","guid":{"rendered":"https:\/\/www.escalade.pro\/news\/?p=14240"},"modified":"2018-10-15T18:41:57","modified_gmt":"2018-10-15T17:41:57","slug":"topo-blocs-saint-peray-valence","status":"publish","type":"post","link":"https:\/\/www.escalade.pro\/news\/topo-blocs-saint-peray-valence\/","title":{"rendered":"Topo des blocs de Saint Peray (Valence)"},"content":{"rendered":"<p><a href=\"https:\/\/www.escalade.pro\/news\/wp-content\/uploads\/2017\/05\/DSC_3429sans-titre.jpg\"><img loading=\"lazy\" decoding=\"async\" class=\"aligncenter wp-image-14346 size-medium\" src=\"https:\/\/www.escalade.pro\/news\/wp-content\/uploads\/2017\/05\/DSC_3429sans-titre-300x201.jpg\" alt=\"topo bloc escalade saint peray valence\" width=\"300\" height=\"201\" srcset=\"https:\/\/www.escalade.pro\/news\/wp-content\/uploads\/2017\/05\/DSC_3429sans-titre-300x201.jpg 300w, https:\/\/www.escalade.pro\/news\/wp-content\/uploads\/2017\/05\/DSC_3429sans-titre-768x514.jpg 768w, https:\/\/www.escalade.pro\/news\/wp-content\/uploads\/2017\/05\/DSC_3429sans-titre-600x401.jpg 600w, https:\/\/www.escalade.pro\/news\/wp-content\/uploads\/2017\/05\/DSC_3429sans-titre.jpg 800w\" sizes=\"auto, (max-width: 300px) 100vw, 300px\" \/><\/a><\/p>\n<p>Je vous propose le <strong>topo du spot de bloc de Saint Peray, \u00e0 proximit\u00e9 de Valence<\/strong>, que nous avons commenc\u00e9 \u00e0 d\u00e9velopper en 2015 avec les grimpeurs du VUC (Valence Universit\u00e9 Club) et quelques stapsiens. Comme quoi c&rsquo;est possible de faire du bloc \u00e0 Valence, il n&rsquo;y a pas que des falaises dans le coin!<br \/>\n <strong>Ce spot permet de pouvoir grimper facilement dehors apr\u00e8s le travail, pour une session de une ou deux heures. Il a \u00e9t\u00e9 ouvert dans esprit d&rsquo;une communaut\u00e9 locale, les cotations sont \u00e0 prendre avec des pincettes!<br \/>\n Actuellement une petite soixantaine passages sont ouverts, sur un granit bizarre \u00e0 gros grain mais poli.<br \/>\n Le propri\u00e9taire du terrain n&rsquo;est pas contre escalade, mais il faut respecter la propret\u00e9 des lieux.<\/strong><\/p>\n<p><u>Acc\u00e8s:<\/u><br \/>\n Depuis village de Saint P\u00e9ray, se rendre au Pont du Diable au dessus des Vignes de Beauregard. Se garer apr\u00e8s le pont \u00e0 droite. Les premiers blocs sont visibles de la route (3 minutes de marche).<\/p>\nngg_shortcode_0_placeholder\n<p>Un grand merci \u00e0 tous ceux qui aident, ont pu aider, ou aiderons \u00e0 prospecter, nettoyer et ouvrir les<br \/>\n passages.<\/p>\n<p><strong>Je remercie particuli\u00e8rement:<br \/>\n Loic Julien (pour les photos), Julien Duranton, Paul Nouri, Matthieu Rolland, Marin Fran\u00e7ois, Antoine Jego, Ma\u00eblle Jadoul, Maxime Le Morvan, Hugues Martin, Mathildes Roques, R\u00e9mi Gilotin, Julie Bellon, Tom Dumas, Hugo Morel, Gerald Torregrosa, Thomas Oriol (pour la F.A. de la premi\u00e8re ligne dure&nbsp;!), Arthur et Matthieu Ternant, le VUC pour les crash pads, et bien sur Jean-Michel Bensacq pour le tuyau sur le spot.<\/strong><\/p>\nngg_shortcode_1_placeholder\n","protected":false},"excerpt":{"rendered":"<p>Ce spot permet de pouvoir grimper facilement dehors apr\u00e8s le travail, pour une session de une ou deux heures. Il a \u00e9t\u00e9 ouvert dans esprit d\u2019une communaut\u00e9 locale&#8230;<\/p>\n","protected":false},"author":6,"featured_media":14346,"comment_status":"open","ping_status":"open","sticky":false,"template":"","format":"standard","meta":{"colormag_page_container_layout":"default_layout","colormag_page_sidebar_layout":"default_layout","_monsterinsights_skip_tracking":false,"_monsterinsights_sitenote_active":false,"_monsterinsights_sitenote_note":"","_monsterinsights_sitenote_category":0,"ngg_post_thumbnail":0,"jetpack_post_was_ever_published":false,"_jetpack_newsletter_access":"","_jetpack_dont_email_post_to_subs":false,"_jetpack_newsletter_tier_id":0,"_jetpack_memberships_contains_paywalled_content":false,"_jetpack_memberships_contains_paid_content":false,"footnotes":"","jetpack_publicize_message":"","jetpack_publicize_feature_enabled":true,"jetpack_social_post_already_shared":true,"jetpack_social_options":{"image_generator_settings":{"template":"highway","default_image_id":0,"font":"","enabled":false},"version":2}},"categories":[4,1],"tags":[],"class_list":["post-14240","post","type-post","status-publish","format-standard","has-post-thumbnail","hentry","category-escalade","category-news"],"yoast_head":"<!-- This site is optimized with the Yoast SEO plugin v27.4 - https:\/\/yoast.com\/product\/yoast-seo-wordpress\/ -->\n<title>Topo des blocs de Saint Peray (Valence) - Grimpisme<\/title>\n<meta name=\"description\" content=\"Ce spot de bloc de Saint Peray permet de pouvoir grimper facilement dehors apr\u00e8s le travail, pour une session de une ou deux heures.\" \/>\n<meta name=\"robots\" content=\"index, follow, max-snippet:-1, max-image-preview:large, max-video-preview:-1\" \/>\n<link rel=\"canonical\" href=\"https:\/\/www.escalade.pro\/news\/topo-blocs-saint-peray-valence\/\" \/>\n<meta property=\"og:locale\" content=\"fr_FR\" \/>\n<meta property=\"og:type\" content=\"article\" \/>\n<meta property=\"og:title\" content=\"Topo des blocs de Saint Peray (Valence) - Grimpisme\" \/>\n<meta property=\"og:description\" content=\"Ce spot de bloc de Saint Peray permet de pouvoir grimper facilement dehors apr\u00e8s le travail, pour une session de une ou deux heures.\" \/>\n<meta property=\"og:url\" content=\"https:\/\/www.escalade.pro\/news\/topo-blocs-saint-peray-valence\/\" \/>\n<meta property=\"og:site_name\" content=\"L&#039;Arqu\u00e9e Libre - Fred Vionnet entraineur\/moniteur escalade\" \/>\n<meta property=\"article:publisher\" content=\"https:\/\/www.facebook.com\/grimpisme\/\" \/>\n<meta property=\"article:published_time\" content=\"2017-05-16T14:09:22+00:00\" \/>\n<meta property=\"article:modified_time\" content=\"2018-10-15T17:41:57+00:00\" \/>\n<meta property=\"og:image\" content=\"https:\/\/www.escalade.pro\/news\/wp-content\/uploads\/2017\/05\/DSC_3429sans-titre.jpg\" \/>\n\t<meta property=\"og:image:width\" content=\"800\" \/>\n\t<meta property=\"og:image:height\" content=\"535\" \/>\n\t<meta property=\"og:image:type\" content=\"image\/jpeg\" \/>\n<meta name=\"author\" content=\"Jordi Puig\" \/>\n<meta name=\"twitter:card\" content=\"summary_large_image\" \/>\n<meta name=\"twitter:label1\" content=\"\u00c9crit par\" \/>\n\t<meta name=\"twitter:data1\" content=\"Jordi Puig\" \/>\n\t<meta name=\"twitter:label2\" content=\"Dur\u00e9e de lecture estim\u00e9e\" \/>\n\t<meta name=\"twitter:data2\" content=\"1 minute\" \/>\n<script type=\"application\/ld+json\" class=\"yoast-schema-graph\">{\"@context\":\"https:\\\/\\\/schema.org\",\"@graph\":[{\"@type\":\"Article\",\"@id\":\"https:\\\/\\\/www.escalade.pro\\\/news\\\/topo-blocs-saint-peray-valence\\\/#article\",\"isPartOf\":{\"@id\":\"https:\\\/\\\/www.escalade.pro\\\/news\\\/topo-blocs-saint-peray-valence\\\/\"},\"author\":{\"name\":\"Jordi Puig\",\"@id\":\"https:\\\/\\\/www.escalade.pro\\\/news\\\/#\\\/schema\\\/person\\\/6dbff900cfa7f5173c94041c2d7971b8\"},\"headline\":\"Topo des blocs de Saint Peray (Valence)\",\"datePublished\":\"2017-05-16T14:09:22+00:00\",\"dateModified\":\"2018-10-15T17:41:57+00:00\",\"mainEntityOfPage\":{\"@id\":\"https:\\\/\\\/www.escalade.pro\\\/news\\\/topo-blocs-saint-peray-valence\\\/\"},\"wordCount\":262,\"commentCount\":1,\"publisher\":{\"@id\":\"https:\\\/\\\/www.escalade.pro\\\/news\\\/#organization\"},\"image\":{\"@id\":\"https:\\\/\\\/www.escalade.pro\\\/news\\\/topo-blocs-saint-peray-valence\\\/#primaryimage\"},\"thumbnailUrl\":\"https:\\\/\\\/www.escalade.pro\\\/news\\\/wp-content\\\/uploads\\\/2017\\\/05\\\/DSC_3429sans-titre.jpg\",\"articleSection\":[\"Escalade\",\"News et actu\"],\"inLanguage\":\"fr-FR\",\"potentialAction\":[{\"@type\":\"CommentAction\",\"name\":\"Comment\",\"target\":[\"https:\\\/\\\/www.escalade.pro\\\/news\\\/topo-blocs-saint-peray-valence\\\/#respond\"]}]},{\"@type\":\"WebPage\",\"@id\":\"https:\\\/\\\/www.escalade.pro\\\/news\\\/topo-blocs-saint-peray-valence\\\/\",\"url\":\"https:\\\/\\\/www.escalade.pro\\\/news\\\/topo-blocs-saint-peray-valence\\\/\",\"name\":\"Topo des blocs de Saint Peray (Valence) - Grimpisme\",\"isPartOf\":{\"@id\":\"https:\\\/\\\/www.escalade.pro\\\/news\\\/#website\"},\"primaryImageOfPage\":{\"@id\":\"https:\\\/\\\/www.escalade.pro\\\/news\\\/topo-blocs-saint-peray-valence\\\/#primaryimage\"},\"image\":{\"@id\":\"https:\\\/\\\/www.escalade.pro\\\/news\\\/topo-blocs-saint-peray-valence\\\/#primaryimage\"},\"thumbnailUrl\":\"https:\\\/\\\/www.escalade.pro\\\/news\\\/wp-content\\\/uploads\\\/2017\\\/05\\\/DSC_3429sans-titre.jpg\",\"datePublished\":\"2017-05-16T14:09:22+00:00\",\"dateModified\":\"2018-10-15T17:41:57+00:00\",\"description\":\"Ce spot de bloc de Saint Peray permet de pouvoir grimper facilement dehors apr\u00e8s le travail, pour une session de une ou deux heures.\",\"breadcrumb\":{\"@id\":\"https:\\\/\\\/www.escalade.pro\\\/news\\\/topo-blocs-saint-peray-valence\\\/#breadcrumb\"},\"inLanguage\":\"fr-FR\",\"potentialAction\":[{\"@type\":\"ReadAction\",\"target\":[\"https:\\\/\\\/www.escalade.pro\\\/news\\\/topo-blocs-saint-peray-valence\\\/\"]}]},{\"@type\":\"ImageObject\",\"inLanguage\":\"fr-FR\",\"@id\":\"https:\\\/\\\/www.escalade.pro\\\/news\\\/topo-blocs-saint-peray-valence\\\/#primaryimage\",\"url\":\"https:\\\/\\\/www.escalade.pro\\\/news\\\/wp-content\\\/uploads\\\/2017\\\/05\\\/DSC_3429sans-titre.jpg\",\"contentUrl\":\"https:\\\/\\\/www.escalade.pro\\\/news\\\/wp-content\\\/uploads\\\/2017\\\/05\\\/DSC_3429sans-titre.jpg\",\"width\":800,\"height\":535,\"caption\":\"topo bloc escalade saint peray valence\"},{\"@type\":\"BreadcrumbList\",\"@id\":\"https:\\\/\\\/www.escalade.pro\\\/news\\\/topo-blocs-saint-peray-valence\\\/#breadcrumb\",\"itemListElement\":[{\"@type\":\"ListItem\",\"position\":1,\"name\":\"Accueil\",\"item\":\"https:\\\/\\\/www.escalade.pro\\\/news\\\/\"},{\"@type\":\"ListItem\",\"position\":2,\"name\":\"Topo des blocs de Saint Peray (Valence)\"}]},{\"@type\":\"WebSite\",\"@id\":\"https:\\\/\\\/www.escalade.pro\\\/news\\\/#website\",\"url\":\"https:\\\/\\\/www.escalade.pro\\\/news\\\/\",\"name\":\"L&#039;Arqu\u00e9e Libre - Fred Vionnet entraineur\\\/moniteur escalade\",\"description\":\"Coaching et entrainement escalade. Buoux, C\u00e9\u00fcse et Fontainebleau.\",\"publisher\":{\"@id\":\"https:\\\/\\\/www.escalade.pro\\\/news\\\/#organization\"},\"potentialAction\":[{\"@type\":\"SearchAction\",\"target\":{\"@type\":\"EntryPoint\",\"urlTemplate\":\"https:\\\/\\\/www.escalade.pro\\\/news\\\/?s={search_term_string}\"},\"query-input\":{\"@type\":\"PropertyValueSpecification\",\"valueRequired\":true,\"valueName\":\"search_term_string\"}}],\"inLanguage\":\"fr-FR\"},{\"@type\":\"Organization\",\"@id\":\"https:\\\/\\\/www.escalade.pro\\\/news\\\/#organization\",\"name\":\"L&#039;Arqu\u00e9e Libre - Fred Vionnet entraineur\\\/moniteur escalade\",\"url\":\"https:\\\/\\\/www.escalade.pro\\\/news\\\/\",\"logo\":{\"@type\":\"ImageObject\",\"inLanguage\":\"fr-FR\",\"@id\":\"https:\\\/\\\/www.escalade.pro\\\/news\\\/#\\\/schema\\\/logo\\\/image\\\/\",\"url\":\"https:\\\/\\\/www.escalade.pro\\\/news\\\/wp-content\\\/uploads\\\/2026\\\/04\\\/logo-wp-AL-avril-2026-1.jpg\",\"contentUrl\":\"https:\\\/\\\/www.escalade.pro\\\/news\\\/wp-content\\\/uploads\\\/2026\\\/04\\\/logo-wp-AL-avril-2026-1.jpg\",\"width\":1955,\"height\":902,\"caption\":\"L&#039;Arqu\u00e9e Libre - Fred Vionnet entraineur\\\/moniteur escalade\"},\"image\":{\"@id\":\"https:\\\/\\\/www.escalade.pro\\\/news\\\/#\\\/schema\\\/logo\\\/image\\\/\"},\"sameAs\":[\"https:\\\/\\\/www.facebook.com\\\/grimpisme\\\/\",\"https:\\\/\\\/www.instagram.com\\\/grimpisme\\\/\",\"https:\\\/\\\/www.linkedin.com\\\/in\\\/fred-vionnet-6284b96a\\\/\",\"https:\\\/\\\/fr.pinterest.com\\\/grimpisme\\\/\",\"https:\\\/\\\/www.youtube.com\\\/@grimpisme\"]},{\"@type\":\"Person\",\"@id\":\"https:\\\/\\\/www.escalade.pro\\\/news\\\/#\\\/schema\\\/person\\\/6dbff900cfa7f5173c94041c2d7971b8\",\"name\":\"Jordi Puig\",\"image\":{\"@type\":\"ImageObject\",\"inLanguage\":\"fr-FR\",\"@id\":\"https:\\\/\\\/secure.gravatar.com\\\/avatar\\\/aad6bca9ef85190390d12a5e7762511138b2abdc00e59715b725b3fcb521fd7c?s=96&d=blank&r=g\",\"url\":\"https:\\\/\\\/secure.gravatar.com\\\/avatar\\\/aad6bca9ef85190390d12a5e7762511138b2abdc00e59715b725b3fcb521fd7c?s=96&d=blank&r=g\",\"contentUrl\":\"https:\\\/\\\/secure.gravatar.com\\\/avatar\\\/aad6bca9ef85190390d12a5e7762511138b2abdc00e59715b725b3fcb521fd7c?s=96&d=blank&r=g\",\"caption\":\"Jordi Puig\"},\"description\":\"Moniteur d'escalade, entraineur...bloqueur et expert en brosses!\",\"sameAs\":[\"http:\\\/\\\/www.grimpisme.com\"],\"url\":\"https:\\\/\\\/www.escalade.pro\\\/news\\\/author\\\/jordi\\\/\"}]}<\/script>\n<!-- \/ Yoast SEO plugin. -->","yoast_head_json":{"title":"Topo des blocs de Saint Peray (Valence) - Grimpisme","description":"Ce spot de bloc de Saint Peray permet de pouvoir grimper facilement dehors apr\u00e8s le travail, pour une session de une ou deux heures.","robots":{"index":"index","follow":"follow","max-snippet":"max-snippet:-1","max-image-preview":"max-image-preview:large","max-video-preview":"max-video-preview:-1"},"canonical":"https:\/\/www.escalade.pro\/news\/topo-blocs-saint-peray-valence\/","og_locale":"fr_FR","og_type":"article","og_title":"Topo des blocs de Saint Peray (Valence) - Grimpisme","og_description":"Ce spot de bloc de Saint Peray permet de pouvoir grimper facilement dehors apr\u00e8s le travail, pour une session de une ou deux heures.","og_url":"https:\/\/www.escalade.pro\/news\/topo-blocs-saint-peray-valence\/","og_site_name":"L&#039;Arqu\u00e9e Libre - Fred Vionnet entraineur\/moniteur escalade","article_publisher":"https:\/\/www.facebook.com\/grimpisme\/","article_published_time":"2017-05-16T14:09:22+00:00","article_modified_time":"2018-10-15T17:41:57+00:00","og_image":[{"width":800,"height":535,"url":"https:\/\/www.escalade.pro\/news\/wp-content\/uploads\/2017\/05\/DSC_3429sans-titre.jpg","type":"image\/jpeg"}],"author":"Jordi Puig","twitter_card":"summary_large_image","twitter_misc":{"\u00c9crit par":"Jordi Puig","Dur\u00e9e de lecture estim\u00e9e":"1 minute"},"schema":{"@context":"https:\/\/schema.org","@graph":[{"@type":"Article","@id":"https:\/\/www.escalade.pro\/news\/topo-blocs-saint-peray-valence\/#article","isPartOf":{"@id":"https:\/\/www.escalade.pro\/news\/topo-blocs-saint-peray-valence\/"},"author":{"name":"Jordi Puig","@id":"https:\/\/www.escalade.pro\/news\/#\/schema\/person\/6dbff900cfa7f5173c94041c2d7971b8"},"headline":"Topo des blocs de Saint Peray (Valence)","datePublished":"2017-05-16T14:09:22+00:00","dateModified":"2018-10-15T17:41:57+00:00","mainEntityOfPage":{"@id":"https:\/\/www.escalade.pro\/news\/topo-blocs-saint-peray-valence\/"},"wordCount":262,"commentCount":1,"publisher":{"@id":"https:\/\/www.escalade.pro\/news\/#organization"},"image":{"@id":"https:\/\/www.escalade.pro\/news\/topo-blocs-saint-peray-valence\/#primaryimage"},"thumbnailUrl":"https:\/\/www.escalade.pro\/news\/wp-content\/uploads\/2017\/05\/DSC_3429sans-titre.jpg","articleSection":["Escalade","News et actu"],"inLanguage":"fr-FR","potentialAction":[{"@type":"CommentAction","name":"Comment","target":["https:\/\/www.escalade.pro\/news\/topo-blocs-saint-peray-valence\/#respond"]}]},{"@type":"WebPage","@id":"https:\/\/www.escalade.pro\/news\/topo-blocs-saint-peray-valence\/","url":"https:\/\/www.escalade.pro\/news\/topo-blocs-saint-peray-valence\/","name":"Topo des blocs de Saint Peray (Valence) - Grimpisme","isPartOf":{"@id":"https:\/\/www.escalade.pro\/news\/#website"},"primaryImageOfPage":{"@id":"https:\/\/www.escalade.pro\/news\/topo-blocs-saint-peray-valence\/#primaryimage"},"image":{"@id":"https:\/\/www.escalade.pro\/news\/topo-blocs-saint-peray-valence\/#primaryimage"},"thumbnailUrl":"https:\/\/www.escalade.pro\/news\/wp-content\/uploads\/2017\/05\/DSC_3429sans-titre.jpg","datePublished":"2017-05-16T14:09:22+00:00","dateModified":"2018-10-15T17:41:57+00:00","description":"Ce spot de bloc de Saint Peray permet de pouvoir grimper facilement dehors apr\u00e8s le travail, pour une session de une ou deux heures.","breadcrumb":{"@id":"https:\/\/www.escalade.pro\/news\/topo-blocs-saint-peray-valence\/#breadcrumb"},"inLanguage":"fr-FR","potentialAction":[{"@type":"ReadAction","target":["https:\/\/www.escalade.pro\/news\/topo-blocs-saint-peray-valence\/"]}]},{"@type":"ImageObject","inLanguage":"fr-FR","@id":"https:\/\/www.escalade.pro\/news\/topo-blocs-saint-peray-valence\/#primaryimage","url":"https:\/\/www.escalade.pro\/news\/wp-content\/uploads\/2017\/05\/DSC_3429sans-titre.jpg","contentUrl":"https:\/\/www.escalade.pro\/news\/wp-content\/uploads\/2017\/05\/DSC_3429sans-titre.jpg","width":800,"height":535,"caption":"topo bloc escalade saint peray valence"},{"@type":"BreadcrumbList","@id":"https:\/\/www.escalade.pro\/news\/topo-blocs-saint-peray-valence\/#breadcrumb","itemListElement":[{"@type":"ListItem","position":1,"name":"Accueil","item":"https:\/\/www.escalade.pro\/news\/"},{"@type":"ListItem","position":2,"name":"Topo des blocs de Saint Peray (Valence)"}]},{"@type":"WebSite","@id":"https:\/\/www.escalade.pro\/news\/#website","url":"https:\/\/www.escalade.pro\/news\/","name":"L&#039;Arqu\u00e9e Libre - Fred Vionnet entraineur\/moniteur escalade","description":"Coaching et entrainement escalade. Buoux, C\u00e9\u00fcse et Fontainebleau.","publisher":{"@id":"https:\/\/www.escalade.pro\/news\/#organization"},"potentialAction":[{"@type":"SearchAction","target":{"@type":"EntryPoint","urlTemplate":"https:\/\/www.escalade.pro\/news\/?s={search_term_string}"},"query-input":{"@type":"PropertyValueSpecification","valueRequired":true,"valueName":"search_term_string"}}],"inLanguage":"fr-FR"},{"@type":"Organization","@id":"https:\/\/www.escalade.pro\/news\/#organization","name":"L&#039;Arqu\u00e9e Libre - Fred Vionnet entraineur\/moniteur escalade","url":"https:\/\/www.escalade.pro\/news\/","logo":{"@type":"ImageObject","inLanguage":"fr-FR","@id":"https:\/\/www.escalade.pro\/news\/#\/schema\/logo\/image\/","url":"https:\/\/www.escalade.pro\/news\/wp-content\/uploads\/2026\/04\/logo-wp-AL-avril-2026-1.jpg","contentUrl":"https:\/\/www.escalade.pro\/news\/wp-content\/uploads\/2026\/04\/logo-wp-AL-avril-2026-1.jpg","width":1955,"height":902,"caption":"L&#039;Arqu\u00e9e Libre - Fred Vionnet entraineur\/moniteur escalade"},"image":{"@id":"https:\/\/www.escalade.pro\/news\/#\/schema\/logo\/image\/"},"sameAs":["https:\/\/www.facebook.com\/grimpisme\/","https:\/\/www.instagram.com\/grimpisme\/","https:\/\/www.linkedin.com\/in\/fred-vionnet-6284b96a\/","https:\/\/fr.pinterest.com\/grimpisme\/","https:\/\/www.youtube.com\/@grimpisme"]},{"@type":"Person","@id":"https:\/\/www.escalade.pro\/news\/#\/schema\/person\/6dbff900cfa7f5173c94041c2d7971b8","name":"Jordi Puig","image":{"@type":"ImageObject","inLanguage":"fr-FR","@id":"https:\/\/secure.gravatar.com\/avatar\/aad6bca9ef85190390d12a5e7762511138b2abdc00e59715b725b3fcb521fd7c?s=96&d=blank&r=g","url":"https:\/\/secure.gravatar.com\/avatar\/aad6bca9ef85190390d12a5e7762511138b2abdc00e59715b725b3fcb521fd7c?s=96&d=blank&r=g","contentUrl":"https:\/\/secure.gravatar.com\/avatar\/aad6bca9ef85190390d12a5e7762511138b2abdc00e59715b725b3fcb521fd7c?s=96&d=blank&r=g","caption":"Jordi Puig"},"description":"Moniteur d'escalade, entraineur...bloqueur et expert en brosses!","sameAs":["http:\/\/www.grimpisme.com"],"url":"https:\/\/www.escalade.pro\/news\/author\/jordi\/"}]}},"jetpack_publicize_connections":[],"jetpack_featured_media_url":"https:\/\/www.escalade.pro\/news\/wp-content\/uploads\/2017\/05\/DSC_3429sans-titre.jpg","jetpack_sharing_enabled":true,"jetpack_shortlink":"https:\/\/wp.me\/p68Rw6-3HG","jetpack-related-posts":[{"id":8497,"url":"https:\/\/www.escalade.pro\/news\/topo-mont-blanc-granite\/","url_meta":{"origin":14240,"position":0},"title":"Le nouveau topo \u00ab\u00a0Mont-Blanc GRANITE\u00a0\u00bb est disponible!","author":"Fred Vionnet","date":"29 avril 2016","format":false,"excerpt":"Voil\u00e0 je l'ai! Depuis notre passage au refuge d'Argenti\u00e8re (voir cette news du 23 ao\u00fbt 2015) o\u00f9 B\u00e9a et Fred nous en avaient parl\u00e9, j'attendais impatiemment la sortie de ce topo des voies d'escalade sur le granit du bassin d'Argenti\u00e8re. Je reviens juste du bureau de JMEditions (www.jmeditions.fr) o\u00f9 Fran\u00e7ois\u2026","rel":"","context":"Dans &quot;Alpinisme&quot;","block_context":{"text":"Alpinisme","link":"https:\/\/www.escalade.pro\/news\/category\/alpinisme\/"},"img":{"alt_text":"topo mont blanc granite couverture","src":"https:\/\/i0.wp.com\/www.escalade.pro\/news\/wp-content\/uploads\/2016\/04\/couv-montblanc_granite.jpg?resize=350%2C200","width":350,"height":200},"classes":[]},{"id":23843,"url":"https:\/\/www.escalade.pro\/news\/entrainer-salle-bloc-pour-rocher\/","url_meta":{"origin":14240,"position":1},"title":"Comment s\u2019entrainer en salle de bloc pour le rocher?","author":"Fred Vionnet","date":"20 octobre 2023","format":false,"excerpt":"Des conseils pour utiliser au mieux votre salle de bloc habituelle afin de vous pr\u00e9parer \u00e0 la (vraie) grimpe sur le rocher.","rel":"","context":"Dans &quot;A la une&quot;","block_context":{"text":"A la une","link":"https:\/\/www.escalade.pro\/news\/category\/highlitghs\/"},"img":{"alt_text":"pan entrainement escalade","src":"https:\/\/i0.wp.com\/www.escalade.pro\/news\/wp-content\/uploads\/2023\/10\/pan-topo.jpeg?resize=350%2C200&ssl=1","width":350,"height":200,"srcset":"https:\/\/i0.wp.com\/www.escalade.pro\/news\/wp-content\/uploads\/2023\/10\/pan-topo.jpeg?resize=350%2C200&ssl=1 1x, https:\/\/i0.wp.com\/www.escalade.pro\/news\/wp-content\/uploads\/2023\/10\/pan-topo.jpeg?resize=525%2C300&ssl=1 1.5x, https:\/\/i0.wp.com\/www.escalade.pro\/news\/wp-content\/uploads\/2023\/10\/pan-topo.jpeg?resize=700%2C400&ssl=1 2x, https:\/\/i0.wp.com\/www.escalade.pro\/news\/wp-content\/uploads\/2023\/10\/pan-topo.jpeg?resize=1050%2C600&ssl=1 3x, https:\/\/i0.wp.com\/www.escalade.pro\/news\/wp-content\/uploads\/2023\/10\/pan-topo.jpeg?resize=1400%2C800&ssl=1 4x"},"classes":[]},{"id":21964,"url":"https:\/\/www.escalade.pro\/news\/bloc-bouldering-lake-district\/","url_meta":{"origin":14240,"position":2},"title":"Notre trip bloc au Lake District (Angleterre)","author":"Fred Vionnet","date":"16 ao\u00fbt 2022","format":false,"excerpt":"Un retour sur nos 2 semaines pass\u00e9es sur les blocs du Lake District (Angleterre). C'\u00e9tait vraiment top cool.","rel":"","context":"Dans &quot;Escalade&quot;","block_context":{"text":"Escalade","link":"https:\/\/www.escalade.pro\/news\/category\/escalade\/"},"img":{"alt_text":"bloc bouldering escalade cimbing saint bees lake district","src":"https:\/\/i0.wp.com\/www.escalade.pro\/news\/wp-content\/uploads\/2022\/08\/P1030644.jpg?resize=350%2C200&ssl=1","width":350,"height":200,"srcset":"https:\/\/i0.wp.com\/www.escalade.pro\/news\/wp-content\/uploads\/2022\/08\/P1030644.jpg?resize=350%2C200&ssl=1 1x, https:\/\/i0.wp.com\/www.escalade.pro\/news\/wp-content\/uploads\/2022\/08\/P1030644.jpg?resize=525%2C300&ssl=1 1.5x, https:\/\/i0.wp.com\/www.escalade.pro\/news\/wp-content\/uploads\/2022\/08\/P1030644.jpg?resize=700%2C400&ssl=1 2x, https:\/\/i0.wp.com\/www.escalade.pro\/news\/wp-content\/uploads\/2022\/08\/P1030644.jpg?resize=1050%2C600&ssl=1 3x, https:\/\/i0.wp.com\/www.escalade.pro\/news\/wp-content\/uploads\/2022\/08\/P1030644.jpg?resize=1400%2C800&ssl=1 4x"},"classes":[]},{"id":17074,"url":"https:\/\/www.escalade.pro\/news\/dans-le-doute-bloc-saint-peray\/","url_meta":{"origin":14240,"position":3},"title":"\u00ab\u00a0Dans le Doute\u00a0\u00bb, anecdote d\u2019une vie d\u2019ouvreur","author":"Jordi Puig","date":"15 octobre 2018","format":false,"excerpt":"Apr\u00e8s peu de tentatives je me retrouvais au sommet de ce bloc, trois mouvements dans les doigts et un sourire niais sur les l\u00e8vres. Ce f\u00fbt un effort intense et facile en m\u00eame temps, une difficult\u00e9 abordable me semblait-il.","rel":"","context":"Dans &quot;Escalade&quot;","block_context":{"text":"Escalade","link":"https:\/\/www.escalade.pro\/news\/category\/escalade\/"},"img":{"alt_text":"escalade bloc saint peray","src":"https:\/\/i0.wp.com\/www.escalade.pro\/news\/wp-content\/uploads\/2018\/10\/j-p-dans-le-doute-1.jpg?resize=350%2C200&ssl=1","width":350,"height":200,"srcset":"https:\/\/i0.wp.com\/www.escalade.pro\/news\/wp-content\/uploads\/2018\/10\/j-p-dans-le-doute-1.jpg?resize=350%2C200&ssl=1 1x, https:\/\/i0.wp.com\/www.escalade.pro\/news\/wp-content\/uploads\/2018\/10\/j-p-dans-le-doute-1.jpg?resize=525%2C300&ssl=1 1.5x, https:\/\/i0.wp.com\/www.escalade.pro\/news\/wp-content\/uploads\/2018\/10\/j-p-dans-le-doute-1.jpg?resize=700%2C400&ssl=1 2x"},"classes":[]},{"id":17576,"url":"https:\/\/www.escalade.pro\/news\/application-meditation-smartphone\/","url_meta":{"origin":14240,"position":4},"title":"Une application pour g\u00e9rer le stress&#8230; et mieux grimper?","author":"Fred Vionnet","date":"25 f\u00e9vrier 2019","format":false,"excerpt":"Alors \u00e0 la question de savoir si une application smartphone d'aide \u00e0 la respiration m\u00e9ditative permet de mieux grimper, je dirais oui. Les techniques de respiration d\u00e9velopp\u00e9es permettent d'atteindre un \u00e9tat de concentration propice \u00e0 une grimpe lib\u00e9r\u00e9e sans peur, doutes et h\u00e9sitations.","rel":"","context":"Dans &quot;Conseils entrainement escalade&quot;","block_context":{"text":"Conseils entrainement escalade","link":"https:\/\/www.escalade.pro\/news\/category\/entrainement-escalade\/"},"img":{"alt_text":"respiration escalade","src":"https:\/\/i0.wp.com\/www.escalade.pro\/news\/wp-content\/uploads\/2019\/02\/respiration-escalade.jpg?resize=350%2C200&ssl=1","width":350,"height":200,"srcset":"https:\/\/i0.wp.com\/www.escalade.pro\/news\/wp-content\/uploads\/2019\/02\/respiration-escalade.jpg?resize=350%2C200&ssl=1 1x, https:\/\/i0.wp.com\/www.escalade.pro\/news\/wp-content\/uploads\/2019\/02\/respiration-escalade.jpg?resize=525%2C300&ssl=1 1.5x"},"classes":[]},{"id":11094,"url":"https:\/\/www.escalade.pro\/news\/coupe-du-monde-de-bloc-de-mumbai-resultat-et-resume\/","url_meta":{"origin":14240,"position":5},"title":"Coupe du Monde de bloc de Mumbai: r\u00e9sultats et r\u00e9sum\u00e9","author":"Fred Vionnet","date":"18 mai 2016","format":false,"excerpt":"Vous \u00e9tiez peut \u00eatre en train de grimper dimanche apr\u00e8s-midi et vous n'avez pas pu regarder le direct de la finale de l'\u00e9preuve de Coupe du Monde de bloc \u00e0 Mumbai. Le streaming complet est toujours disponible en suivant ce lien, donc vous avez bien fait! Cette premi\u00e8re comp\u00e9tition internationale\u2026","rel":"","context":"Dans &quot;Escalade&quot;","block_context":{"text":"Escalade","link":"https:\/\/www.escalade.pro\/news\/category\/escalade\/"},"img":{"alt_text":"result_femme_mumbai","src":"https:\/\/i0.wp.com\/www.escalade.pro\/news\/wp-content\/uploads\/2016\/05\/result_femme_mumbai-300x129.jpg?resize=350%2C200","width":350,"height":200},"classes":[]}],"_links":{"self":[{"href":"https:\/\/www.escalade.pro\/news\/wp-json\/wp\/v2\/posts\/14240","targetHints":{"allow":["GET"]}}],"collection":[{"href":"https:\/\/www.escalade.pro\/news\/wp-json\/wp\/v2\/posts"}],"about":[{"href":"https:\/\/www.escalade.pro\/news\/wp-json\/wp\/v2\/types\/post"}],"author":[{"embeddable":true,"href":"https:\/\/www.escalade.pro\/news\/wp-json\/wp\/v2\/users\/6"}],"replies":[{"embeddable":true,"href":"https:\/\/www.escalade.pro\/news\/wp-json\/wp\/v2\/comments?post=14240"}],"version-history":[{"count":27,"href":"https:\/\/www.escalade.pro\/news\/wp-json\/wp\/v2\/posts\/14240\/revisions"}],"predecessor-version":[{"id":17085,"href":"https:\/\/www.escalade.pro\/news\/wp-json\/wp\/v2\/posts\/14240\/revisions\/17085"}],"wp:featuredmedia":[{"embeddable":true,"href":"https:\/\/www.escalade.pro\/news\/wp-json\/wp\/v2\/media\/14346"}],"wp:attachment":[{"href":"https:\/\/www.escalade.pro\/news\/wp-json\/wp\/v2\/media?parent=14240"}],"wp:term":[{"taxonomy":"category","embeddable":true,"href":"https:\/\/www.escalade.pro\/news\/wp-json\/wp\/v2\/categories?post=14240"},{"taxonomy":"post_tag","embeddable":true,"href":"https:\/\/www.escalade.pro\/news\/wp-json\/wp\/v2\/tags?post=14240"}],"curies":[{"name":"wp","href":"https:\/\/api.w.org\/{rel}","templated":true}]}}