{"id":13581,"date":"2017-01-30T18:35:40","date_gmt":"2017-01-30T17:35:40","guid":{"rendered":"https:\/\/www.escalade.pro\/news\/?p=13581"},"modified":"2018-11-30T09:03:47","modified_gmt":"2018-11-30T08:03:47","slug":"pointe-anterne-janvier2017","status":"publish","type":"post","link":"https:\/\/www.escalade.pro\/news\/pointe-anterne-janvier2017\/","title":{"rendered":"Pointe d&rsquo;Anterne, toujours un bon plan"},"content":{"rendered":"<p><img loading=\"lazy\" decoding=\"async\" src=\"https:\/\/www.escalade.pro\/news\/wp-content\/uploads\/2017\/01\/P1100036-300x225.jpg\" alt=\"\" width=\"300\" height=\"225\" class=\"aligncenter size-medium wp-image-13585\" srcset=\"https:\/\/www.escalade.pro\/news\/wp-content\/uploads\/2017\/01\/P1100036-300x225.jpg 300w, https:\/\/www.escalade.pro\/news\/wp-content\/uploads\/2017\/01\/P1100036-768x576.jpg 768w, https:\/\/www.escalade.pro\/news\/wp-content\/uploads\/2017\/01\/P1100036-600x450.jpg 600w, https:\/\/www.escalade.pro\/news\/wp-content\/uploads\/2017\/01\/P1100036-200x150.jpg 200w, https:\/\/www.escalade.pro\/news\/wp-content\/uploads\/2017\/01\/P1100036.jpg 800w\" sizes=\"auto, (max-width: 300px) 100vw, 300px\" \/><\/p>\n<p>Apr\u00e8s le nouvel \u00e9pisode de foehn que nous avons subi et la douceur, <strong>la combe de Sales et une valeur s\u00fbre pour trouver de la bonne neige et faire des traces<\/strong>, m\u00eame si l&rsquo;enneigement est faible. Evidemment il faut payer la mont\u00e9e au DMC (16\u20ac), sauf si on est courageux en partant \u00e0 ski de Flaine, et le parking (3\u20ac).<br \/>\nUne fois de plus je loue ce joyaux qu&rsquo;est la R\u00e9serve Naturelle de Sixt-Passy&#8230;<\/p>\nngg_shortcode_0_placeholder\n<p><u>Plus d&rsquo;infos sur Camptocamp:<\/u><br \/>\n<a href=\"https:\/\/www.camptocamp.org\/outings\/846557\/fr\/pointe-d-anterne-depuis-flaine-par-le-desert-de-plate\" target=\"_blank\">www.camptocamp.org\/outings\/846557\/fr\/pointe-d-anterne-depuis-flaine-par-le-desert-de-plate<\/a><\/p>\n","protected":false},"excerpt":{"rendered":"<p>Apr\u00e8s le nouvel \u00e9pisode de foehn que nous avons subi et la douceur, la combe de Sales et une valeur<\/p>\n","protected":false},"author":1,"featured_media":13585,"comment_status":"open","ping_status":"open","sticky":false,"template":"","format":"standard","meta":{"colormag_page_container_layout":"default_layout","colormag_page_sidebar_layout":"default_layout","_monsterinsights_skip_tracking":false,"_monsterinsights_sitenote_active":false,"_monsterinsights_sitenote_note":"","_monsterinsights_sitenote_category":0,"ngg_post_thumbnail":0,"jetpack_post_was_ever_published":false,"_jetpack_newsletter_access":"","_jetpack_dont_email_post_to_subs":true,"_jetpack_newsletter_tier_id":0,"_jetpack_memberships_contains_paywalled_content":false,"_jetpack_memberships_contains_paid_content":false,"footnotes":"","jetpack_publicize_message":"","jetpack_publicize_feature_enabled":true,"jetpack_social_post_already_shared":true,"jetpack_social_options":{"image_generator_settings":{"template":"highway","default_image_id":0,"font":"","enabled":false},"version":2}},"categories":[58,8],"tags":[],"class_list":["post-13581","post","type-post","status-publish","format-standard","has-post-thumbnail","hentry","category-mes-sorties","category-ski-freeride"],"yoast_head":"<!-- This site is optimized with the Yoast SEO plugin v27.5 - https:\/\/yoast.com\/product\/yoast-seo-wordpress\/ -->\n<title>Pointe d&#039;Anterne, toujours un bon plan &#8211; L&#039;Arqu\u00e9e Libre - Fred Vionnet entraineur\/moniteur escalade<\/title>\n<meta name=\"robots\" content=\"index, follow, max-snippet:-1, max-image-preview:large, max-video-preview:-1\" \/>\n<link rel=\"canonical\" href=\"https:\/\/www.escalade.pro\/news\/pointe-anterne-janvier2017\/\" \/>\n<meta property=\"og:locale\" content=\"fr_FR\" \/>\n<meta property=\"og:type\" content=\"article\" \/>\n<meta property=\"og:title\" content=\"Pointe d&#039;Anterne, toujours un bon plan &#8211; L&#039;Arqu\u00e9e Libre - Fred Vionnet entraineur\/moniteur escalade\" \/>\n<meta property=\"og:description\" content=\"Apr\u00e8s le nouvel \u00e9pisode de foehn que nous avons subi et la douceur, la combe de Sales et une valeur\" \/>\n<meta property=\"og:url\" content=\"https:\/\/www.escalade.pro\/news\/pointe-anterne-janvier2017\/\" \/>\n<meta property=\"og:site_name\" content=\"L&#039;Arqu\u00e9e Libre - Fred Vionnet entraineur\/moniteur escalade\" \/>\n<meta property=\"article:publisher\" content=\"https:\/\/www.facebook.com\/grimpisme\/\" \/>\n<meta property=\"article:author\" content=\"https:\/\/www.facebook.com\/fredCaillouXvionnet\" \/>\n<meta property=\"article:published_time\" content=\"2017-01-30T17:35:40+00:00\" \/>\n<meta property=\"article:modified_time\" content=\"2018-11-30T08:03:47+00:00\" \/>\n<meta property=\"og:image\" content=\"https:\/\/www.escalade.pro\/news\/wp-content\/uploads\/2017\/01\/P1100036.jpg\" \/>\n\t<meta property=\"og:image:width\" content=\"800\" \/>\n\t<meta property=\"og:image:height\" content=\"600\" \/>\n\t<meta property=\"og:image:type\" content=\"image\/jpeg\" \/>\n<meta name=\"author\" content=\"Fred Vionnet\" \/>\n<meta name=\"twitter:card\" content=\"summary_large_image\" \/>\n<meta name=\"twitter:label1\" content=\"\u00c9crit par\" \/>\n\t<meta name=\"twitter:data1\" content=\"Fred Vionnet\" \/>\n<script type=\"application\/ld+json\" class=\"yoast-schema-graph\">{\"@context\":\"https:\\\/\\\/schema.org\",\"@graph\":[{\"@type\":\"Article\",\"@id\":\"https:\\\/\\\/www.escalade.pro\\\/news\\\/pointe-anterne-janvier2017\\\/#article\",\"isPartOf\":{\"@id\":\"https:\\\/\\\/www.escalade.pro\\\/news\\\/pointe-anterne-janvier2017\\\/\"},\"author\":{\"name\":\"Fred Vionnet\",\"@id\":\"https:\\\/\\\/www.escalade.pro\\\/news\\\/#\\\/schema\\\/person\\\/e0e0520aa48cfda56ae5406c2fe2caeb\"},\"headline\":\"Pointe d&rsquo;Anterne, toujours un bon plan\",\"datePublished\":\"2017-01-30T17:35:40+00:00\",\"dateModified\":\"2018-11-30T08:03:47+00:00\",\"mainEntityOfPage\":{\"@id\":\"https:\\\/\\\/www.escalade.pro\\\/news\\\/pointe-anterne-janvier2017\\\/\"},\"wordCount\":94,\"commentCount\":0,\"publisher\":{\"@id\":\"https:\\\/\\\/www.escalade.pro\\\/news\\\/#organization\"},\"image\":{\"@id\":\"https:\\\/\\\/www.escalade.pro\\\/news\\\/pointe-anterne-janvier2017\\\/#primaryimage\"},\"thumbnailUrl\":\"https:\\\/\\\/www.escalade.pro\\\/news\\\/wp-content\\\/uploads\\\/2017\\\/01\\\/P1100036.jpg\",\"articleSection\":[\"Mes sorties - retours d'exp\u00e9rience\",\"Ski de rando et freeride\"],\"inLanguage\":\"fr-FR\",\"potentialAction\":[{\"@type\":\"CommentAction\",\"name\":\"Comment\",\"target\":[\"https:\\\/\\\/www.escalade.pro\\\/news\\\/pointe-anterne-janvier2017\\\/#respond\"]}]},{\"@type\":\"WebPage\",\"@id\":\"https:\\\/\\\/www.escalade.pro\\\/news\\\/pointe-anterne-janvier2017\\\/\",\"url\":\"https:\\\/\\\/www.escalade.pro\\\/news\\\/pointe-anterne-janvier2017\\\/\",\"name\":\"Pointe d'Anterne, toujours un bon plan &#8211; L&#039;Arqu\u00e9e Libre - Fred Vionnet entraineur\\\/moniteur escalade\",\"isPartOf\":{\"@id\":\"https:\\\/\\\/www.escalade.pro\\\/news\\\/#website\"},\"primaryImageOfPage\":{\"@id\":\"https:\\\/\\\/www.escalade.pro\\\/news\\\/pointe-anterne-janvier2017\\\/#primaryimage\"},\"image\":{\"@id\":\"https:\\\/\\\/www.escalade.pro\\\/news\\\/pointe-anterne-janvier2017\\\/#primaryimage\"},\"thumbnailUrl\":\"https:\\\/\\\/www.escalade.pro\\\/news\\\/wp-content\\\/uploads\\\/2017\\\/01\\\/P1100036.jpg\",\"datePublished\":\"2017-01-30T17:35:40+00:00\",\"dateModified\":\"2018-11-30T08:03:47+00:00\",\"breadcrumb\":{\"@id\":\"https:\\\/\\\/www.escalade.pro\\\/news\\\/pointe-anterne-janvier2017\\\/#breadcrumb\"},\"inLanguage\":\"fr-FR\",\"potentialAction\":[{\"@type\":\"ReadAction\",\"target\":[\"https:\\\/\\\/www.escalade.pro\\\/news\\\/pointe-anterne-janvier2017\\\/\"]}]},{\"@type\":\"ImageObject\",\"inLanguage\":\"fr-FR\",\"@id\":\"https:\\\/\\\/www.escalade.pro\\\/news\\\/pointe-anterne-janvier2017\\\/#primaryimage\",\"url\":\"https:\\\/\\\/www.escalade.pro\\\/news\\\/wp-content\\\/uploads\\\/2017\\\/01\\\/P1100036.jpg\",\"contentUrl\":\"https:\\\/\\\/www.escalade.pro\\\/news\\\/wp-content\\\/uploads\\\/2017\\\/01\\\/P1100036.jpg\",\"width\":800,\"height\":600},{\"@type\":\"BreadcrumbList\",\"@id\":\"https:\\\/\\\/www.escalade.pro\\\/news\\\/pointe-anterne-janvier2017\\\/#breadcrumb\",\"itemListElement\":[{\"@type\":\"ListItem\",\"position\":1,\"name\":\"Accueil\",\"item\":\"https:\\\/\\\/www.escalade.pro\\\/news\\\/\"},{\"@type\":\"ListItem\",\"position\":2,\"name\":\"Pointe d&rsquo;Anterne, toujours un bon plan\"}]},{\"@type\":\"WebSite\",\"@id\":\"https:\\\/\\\/www.escalade.pro\\\/news\\\/#website\",\"url\":\"https:\\\/\\\/www.escalade.pro\\\/news\\\/\",\"name\":\"L&#039;Arqu\u00e9e Libre - Fred Vionnet entraineur\\\/moniteur escalade\",\"description\":\"Coaching et entrainement escalade. Buoux, C\u00e9\u00fcse et Fontainebleau.\",\"publisher\":{\"@id\":\"https:\\\/\\\/www.escalade.pro\\\/news\\\/#organization\"},\"potentialAction\":[{\"@type\":\"SearchAction\",\"target\":{\"@type\":\"EntryPoint\",\"urlTemplate\":\"https:\\\/\\\/www.escalade.pro\\\/news\\\/?s={search_term_string}\"},\"query-input\":{\"@type\":\"PropertyValueSpecification\",\"valueRequired\":true,\"valueName\":\"search_term_string\"}}],\"inLanguage\":\"fr-FR\"},{\"@type\":\"Organization\",\"@id\":\"https:\\\/\\\/www.escalade.pro\\\/news\\\/#organization\",\"name\":\"L&#039;Arqu\u00e9e Libre - Fred Vionnet entraineur\\\/moniteur escalade\",\"url\":\"https:\\\/\\\/www.escalade.pro\\\/news\\\/\",\"logo\":{\"@type\":\"ImageObject\",\"inLanguage\":\"fr-FR\",\"@id\":\"https:\\\/\\\/www.escalade.pro\\\/news\\\/#\\\/schema\\\/logo\\\/image\\\/\",\"url\":\"https:\\\/\\\/www.escalade.pro\\\/news\\\/wp-content\\\/uploads\\\/2026\\\/04\\\/logo-wp-AL-avril-2026-1.jpg\",\"contentUrl\":\"https:\\\/\\\/www.escalade.pro\\\/news\\\/wp-content\\\/uploads\\\/2026\\\/04\\\/logo-wp-AL-avril-2026-1.jpg\",\"width\":1955,\"height\":902,\"caption\":\"L&#039;Arqu\u00e9e Libre - Fred Vionnet entraineur\\\/moniteur escalade\"},\"image\":{\"@id\":\"https:\\\/\\\/www.escalade.pro\\\/news\\\/#\\\/schema\\\/logo\\\/image\\\/\"},\"sameAs\":[\"https:\\\/\\\/www.facebook.com\\\/grimpisme\\\/\",\"https:\\\/\\\/www.instagram.com\\\/grimpisme\\\/\",\"https:\\\/\\\/www.linkedin.com\\\/in\\\/fred-vionnet-6284b96a\\\/\",\"https:\\\/\\\/fr.pinterest.com\\\/grimpisme\\\/\",\"https:\\\/\\\/www.youtube.com\\\/@grimpisme\"]},{\"@type\":\"Person\",\"@id\":\"https:\\\/\\\/www.escalade.pro\\\/news\\\/#\\\/schema\\\/person\\\/e0e0520aa48cfda56ae5406c2fe2caeb\",\"name\":\"Fred Vionnet\",\"image\":{\"@type\":\"ImageObject\",\"inLanguage\":\"fr-FR\",\"@id\":\"https:\\\/\\\/secure.gravatar.com\\\/avatar\\\/a2f6c5fc695da895033dcd95afaa6aeda795d5122ab3a22a03e24aab7f3d96a6?s=96&d=blank&r=g\",\"url\":\"https:\\\/\\\/secure.gravatar.com\\\/avatar\\\/a2f6c5fc695da895033dcd95afaa6aeda795d5122ab3a22a03e24aab7f3d96a6?s=96&d=blank&r=g\",\"contentUrl\":\"https:\\\/\\\/secure.gravatar.com\\\/avatar\\\/a2f6c5fc695da895033dcd95afaa6aeda795d5122ab3a22a03e24aab7f3d96a6?s=96&d=blank&r=g\",\"caption\":\"Fred Vionnet\"},\"description\":\"Coach escalade en Haute Savoie. Pas contre une grande voie non plus. Mais on va \u00e0 C\u00e9\u00fcse, Fontainebleau, Buoux ou encore les Gorges du Verdon quand vous voulez.\",\"sameAs\":[\"http:\\\/\\\/www.grimpisme.com\",\"https:\\\/\\\/www.facebook.com\\\/fredCaillouXvionnet\",\"https:\\\/\\\/www.linkedin.com\\\/profile\\\/preview?vpa=pub&locale=fr_FR\",\"https:\\\/\\\/fr.pinterest.com\\\/grimpisme\\\/\",\"https:\\\/\\\/www.youtube.com\\\/user\\\/grimpisme\",\"https:\\\/\\\/soundcloud.com\\\/fredvionnet\"],\"url\":\"https:\\\/\\\/www.escalade.pro\\\/news\\\/author\\\/fred\\\/\"}]}<\/script>\n<!-- \/ Yoast SEO plugin. -->","yoast_head_json":{"title":"Pointe d'Anterne, toujours un bon plan &#8211; L&#039;Arqu\u00e9e Libre - Fred Vionnet entraineur\/moniteur escalade","robots":{"index":"index","follow":"follow","max-snippet":"max-snippet:-1","max-image-preview":"max-image-preview:large","max-video-preview":"max-video-preview:-1"},"canonical":"https:\/\/www.escalade.pro\/news\/pointe-anterne-janvier2017\/","og_locale":"fr_FR","og_type":"article","og_title":"Pointe d'Anterne, toujours un bon plan &#8211; L&#039;Arqu\u00e9e Libre - Fred Vionnet entraineur\/moniteur escalade","og_description":"Apr\u00e8s le nouvel \u00e9pisode de foehn que nous avons subi et la douceur, la combe de Sales et une valeur","og_url":"https:\/\/www.escalade.pro\/news\/pointe-anterne-janvier2017\/","og_site_name":"L&#039;Arqu\u00e9e Libre - Fred Vionnet entraineur\/moniteur escalade","article_publisher":"https:\/\/www.facebook.com\/grimpisme\/","article_author":"https:\/\/www.facebook.com\/fredCaillouXvionnet","article_published_time":"2017-01-30T17:35:40+00:00","article_modified_time":"2018-11-30T08:03:47+00:00","og_image":[{"width":800,"height":600,"url":"https:\/\/www.escalade.pro\/news\/wp-content\/uploads\/2017\/01\/P1100036.jpg","type":"image\/jpeg"}],"author":"Fred Vionnet","twitter_card":"summary_large_image","twitter_misc":{"\u00c9crit par":"Fred Vionnet"},"schema":{"@context":"https:\/\/schema.org","@graph":[{"@type":"Article","@id":"https:\/\/www.escalade.pro\/news\/pointe-anterne-janvier2017\/#article","isPartOf":{"@id":"https:\/\/www.escalade.pro\/news\/pointe-anterne-janvier2017\/"},"author":{"name":"Fred Vionnet","@id":"https:\/\/www.escalade.pro\/news\/#\/schema\/person\/e0e0520aa48cfda56ae5406c2fe2caeb"},"headline":"Pointe d&rsquo;Anterne, toujours un bon plan","datePublished":"2017-01-30T17:35:40+00:00","dateModified":"2018-11-30T08:03:47+00:00","mainEntityOfPage":{"@id":"https:\/\/www.escalade.pro\/news\/pointe-anterne-janvier2017\/"},"wordCount":94,"commentCount":0,"publisher":{"@id":"https:\/\/www.escalade.pro\/news\/#organization"},"image":{"@id":"https:\/\/www.escalade.pro\/news\/pointe-anterne-janvier2017\/#primaryimage"},"thumbnailUrl":"https:\/\/www.escalade.pro\/news\/wp-content\/uploads\/2017\/01\/P1100036.jpg","articleSection":["Mes sorties - retours d'exp\u00e9rience","Ski de rando et freeride"],"inLanguage":"fr-FR","potentialAction":[{"@type":"CommentAction","name":"Comment","target":["https:\/\/www.escalade.pro\/news\/pointe-anterne-janvier2017\/#respond"]}]},{"@type":"WebPage","@id":"https:\/\/www.escalade.pro\/news\/pointe-anterne-janvier2017\/","url":"https:\/\/www.escalade.pro\/news\/pointe-anterne-janvier2017\/","name":"Pointe d'Anterne, toujours un bon plan &#8211; L&#039;Arqu\u00e9e Libre - Fred Vionnet entraineur\/moniteur escalade","isPartOf":{"@id":"https:\/\/www.escalade.pro\/news\/#website"},"primaryImageOfPage":{"@id":"https:\/\/www.escalade.pro\/news\/pointe-anterne-janvier2017\/#primaryimage"},"image":{"@id":"https:\/\/www.escalade.pro\/news\/pointe-anterne-janvier2017\/#primaryimage"},"thumbnailUrl":"https:\/\/www.escalade.pro\/news\/wp-content\/uploads\/2017\/01\/P1100036.jpg","datePublished":"2017-01-30T17:35:40+00:00","dateModified":"2018-11-30T08:03:47+00:00","breadcrumb":{"@id":"https:\/\/www.escalade.pro\/news\/pointe-anterne-janvier2017\/#breadcrumb"},"inLanguage":"fr-FR","potentialAction":[{"@type":"ReadAction","target":["https:\/\/www.escalade.pro\/news\/pointe-anterne-janvier2017\/"]}]},{"@type":"ImageObject","inLanguage":"fr-FR","@id":"https:\/\/www.escalade.pro\/news\/pointe-anterne-janvier2017\/#primaryimage","url":"https:\/\/www.escalade.pro\/news\/wp-content\/uploads\/2017\/01\/P1100036.jpg","contentUrl":"https:\/\/www.escalade.pro\/news\/wp-content\/uploads\/2017\/01\/P1100036.jpg","width":800,"height":600},{"@type":"BreadcrumbList","@id":"https:\/\/www.escalade.pro\/news\/pointe-anterne-janvier2017\/#breadcrumb","itemListElement":[{"@type":"ListItem","position":1,"name":"Accueil","item":"https:\/\/www.escalade.pro\/news\/"},{"@type":"ListItem","position":2,"name":"Pointe d&rsquo;Anterne, toujours un bon plan"}]},{"@type":"WebSite","@id":"https:\/\/www.escalade.pro\/news\/#website","url":"https:\/\/www.escalade.pro\/news\/","name":"L&#039;Arqu\u00e9e Libre - Fred Vionnet entraineur\/moniteur escalade","description":"Coaching et entrainement escalade. Buoux, C\u00e9\u00fcse et Fontainebleau.","publisher":{"@id":"https:\/\/www.escalade.pro\/news\/#organization"},"potentialAction":[{"@type":"SearchAction","target":{"@type":"EntryPoint","urlTemplate":"https:\/\/www.escalade.pro\/news\/?s={search_term_string}"},"query-input":{"@type":"PropertyValueSpecification","valueRequired":true,"valueName":"search_term_string"}}],"inLanguage":"fr-FR"},{"@type":"Organization","@id":"https:\/\/www.escalade.pro\/news\/#organization","name":"L&#039;Arqu\u00e9e Libre - Fred Vionnet entraineur\/moniteur escalade","url":"https:\/\/www.escalade.pro\/news\/","logo":{"@type":"ImageObject","inLanguage":"fr-FR","@id":"https:\/\/www.escalade.pro\/news\/#\/schema\/logo\/image\/","url":"https:\/\/www.escalade.pro\/news\/wp-content\/uploads\/2026\/04\/logo-wp-AL-avril-2026-1.jpg","contentUrl":"https:\/\/www.escalade.pro\/news\/wp-content\/uploads\/2026\/04\/logo-wp-AL-avril-2026-1.jpg","width":1955,"height":902,"caption":"L&#039;Arqu\u00e9e Libre - Fred Vionnet entraineur\/moniteur escalade"},"image":{"@id":"https:\/\/www.escalade.pro\/news\/#\/schema\/logo\/image\/"},"sameAs":["https:\/\/www.facebook.com\/grimpisme\/","https:\/\/www.instagram.com\/grimpisme\/","https:\/\/www.linkedin.com\/in\/fred-vionnet-6284b96a\/","https:\/\/fr.pinterest.com\/grimpisme\/","https:\/\/www.youtube.com\/@grimpisme"]},{"@type":"Person","@id":"https:\/\/www.escalade.pro\/news\/#\/schema\/person\/e0e0520aa48cfda56ae5406c2fe2caeb","name":"Fred Vionnet","image":{"@type":"ImageObject","inLanguage":"fr-FR","@id":"https:\/\/secure.gravatar.com\/avatar\/a2f6c5fc695da895033dcd95afaa6aeda795d5122ab3a22a03e24aab7f3d96a6?s=96&d=blank&r=g","url":"https:\/\/secure.gravatar.com\/avatar\/a2f6c5fc695da895033dcd95afaa6aeda795d5122ab3a22a03e24aab7f3d96a6?s=96&d=blank&r=g","contentUrl":"https:\/\/secure.gravatar.com\/avatar\/a2f6c5fc695da895033dcd95afaa6aeda795d5122ab3a22a03e24aab7f3d96a6?s=96&d=blank&r=g","caption":"Fred Vionnet"},"description":"Coach escalade en Haute Savoie. Pas contre une grande voie non plus. Mais on va \u00e0 C\u00e9\u00fcse, Fontainebleau, Buoux ou encore les Gorges du Verdon quand vous voulez.","sameAs":["http:\/\/www.grimpisme.com","https:\/\/www.facebook.com\/fredCaillouXvionnet","https:\/\/www.linkedin.com\/profile\/preview?vpa=pub&locale=fr_FR","https:\/\/fr.pinterest.com\/grimpisme\/","https:\/\/www.youtube.com\/user\/grimpisme","https:\/\/soundcloud.com\/fredvionnet"],"url":"https:\/\/www.escalade.pro\/news\/author\/fred\/"}]}},"jetpack_publicize_connections":[],"jetpack_featured_media_url":"https:\/\/www.escalade.pro\/news\/wp-content\/uploads\/2017\/01\/P1100036.jpg","jetpack_sharing_enabled":true,"jetpack_shortlink":"https:\/\/wp.me\/p68Rw6-3x3","jetpack-related-posts":[{"id":8509,"url":"https:\/\/www.escalade.pro\/news\/ski-colonney-2mai2016\/","url_meta":{"origin":13581,"position":0},"title":"Ski au Colonney, gav\u00e9 de neige, 2 mai 2016","author":"Fred Vionnet","date":"3 mai 2016","format":false,"excerpt":"Lundi apr\u00e8s-midi j'encadrais une s\u00e9ance d'escalade \u00e0 la Frasse, l'excuse \u00e9tait toute trouv\u00e9e pour monter rider sur Flaine avec le Did. Je connais bien le spot, je l'adore et je n'y suis pas mont\u00e9 une seule fois de l'hiver. Nous avons fait la trace pour monter au Colonney, c'\u00e9tait encore\u2026","rel":"","context":"Dans &quot;Ski de rando et freeride&quot;","block_context":{"text":"Ski de rando et freeride","link":"https:\/\/www.escalade.pro\/news\/category\/ski-freeride\/"},"img":{"alt_text":"Les corniches du Sautet","src":"https:\/\/i0.wp.com\/www.escalade.pro\/news\/wp-content\/uploads\/2016\/05\/P1080652-300x225.jpg?resize=350%2C200","width":350,"height":200},"classes":[]},{"id":4933,"url":"https:\/\/www.escalade.pro\/news\/pointe_ronde_trient\/","url_meta":{"origin":13581,"position":1},"title":"Pointe Ronde, Wallis, SWZInfra Ski-Alpinisme Concept \u00e0 la Pointe Ronde","author":"Fred Vionnet","date":"13 avril 2015","format":false,"excerpt":"Great spring ski on Pointe Ronde, Wallis, Switzerland. En ce beau dimanche printanier, \u00e0 la Pointe Ronde, nous avons presque mis au point une nouvelle discipline de freeglisse baptis\u00e9e \"l'infra ski-alpinisme\". Le cahier des charges est strict et les contraintes lourdes: -dormir la nuit pr\u00e9c\u00e9dent l'effort -s'alimenter et s'hydrater avant,\u2026","rel":"","context":"Dans &quot;Coups de gueule&quot;","block_context":{"text":"Coups de gueule","link":"https:\/\/www.escalade.pro\/news\/category\/coup-de-gueule\/"},"img":{"alt_text":"glacier trient","src":"https:\/\/i0.wp.com\/www.escalade.pro\/news\/wp-content\/uploads\/2015\/04\/P1060405-2-300x224.jpg?resize=350%2C200","width":350,"height":200},"classes":[]},{"id":11120,"url":"https:\/\/www.escalade.pro\/news\/ski-de-rando-pointe-terrasse-cheval-blanc\/","url_meta":{"origin":13581,"position":2},"title":"Ski de rando: Terrasse et Cheval Blanc, 16 mai 2016","author":"Fred Vionnet","date":"16 mai 2016","format":false,"excerpt":"Avec une poulie fragile, il est \u00e0 peu pr\u00eat autant impossible de faire de la falaise en Haute Savoie que regarder TF1 plus de 10 secondes sans s'\u00e9crier \"ils nous prennent vraiment pour des cons!\". Heureusement il reste encore beaucoup de neige en montagne, il fait frais, alors on se\u2026","rel":"","context":"Dans &quot;Ski de rando et freeride&quot;","block_context":{"text":"Ski de rando et freeride","link":"https:\/\/www.escalade.pro\/news\/category\/ski-freeride\/"},"img":{"alt_text":"buet face ouest tr\u00e9 les eaux","src":"https:\/\/i0.wp.com\/www.escalade.pro\/news\/wp-content\/uploads\/2016\/05\/P1080696-300x225.jpg?resize=350%2C200","width":350,"height":200},"classes":[]},{"id":13977,"url":"https:\/\/www.escalade.pro\/news\/ski-ubaye-pointe-basse-mary\/","url_meta":{"origin":13581,"position":3},"title":"Carrelage en Ubaye\u00a0: Pointe Basse de Mary","author":"Fred Vionnet","date":"16 avril 2017","format":false,"excerpt":"Cet hiver peu enneig\u00e9 semble connaitre un sursis avec ce petit coup de froid. Comme annonc\u00e9, il faisait frais ce matin tout au fond de la vall\u00e9e de l'Ubaye. La neige n'a pas d\u00e9caill\u00e9 de la matin\u00e9e, et m\u00eame si c'\u00e9tait pas mauvais \u00e0 skier, \u00e7a change de la moquette\u2026","rel":"","context":"Dans &quot;Mes sorties - retours d'exp\u00e9rience&quot;","block_context":{"text":"Mes sorties - retours d'exp\u00e9rience","link":"https:\/\/www.escalade.pro\/news\/category\/mes-sorties\/"},"img":{"alt_text":"ski rando ubaye pointe basse mary","src":"https:\/\/i0.wp.com\/www.escalade.pro\/news\/wp-content\/uploads\/2017\/04\/P1100230.jpg?resize=350%2C200&ssl=1","width":350,"height":200,"srcset":"https:\/\/i0.wp.com\/www.escalade.pro\/news\/wp-content\/uploads\/2017\/04\/P1100230.jpg?resize=350%2C200&ssl=1 1x, https:\/\/i0.wp.com\/www.escalade.pro\/news\/wp-content\/uploads\/2017\/04\/P1100230.jpg?resize=525%2C300&ssl=1 1.5x, https:\/\/i0.wp.com\/www.escalade.pro\/news\/wp-content\/uploads\/2017\/04\/P1100230.jpg?resize=700%2C400&ssl=1 2x"},"classes":[]},{"id":11623,"url":"https:\/\/www.escalade.pro\/news\/ski-avers-queyras\/","url_meta":{"origin":13581,"position":4},"title":"Sadomasochisme et montagne","author":"Fred Vionnet","date":"19 f\u00e9vrier 2012","format":false,"excerpt":"1h30 d'approche sur pistes de fond en gagnant 300m de d\u00e9niv, puis des travers\u00e9es, des travers\u00e9es et encore des travers\u00e9es. 4h20 pour faire 1440m positif, une neige compl\u00e8tement ignoble \u00e0 la descente (quasiment enti\u00e8rement crout\u00e9e et tr\u00e8s lourde dessous)... Bref il y a des fois ou montagne et sadomasochisme sont\u2026","rel":"","context":"Dans &quot;Ski de rando et freeride&quot;","block_context":{"text":"Ski de rando et freeride","link":"https:\/\/www.escalade.pro\/news\/category\/ski-freeride\/"},"img":{"alt_text":"","src":"","width":0,"height":0},"classes":[]},{"id":7943,"url":"https:\/\/www.escalade.pro\/news\/bostan-golette-oule-praz-riant\/","url_meta":{"origin":13581,"position":5},"title":"Encyclop\u00e9die du ski \u00e0 Praz Riant","author":"Fred Vionnet","date":"14 mars 2016","format":false,"excerpt":"J'esp\u00e8re que comme nous vous avez pu profiter de ce magnifique weekend ensoleill\u00e9... et enneig\u00e9. Apr\u00e8s une mont\u00e9e samedi apr\u00e8s midi au col de Bostan pour m\u00e9riter les gourmandises du refuge, nous sommes mont\u00e9s dimanche matin \u00e0 la Golette de l'Oule. Nous avions pr\u00e9vu d'enchainer sur la Pointe Rousse des\u2026","rel":"","context":"Dans &quot;Ski de rando et freeride&quot;","block_context":{"text":"Ski de rando et freeride","link":"https:\/\/www.escalade.pro\/news\/category\/ski-freeride\/"},"img":{"alt_text":"ski rando golette oule bostan samoens grimpisme","src":"https:\/\/i0.wp.com\/www.escalade.pro\/news\/wp-content\/uploads\/2016\/03\/P1080434-300x225.jpg?resize=350%2C200","width":350,"height":200},"classes":[]}],"_links":{"self":[{"href":"https:\/\/www.escalade.pro\/news\/wp-json\/wp\/v2\/posts\/13581","targetHints":{"allow":["GET"]}}],"collection":[{"href":"https:\/\/www.escalade.pro\/news\/wp-json\/wp\/v2\/posts"}],"about":[{"href":"https:\/\/www.escalade.pro\/news\/wp-json\/wp\/v2\/types\/post"}],"author":[{"embeddable":true,"href":"https:\/\/www.escalade.pro\/news\/wp-json\/wp\/v2\/users\/1"}],"replies":[{"embeddable":true,"href":"https:\/\/www.escalade.pro\/news\/wp-json\/wp\/v2\/comments?post=13581"}],"version-history":[{"count":6,"href":"https:\/\/www.escalade.pro\/news\/wp-json\/wp\/v2\/posts\/13581\/revisions"}],"predecessor-version":[{"id":13590,"href":"https:\/\/www.escalade.pro\/news\/wp-json\/wp\/v2\/posts\/13581\/revisions\/13590"}],"wp:featuredmedia":[{"embeddable":true,"href":"https:\/\/www.escalade.pro\/news\/wp-json\/wp\/v2\/media\/13585"}],"wp:attachment":[{"href":"https:\/\/www.escalade.pro\/news\/wp-json\/wp\/v2\/media?parent=13581"}],"wp:term":[{"taxonomy":"category","embeddable":true,"href":"https:\/\/www.escalade.pro\/news\/wp-json\/wp\/v2\/categories?post=13581"},{"taxonomy":"post_tag","embeddable":true,"href":"https:\/\/www.escalade.pro\/news\/wp-json\/wp\/v2\/tags?post=13581"}],"curies":[{"name":"wp","href":"https:\/\/api.w.org\/{rel}","templated":true}]}}