{"id":13443,"date":"2017-01-06T11:38:55","date_gmt":"2017-01-06T10:38:55","guid":{"rendered":"https:\/\/www.escalade.pro\/news\/?p=13443"},"modified":"2017-01-06T11:44:37","modified_gmt":"2017-01-06T10:44:37","slug":"ouverture-pelerins-flammes-enfer-jeff-mercier","status":"publish","type":"post","link":"https:\/\/www.escalade.pro\/news\/ouverture-pelerins-flammes-enfer-jeff-mercier\/","title":{"rendered":"Nouvelle ouverture aux P\u00e9lerins: \u00ab\u00a0Les Flammes de l&rsquo;Enfer\u00a0\u00bb par Jeff Mercier"},"content":{"rendered":"<p><a href=\"https:\/\/www.escalade.pro\/news\/wp-content\/uploads\/2017\/01\/flammes-enfer.jpg\"><img loading=\"lazy\" decoding=\"async\" src=\"https:\/\/www.escalade.pro\/news\/wp-content\/uploads\/2017\/01\/flammes-enfer-225x300.jpg\" alt=\"\" width=\"225\" height=\"300\" class=\"aligncenter size-medium wp-image-13445\" srcset=\"https:\/\/www.escalade.pro\/news\/wp-content\/uploads\/2017\/01\/flammes-enfer-225x300.jpg 225w, https:\/\/www.escalade.pro\/news\/wp-content\/uploads\/2017\/01\/flammes-enfer-600x800.jpg 600w, https:\/\/www.escalade.pro\/news\/wp-content\/uploads\/2017\/01\/flammes-enfer-113x150.jpg 113w, https:\/\/www.escalade.pro\/news\/wp-content\/uploads\/2017\/01\/flammes-enfer.jpg 720w\" sizes=\"auto, (max-width: 225px) 100vw, 225px\" \/><\/a><\/p>\n<p>Toujours aussi actif, <strong>le sp\u00e9cialiste du mixte Jeff Mercier a ouvert \u00ab\u00a0Les Flammes de l&rsquo;Enfer\u00a0\u00bb (85\u00b0, M7) en face nord de l&rsquo;Aiguille des P\u00e9lerins<\/strong> (3318m, massif du Mont Blanc). C&rsquo;est dans cette face que se trouve la mythique \u00ab\u00a0Beyond Good and Evil\u00a0\u00bb (voir <a href=\"https:\/\/www.escalade.pro\/news\/video-beyond-good-and-evil\/\">vid\u00e9o<\/a>). L&rsquo;ouverture s&rsquo;est d\u00e9roul\u00e9e sur 5 journ\u00e9es durant la fin d\u00e9cembre, accompagn\u00e9 de Bastien Lardat, Lucien Boucansaud et Xavier Cailhol, apr\u00e8s une tentative avec Fabien Dugit durant l&rsquo;automne 2015.<\/p>\n<p>Jeff raconte:<br \/>\n\u00ab\u00a0<strong>Le projet initial, plut\u00f4t ambitieux, \u00e9tait de tracer une ligne sortant droit au sommet de l&rsquo;Aiguille des P\u00e9lerins. Nous avons but\u00e9 au pied d&rsquo;un di\u00e8dre encombr\u00e9 de blocs instables, qu&rsquo;il aurait fallu prot\u00e9ger sur spits pour d\u00e9caler la corde en cas de chute de pierre. Ma d\u00e9marche \u00e9tait d&rsquo;ouvrir une voie logique, sans spits et sans chercher \u00e0 passer \u00e0 tout prix.<\/strong> Finalement nous sommes donc redescendus pour ouvrir une ligne qui croise Beyond puis la rejoint. Plus haut, au dessus de Beyond, le terrain se couche et pr\u00e9sente moins d&rsquo;int\u00e9r\u00eat.<br \/>\n<strong>Les Flammes est une voie logique, technique et naturelle. Elle peut se faire en une grosse journ\u00e9e. Rien n&rsquo;est en place, m\u00eame pas les relais, sauf dans la derni\u00e8re longueur o\u00f9 nous avons laiss\u00e9 3 pitons.<\/strong> La descente se fait en rappel par Beyond.\u00a0\u00bb<\/p>\n<p><iframe loading=\"lazy\" src=\"https:\/\/www.facebook.com\/plugins\/video.php?href=https%3A%2F%2Fwww.facebook.com%2Fjeffmercieralpinist%2Fvideos%2F1567416726608971%2F&#038;show_text=0&#038;width=560\" width=\"560\" height=\"315\" style=\"border:none;overflow:hidden\" scrolling=\"no\" frameborder=\"0\" allowTransparency=\"true\" allowFullScreen=\"true\"><\/iframe><\/p>\n<p><u>Le site web de Jeff:<\/u><br \/>\n<a href=\"http:\/\/jeffmercier.blogspot.fr\/\" target=\"_blank\">jeffmercier.blogspot.fr<\/a><br \/>\n<u>La page Facebook de Jeff:<\/u><br \/>\n<a href=\"https:\/\/www.facebook.com\/jeffmercieralpinist\/\" target=\"_blank\">www.facebook.com\/jeffmercieralpinist<\/a><\/p>\n","protected":false},"excerpt":{"rendered":"<p>Toujours aussi actif, le sp\u00e9cialiste du mixte Jeff Mercier a ouvert \u00ab\u00a0Les Flammes de l&rsquo;Enfer\u00a0\u00bb (85\u00b0, M7) en face nord<\/p>\n","protected":false},"author":1,"featured_media":13445,"comment_status":"open","ping_status":"open","sticky":false,"template":"","format":"standard","meta":{"colormag_page_container_layout":"default_layout","colormag_page_sidebar_layout":"default_layout","_monsterinsights_skip_tracking":false,"_monsterinsights_sitenote_active":false,"_monsterinsights_sitenote_note":"","_monsterinsights_sitenote_category":0,"ngg_post_thumbnail":0,"jetpack_post_was_ever_published":false,"_jetpack_newsletter_access":"","_jetpack_dont_email_post_to_subs":true,"_jetpack_newsletter_tier_id":0,"_jetpack_memberships_contains_paywalled_content":false,"_jetpack_memberships_contains_paid_content":false,"footnotes":"","jetpack_publicize_message":"","jetpack_publicize_feature_enabled":true,"jetpack_social_post_already_shared":true,"jetpack_social_options":{"image_generator_settings":{"template":"highway","default_image_id":0,"font":"","enabled":false},"version":2}},"categories":[5,1,7],"tags":[],"class_list":["post-13443","post","type-post","status-publish","format-standard","has-post-thumbnail","hentry","category-alpinisme","category-news","category-videos"],"yoast_head":"<!-- This site is optimized with the Yoast SEO plugin v27.5 - https:\/\/yoast.com\/product\/yoast-seo-wordpress\/ -->\n<title>Nouvelle ouverture aux P\u00e9lerins: &quot;Les Flammes de l&#039;Enfer&quot; par Jeff Mercier &#8211; L&#039;Arqu\u00e9e Libre - Fred Vionnet entraineur\/moniteur escalade<\/title>\n<meta name=\"robots\" content=\"index, follow, max-snippet:-1, max-image-preview:large, max-video-preview:-1\" \/>\n<link rel=\"canonical\" href=\"https:\/\/www.escalade.pro\/news\/ouverture-pelerins-flammes-enfer-jeff-mercier\/\" \/>\n<meta property=\"og:locale\" content=\"fr_FR\" \/>\n<meta property=\"og:type\" content=\"article\" \/>\n<meta property=\"og:title\" content=\"Nouvelle ouverture aux P\u00e9lerins: &quot;Les Flammes de l&#039;Enfer&quot; par Jeff Mercier &#8211; L&#039;Arqu\u00e9e Libre - Fred Vionnet entraineur\/moniteur escalade\" \/>\n<meta property=\"og:description\" content=\"Toujours aussi actif, le sp\u00e9cialiste du mixte Jeff Mercier a ouvert \u00ab\u00a0Les Flammes de l&rsquo;Enfer\u00a0\u00bb (85\u00b0, M7) en face nord\" \/>\n<meta property=\"og:url\" content=\"https:\/\/www.escalade.pro\/news\/ouverture-pelerins-flammes-enfer-jeff-mercier\/\" \/>\n<meta property=\"og:site_name\" content=\"L&#039;Arqu\u00e9e Libre - Fred Vionnet entraineur\/moniteur escalade\" \/>\n<meta property=\"article:publisher\" content=\"https:\/\/www.facebook.com\/grimpisme\/\" \/>\n<meta property=\"article:author\" content=\"https:\/\/www.facebook.com\/fredCaillouXvionnet\" \/>\n<meta property=\"article:published_time\" content=\"2017-01-06T10:38:55+00:00\" \/>\n<meta property=\"article:modified_time\" content=\"2017-01-06T10:44:37+00:00\" \/>\n<meta property=\"og:image\" content=\"https:\/\/www.escalade.pro\/news\/wp-content\/uploads\/2017\/01\/flammes-enfer.jpg\" \/>\n\t<meta property=\"og:image:width\" content=\"720\" \/>\n\t<meta property=\"og:image:height\" content=\"960\" \/>\n\t<meta property=\"og:image:type\" content=\"image\/jpeg\" \/>\n<meta name=\"author\" content=\"Fred Vionnet\" \/>\n<meta name=\"twitter:card\" content=\"summary_large_image\" \/>\n<meta name=\"twitter:label1\" content=\"\u00c9crit par\" \/>\n\t<meta name=\"twitter:data1\" content=\"Fred Vionnet\" \/>\n\t<meta name=\"twitter:label2\" content=\"Dur\u00e9e de lecture estim\u00e9e\" \/>\n\t<meta name=\"twitter:data2\" content=\"1 minute\" \/>\n<script type=\"application\/ld+json\" class=\"yoast-schema-graph\">{\"@context\":\"https:\\\/\\\/schema.org\",\"@graph\":[{\"@type\":\"Article\",\"@id\":\"https:\\\/\\\/www.escalade.pro\\\/news\\\/ouverture-pelerins-flammes-enfer-jeff-mercier\\\/#article\",\"isPartOf\":{\"@id\":\"https:\\\/\\\/www.escalade.pro\\\/news\\\/ouverture-pelerins-flammes-enfer-jeff-mercier\\\/\"},\"author\":{\"name\":\"Fred Vionnet\",\"@id\":\"https:\\\/\\\/www.escalade.pro\\\/news\\\/#\\\/schema\\\/person\\\/e0e0520aa48cfda56ae5406c2fe2caeb\"},\"headline\":\"Nouvelle ouverture aux P\u00e9lerins: \u00ab\u00a0Les Flammes de l&rsquo;Enfer\u00a0\u00bb par Jeff Mercier\",\"datePublished\":\"2017-01-06T10:38:55+00:00\",\"dateModified\":\"2017-01-06T10:44:37+00:00\",\"mainEntityOfPage\":{\"@id\":\"https:\\\/\\\/www.escalade.pro\\\/news\\\/ouverture-pelerins-flammes-enfer-jeff-mercier\\\/\"},\"wordCount\":252,\"commentCount\":0,\"publisher\":{\"@id\":\"https:\\\/\\\/www.escalade.pro\\\/news\\\/#organization\"},\"image\":{\"@id\":\"https:\\\/\\\/www.escalade.pro\\\/news\\\/ouverture-pelerins-flammes-enfer-jeff-mercier\\\/#primaryimage\"},\"thumbnailUrl\":\"https:\\\/\\\/www.escalade.pro\\\/news\\\/wp-content\\\/uploads\\\/2017\\\/01\\\/flammes-enfer.jpg\",\"articleSection\":[\"Alpinisme\",\"News et actu\",\"Vid\u00e9os\"],\"inLanguage\":\"fr-FR\",\"potentialAction\":[{\"@type\":\"CommentAction\",\"name\":\"Comment\",\"target\":[\"https:\\\/\\\/www.escalade.pro\\\/news\\\/ouverture-pelerins-flammes-enfer-jeff-mercier\\\/#respond\"]}]},{\"@type\":\"WebPage\",\"@id\":\"https:\\\/\\\/www.escalade.pro\\\/news\\\/ouverture-pelerins-flammes-enfer-jeff-mercier\\\/\",\"url\":\"https:\\\/\\\/www.escalade.pro\\\/news\\\/ouverture-pelerins-flammes-enfer-jeff-mercier\\\/\",\"name\":\"Nouvelle ouverture aux P\u00e9lerins: \\\"Les Flammes de l'Enfer\\\" par Jeff Mercier &#8211; L&#039;Arqu\u00e9e Libre - Fred Vionnet entraineur\\\/moniteur escalade\",\"isPartOf\":{\"@id\":\"https:\\\/\\\/www.escalade.pro\\\/news\\\/#website\"},\"primaryImageOfPage\":{\"@id\":\"https:\\\/\\\/www.escalade.pro\\\/news\\\/ouverture-pelerins-flammes-enfer-jeff-mercier\\\/#primaryimage\"},\"image\":{\"@id\":\"https:\\\/\\\/www.escalade.pro\\\/news\\\/ouverture-pelerins-flammes-enfer-jeff-mercier\\\/#primaryimage\"},\"thumbnailUrl\":\"https:\\\/\\\/www.escalade.pro\\\/news\\\/wp-content\\\/uploads\\\/2017\\\/01\\\/flammes-enfer.jpg\",\"datePublished\":\"2017-01-06T10:38:55+00:00\",\"dateModified\":\"2017-01-06T10:44:37+00:00\",\"breadcrumb\":{\"@id\":\"https:\\\/\\\/www.escalade.pro\\\/news\\\/ouverture-pelerins-flammes-enfer-jeff-mercier\\\/#breadcrumb\"},\"inLanguage\":\"fr-FR\",\"potentialAction\":[{\"@type\":\"ReadAction\",\"target\":[\"https:\\\/\\\/www.escalade.pro\\\/news\\\/ouverture-pelerins-flammes-enfer-jeff-mercier\\\/\"]}]},{\"@type\":\"ImageObject\",\"inLanguage\":\"fr-FR\",\"@id\":\"https:\\\/\\\/www.escalade.pro\\\/news\\\/ouverture-pelerins-flammes-enfer-jeff-mercier\\\/#primaryimage\",\"url\":\"https:\\\/\\\/www.escalade.pro\\\/news\\\/wp-content\\\/uploads\\\/2017\\\/01\\\/flammes-enfer.jpg\",\"contentUrl\":\"https:\\\/\\\/www.escalade.pro\\\/news\\\/wp-content\\\/uploads\\\/2017\\\/01\\\/flammes-enfer.jpg\",\"width\":720,\"height\":960},{\"@type\":\"BreadcrumbList\",\"@id\":\"https:\\\/\\\/www.escalade.pro\\\/news\\\/ouverture-pelerins-flammes-enfer-jeff-mercier\\\/#breadcrumb\",\"itemListElement\":[{\"@type\":\"ListItem\",\"position\":1,\"name\":\"Accueil\",\"item\":\"https:\\\/\\\/www.escalade.pro\\\/news\\\/\"},{\"@type\":\"ListItem\",\"position\":2,\"name\":\"Nouvelle ouverture aux P\u00e9lerins: \u00ab\u00a0Les Flammes de l&rsquo;Enfer\u00a0\u00bb par Jeff Mercier\"}]},{\"@type\":\"WebSite\",\"@id\":\"https:\\\/\\\/www.escalade.pro\\\/news\\\/#website\",\"url\":\"https:\\\/\\\/www.escalade.pro\\\/news\\\/\",\"name\":\"L&#039;Arqu\u00e9e Libre - Fred Vionnet entraineur\\\/moniteur escalade\",\"description\":\"Coaching et entrainement escalade. Buoux, C\u00e9\u00fcse et Fontainebleau.\",\"publisher\":{\"@id\":\"https:\\\/\\\/www.escalade.pro\\\/news\\\/#organization\"},\"potentialAction\":[{\"@type\":\"SearchAction\",\"target\":{\"@type\":\"EntryPoint\",\"urlTemplate\":\"https:\\\/\\\/www.escalade.pro\\\/news\\\/?s={search_term_string}\"},\"query-input\":{\"@type\":\"PropertyValueSpecification\",\"valueRequired\":true,\"valueName\":\"search_term_string\"}}],\"inLanguage\":\"fr-FR\"},{\"@type\":\"Organization\",\"@id\":\"https:\\\/\\\/www.escalade.pro\\\/news\\\/#organization\",\"name\":\"L&#039;Arqu\u00e9e Libre - Fred Vionnet entraineur\\\/moniteur escalade\",\"url\":\"https:\\\/\\\/www.escalade.pro\\\/news\\\/\",\"logo\":{\"@type\":\"ImageObject\",\"inLanguage\":\"fr-FR\",\"@id\":\"https:\\\/\\\/www.escalade.pro\\\/news\\\/#\\\/schema\\\/logo\\\/image\\\/\",\"url\":\"https:\\\/\\\/www.escalade.pro\\\/news\\\/wp-content\\\/uploads\\\/2026\\\/04\\\/logo-wp-AL-avril-2026-1.jpg\",\"contentUrl\":\"https:\\\/\\\/www.escalade.pro\\\/news\\\/wp-content\\\/uploads\\\/2026\\\/04\\\/logo-wp-AL-avril-2026-1.jpg\",\"width\":1955,\"height\":902,\"caption\":\"L&#039;Arqu\u00e9e Libre - Fred Vionnet entraineur\\\/moniteur escalade\"},\"image\":{\"@id\":\"https:\\\/\\\/www.escalade.pro\\\/news\\\/#\\\/schema\\\/logo\\\/image\\\/\"},\"sameAs\":[\"https:\\\/\\\/www.facebook.com\\\/grimpisme\\\/\",\"https:\\\/\\\/www.instagram.com\\\/grimpisme\\\/\",\"https:\\\/\\\/www.linkedin.com\\\/in\\\/fred-vionnet-6284b96a\\\/\",\"https:\\\/\\\/fr.pinterest.com\\\/grimpisme\\\/\",\"https:\\\/\\\/www.youtube.com\\\/@grimpisme\"]},{\"@type\":\"Person\",\"@id\":\"https:\\\/\\\/www.escalade.pro\\\/news\\\/#\\\/schema\\\/person\\\/e0e0520aa48cfda56ae5406c2fe2caeb\",\"name\":\"Fred Vionnet\",\"image\":{\"@type\":\"ImageObject\",\"inLanguage\":\"fr-FR\",\"@id\":\"https:\\\/\\\/secure.gravatar.com\\\/avatar\\\/a2f6c5fc695da895033dcd95afaa6aeda795d5122ab3a22a03e24aab7f3d96a6?s=96&d=blank&r=g\",\"url\":\"https:\\\/\\\/secure.gravatar.com\\\/avatar\\\/a2f6c5fc695da895033dcd95afaa6aeda795d5122ab3a22a03e24aab7f3d96a6?s=96&d=blank&r=g\",\"contentUrl\":\"https:\\\/\\\/secure.gravatar.com\\\/avatar\\\/a2f6c5fc695da895033dcd95afaa6aeda795d5122ab3a22a03e24aab7f3d96a6?s=96&d=blank&r=g\",\"caption\":\"Fred Vionnet\"},\"description\":\"Coach escalade en Haute Savoie. Pas contre une grande voie non plus. Mais on va \u00e0 C\u00e9\u00fcse, Fontainebleau, Buoux ou encore les Gorges du Verdon quand vous voulez.\",\"sameAs\":[\"http:\\\/\\\/www.grimpisme.com\",\"https:\\\/\\\/www.facebook.com\\\/fredCaillouXvionnet\",\"https:\\\/\\\/www.linkedin.com\\\/profile\\\/preview?vpa=pub&locale=fr_FR\",\"https:\\\/\\\/fr.pinterest.com\\\/grimpisme\\\/\",\"https:\\\/\\\/www.youtube.com\\\/user\\\/grimpisme\",\"https:\\\/\\\/soundcloud.com\\\/fredvionnet\"],\"url\":\"https:\\\/\\\/www.escalade.pro\\\/news\\\/author\\\/fred\\\/\"}]}<\/script>\n<!-- \/ Yoast SEO plugin. -->","yoast_head_json":{"title":"Nouvelle ouverture aux P\u00e9lerins: \"Les Flammes de l'Enfer\" par Jeff Mercier &#8211; L&#039;Arqu\u00e9e Libre - Fred Vionnet entraineur\/moniteur escalade","robots":{"index":"index","follow":"follow","max-snippet":"max-snippet:-1","max-image-preview":"max-image-preview:large","max-video-preview":"max-video-preview:-1"},"canonical":"https:\/\/www.escalade.pro\/news\/ouverture-pelerins-flammes-enfer-jeff-mercier\/","og_locale":"fr_FR","og_type":"article","og_title":"Nouvelle ouverture aux P\u00e9lerins: \"Les Flammes de l'Enfer\" par Jeff Mercier &#8211; L&#039;Arqu\u00e9e Libre - Fred Vionnet entraineur\/moniteur escalade","og_description":"Toujours aussi actif, le sp\u00e9cialiste du mixte Jeff Mercier a ouvert \u00ab\u00a0Les Flammes de l&rsquo;Enfer\u00a0\u00bb (85\u00b0, M7) en face nord","og_url":"https:\/\/www.escalade.pro\/news\/ouverture-pelerins-flammes-enfer-jeff-mercier\/","og_site_name":"L&#039;Arqu\u00e9e Libre - Fred Vionnet entraineur\/moniteur escalade","article_publisher":"https:\/\/www.facebook.com\/grimpisme\/","article_author":"https:\/\/www.facebook.com\/fredCaillouXvionnet","article_published_time":"2017-01-06T10:38:55+00:00","article_modified_time":"2017-01-06T10:44:37+00:00","og_image":[{"width":720,"height":960,"url":"https:\/\/www.escalade.pro\/news\/wp-content\/uploads\/2017\/01\/flammes-enfer.jpg","type":"image\/jpeg"}],"author":"Fred Vionnet","twitter_card":"summary_large_image","twitter_misc":{"\u00c9crit par":"Fred Vionnet","Dur\u00e9e de lecture estim\u00e9e":"1 minute"},"schema":{"@context":"https:\/\/schema.org","@graph":[{"@type":"Article","@id":"https:\/\/www.escalade.pro\/news\/ouverture-pelerins-flammes-enfer-jeff-mercier\/#article","isPartOf":{"@id":"https:\/\/www.escalade.pro\/news\/ouverture-pelerins-flammes-enfer-jeff-mercier\/"},"author":{"name":"Fred Vionnet","@id":"https:\/\/www.escalade.pro\/news\/#\/schema\/person\/e0e0520aa48cfda56ae5406c2fe2caeb"},"headline":"Nouvelle ouverture aux P\u00e9lerins: \u00ab\u00a0Les Flammes de l&rsquo;Enfer\u00a0\u00bb par Jeff Mercier","datePublished":"2017-01-06T10:38:55+00:00","dateModified":"2017-01-06T10:44:37+00:00","mainEntityOfPage":{"@id":"https:\/\/www.escalade.pro\/news\/ouverture-pelerins-flammes-enfer-jeff-mercier\/"},"wordCount":252,"commentCount":0,"publisher":{"@id":"https:\/\/www.escalade.pro\/news\/#organization"},"image":{"@id":"https:\/\/www.escalade.pro\/news\/ouverture-pelerins-flammes-enfer-jeff-mercier\/#primaryimage"},"thumbnailUrl":"https:\/\/www.escalade.pro\/news\/wp-content\/uploads\/2017\/01\/flammes-enfer.jpg","articleSection":["Alpinisme","News et actu","Vid\u00e9os"],"inLanguage":"fr-FR","potentialAction":[{"@type":"CommentAction","name":"Comment","target":["https:\/\/www.escalade.pro\/news\/ouverture-pelerins-flammes-enfer-jeff-mercier\/#respond"]}]},{"@type":"WebPage","@id":"https:\/\/www.escalade.pro\/news\/ouverture-pelerins-flammes-enfer-jeff-mercier\/","url":"https:\/\/www.escalade.pro\/news\/ouverture-pelerins-flammes-enfer-jeff-mercier\/","name":"Nouvelle ouverture aux P\u00e9lerins: \"Les Flammes de l'Enfer\" par Jeff Mercier &#8211; L&#039;Arqu\u00e9e Libre - Fred Vionnet entraineur\/moniteur escalade","isPartOf":{"@id":"https:\/\/www.escalade.pro\/news\/#website"},"primaryImageOfPage":{"@id":"https:\/\/www.escalade.pro\/news\/ouverture-pelerins-flammes-enfer-jeff-mercier\/#primaryimage"},"image":{"@id":"https:\/\/www.escalade.pro\/news\/ouverture-pelerins-flammes-enfer-jeff-mercier\/#primaryimage"},"thumbnailUrl":"https:\/\/www.escalade.pro\/news\/wp-content\/uploads\/2017\/01\/flammes-enfer.jpg","datePublished":"2017-01-06T10:38:55+00:00","dateModified":"2017-01-06T10:44:37+00:00","breadcrumb":{"@id":"https:\/\/www.escalade.pro\/news\/ouverture-pelerins-flammes-enfer-jeff-mercier\/#breadcrumb"},"inLanguage":"fr-FR","potentialAction":[{"@type":"ReadAction","target":["https:\/\/www.escalade.pro\/news\/ouverture-pelerins-flammes-enfer-jeff-mercier\/"]}]},{"@type":"ImageObject","inLanguage":"fr-FR","@id":"https:\/\/www.escalade.pro\/news\/ouverture-pelerins-flammes-enfer-jeff-mercier\/#primaryimage","url":"https:\/\/www.escalade.pro\/news\/wp-content\/uploads\/2017\/01\/flammes-enfer.jpg","contentUrl":"https:\/\/www.escalade.pro\/news\/wp-content\/uploads\/2017\/01\/flammes-enfer.jpg","width":720,"height":960},{"@type":"BreadcrumbList","@id":"https:\/\/www.escalade.pro\/news\/ouverture-pelerins-flammes-enfer-jeff-mercier\/#breadcrumb","itemListElement":[{"@type":"ListItem","position":1,"name":"Accueil","item":"https:\/\/www.escalade.pro\/news\/"},{"@type":"ListItem","position":2,"name":"Nouvelle ouverture aux P\u00e9lerins: \u00ab\u00a0Les Flammes de l&rsquo;Enfer\u00a0\u00bb par Jeff Mercier"}]},{"@type":"WebSite","@id":"https:\/\/www.escalade.pro\/news\/#website","url":"https:\/\/www.escalade.pro\/news\/","name":"L&#039;Arqu\u00e9e Libre - Fred Vionnet entraineur\/moniteur escalade","description":"Coaching et entrainement escalade. Buoux, C\u00e9\u00fcse et Fontainebleau.","publisher":{"@id":"https:\/\/www.escalade.pro\/news\/#organization"},"potentialAction":[{"@type":"SearchAction","target":{"@type":"EntryPoint","urlTemplate":"https:\/\/www.escalade.pro\/news\/?s={search_term_string}"},"query-input":{"@type":"PropertyValueSpecification","valueRequired":true,"valueName":"search_term_string"}}],"inLanguage":"fr-FR"},{"@type":"Organization","@id":"https:\/\/www.escalade.pro\/news\/#organization","name":"L&#039;Arqu\u00e9e Libre - Fred Vionnet entraineur\/moniteur escalade","url":"https:\/\/www.escalade.pro\/news\/","logo":{"@type":"ImageObject","inLanguage":"fr-FR","@id":"https:\/\/www.escalade.pro\/news\/#\/schema\/logo\/image\/","url":"https:\/\/www.escalade.pro\/news\/wp-content\/uploads\/2026\/04\/logo-wp-AL-avril-2026-1.jpg","contentUrl":"https:\/\/www.escalade.pro\/news\/wp-content\/uploads\/2026\/04\/logo-wp-AL-avril-2026-1.jpg","width":1955,"height":902,"caption":"L&#039;Arqu\u00e9e Libre - Fred Vionnet entraineur\/moniteur escalade"},"image":{"@id":"https:\/\/www.escalade.pro\/news\/#\/schema\/logo\/image\/"},"sameAs":["https:\/\/www.facebook.com\/grimpisme\/","https:\/\/www.instagram.com\/grimpisme\/","https:\/\/www.linkedin.com\/in\/fred-vionnet-6284b96a\/","https:\/\/fr.pinterest.com\/grimpisme\/","https:\/\/www.youtube.com\/@grimpisme"]},{"@type":"Person","@id":"https:\/\/www.escalade.pro\/news\/#\/schema\/person\/e0e0520aa48cfda56ae5406c2fe2caeb","name":"Fred Vionnet","image":{"@type":"ImageObject","inLanguage":"fr-FR","@id":"https:\/\/secure.gravatar.com\/avatar\/a2f6c5fc695da895033dcd95afaa6aeda795d5122ab3a22a03e24aab7f3d96a6?s=96&d=blank&r=g","url":"https:\/\/secure.gravatar.com\/avatar\/a2f6c5fc695da895033dcd95afaa6aeda795d5122ab3a22a03e24aab7f3d96a6?s=96&d=blank&r=g","contentUrl":"https:\/\/secure.gravatar.com\/avatar\/a2f6c5fc695da895033dcd95afaa6aeda795d5122ab3a22a03e24aab7f3d96a6?s=96&d=blank&r=g","caption":"Fred Vionnet"},"description":"Coach escalade en Haute Savoie. Pas contre une grande voie non plus. Mais on va \u00e0 C\u00e9\u00fcse, Fontainebleau, Buoux ou encore les Gorges du Verdon quand vous voulez.","sameAs":["http:\/\/www.grimpisme.com","https:\/\/www.facebook.com\/fredCaillouXvionnet","https:\/\/www.linkedin.com\/profile\/preview?vpa=pub&locale=fr_FR","https:\/\/fr.pinterest.com\/grimpisme\/","https:\/\/www.youtube.com\/user\/grimpisme","https:\/\/soundcloud.com\/fredvionnet"],"url":"https:\/\/www.escalade.pro\/news\/author\/fred\/"}]}},"jetpack_publicize_connections":[],"jetpack_featured_media_url":"https:\/\/www.escalade.pro\/news\/wp-content\/uploads\/2017\/01\/flammes-enfer.jpg","jetpack_sharing_enabled":true,"jetpack_shortlink":"https:\/\/wp.me\/p68Rw6-3uP","jetpack-related-posts":[{"id":10651,"url":"https:\/\/www.escalade.pro\/news\/nouvelle-voie-rognon-plan-universal-studio-mercier-chatelan\/","url_meta":{"origin":13443,"position":0},"title":"Nouvelle voie au Rognon du Plan: \u00ab\u00a0Universal Studio\u00a0\u00bb M8\/650m par Mercier et Chatelan","author":"Fred Vionnet","date":"13 mai 2016","format":false,"excerpt":"Le 5 mai 2016 Jeff Mercier et Simon Chatelan (simonchatelan.blogspot.fr) ouvraient \"Universal Studio\" (M8\/650m) au Rognon du Plan (face NW, 3601m, massif du Mont Blanc). Jeff raconte: \"J'aime beaucoup ce secteur dont l'int\u00e9r\u00eat m'a frapp\u00e9 alors que je parcourais en \u00e9t\u00e9 l'ar\u00eate Peigne-P\u00e9lerins-Aiguille des Deux Aigles-Aiguille du Plan. On atteint\u2026","rel":"","context":"Dans &quot;Alpinisme&quot;","block_context":{"text":"Alpinisme","link":"https:\/\/www.escalade.pro\/news\/category\/alpinisme\/"},"img":{"alt_text":"\"Universal Studio\", trac\u00e9 jaune","src":"https:\/\/i0.wp.com\/www.escalade.pro\/news\/wp-content\/uploads\/2016\/05\/universal_studio_1-225x300.jpg?resize=350%2C200","width":350,"height":200},"classes":[]},{"id":12376,"url":"https:\/\/www.escalade.pro\/news\/arete-papillons-voie-normale-peigne\/","url_meta":{"origin":13443,"position":1},"title":"Ar\u00eate des Papillons et voie normale du Peigne","author":"Fred Vionnet","date":"8 ao\u00fbt 2016","format":false,"excerpt":"Apr\u00e8s l'Aiguille de l'M le weekend dernier (voir cet article), on reste dans les classiques chamoniardes avec la c\u00e9l\u00e9brissime ar\u00eate des Papillons \u00e0 l'Aiguille du Peigne. Cette fois-ci le rocher est beaucoup moins patin\u00e9, mais juste assez marqu\u00e9 pour aider \u00e0 trouver le bon passage. Partis les premiers apr\u00e8s un\u2026","rel":"","context":"Dans &quot;Alpinisme&quot;","block_context":{"text":"Alpinisme","link":"https:\/\/www.escalade.pro\/news\/category\/alpinisme\/"},"img":{"alt_text":"","src":"https:\/\/i0.wp.com\/www.escalade.pro\/news\/wp-content\/uploads\/2016\/08\/DSCF4476-1.jpg?resize=350%2C200&ssl=1","width":350,"height":200,"srcset":"https:\/\/i0.wp.com\/www.escalade.pro\/news\/wp-content\/uploads\/2016\/08\/DSCF4476-1.jpg?resize=350%2C200&ssl=1 1x, https:\/\/i0.wp.com\/www.escalade.pro\/news\/wp-content\/uploads\/2016\/08\/DSCF4476-1.jpg?resize=525%2C300&ssl=1 1.5x, https:\/\/i0.wp.com\/www.escalade.pro\/news\/wp-content\/uploads\/2016\/08\/DSCF4476-1.jpg?resize=700%2C400&ssl=1 2x"},"classes":[]},{"id":5263,"url":"https:\/\/www.escalade.pro\/news\/gorges-verdon-voies-eviter-periode-nidification\/","url_meta":{"origin":13443,"position":2},"title":"Gorges du Verdon: voies \u00e0 \u00e9viter en p\u00e9riode de nidification","author":"Fred Vionnet","date":"22 mai 2015","format":false,"excerpt":"Le Parc Naturel R\u00e9gional du Verdon et la Ligue de Protection des Oiseaux mettent \u00e0 disposition des grimpeurs une liste et une cartographie des voies des Gorges du Verdon \u00e0 \u00e9viter sur le printemps et l'\u00e9t\u00e9 pour ne pas d\u00e9ranger la nidification des vautours fauves et des faucons p\u00e8lerins. Des\u2026","rel":"","context":"Dans &quot;Environnement&quot;","block_context":{"text":"Environnement","link":"https:\/\/www.escalade.pro\/news\/category\/environnement\/"},"img":{"alt_text":"escalade gorges verdon","src":"https:\/\/i0.wp.com\/www.escalade.pro\/news\/wp-content\/uploads\/2015\/05\/verdon_voies_vautours-300x124.jpg?resize=350%2C200","width":350,"height":200},"classes":[]},{"id":19597,"url":"https:\/\/www.escalade.pro\/news\/aiguille-peigne-lepidopteres-arete-sw\/","url_meta":{"origin":13443,"position":3},"title":"Aiguille du Peigne: \u00ab\u00a0Lepidopt\u00e8res\u00a0\u00bb et ar\u00eate SW","author":"Fred Vionnet","date":"31 juillet 2020","format":false,"excerpt":"Apr\u00e8s un bivouac royal au-dessus du Lac Bleu, nous grimpons cette fois par \u00ab Les L\u00e9pidopt\u00e8res \u00bb puis l\u2019ar\u00eate SW, reliant les 2 itin\u00e9raires pas une partie de varappe sur la voie normale.","rel":"","context":"Dans &quot;Alpinisme&quot;","block_context":{"text":"Alpinisme","link":"https:\/\/www.escalade.pro\/news\/category\/alpinisme\/"},"img":{"alt_text":"fissure lepiney aiguille peigne","src":"https:\/\/i0.wp.com\/www.escalade.pro\/news\/wp-content\/uploads\/2020\/07\/WhatsApp-Image-2020-07-27-at-19.51.15-1.jpg?resize=350%2C200&ssl=1","width":350,"height":200,"srcset":"https:\/\/i0.wp.com\/www.escalade.pro\/news\/wp-content\/uploads\/2020\/07\/WhatsApp-Image-2020-07-27-at-19.51.15-1.jpg?resize=350%2C200&ssl=1 1x, https:\/\/i0.wp.com\/www.escalade.pro\/news\/wp-content\/uploads\/2020\/07\/WhatsApp-Image-2020-07-27-at-19.51.15-1.jpg?resize=525%2C300&ssl=1 1.5x, https:\/\/i0.wp.com\/www.escalade.pro\/news\/wp-content\/uploads\/2020\/07\/WhatsApp-Image-2020-07-27-at-19.51.15-1.jpg?resize=700%2C400&ssl=1 2x"},"classes":[]},{"id":3504,"url":"https:\/\/www.escalade.pro\/news\/video-beyond-good-and-evil\/","url_meta":{"origin":13443,"position":4},"title":"Video: \u00ab\u00a0Beyond Good and Evil\u00a0\u00bbVid\u00e9o: la mythique \u00ab\u00a0Beyond Good and Evil\u00a0\u00bb","author":"Fred Vionnet","date":"1 octobre 2014","format":false,"excerpt":"\"In the house of pain we were chained together searching for our truth, beyond good and evil .\" Friedrich Nietzsche It has mythical status in the mixed climbing world: \u201cBeyond Good and Evil\u201d is an extremely difficult route on the Mont Blanc range, and over the years it has become\u2026","rel":"","context":"Dans &quot;Alpinisme&quot;","block_context":{"text":"Alpinisme","link":"https:\/\/www.escalade.pro\/news\/category\/alpinisme\/"},"img":{"alt_text":"","src":"","width":0,"height":0},"classes":[]},{"id":16869,"url":"https:\/\/www.escalade.pro\/news\/escalade-aiguille-dibona\/","url_meta":{"origin":13443,"position":5},"title":"Escalade \u00e0 l&rsquo;Aiguille Dibona","author":"Thibault Beck","date":"16 septembre 2018","format":false,"excerpt":"Elles sont quelques-unes, fi\u00e8res et \u00e9lanc\u00e9es, \u00e0 d\u00e9fier les lois de la physique. L\u2019Aiguille de la R\u00e9publique, le Campanile di Basso, Totem Pole\u2026 Parmi ces dames voltigeuses, l\u2019Aiguille Dibona et ces 3131m d\u2019altitude tiennent une place de choix.","rel":"","context":"Dans &quot;Alpinisme&quot;","block_context":{"text":"Alpinisme","link":"https:\/\/www.escalade.pro\/news\/category\/alpinisme\/"},"img":{"alt_text":"aiguille dibona","src":"https:\/\/i0.wp.com\/www.escalade.pro\/news\/wp-content\/uploads\/2018\/09\/thumb_DSC00436_1024.jpg?resize=350%2C200&ssl=1","width":350,"height":200,"srcset":"https:\/\/i0.wp.com\/www.escalade.pro\/news\/wp-content\/uploads\/2018\/09\/thumb_DSC00436_1024.jpg?resize=350%2C200&ssl=1 1x, https:\/\/i0.wp.com\/www.escalade.pro\/news\/wp-content\/uploads\/2018\/09\/thumb_DSC00436_1024.jpg?resize=525%2C300&ssl=1 1.5x"},"classes":[]}],"_links":{"self":[{"href":"https:\/\/www.escalade.pro\/news\/wp-json\/wp\/v2\/posts\/13443","targetHints":{"allow":["GET"]}}],"collection":[{"href":"https:\/\/www.escalade.pro\/news\/wp-json\/wp\/v2\/posts"}],"about":[{"href":"https:\/\/www.escalade.pro\/news\/wp-json\/wp\/v2\/types\/post"}],"author":[{"embeddable":true,"href":"https:\/\/www.escalade.pro\/news\/wp-json\/wp\/v2\/users\/1"}],"replies":[{"embeddable":true,"href":"https:\/\/www.escalade.pro\/news\/wp-json\/wp\/v2\/comments?post=13443"}],"version-history":[{"count":10,"href":"https:\/\/www.escalade.pro\/news\/wp-json\/wp\/v2\/posts\/13443\/revisions"}],"predecessor-version":[{"id":13454,"href":"https:\/\/www.escalade.pro\/news\/wp-json\/wp\/v2\/posts\/13443\/revisions\/13454"}],"wp:featuredmedia":[{"embeddable":true,"href":"https:\/\/www.escalade.pro\/news\/wp-json\/wp\/v2\/media\/13445"}],"wp:attachment":[{"href":"https:\/\/www.escalade.pro\/news\/wp-json\/wp\/v2\/media?parent=13443"}],"wp:term":[{"taxonomy":"category","embeddable":true,"href":"https:\/\/www.escalade.pro\/news\/wp-json\/wp\/v2\/categories?post=13443"},{"taxonomy":"post_tag","embeddable":true,"href":"https:\/\/www.escalade.pro\/news\/wp-json\/wp\/v2\/tags?post=13443"}],"curies":[{"name":"wp","href":"https:\/\/api.w.org\/{rel}","templated":true}]}}