{"id":13239,"date":"2016-12-02T09:39:16","date_gmt":"2016-12-02T08:39:16","guid":{"rendered":"https:\/\/www.escalade.pro\/news\/?p=13239"},"modified":"2016-12-02T09:44:25","modified_gmt":"2016-12-02T08:44:25","slug":"video-ski-bon-appetit-islande","status":"publish","type":"post","link":"https:\/\/www.escalade.pro\/news\/video-ski-bon-appetit-islande\/","title":{"rendered":"Vid\u00e9o ski: Les Bon App\u00e9tit en Islande"},"content":{"rendered":"<p>Accompagn\u00e9s du slalomeur Victor Muffat Jeandet,<strong> les Bon App&rsquo;nous r\u00e9galent d&rsquo;un monstre \u00e9pisode 100% peaupow tourn\u00e9 en Islande.<\/strong> Paysages grandioses avec l&rsquo;utilisation d&rsquo;un dr\u00f4ne au top, mais surtout du super ski dans un autre monde avec simplicit\u00e9, humour et passion.<\/p>\n<p><iframe loading=\"lazy\" width=\"560\" height=\"315\" src=\"https:\/\/www.youtube.com\/embed\/Ef7tQuHoa0I\" frameborder=\"0\" allowfullscreen><\/iframe><\/p>\n","protected":false},"excerpt":{"rendered":"<p>Accompagn\u00e9s du slalomeur Victor Muffat Jeandet, les Bon App&rsquo;nous r\u00e9galent d&rsquo;un monstre \u00e9pisode 100% peaupow tourn\u00e9 en Islande. Paysages grandioses<\/p>\n","protected":false},"author":1,"featured_media":13240,"comment_status":"open","ping_status":"open","sticky":false,"template":"","format":"standard","meta":{"colormag_page_container_layout":"default_layout","colormag_page_sidebar_layout":"default_layout","_monsterinsights_skip_tracking":false,"_monsterinsights_sitenote_active":false,"_monsterinsights_sitenote_note":"","_monsterinsights_sitenote_category":0,"ngg_post_thumbnail":0,"jetpack_post_was_ever_published":false,"_jetpack_newsletter_access":"","_jetpack_dont_email_post_to_subs":true,"_jetpack_newsletter_tier_id":0,"_jetpack_memberships_contains_paywalled_content":false,"_jetpack_memberships_contains_paid_content":false,"footnotes":"","jetpack_publicize_message":"","jetpack_publicize_feature_enabled":true,"jetpack_social_post_already_shared":true,"jetpack_social_options":{"image_generator_settings":{"template":"highway","default_image_id":0,"font":"","enabled":false},"version":2}},"categories":[8,7],"tags":[],"class_list":["post-13239","post","type-post","status-publish","format-standard","has-post-thumbnail","hentry","category-ski-freeride","category-videos"],"yoast_head":"<!-- This site is optimized with the Yoast SEO plugin v27.5 - https:\/\/yoast.com\/product\/yoast-seo-wordpress\/ -->\n<title>Vid\u00e9o ski: Les Bon App\u00e9tit en Islande &#8211; L&#039;Arqu\u00e9e Libre - Fred Vionnet entraineur\/moniteur escalade<\/title>\n<meta name=\"robots\" content=\"index, follow, max-snippet:-1, max-image-preview:large, max-video-preview:-1\" \/>\n<link rel=\"canonical\" href=\"https:\/\/www.escalade.pro\/news\/video-ski-bon-appetit-islande\/\" \/>\n<meta property=\"og:locale\" content=\"fr_FR\" \/>\n<meta property=\"og:type\" content=\"article\" \/>\n<meta property=\"og:title\" content=\"Vid\u00e9o ski: Les Bon App\u00e9tit en Islande &#8211; L&#039;Arqu\u00e9e Libre - Fred Vionnet entraineur\/moniteur escalade\" \/>\n<meta property=\"og:description\" content=\"Accompagn\u00e9s du slalomeur Victor Muffat Jeandet, les Bon App&rsquo;nous r\u00e9galent d&rsquo;un monstre \u00e9pisode 100% peaupow tourn\u00e9 en Islande. Paysages grandioses\" \/>\n<meta property=\"og:url\" content=\"https:\/\/www.escalade.pro\/news\/video-ski-bon-appetit-islande\/\" \/>\n<meta property=\"og:site_name\" content=\"L&#039;Arqu\u00e9e Libre - Fred Vionnet entraineur\/moniteur escalade\" \/>\n<meta property=\"article:publisher\" content=\"https:\/\/www.facebook.com\/grimpisme\/\" \/>\n<meta property=\"article:author\" content=\"https:\/\/www.facebook.com\/fredCaillouXvionnet\" \/>\n<meta property=\"article:published_time\" content=\"2016-12-02T08:39:16+00:00\" \/>\n<meta property=\"article:modified_time\" content=\"2016-12-02T08:44:25+00:00\" \/>\n<meta property=\"og:image\" content=\"https:\/\/www.escalade.pro\/news\/wp-content\/uploads\/2016\/12\/bon-appetit-islande.png\" \/>\n\t<meta property=\"og:image:width\" content=\"851\" \/>\n\t<meta property=\"og:image:height\" content=\"475\" \/>\n\t<meta property=\"og:image:type\" content=\"image\/png\" \/>\n<meta name=\"author\" content=\"Fred Vionnet\" \/>\n<meta name=\"twitter:card\" content=\"summary_large_image\" \/>\n<meta name=\"twitter:label1\" content=\"\u00c9crit par\" \/>\n\t<meta name=\"twitter:data1\" content=\"Fred Vionnet\" \/>\n<script type=\"application\/ld+json\" class=\"yoast-schema-graph\">{\"@context\":\"https:\\\/\\\/schema.org\",\"@graph\":[{\"@type\":\"Article\",\"@id\":\"https:\\\/\\\/www.escalade.pro\\\/news\\\/video-ski-bon-appetit-islande\\\/#article\",\"isPartOf\":{\"@id\":\"https:\\\/\\\/www.escalade.pro\\\/news\\\/video-ski-bon-appetit-islande\\\/\"},\"author\":{\"name\":\"Fred Vionnet\",\"@id\":\"https:\\\/\\\/www.escalade.pro\\\/news\\\/#\\\/schema\\\/person\\\/e0e0520aa48cfda56ae5406c2fe2caeb\"},\"headline\":\"Vid\u00e9o ski: Les Bon App\u00e9tit en Islande\",\"datePublished\":\"2016-12-02T08:39:16+00:00\",\"dateModified\":\"2016-12-02T08:44:25+00:00\",\"mainEntityOfPage\":{\"@id\":\"https:\\\/\\\/www.escalade.pro\\\/news\\\/video-ski-bon-appetit-islande\\\/\"},\"wordCount\":51,\"commentCount\":0,\"publisher\":{\"@id\":\"https:\\\/\\\/www.escalade.pro\\\/news\\\/#organization\"},\"image\":{\"@id\":\"https:\\\/\\\/www.escalade.pro\\\/news\\\/video-ski-bon-appetit-islande\\\/#primaryimage\"},\"thumbnailUrl\":\"https:\\\/\\\/www.escalade.pro\\\/news\\\/wp-content\\\/uploads\\\/2016\\\/12\\\/bon-appetit-islande.png\",\"articleSection\":[\"Ski de rando et freeride\",\"Vid\u00e9os\"],\"inLanguage\":\"fr-FR\",\"potentialAction\":[{\"@type\":\"CommentAction\",\"name\":\"Comment\",\"target\":[\"https:\\\/\\\/www.escalade.pro\\\/news\\\/video-ski-bon-appetit-islande\\\/#respond\"]}]},{\"@type\":\"WebPage\",\"@id\":\"https:\\\/\\\/www.escalade.pro\\\/news\\\/video-ski-bon-appetit-islande\\\/\",\"url\":\"https:\\\/\\\/www.escalade.pro\\\/news\\\/video-ski-bon-appetit-islande\\\/\",\"name\":\"Vid\u00e9o ski: Les Bon App\u00e9tit en Islande &#8211; L&#039;Arqu\u00e9e Libre - Fred Vionnet entraineur\\\/moniteur escalade\",\"isPartOf\":{\"@id\":\"https:\\\/\\\/www.escalade.pro\\\/news\\\/#website\"},\"primaryImageOfPage\":{\"@id\":\"https:\\\/\\\/www.escalade.pro\\\/news\\\/video-ski-bon-appetit-islande\\\/#primaryimage\"},\"image\":{\"@id\":\"https:\\\/\\\/www.escalade.pro\\\/news\\\/video-ski-bon-appetit-islande\\\/#primaryimage\"},\"thumbnailUrl\":\"https:\\\/\\\/www.escalade.pro\\\/news\\\/wp-content\\\/uploads\\\/2016\\\/12\\\/bon-appetit-islande.png\",\"datePublished\":\"2016-12-02T08:39:16+00:00\",\"dateModified\":\"2016-12-02T08:44:25+00:00\",\"breadcrumb\":{\"@id\":\"https:\\\/\\\/www.escalade.pro\\\/news\\\/video-ski-bon-appetit-islande\\\/#breadcrumb\"},\"inLanguage\":\"fr-FR\",\"potentialAction\":[{\"@type\":\"ReadAction\",\"target\":[\"https:\\\/\\\/www.escalade.pro\\\/news\\\/video-ski-bon-appetit-islande\\\/\"]}]},{\"@type\":\"ImageObject\",\"inLanguage\":\"fr-FR\",\"@id\":\"https:\\\/\\\/www.escalade.pro\\\/news\\\/video-ski-bon-appetit-islande\\\/#primaryimage\",\"url\":\"https:\\\/\\\/www.escalade.pro\\\/news\\\/wp-content\\\/uploads\\\/2016\\\/12\\\/bon-appetit-islande.png\",\"contentUrl\":\"https:\\\/\\\/www.escalade.pro\\\/news\\\/wp-content\\\/uploads\\\/2016\\\/12\\\/bon-appetit-islande.png\",\"width\":851,\"height\":475},{\"@type\":\"BreadcrumbList\",\"@id\":\"https:\\\/\\\/www.escalade.pro\\\/news\\\/video-ski-bon-appetit-islande\\\/#breadcrumb\",\"itemListElement\":[{\"@type\":\"ListItem\",\"position\":1,\"name\":\"Accueil\",\"item\":\"https:\\\/\\\/www.escalade.pro\\\/news\\\/\"},{\"@type\":\"ListItem\",\"position\":2,\"name\":\"Vid\u00e9o ski: Les Bon App\u00e9tit en Islande\"}]},{\"@type\":\"WebSite\",\"@id\":\"https:\\\/\\\/www.escalade.pro\\\/news\\\/#website\",\"url\":\"https:\\\/\\\/www.escalade.pro\\\/news\\\/\",\"name\":\"L&#039;Arqu\u00e9e Libre - Fred Vionnet entraineur\\\/moniteur escalade\",\"description\":\"Coaching et entrainement escalade. Buoux, C\u00e9\u00fcse et Fontainebleau.\",\"publisher\":{\"@id\":\"https:\\\/\\\/www.escalade.pro\\\/news\\\/#organization\"},\"potentialAction\":[{\"@type\":\"SearchAction\",\"target\":{\"@type\":\"EntryPoint\",\"urlTemplate\":\"https:\\\/\\\/www.escalade.pro\\\/news\\\/?s={search_term_string}\"},\"query-input\":{\"@type\":\"PropertyValueSpecification\",\"valueRequired\":true,\"valueName\":\"search_term_string\"}}],\"inLanguage\":\"fr-FR\"},{\"@type\":\"Organization\",\"@id\":\"https:\\\/\\\/www.escalade.pro\\\/news\\\/#organization\",\"name\":\"L&#039;Arqu\u00e9e Libre - Fred Vionnet entraineur\\\/moniteur escalade\",\"url\":\"https:\\\/\\\/www.escalade.pro\\\/news\\\/\",\"logo\":{\"@type\":\"ImageObject\",\"inLanguage\":\"fr-FR\",\"@id\":\"https:\\\/\\\/www.escalade.pro\\\/news\\\/#\\\/schema\\\/logo\\\/image\\\/\",\"url\":\"https:\\\/\\\/www.escalade.pro\\\/news\\\/wp-content\\\/uploads\\\/2026\\\/04\\\/logo-wp-AL-avril-2026-1.jpg\",\"contentUrl\":\"https:\\\/\\\/www.escalade.pro\\\/news\\\/wp-content\\\/uploads\\\/2026\\\/04\\\/logo-wp-AL-avril-2026-1.jpg\",\"width\":1955,\"height\":902,\"caption\":\"L&#039;Arqu\u00e9e Libre - Fred Vionnet entraineur\\\/moniteur escalade\"},\"image\":{\"@id\":\"https:\\\/\\\/www.escalade.pro\\\/news\\\/#\\\/schema\\\/logo\\\/image\\\/\"},\"sameAs\":[\"https:\\\/\\\/www.facebook.com\\\/grimpisme\\\/\",\"https:\\\/\\\/www.instagram.com\\\/grimpisme\\\/\",\"https:\\\/\\\/www.linkedin.com\\\/in\\\/fred-vionnet-6284b96a\\\/\",\"https:\\\/\\\/fr.pinterest.com\\\/grimpisme\\\/\",\"https:\\\/\\\/www.youtube.com\\\/@grimpisme\"]},{\"@type\":\"Person\",\"@id\":\"https:\\\/\\\/www.escalade.pro\\\/news\\\/#\\\/schema\\\/person\\\/e0e0520aa48cfda56ae5406c2fe2caeb\",\"name\":\"Fred Vionnet\",\"image\":{\"@type\":\"ImageObject\",\"inLanguage\":\"fr-FR\",\"@id\":\"https:\\\/\\\/secure.gravatar.com\\\/avatar\\\/a2f6c5fc695da895033dcd95afaa6aeda795d5122ab3a22a03e24aab7f3d96a6?s=96&d=blank&r=g\",\"url\":\"https:\\\/\\\/secure.gravatar.com\\\/avatar\\\/a2f6c5fc695da895033dcd95afaa6aeda795d5122ab3a22a03e24aab7f3d96a6?s=96&d=blank&r=g\",\"contentUrl\":\"https:\\\/\\\/secure.gravatar.com\\\/avatar\\\/a2f6c5fc695da895033dcd95afaa6aeda795d5122ab3a22a03e24aab7f3d96a6?s=96&d=blank&r=g\",\"caption\":\"Fred Vionnet\"},\"description\":\"Coach escalade en Haute Savoie. Pas contre une grande voie non plus. Mais on va \u00e0 C\u00e9\u00fcse, Fontainebleau, Buoux ou encore les Gorges du Verdon quand vous voulez.\",\"sameAs\":[\"http:\\\/\\\/www.grimpisme.com\",\"https:\\\/\\\/www.facebook.com\\\/fredCaillouXvionnet\",\"https:\\\/\\\/www.linkedin.com\\\/profile\\\/preview?vpa=pub&locale=fr_FR\",\"https:\\\/\\\/fr.pinterest.com\\\/grimpisme\\\/\",\"https:\\\/\\\/www.youtube.com\\\/user\\\/grimpisme\",\"https:\\\/\\\/soundcloud.com\\\/fredvionnet\"],\"url\":\"https:\\\/\\\/www.escalade.pro\\\/news\\\/author\\\/fred\\\/\"}]}<\/script>\n<!-- \/ Yoast SEO plugin. -->","yoast_head_json":{"title":"Vid\u00e9o ski: Les Bon App\u00e9tit en Islande &#8211; L&#039;Arqu\u00e9e Libre - Fred Vionnet entraineur\/moniteur escalade","robots":{"index":"index","follow":"follow","max-snippet":"max-snippet:-1","max-image-preview":"max-image-preview:large","max-video-preview":"max-video-preview:-1"},"canonical":"https:\/\/www.escalade.pro\/news\/video-ski-bon-appetit-islande\/","og_locale":"fr_FR","og_type":"article","og_title":"Vid\u00e9o ski: Les Bon App\u00e9tit en Islande &#8211; L&#039;Arqu\u00e9e Libre - Fred Vionnet entraineur\/moniteur escalade","og_description":"Accompagn\u00e9s du slalomeur Victor Muffat Jeandet, les Bon App&rsquo;nous r\u00e9galent d&rsquo;un monstre \u00e9pisode 100% peaupow tourn\u00e9 en Islande. Paysages grandioses","og_url":"https:\/\/www.escalade.pro\/news\/video-ski-bon-appetit-islande\/","og_site_name":"L&#039;Arqu\u00e9e Libre - Fred Vionnet entraineur\/moniteur escalade","article_publisher":"https:\/\/www.facebook.com\/grimpisme\/","article_author":"https:\/\/www.facebook.com\/fredCaillouXvionnet","article_published_time":"2016-12-02T08:39:16+00:00","article_modified_time":"2016-12-02T08:44:25+00:00","og_image":[{"width":851,"height":475,"url":"https:\/\/www.escalade.pro\/news\/wp-content\/uploads\/2016\/12\/bon-appetit-islande.png","type":"image\/png"}],"author":"Fred Vionnet","twitter_card":"summary_large_image","twitter_misc":{"\u00c9crit par":"Fred Vionnet"},"schema":{"@context":"https:\/\/schema.org","@graph":[{"@type":"Article","@id":"https:\/\/www.escalade.pro\/news\/video-ski-bon-appetit-islande\/#article","isPartOf":{"@id":"https:\/\/www.escalade.pro\/news\/video-ski-bon-appetit-islande\/"},"author":{"name":"Fred Vionnet","@id":"https:\/\/www.escalade.pro\/news\/#\/schema\/person\/e0e0520aa48cfda56ae5406c2fe2caeb"},"headline":"Vid\u00e9o ski: Les Bon App\u00e9tit en Islande","datePublished":"2016-12-02T08:39:16+00:00","dateModified":"2016-12-02T08:44:25+00:00","mainEntityOfPage":{"@id":"https:\/\/www.escalade.pro\/news\/video-ski-bon-appetit-islande\/"},"wordCount":51,"commentCount":0,"publisher":{"@id":"https:\/\/www.escalade.pro\/news\/#organization"},"image":{"@id":"https:\/\/www.escalade.pro\/news\/video-ski-bon-appetit-islande\/#primaryimage"},"thumbnailUrl":"https:\/\/www.escalade.pro\/news\/wp-content\/uploads\/2016\/12\/bon-appetit-islande.png","articleSection":["Ski de rando et freeride","Vid\u00e9os"],"inLanguage":"fr-FR","potentialAction":[{"@type":"CommentAction","name":"Comment","target":["https:\/\/www.escalade.pro\/news\/video-ski-bon-appetit-islande\/#respond"]}]},{"@type":"WebPage","@id":"https:\/\/www.escalade.pro\/news\/video-ski-bon-appetit-islande\/","url":"https:\/\/www.escalade.pro\/news\/video-ski-bon-appetit-islande\/","name":"Vid\u00e9o ski: Les Bon App\u00e9tit en Islande &#8211; L&#039;Arqu\u00e9e Libre - Fred Vionnet entraineur\/moniteur escalade","isPartOf":{"@id":"https:\/\/www.escalade.pro\/news\/#website"},"primaryImageOfPage":{"@id":"https:\/\/www.escalade.pro\/news\/video-ski-bon-appetit-islande\/#primaryimage"},"image":{"@id":"https:\/\/www.escalade.pro\/news\/video-ski-bon-appetit-islande\/#primaryimage"},"thumbnailUrl":"https:\/\/www.escalade.pro\/news\/wp-content\/uploads\/2016\/12\/bon-appetit-islande.png","datePublished":"2016-12-02T08:39:16+00:00","dateModified":"2016-12-02T08:44:25+00:00","breadcrumb":{"@id":"https:\/\/www.escalade.pro\/news\/video-ski-bon-appetit-islande\/#breadcrumb"},"inLanguage":"fr-FR","potentialAction":[{"@type":"ReadAction","target":["https:\/\/www.escalade.pro\/news\/video-ski-bon-appetit-islande\/"]}]},{"@type":"ImageObject","inLanguage":"fr-FR","@id":"https:\/\/www.escalade.pro\/news\/video-ski-bon-appetit-islande\/#primaryimage","url":"https:\/\/www.escalade.pro\/news\/wp-content\/uploads\/2016\/12\/bon-appetit-islande.png","contentUrl":"https:\/\/www.escalade.pro\/news\/wp-content\/uploads\/2016\/12\/bon-appetit-islande.png","width":851,"height":475},{"@type":"BreadcrumbList","@id":"https:\/\/www.escalade.pro\/news\/video-ski-bon-appetit-islande\/#breadcrumb","itemListElement":[{"@type":"ListItem","position":1,"name":"Accueil","item":"https:\/\/www.escalade.pro\/news\/"},{"@type":"ListItem","position":2,"name":"Vid\u00e9o ski: Les Bon App\u00e9tit en Islande"}]},{"@type":"WebSite","@id":"https:\/\/www.escalade.pro\/news\/#website","url":"https:\/\/www.escalade.pro\/news\/","name":"L&#039;Arqu\u00e9e Libre - Fred Vionnet entraineur\/moniteur escalade","description":"Coaching et entrainement escalade. Buoux, C\u00e9\u00fcse et Fontainebleau.","publisher":{"@id":"https:\/\/www.escalade.pro\/news\/#organization"},"potentialAction":[{"@type":"SearchAction","target":{"@type":"EntryPoint","urlTemplate":"https:\/\/www.escalade.pro\/news\/?s={search_term_string}"},"query-input":{"@type":"PropertyValueSpecification","valueRequired":true,"valueName":"search_term_string"}}],"inLanguage":"fr-FR"},{"@type":"Organization","@id":"https:\/\/www.escalade.pro\/news\/#organization","name":"L&#039;Arqu\u00e9e Libre - Fred Vionnet entraineur\/moniteur escalade","url":"https:\/\/www.escalade.pro\/news\/","logo":{"@type":"ImageObject","inLanguage":"fr-FR","@id":"https:\/\/www.escalade.pro\/news\/#\/schema\/logo\/image\/","url":"https:\/\/www.escalade.pro\/news\/wp-content\/uploads\/2026\/04\/logo-wp-AL-avril-2026-1.jpg","contentUrl":"https:\/\/www.escalade.pro\/news\/wp-content\/uploads\/2026\/04\/logo-wp-AL-avril-2026-1.jpg","width":1955,"height":902,"caption":"L&#039;Arqu\u00e9e Libre - Fred Vionnet entraineur\/moniteur escalade"},"image":{"@id":"https:\/\/www.escalade.pro\/news\/#\/schema\/logo\/image\/"},"sameAs":["https:\/\/www.facebook.com\/grimpisme\/","https:\/\/www.instagram.com\/grimpisme\/","https:\/\/www.linkedin.com\/in\/fred-vionnet-6284b96a\/","https:\/\/fr.pinterest.com\/grimpisme\/","https:\/\/www.youtube.com\/@grimpisme"]},{"@type":"Person","@id":"https:\/\/www.escalade.pro\/news\/#\/schema\/person\/e0e0520aa48cfda56ae5406c2fe2caeb","name":"Fred Vionnet","image":{"@type":"ImageObject","inLanguage":"fr-FR","@id":"https:\/\/secure.gravatar.com\/avatar\/a2f6c5fc695da895033dcd95afaa6aeda795d5122ab3a22a03e24aab7f3d96a6?s=96&d=blank&r=g","url":"https:\/\/secure.gravatar.com\/avatar\/a2f6c5fc695da895033dcd95afaa6aeda795d5122ab3a22a03e24aab7f3d96a6?s=96&d=blank&r=g","contentUrl":"https:\/\/secure.gravatar.com\/avatar\/a2f6c5fc695da895033dcd95afaa6aeda795d5122ab3a22a03e24aab7f3d96a6?s=96&d=blank&r=g","caption":"Fred Vionnet"},"description":"Coach escalade en Haute Savoie. Pas contre une grande voie non plus. Mais on va \u00e0 C\u00e9\u00fcse, Fontainebleau, Buoux ou encore les Gorges du Verdon quand vous voulez.","sameAs":["http:\/\/www.grimpisme.com","https:\/\/www.facebook.com\/fredCaillouXvionnet","https:\/\/www.linkedin.com\/profile\/preview?vpa=pub&locale=fr_FR","https:\/\/fr.pinterest.com\/grimpisme\/","https:\/\/www.youtube.com\/user\/grimpisme","https:\/\/soundcloud.com\/fredvionnet"],"url":"https:\/\/www.escalade.pro\/news\/author\/fred\/"}]}},"jetpack_publicize_connections":[],"jetpack_featured_media_url":"https:\/\/www.escalade.pro\/news\/wp-content\/uploads\/2016\/12\/bon-appetit-islande.png","jetpack_sharing_enabled":true,"jetpack_shortlink":"https:\/\/wp.me\/p68Rw6-3rx","jetpack-related-posts":[{"id":11636,"url":"https:\/\/www.escalade.pro\/news\/ski-col-agnel-queyras\/","url_meta":{"origin":13239,"position":0},"title":"7 mai 2012&#8230; du bon ski au col Agnel","author":"Fred Vionnet","date":"7 mai 2012","format":false,"excerpt":"Pour certains ce lundi 7 mai 2012 est le d\u00e9but de la fin (les chars sovi\u00e9tiques sont d\u00e9j\u00e0 \u00e0 Oulx), pour d'autres ce sont les grandes esp\u00e9rances qui fleurissent (les banques vont arr\u00eater de mener le monde). Et bien pour nous ce sera du tr\u00e8s bon ski au sommet E\u2026","rel":"","context":"Dans &quot;Ski de rando et freeride&quot;","block_context":{"text":"Ski de rando et freeride","link":"https:\/\/www.escalade.pro\/news\/category\/ski-freeride\/"},"img":{"alt_text":"","src":"","width":0,"height":0},"classes":[]},{"id":14312,"url":"https:\/\/www.escalade.pro\/news\/ski-rando-cheval-blanc-emosson\/","url_meta":{"origin":13239,"position":1},"title":"Ski de rando: Cheval Blanc depuis Emosson","author":"Fred Vionnet","date":"9 mai 2017","format":false,"excerpt":"L\u2019enneigement n\u2019est \u00e9videmment pas \u00e9norme, les talus orient\u00e9s au sud se d\u00e9neigent tr\u00e8s vite et le torrent est d\u00e9j\u00e0 visible \u00e0 la sortie de la Gorge de la Veudale. Nous avons pu skier du bon velours \u00e0 peine lourd au Cheval Blanc, un r\u00e9gal, avec un panorama toujours aussi splendide\u2026","rel":"","context":"Dans &quot;Mes sorties - retours d'exp\u00e9rience&quot;","block_context":{"text":"Mes sorties - retours d'exp\u00e9rience","link":"https:\/\/www.escalade.pro\/news\/category\/mes-sorties\/"},"img":{"alt_text":"ski rando cheval blanc emosson","src":"https:\/\/i0.wp.com\/www.escalade.pro\/news\/wp-content\/uploads\/2017\/05\/P1100272-2.jpg?resize=350%2C200&ssl=1","width":350,"height":200,"srcset":"https:\/\/i0.wp.com\/www.escalade.pro\/news\/wp-content\/uploads\/2017\/05\/P1100272-2.jpg?resize=350%2C200&ssl=1 1x, https:\/\/i0.wp.com\/www.escalade.pro\/news\/wp-content\/uploads\/2017\/05\/P1100272-2.jpg?resize=525%2C300&ssl=1 1.5x, https:\/\/i0.wp.com\/www.escalade.pro\/news\/wp-content\/uploads\/2017\/05\/P1100272-2.jpg?resize=700%2C400&ssl=1 2x"},"classes":[]},{"id":11570,"url":"https:\/\/www.escalade.pro\/news\/ski-grande-combe\/","url_meta":{"origin":13239,"position":2},"title":"Grandes courbes \u00e0 la Grande Combe","author":"Fred Vionnet","date":"16 janvier 2011","format":false,"excerpt":"Du bon ski \u00e0 la Grande Combe avec Martial pour une sortie longue et sauvage. Dur dur avec les fats mont\u00e9s en Diamir, va falloir sortir plus r\u00e9guli\u00e8rement pour prendre la caisse. J'ai du les mettre sur le sac pour sortir le haut de la face nord et \u00e7a m'a\u2026","rel":"","context":"Dans &quot;Ski de rando et freeride&quot;","block_context":{"text":"Ski de rando et freeride","link":"https:\/\/www.escalade.pro\/news\/category\/ski-freeride\/"},"img":{"alt_text":"","src":"","width":0,"height":0},"classes":[]},{"id":11563,"url":"https:\/\/www.escalade.pro\/news\/ski-rando-montagne-crachet\/","url_meta":{"origin":13239,"position":3},"title":"Premi\u00e8res traces au Crachet","author":"Fred Vionnet","date":"23 novembre 2010","format":false,"excerpt":"Voil\u00e0 la saison est lanc\u00e9e! 8 jours en arri\u00e8re j'\u00e9tais encore dans le d\u00e9sert jordanien, et me voil\u00e0 ce matin dans la combe du Crachet, derri\u00e8re le col de Vars, avec Nelss et Oliv'. Malheureusement on n'a pas eu le temps d'aller en haut, sortie d'\u00e9cole \u00e0 12h00 oblige. La\u2026","rel":"","context":"Dans &quot;Ski de rando et freeride&quot;","block_context":{"text":"Ski de rando et freeride","link":"https:\/\/www.escalade.pro\/news\/category\/ski-freeride\/"},"img":{"alt_text":"","src":"","width":0,"height":0},"classes":[]},{"id":8149,"url":"https:\/\/www.escalade.pro\/news\/val-bon-app-s6ep4\/","url_meta":{"origin":13239,"position":4},"title":"Nouvelle station de ski: Val Bon App!","author":"Fred Vionnet","date":"25 mars 2016","format":false,"excerpt":"Merci les Bon App' d'avoir r\u00e9alis\u00e9 pour 2 jours un de mes r\u00eaves: un station de ski sans dameuses, sans resto d'altitude, sans rouges avec 15 gamins aux fesses de 7 nationalit\u00e9s diff\u00e9rentes, et surtout avec une utilisation des peaux obligatoire! Ok ils se sont mis une sacr\u00e9 mission et\u2026","rel":"","context":"Dans &quot;Ski de rando et freeride&quot;","block_context":{"text":"Ski de rando et freeride","link":"https:\/\/www.escalade.pro\/news\/category\/ski-freeride\/"},"img":{"alt_text":"","src":"","width":0,"height":0},"classes":[]},{"id":13700,"url":"https:\/\/www.escalade.pro\/news\/festival-film-montagne-banff-2017\/","url_meta":{"origin":13239,"position":5},"title":"Le festival du Film de Montagne de Banff revient en France","author":"Fred Vionnet","date":"23 f\u00e9vrier 2017","format":false,"excerpt":"L\u2019esprit d\u2019aventure est de retour sur les \u00e9crans fran\u00e7ais cet hiver, avec le meilleur du Festival du Film de Montagne de Banff. Cette ann\u00e9e 9 des meilleurs films de sport et d\u2019aventure r\u00e9alis\u00e9s aux quatre coins de la plan\u00e8te seront \u00e0 d\u00e9couvrir sur grand \u00e9crans dans 17 villes fran\u00e7aises. Pour\u2026","rel":"","context":"Dans &quot;News et actu&quot;","block_context":{"text":"News et actu","link":"https:\/\/www.escalade.pro\/news\/category\/news\/"},"img":{"alt_text":"","src":"https:\/\/i0.wp.com\/www.escalade.pro\/news\/wp-content\/uploads\/2017\/02\/banff-2017.jpg?resize=350%2C200&ssl=1","width":350,"height":200,"srcset":"https:\/\/i0.wp.com\/www.escalade.pro\/news\/wp-content\/uploads\/2017\/02\/banff-2017.jpg?resize=350%2C200&ssl=1 1x, https:\/\/i0.wp.com\/www.escalade.pro\/news\/wp-content\/uploads\/2017\/02\/banff-2017.jpg?resize=525%2C300&ssl=1 1.5x, https:\/\/i0.wp.com\/www.escalade.pro\/news\/wp-content\/uploads\/2017\/02\/banff-2017.jpg?resize=700%2C400&ssl=1 2x, https:\/\/i0.wp.com\/www.escalade.pro\/news\/wp-content\/uploads\/2017\/02\/banff-2017.jpg?resize=1050%2C600&ssl=1 3x"},"classes":[]}],"_links":{"self":[{"href":"https:\/\/www.escalade.pro\/news\/wp-json\/wp\/v2\/posts\/13239","targetHints":{"allow":["GET"]}}],"collection":[{"href":"https:\/\/www.escalade.pro\/news\/wp-json\/wp\/v2\/posts"}],"about":[{"href":"https:\/\/www.escalade.pro\/news\/wp-json\/wp\/v2\/types\/post"}],"author":[{"embeddable":true,"href":"https:\/\/www.escalade.pro\/news\/wp-json\/wp\/v2\/users\/1"}],"replies":[{"embeddable":true,"href":"https:\/\/www.escalade.pro\/news\/wp-json\/wp\/v2\/comments?post=13239"}],"version-history":[{"count":7,"href":"https:\/\/www.escalade.pro\/news\/wp-json\/wp\/v2\/posts\/13239\/revisions"}],"predecessor-version":[{"id":13247,"href":"https:\/\/www.escalade.pro\/news\/wp-json\/wp\/v2\/posts\/13239\/revisions\/13247"}],"wp:featuredmedia":[{"embeddable":true,"href":"https:\/\/www.escalade.pro\/news\/wp-json\/wp\/v2\/media\/13240"}],"wp:attachment":[{"href":"https:\/\/www.escalade.pro\/news\/wp-json\/wp\/v2\/media?parent=13239"}],"wp:term":[{"taxonomy":"category","embeddable":true,"href":"https:\/\/www.escalade.pro\/news\/wp-json\/wp\/v2\/categories?post=13239"},{"taxonomy":"post_tag","embeddable":true,"href":"https:\/\/www.escalade.pro\/news\/wp-json\/wp\/v2\/tags?post=13239"}],"curies":[{"name":"wp","href":"https:\/\/api.w.org\/{rel}","templated":true}]}}