{"id":12561,"date":"2016-08-16T14:09:47","date_gmt":"2016-08-16T13:09:47","guid":{"rendered":"http:\/\/www.escalade.pro\/news\/?p=12561"},"modified":"2016-08-16T14:42:28","modified_gmt":"2016-08-16T13:42:28","slug":"nouveau-topo-piola-aiguilles-rouges-2","status":"publish","type":"post","link":"https:\/\/www.escalade.pro\/news\/nouveau-topo-piola-aiguilles-rouges-2\/","title":{"rendered":"Nouveau topo Piola: The Aiguilles Rouges 2"},"content":{"rendered":"<p><a href=\"http:\/\/www.escalade.pro\/news\/wp-content\/uploads\/2016\/08\/piola1.jpg\"><img loading=\"lazy\" decoding=\"async\" src=\"http:\/\/www.escalade.pro\/news\/wp-content\/uploads\/2016\/08\/piola1-208x300.jpg\" alt=\"piola nouveau topo aiguilles rouges\" width=\"208\" height=\"300\" class=\"aligncenter size-medium wp-image-12557\" srcset=\"https:\/\/www.escalade.pro\/news\/wp-content\/uploads\/2016\/08\/piola1-208x300.jpg 208w, https:\/\/www.escalade.pro\/news\/wp-content\/uploads\/2016\/08\/piola1-104x150.jpg 104w, https:\/\/www.escalade.pro\/news\/wp-content\/uploads\/2016\/08\/piola1.jpg 500w\" sizes=\"auto, (max-width: 208px) 100vw, 208px\" \/><\/a><\/p>\n<p>Michel Piola vient de sortir la <strong>version anglaise de son topo d&rsquo;escalade sur les Aiguilles Rouges et la vall\u00e9e de l&rsquo;Eau Noire (Mesure, Praz Torrent, Vallon de B\u00e9rard,  Tr\u00e9 Les Eaux, Perrons de Vallorcine, Barberine, &#8230;). <\/strong><\/p>\n<p>Mais comme l&rsquo;explique Michel, il s&rsquo;agit bien plus qu&rsquo;une simple traduction de la version fran\u00e7aise:<br \/>\n<strong>\u00ab\u00a0Ce nouveau topo propose beaucoup de nouvelles voies qui sont de vrai bijoux selon moi. Je pense par exemple aux voies en trad aux Perrons avec la longueur en 7b+ d\u00a0\u00bbEl Nino\u00a0\u00bb (voir le film \u00ab\u00a0<a href=\"https:\/\/vimeo.com\/ondemand\/michelpiola\/109277557\" target=\"_blank\">Passion d&rsquo;ouverture<\/a>,\u00a0\u00bb) \u00e0 \u00ab\u00a0Nessie\u00a0\u00bb et ses 14 longueurs \u00e0 la T\u00eate \u00e0 Lugon, au \u00ab\u00a0Fant\u00f4me de l&rsquo;op\u00e9ra\u00a0\u00bb \u00e0 Barberine en 12 longueurs avec ses boucliers de dalles improbables o\u00f9 on se prot\u00e8ge sur petits coinceurs pour du 6a+ max, ou encore au \u00ab\u00a0Magicien d&rsquo;Oz\u00a0\u00bb, toujours \u00e0 Barberine (ndlr: la voie \u00ab\u00a0Piola\u00a0\u00bb sur Camptocamp est enfin baptis\u00e9e!).<br \/>\nJ&rsquo;insiste sur le fait que mes topos de la vall\u00e9e de Chamonix et alentours sont les seuls dont les b\u00e9n\u00e9fices tir\u00e9s de la vente vont enti\u00e8rement \u00e0 l&rsquo;\u00e9quipement et r\u00e9-\u00e9quipement de voies. Avant de faire un topo, il faut \u00e9quiper ou r\u00e9-\u00e9quiper plut\u00f4t que de profiter du travail des autres&#8230;\u00a0\u00bb<\/strong><\/p>\n<p><a href=\"http:\/\/www.escalade.pro\/news\/wp-content\/uploads\/2016\/08\/piola2.jpg\"><img loading=\"lazy\" decoding=\"async\" src=\"http:\/\/www.escalade.pro\/news\/wp-content\/uploads\/2016\/08\/piola2-207x300.jpg\" alt=\"piola topo escalade aiguilles rouges\" width=\"207\" height=\"300\" class=\"aligncenter size-medium wp-image-12558\" srcset=\"https:\/\/www.escalade.pro\/news\/wp-content\/uploads\/2016\/08\/piola2-207x300.jpg 207w, https:\/\/www.escalade.pro\/news\/wp-content\/uploads\/2016\/08\/piola2-103x150.jpg 103w, https:\/\/www.escalade.pro\/news\/wp-content\/uploads\/2016\/08\/piola2.jpg 500w\" sizes=\"auto, (max-width: 207px) 100vw, 207px\" \/><\/a><\/p>\n","protected":false},"excerpt":{"rendered":"<p>Michel Piola vient de sortir la version anglaise de son topo d&rsquo;escalade sur les Aiguilles Rouges et la vall\u00e9e de<\/p>\n","protected":false},"author":1,"featured_media":12557,"comment_status":"open","ping_status":"open","sticky":false,"template":"","format":"standard","meta":{"colormag_page_container_layout":"default_layout","colormag_page_sidebar_layout":"default_layout","_monsterinsights_skip_tracking":false,"_monsterinsights_sitenote_active":false,"_monsterinsights_sitenote_note":"","_monsterinsights_sitenote_category":0,"ngg_post_thumbnail":0,"jetpack_post_was_ever_published":false,"_jetpack_newsletter_access":"","_jetpack_dont_email_post_to_subs":false,"_jetpack_newsletter_tier_id":0,"_jetpack_memberships_contains_paywalled_content":false,"_jetpack_memberships_contains_paid_content":false,"footnotes":"","jetpack_publicize_message":"","jetpack_publicize_feature_enabled":true,"jetpack_social_post_already_shared":true,"jetpack_social_options":{"image_generator_settings":{"template":"highway","default_image_id":0,"font":"","enabled":false},"version":2}},"categories":[9,4,1,13],"tags":[],"class_list":["post-12561","post","type-post","status-publish","format-standard","has-post-thumbnail","hentry","category-coup-de-gueule","category-escalade","category-news","category-topos"],"yoast_head":"<!-- This site is optimized with the Yoast SEO plugin v27.5 - https:\/\/yoast.com\/product\/yoast-seo-wordpress\/ -->\n<title>Nouveau topo Piola: The Aiguilles Rouges 2 &#8211; L&#039;Arqu\u00e9e Libre - Fred Vionnet entraineur\/moniteur escalade<\/title>\n<meta name=\"robots\" content=\"index, follow, max-snippet:-1, max-image-preview:large, max-video-preview:-1\" \/>\n<link rel=\"canonical\" href=\"https:\/\/www.escalade.pro\/news\/nouveau-topo-piola-aiguilles-rouges-2\/\" \/>\n<meta property=\"og:locale\" content=\"fr_FR\" \/>\n<meta property=\"og:type\" content=\"article\" \/>\n<meta property=\"og:title\" content=\"Nouveau topo Piola: The Aiguilles Rouges 2 &#8211; L&#039;Arqu\u00e9e Libre - Fred Vionnet entraineur\/moniteur escalade\" \/>\n<meta property=\"og:description\" content=\"Michel Piola vient de sortir la version anglaise de son topo d&rsquo;escalade sur les Aiguilles Rouges et la vall\u00e9e de\" \/>\n<meta property=\"og:url\" content=\"https:\/\/www.escalade.pro\/news\/nouveau-topo-piola-aiguilles-rouges-2\/\" \/>\n<meta property=\"og:site_name\" content=\"L&#039;Arqu\u00e9e Libre - Fred Vionnet entraineur\/moniteur escalade\" \/>\n<meta property=\"article:publisher\" content=\"https:\/\/www.facebook.com\/grimpisme\/\" \/>\n<meta property=\"article:author\" content=\"https:\/\/www.facebook.com\/fredCaillouXvionnet\" \/>\n<meta property=\"article:published_time\" content=\"2016-08-16T13:09:47+00:00\" \/>\n<meta property=\"article:modified_time\" content=\"2016-08-16T13:42:28+00:00\" \/>\n<meta property=\"og:image\" content=\"https:\/\/www.escalade.pro\/news\/wp-content\/uploads\/2016\/08\/piola1.jpg\" \/>\n\t<meta property=\"og:image:width\" content=\"500\" \/>\n\t<meta property=\"og:image:height\" content=\"722\" \/>\n\t<meta property=\"og:image:type\" content=\"image\/jpeg\" \/>\n<meta name=\"author\" content=\"Fred Vionnet\" \/>\n<meta name=\"twitter:card\" content=\"summary_large_image\" \/>\n<meta name=\"twitter:label1\" content=\"\u00c9crit par\" \/>\n\t<meta name=\"twitter:data1\" content=\"Fred Vionnet\" \/>\n\t<meta name=\"twitter:label2\" content=\"Dur\u00e9e de lecture estim\u00e9e\" \/>\n\t<meta name=\"twitter:data2\" content=\"1 minute\" \/>\n<script type=\"application\/ld+json\" class=\"yoast-schema-graph\">{\"@context\":\"https:\\\/\\\/schema.org\",\"@graph\":[{\"@type\":\"Article\",\"@id\":\"https:\\\/\\\/www.escalade.pro\\\/news\\\/nouveau-topo-piola-aiguilles-rouges-2\\\/#article\",\"isPartOf\":{\"@id\":\"https:\\\/\\\/www.escalade.pro\\\/news\\\/nouveau-topo-piola-aiguilles-rouges-2\\\/\"},\"author\":{\"name\":\"Fred Vionnet\",\"@id\":\"https:\\\/\\\/www.escalade.pro\\\/news\\\/#\\\/schema\\\/person\\\/e0e0520aa48cfda56ae5406c2fe2caeb\"},\"headline\":\"Nouveau topo Piola: The Aiguilles Rouges 2\",\"datePublished\":\"2016-08-16T13:09:47+00:00\",\"dateModified\":\"2016-08-16T13:42:28+00:00\",\"mainEntityOfPage\":{\"@id\":\"https:\\\/\\\/www.escalade.pro\\\/news\\\/nouveau-topo-piola-aiguilles-rouges-2\\\/\"},\"wordCount\":209,\"commentCount\":1,\"publisher\":{\"@id\":\"https:\\\/\\\/www.escalade.pro\\\/news\\\/#organization\"},\"image\":{\"@id\":\"https:\\\/\\\/www.escalade.pro\\\/news\\\/nouveau-topo-piola-aiguilles-rouges-2\\\/#primaryimage\"},\"thumbnailUrl\":\"https:\\\/\\\/www.escalade.pro\\\/news\\\/wp-content\\\/uploads\\\/2016\\\/08\\\/piola1.jpg\",\"articleSection\":[\"Coups de gueule\",\"Escalade\",\"News et actu\",\"Topos\"],\"inLanguage\":\"fr-FR\",\"potentialAction\":[{\"@type\":\"CommentAction\",\"name\":\"Comment\",\"target\":[\"https:\\\/\\\/www.escalade.pro\\\/news\\\/nouveau-topo-piola-aiguilles-rouges-2\\\/#respond\"]}]},{\"@type\":\"WebPage\",\"@id\":\"https:\\\/\\\/www.escalade.pro\\\/news\\\/nouveau-topo-piola-aiguilles-rouges-2\\\/\",\"url\":\"https:\\\/\\\/www.escalade.pro\\\/news\\\/nouveau-topo-piola-aiguilles-rouges-2\\\/\",\"name\":\"Nouveau topo Piola: The Aiguilles Rouges 2 &#8211; L&#039;Arqu\u00e9e Libre - Fred Vionnet entraineur\\\/moniteur escalade\",\"isPartOf\":{\"@id\":\"https:\\\/\\\/www.escalade.pro\\\/news\\\/#website\"},\"primaryImageOfPage\":{\"@id\":\"https:\\\/\\\/www.escalade.pro\\\/news\\\/nouveau-topo-piola-aiguilles-rouges-2\\\/#primaryimage\"},\"image\":{\"@id\":\"https:\\\/\\\/www.escalade.pro\\\/news\\\/nouveau-topo-piola-aiguilles-rouges-2\\\/#primaryimage\"},\"thumbnailUrl\":\"https:\\\/\\\/www.escalade.pro\\\/news\\\/wp-content\\\/uploads\\\/2016\\\/08\\\/piola1.jpg\",\"datePublished\":\"2016-08-16T13:09:47+00:00\",\"dateModified\":\"2016-08-16T13:42:28+00:00\",\"breadcrumb\":{\"@id\":\"https:\\\/\\\/www.escalade.pro\\\/news\\\/nouveau-topo-piola-aiguilles-rouges-2\\\/#breadcrumb\"},\"inLanguage\":\"fr-FR\",\"potentialAction\":[{\"@type\":\"ReadAction\",\"target\":[\"https:\\\/\\\/www.escalade.pro\\\/news\\\/nouveau-topo-piola-aiguilles-rouges-2\\\/\"]}]},{\"@type\":\"ImageObject\",\"inLanguage\":\"fr-FR\",\"@id\":\"https:\\\/\\\/www.escalade.pro\\\/news\\\/nouveau-topo-piola-aiguilles-rouges-2\\\/#primaryimage\",\"url\":\"https:\\\/\\\/www.escalade.pro\\\/news\\\/wp-content\\\/uploads\\\/2016\\\/08\\\/piola1.jpg\",\"contentUrl\":\"https:\\\/\\\/www.escalade.pro\\\/news\\\/wp-content\\\/uploads\\\/2016\\\/08\\\/piola1.jpg\",\"width\":500,\"height\":722},{\"@type\":\"BreadcrumbList\",\"@id\":\"https:\\\/\\\/www.escalade.pro\\\/news\\\/nouveau-topo-piola-aiguilles-rouges-2\\\/#breadcrumb\",\"itemListElement\":[{\"@type\":\"ListItem\",\"position\":1,\"name\":\"Accueil\",\"item\":\"https:\\\/\\\/www.escalade.pro\\\/news\\\/\"},{\"@type\":\"ListItem\",\"position\":2,\"name\":\"Nouveau topo Piola: The Aiguilles Rouges 2\"}]},{\"@type\":\"WebSite\",\"@id\":\"https:\\\/\\\/www.escalade.pro\\\/news\\\/#website\",\"url\":\"https:\\\/\\\/www.escalade.pro\\\/news\\\/\",\"name\":\"L&#039;Arqu\u00e9e Libre - Fred Vionnet entraineur\\\/moniteur escalade\",\"description\":\"Coaching et entrainement escalade. Buoux, C\u00e9\u00fcse et Fontainebleau.\",\"publisher\":{\"@id\":\"https:\\\/\\\/www.escalade.pro\\\/news\\\/#organization\"},\"potentialAction\":[{\"@type\":\"SearchAction\",\"target\":{\"@type\":\"EntryPoint\",\"urlTemplate\":\"https:\\\/\\\/www.escalade.pro\\\/news\\\/?s={search_term_string}\"},\"query-input\":{\"@type\":\"PropertyValueSpecification\",\"valueRequired\":true,\"valueName\":\"search_term_string\"}}],\"inLanguage\":\"fr-FR\"},{\"@type\":\"Organization\",\"@id\":\"https:\\\/\\\/www.escalade.pro\\\/news\\\/#organization\",\"name\":\"L&#039;Arqu\u00e9e Libre - Fred Vionnet entraineur\\\/moniteur escalade\",\"url\":\"https:\\\/\\\/www.escalade.pro\\\/news\\\/\",\"logo\":{\"@type\":\"ImageObject\",\"inLanguage\":\"fr-FR\",\"@id\":\"https:\\\/\\\/www.escalade.pro\\\/news\\\/#\\\/schema\\\/logo\\\/image\\\/\",\"url\":\"https:\\\/\\\/www.escalade.pro\\\/news\\\/wp-content\\\/uploads\\\/2026\\\/04\\\/logo-wp-AL-avril-2026-1.jpg\",\"contentUrl\":\"https:\\\/\\\/www.escalade.pro\\\/news\\\/wp-content\\\/uploads\\\/2026\\\/04\\\/logo-wp-AL-avril-2026-1.jpg\",\"width\":1955,\"height\":902,\"caption\":\"L&#039;Arqu\u00e9e Libre - Fred Vionnet entraineur\\\/moniteur escalade\"},\"image\":{\"@id\":\"https:\\\/\\\/www.escalade.pro\\\/news\\\/#\\\/schema\\\/logo\\\/image\\\/\"},\"sameAs\":[\"https:\\\/\\\/www.facebook.com\\\/grimpisme\\\/\",\"https:\\\/\\\/www.instagram.com\\\/grimpisme\\\/\",\"https:\\\/\\\/www.linkedin.com\\\/in\\\/fred-vionnet-6284b96a\\\/\",\"https:\\\/\\\/fr.pinterest.com\\\/grimpisme\\\/\",\"https:\\\/\\\/www.youtube.com\\\/@grimpisme\"]},{\"@type\":\"Person\",\"@id\":\"https:\\\/\\\/www.escalade.pro\\\/news\\\/#\\\/schema\\\/person\\\/e0e0520aa48cfda56ae5406c2fe2caeb\",\"name\":\"Fred Vionnet\",\"image\":{\"@type\":\"ImageObject\",\"inLanguage\":\"fr-FR\",\"@id\":\"https:\\\/\\\/secure.gravatar.com\\\/avatar\\\/a2f6c5fc695da895033dcd95afaa6aeda795d5122ab3a22a03e24aab7f3d96a6?s=96&d=blank&r=g\",\"url\":\"https:\\\/\\\/secure.gravatar.com\\\/avatar\\\/a2f6c5fc695da895033dcd95afaa6aeda795d5122ab3a22a03e24aab7f3d96a6?s=96&d=blank&r=g\",\"contentUrl\":\"https:\\\/\\\/secure.gravatar.com\\\/avatar\\\/a2f6c5fc695da895033dcd95afaa6aeda795d5122ab3a22a03e24aab7f3d96a6?s=96&d=blank&r=g\",\"caption\":\"Fred Vionnet\"},\"description\":\"Coach escalade en Haute Savoie. Pas contre une grande voie non plus. Mais on va \u00e0 C\u00e9\u00fcse, Fontainebleau, Buoux ou encore les Gorges du Verdon quand vous voulez.\",\"sameAs\":[\"http:\\\/\\\/www.grimpisme.com\",\"https:\\\/\\\/www.facebook.com\\\/fredCaillouXvionnet\",\"https:\\\/\\\/www.linkedin.com\\\/profile\\\/preview?vpa=pub&locale=fr_FR\",\"https:\\\/\\\/fr.pinterest.com\\\/grimpisme\\\/\",\"https:\\\/\\\/www.youtube.com\\\/user\\\/grimpisme\",\"https:\\\/\\\/soundcloud.com\\\/fredvionnet\"],\"url\":\"https:\\\/\\\/www.escalade.pro\\\/news\\\/author\\\/fred\\\/\"}]}<\/script>\n<!-- \/ Yoast SEO plugin. -->","yoast_head_json":{"title":"Nouveau topo Piola: The Aiguilles Rouges 2 &#8211; L&#039;Arqu\u00e9e Libre - Fred Vionnet entraineur\/moniteur escalade","robots":{"index":"index","follow":"follow","max-snippet":"max-snippet:-1","max-image-preview":"max-image-preview:large","max-video-preview":"max-video-preview:-1"},"canonical":"https:\/\/www.escalade.pro\/news\/nouveau-topo-piola-aiguilles-rouges-2\/","og_locale":"fr_FR","og_type":"article","og_title":"Nouveau topo Piola: The Aiguilles Rouges 2 &#8211; L&#039;Arqu\u00e9e Libre - Fred Vionnet entraineur\/moniteur escalade","og_description":"Michel Piola vient de sortir la version anglaise de son topo d&rsquo;escalade sur les Aiguilles Rouges et la vall\u00e9e de","og_url":"https:\/\/www.escalade.pro\/news\/nouveau-topo-piola-aiguilles-rouges-2\/","og_site_name":"L&#039;Arqu\u00e9e Libre - Fred Vionnet entraineur\/moniteur escalade","article_publisher":"https:\/\/www.facebook.com\/grimpisme\/","article_author":"https:\/\/www.facebook.com\/fredCaillouXvionnet","article_published_time":"2016-08-16T13:09:47+00:00","article_modified_time":"2016-08-16T13:42:28+00:00","og_image":[{"width":500,"height":722,"url":"https:\/\/www.escalade.pro\/news\/wp-content\/uploads\/2016\/08\/piola1.jpg","type":"image\/jpeg"}],"author":"Fred Vionnet","twitter_card":"summary_large_image","twitter_misc":{"\u00c9crit par":"Fred Vionnet","Dur\u00e9e de lecture estim\u00e9e":"1 minute"},"schema":{"@context":"https:\/\/schema.org","@graph":[{"@type":"Article","@id":"https:\/\/www.escalade.pro\/news\/nouveau-topo-piola-aiguilles-rouges-2\/#article","isPartOf":{"@id":"https:\/\/www.escalade.pro\/news\/nouveau-topo-piola-aiguilles-rouges-2\/"},"author":{"name":"Fred Vionnet","@id":"https:\/\/www.escalade.pro\/news\/#\/schema\/person\/e0e0520aa48cfda56ae5406c2fe2caeb"},"headline":"Nouveau topo Piola: The Aiguilles Rouges 2","datePublished":"2016-08-16T13:09:47+00:00","dateModified":"2016-08-16T13:42:28+00:00","mainEntityOfPage":{"@id":"https:\/\/www.escalade.pro\/news\/nouveau-topo-piola-aiguilles-rouges-2\/"},"wordCount":209,"commentCount":1,"publisher":{"@id":"https:\/\/www.escalade.pro\/news\/#organization"},"image":{"@id":"https:\/\/www.escalade.pro\/news\/nouveau-topo-piola-aiguilles-rouges-2\/#primaryimage"},"thumbnailUrl":"https:\/\/www.escalade.pro\/news\/wp-content\/uploads\/2016\/08\/piola1.jpg","articleSection":["Coups de gueule","Escalade","News et actu","Topos"],"inLanguage":"fr-FR","potentialAction":[{"@type":"CommentAction","name":"Comment","target":["https:\/\/www.escalade.pro\/news\/nouveau-topo-piola-aiguilles-rouges-2\/#respond"]}]},{"@type":"WebPage","@id":"https:\/\/www.escalade.pro\/news\/nouveau-topo-piola-aiguilles-rouges-2\/","url":"https:\/\/www.escalade.pro\/news\/nouveau-topo-piola-aiguilles-rouges-2\/","name":"Nouveau topo Piola: The Aiguilles Rouges 2 &#8211; L&#039;Arqu\u00e9e Libre - Fred Vionnet entraineur\/moniteur escalade","isPartOf":{"@id":"https:\/\/www.escalade.pro\/news\/#website"},"primaryImageOfPage":{"@id":"https:\/\/www.escalade.pro\/news\/nouveau-topo-piola-aiguilles-rouges-2\/#primaryimage"},"image":{"@id":"https:\/\/www.escalade.pro\/news\/nouveau-topo-piola-aiguilles-rouges-2\/#primaryimage"},"thumbnailUrl":"https:\/\/www.escalade.pro\/news\/wp-content\/uploads\/2016\/08\/piola1.jpg","datePublished":"2016-08-16T13:09:47+00:00","dateModified":"2016-08-16T13:42:28+00:00","breadcrumb":{"@id":"https:\/\/www.escalade.pro\/news\/nouveau-topo-piola-aiguilles-rouges-2\/#breadcrumb"},"inLanguage":"fr-FR","potentialAction":[{"@type":"ReadAction","target":["https:\/\/www.escalade.pro\/news\/nouveau-topo-piola-aiguilles-rouges-2\/"]}]},{"@type":"ImageObject","inLanguage":"fr-FR","@id":"https:\/\/www.escalade.pro\/news\/nouveau-topo-piola-aiguilles-rouges-2\/#primaryimage","url":"https:\/\/www.escalade.pro\/news\/wp-content\/uploads\/2016\/08\/piola1.jpg","contentUrl":"https:\/\/www.escalade.pro\/news\/wp-content\/uploads\/2016\/08\/piola1.jpg","width":500,"height":722},{"@type":"BreadcrumbList","@id":"https:\/\/www.escalade.pro\/news\/nouveau-topo-piola-aiguilles-rouges-2\/#breadcrumb","itemListElement":[{"@type":"ListItem","position":1,"name":"Accueil","item":"https:\/\/www.escalade.pro\/news\/"},{"@type":"ListItem","position":2,"name":"Nouveau topo Piola: The Aiguilles Rouges 2"}]},{"@type":"WebSite","@id":"https:\/\/www.escalade.pro\/news\/#website","url":"https:\/\/www.escalade.pro\/news\/","name":"L&#039;Arqu\u00e9e Libre - Fred Vionnet entraineur\/moniteur escalade","description":"Coaching et entrainement escalade. Buoux, C\u00e9\u00fcse et Fontainebleau.","publisher":{"@id":"https:\/\/www.escalade.pro\/news\/#organization"},"potentialAction":[{"@type":"SearchAction","target":{"@type":"EntryPoint","urlTemplate":"https:\/\/www.escalade.pro\/news\/?s={search_term_string}"},"query-input":{"@type":"PropertyValueSpecification","valueRequired":true,"valueName":"search_term_string"}}],"inLanguage":"fr-FR"},{"@type":"Organization","@id":"https:\/\/www.escalade.pro\/news\/#organization","name":"L&#039;Arqu\u00e9e Libre - Fred Vionnet entraineur\/moniteur escalade","url":"https:\/\/www.escalade.pro\/news\/","logo":{"@type":"ImageObject","inLanguage":"fr-FR","@id":"https:\/\/www.escalade.pro\/news\/#\/schema\/logo\/image\/","url":"https:\/\/www.escalade.pro\/news\/wp-content\/uploads\/2026\/04\/logo-wp-AL-avril-2026-1.jpg","contentUrl":"https:\/\/www.escalade.pro\/news\/wp-content\/uploads\/2026\/04\/logo-wp-AL-avril-2026-1.jpg","width":1955,"height":902,"caption":"L&#039;Arqu\u00e9e Libre - Fred Vionnet entraineur\/moniteur escalade"},"image":{"@id":"https:\/\/www.escalade.pro\/news\/#\/schema\/logo\/image\/"},"sameAs":["https:\/\/www.facebook.com\/grimpisme\/","https:\/\/www.instagram.com\/grimpisme\/","https:\/\/www.linkedin.com\/in\/fred-vionnet-6284b96a\/","https:\/\/fr.pinterest.com\/grimpisme\/","https:\/\/www.youtube.com\/@grimpisme"]},{"@type":"Person","@id":"https:\/\/www.escalade.pro\/news\/#\/schema\/person\/e0e0520aa48cfda56ae5406c2fe2caeb","name":"Fred Vionnet","image":{"@type":"ImageObject","inLanguage":"fr-FR","@id":"https:\/\/secure.gravatar.com\/avatar\/a2f6c5fc695da895033dcd95afaa6aeda795d5122ab3a22a03e24aab7f3d96a6?s=96&d=blank&r=g","url":"https:\/\/secure.gravatar.com\/avatar\/a2f6c5fc695da895033dcd95afaa6aeda795d5122ab3a22a03e24aab7f3d96a6?s=96&d=blank&r=g","contentUrl":"https:\/\/secure.gravatar.com\/avatar\/a2f6c5fc695da895033dcd95afaa6aeda795d5122ab3a22a03e24aab7f3d96a6?s=96&d=blank&r=g","caption":"Fred Vionnet"},"description":"Coach escalade en Haute Savoie. Pas contre une grande voie non plus. Mais on va \u00e0 C\u00e9\u00fcse, Fontainebleau, Buoux ou encore les Gorges du Verdon quand vous voulez.","sameAs":["http:\/\/www.grimpisme.com","https:\/\/www.facebook.com\/fredCaillouXvionnet","https:\/\/www.linkedin.com\/profile\/preview?vpa=pub&locale=fr_FR","https:\/\/fr.pinterest.com\/grimpisme\/","https:\/\/www.youtube.com\/user\/grimpisme","https:\/\/soundcloud.com\/fredvionnet"],"url":"https:\/\/www.escalade.pro\/news\/author\/fred\/"}]}},"jetpack_publicize_connections":[],"jetpack_featured_media_url":"https:\/\/www.escalade.pro\/news\/wp-content\/uploads\/2016\/08\/piola1.jpg","jetpack_sharing_enabled":true,"jetpack_shortlink":"https:\/\/wp.me\/p68Rw6-3gB","jetpack-related-posts":[{"id":8497,"url":"https:\/\/www.escalade.pro\/news\/topo-mont-blanc-granite\/","url_meta":{"origin":12561,"position":0},"title":"Le nouveau topo \u00ab\u00a0Mont-Blanc GRANITE\u00a0\u00bb est disponible!","author":"Fred Vionnet","date":"29 avril 2016","format":false,"excerpt":"Voil\u00e0 je l'ai! Depuis notre passage au refuge d'Argenti\u00e8re (voir cette news du 23 ao\u00fbt 2015) o\u00f9 B\u00e9a et Fred nous en avaient parl\u00e9, j'attendais impatiemment la sortie de ce topo des voies d'escalade sur le granit du bassin d'Argenti\u00e8re. Je reviens juste du bureau de JMEditions (www.jmeditions.fr) o\u00f9 Fran\u00e7ois\u2026","rel":"","context":"Dans &quot;Alpinisme&quot;","block_context":{"text":"Alpinisme","link":"https:\/\/www.escalade.pro\/news\/category\/alpinisme\/"},"img":{"alt_text":"topo mont blanc granite couverture","src":"https:\/\/i0.wp.com\/www.escalade.pro\/news\/wp-content\/uploads\/2016\/04\/couv-montblanc_granite.jpg?resize=350%2C200","width":350,"height":200},"classes":[]},{"id":19770,"url":"https:\/\/www.escalade.pro\/news\/voie-fantome-opera-barberine\/","url_meta":{"origin":12561,"position":1},"title":"Grande voie escalade trad: \u00ab\u00a0Le fant\u00f4me de l\u2019op\u00e9ra\u00a0\u00bb, Barberine","author":"Julien Saouzanet","date":"22 ao\u00fbt 2020","format":false,"excerpt":"Pour cette journ\u00e9e, Nous cherchons une grande voie sans trop d\u2019approche, afin que l\u2019on puisse profiter au maximum de cette unique journ\u00e9e pour grimper et bosser la technique de poses de coinceurs.","rel":"","context":"Dans &quot;Escalade&quot;","block_context":{"text":"Escalade","link":"https:\/\/www.escalade.pro\/news\/category\/escalade\/"},"img":{"alt_text":"escalade barberine","src":"https:\/\/i0.wp.com\/www.escalade.pro\/news\/wp-content\/uploads\/2020\/08\/WhatsApp-Image-2020-08-21-at-17.19.32.jpg?resize=350%2C200&ssl=1","width":350,"height":200,"srcset":"https:\/\/i0.wp.com\/www.escalade.pro\/news\/wp-content\/uploads\/2020\/08\/WhatsApp-Image-2020-08-21-at-17.19.32.jpg?resize=350%2C200&ssl=1 1x, https:\/\/i0.wp.com\/www.escalade.pro\/news\/wp-content\/uploads\/2020\/08\/WhatsApp-Image-2020-08-21-at-17.19.32.jpg?resize=525%2C300&ssl=1 1.5x, https:\/\/i0.wp.com\/www.escalade.pro\/news\/wp-content\/uploads\/2020\/08\/WhatsApp-Image-2020-08-21-at-17.19.32.jpg?resize=700%2C400&ssl=1 2x, https:\/\/i0.wp.com\/www.escalade.pro\/news\/wp-content\/uploads\/2020\/08\/WhatsApp-Image-2020-08-21-at-17.19.32.jpg?resize=1050%2C600&ssl=1 3x"},"classes":[]},{"id":18336,"url":"https:\/\/www.escalade.pro\/news\/golden-pillar-veudale-emosson\/","url_meta":{"origin":12561,"position":2},"title":"Grand voie trad: \u00ab\u00a0Golden Pillar\u00a0\u00bb \u00e0 la Veudale (Emosson)","author":"Fred Vionnet","date":"2 ao\u00fbt 2019","format":"quote","excerpt":"Une belle grande voie en trad sur un granit de qualit\u00e9. Plein sud \u00e0 2300m, dans un cadre magnifique. Id\u00e9ale pour se perfectionner \u00e0 la pause de coinceurs.","rel":"","context":"Dans &quot;Alpinisme&quot;","block_context":{"text":"Alpinisme","link":"https:\/\/www.escalade.pro\/news\/category\/alpinisme\/"},"img":{"alt_text":"voie escalade golden pillar emosson","src":"https:\/\/i0.wp.com\/www.escalade.pro\/news\/wp-content\/uploads\/2019\/08\/P1010727.jpg?resize=350%2C200&ssl=1","width":350,"height":200,"srcset":"https:\/\/i0.wp.com\/www.escalade.pro\/news\/wp-content\/uploads\/2019\/08\/P1010727.jpg?resize=350%2C200&ssl=1 1x, https:\/\/i0.wp.com\/www.escalade.pro\/news\/wp-content\/uploads\/2019\/08\/P1010727.jpg?resize=525%2C300&ssl=1 1.5x, https:\/\/i0.wp.com\/www.escalade.pro\/news\/wp-content\/uploads\/2019\/08\/P1010727.jpg?resize=700%2C400&ssl=1 2x"},"classes":[]},{"id":14654,"url":"https:\/\/www.escalade.pro\/news\/nouveau-topo-mont-blanc-granite-tome-2-aiguilles-chamonix\/","url_meta":{"origin":12561,"position":3},"title":"Nouveau topo escalade: Mont Blanc Granite tome 2","author":"Fred Vionnet","date":"29 juin 2017","format":false,"excerpt":"Une grande majorit\u00e9 des voies pr\u00e9sent\u00e9es n'impose pas d'approche glaciaire. Beaucoup sont \u00e9galement r\u00e9alisables \u00e0 la journ\u00e9e mais en faisant la course \u00e0 la benne, ce qui est dommage quand on peut profiter d'un refuge tellement agr\u00e9able comme celui du Plan de l'Aiguille, et ainsi prendre le temps d'appr\u00e9cier la\u2026","rel":"","context":"Dans &quot;Alpinisme&quot;","block_context":{"text":"Alpinisme","link":"https:\/\/www.escalade.pro\/news\/category\/alpinisme\/"},"img":{"alt_text":"Nouveau topo: Mont Blanc Granite tome 2 - Aiguilles de Chamonix","src":"https:\/\/i0.wp.com\/www.escalade.pro\/news\/wp-content\/uploads\/2017\/06\/mont-blanc-granit.jpg?resize=350%2C200&ssl=1","width":350,"height":200},"classes":[]},{"id":19337,"url":"https:\/\/www.escalade.pro\/news\/weekend-grande-voie-ete-2020\/","url_meta":{"origin":12561,"position":4},"title":"Weekend grande voie \u00e9t\u00e9 2020","author":"Julien Saouzanet","date":"2 juillet 2020","format":false,"excerpt":"Les objectifs de ce week-end sont de vous rendre autonome sur des itin\u00e9raires d\u2019une longueur et de plusieurs longueurs, de d\u00e9couvrir le plaisir de prendre de la hauteur et de profiter pleinement d\u2019\u00eatre en montagne.","rel":"","context":"Dans &quot;Escalade&quot;","block_context":{"text":"Escalade","link":"https:\/\/www.escalade.pro\/news\/category\/escalade\/"},"img":{"alt_text":"stage escalade grandes voies","src":"https:\/\/i0.wp.com\/www.escalade.pro\/news\/wp-content\/uploads\/2020\/07\/20190916_153826.jpg?resize=350%2C200&ssl=1","width":350,"height":200,"srcset":"https:\/\/i0.wp.com\/www.escalade.pro\/news\/wp-content\/uploads\/2020\/07\/20190916_153826.jpg?resize=350%2C200&ssl=1 1x, https:\/\/i0.wp.com\/www.escalade.pro\/news\/wp-content\/uploads\/2020\/07\/20190916_153826.jpg?resize=525%2C300&ssl=1 1.5x, https:\/\/i0.wp.com\/www.escalade.pro\/news\/wp-content\/uploads\/2020\/07\/20190916_153826.jpg?resize=700%2C400&ssl=1 2x, https:\/\/i0.wp.com\/www.escalade.pro\/news\/wp-content\/uploads\/2020\/07\/20190916_153826.jpg?resize=1050%2C600&ssl=1 3x"},"classes":[]},{"id":11674,"url":"https:\/\/www.escalade.pro\/news\/ceuse-nouveau-topo\/","url_meta":{"origin":12561,"position":5},"title":"C\u00e9\u00fcse, le NOUVEAU topo enfin!","author":"Fred Vionnet","date":"3 juillet 2013","format":false,"excerpt":"Tant d'ann\u00e9e que nous l'attendions, la plus belle falaise du monde, C\u00e9\u00fcse, se dote enfin d'un topo digne de son rang! De la couleur, des belles photos, un descriptif clair de l'acc\u00e8s, une traduction en anglais, des couleurs diff\u00e9rentes pour le type de voies (trad, plusieurs longueurs, ...), et surtout\u2026","rel":"","context":"Dans &quot;Tests mat\u00e9riel, nouveaut\u00e9s et lectures&quot;","block_context":{"text":"Tests mat\u00e9riel, nouveaut\u00e9s et lectures","link":"https:\/\/www.escalade.pro\/news\/category\/tests-materiel\/"},"img":{"alt_text":"nouveau topo escalade ceuse hautes alpes gap france","src":"https:\/\/i0.wp.com\/www.escalade.pro\/blog-v1\/wp-content\/uploads\/2013\/07\/P1150365-300x191.jpg?resize=350%2C200","width":350,"height":200},"classes":[]}],"_links":{"self":[{"href":"https:\/\/www.escalade.pro\/news\/wp-json\/wp\/v2\/posts\/12561","targetHints":{"allow":["GET"]}}],"collection":[{"href":"https:\/\/www.escalade.pro\/news\/wp-json\/wp\/v2\/posts"}],"about":[{"href":"https:\/\/www.escalade.pro\/news\/wp-json\/wp\/v2\/types\/post"}],"author":[{"embeddable":true,"href":"https:\/\/www.escalade.pro\/news\/wp-json\/wp\/v2\/users\/1"}],"replies":[{"embeddable":true,"href":"https:\/\/www.escalade.pro\/news\/wp-json\/wp\/v2\/comments?post=12561"}],"version-history":[{"count":12,"href":"https:\/\/www.escalade.pro\/news\/wp-json\/wp\/v2\/posts\/12561\/revisions"}],"predecessor-version":[{"id":12573,"href":"https:\/\/www.escalade.pro\/news\/wp-json\/wp\/v2\/posts\/12561\/revisions\/12573"}],"wp:featuredmedia":[{"embeddable":true,"href":"https:\/\/www.escalade.pro\/news\/wp-json\/wp\/v2\/media\/12557"}],"wp:attachment":[{"href":"https:\/\/www.escalade.pro\/news\/wp-json\/wp\/v2\/media?parent=12561"}],"wp:term":[{"taxonomy":"category","embeddable":true,"href":"https:\/\/www.escalade.pro\/news\/wp-json\/wp\/v2\/categories?post=12561"},{"taxonomy":"post_tag","embeddable":true,"href":"https:\/\/www.escalade.pro\/news\/wp-json\/wp\/v2\/tags?post=12561"}],"curies":[{"name":"wp","href":"https:\/\/api.w.org\/{rel}","templated":true}]}}