{"id":12159,"date":"2016-07-08T16:16:41","date_gmt":"2016-07-08T15:16:41","guid":{"rendered":"http:\/\/www.escalade.pro\/news\/?p=12159"},"modified":"2016-07-08T16:25:59","modified_gmt":"2016-07-08T15:25:59","slug":"video-babsi-zangerl-dans-achemine-e9-6c","status":"publish","type":"post","link":"https:\/\/www.escalade.pro\/news\/video-babsi-zangerl-dans-achemine-e9-6c\/","title":{"rendered":"Vid\u00e9o: Babsi Zangerl dans \u00ab\u00a0Achemine\u00a0\u00bb E9, 6c"},"content":{"rendered":"<p>Au mois de mai Babsi Zangerl s&rsquo;offrait la premi\u00e8re r\u00e9p\u00e9tition de \u00ab\u00a0Achemine\u00a0\u00bb (E9, 6c), le premier E9 d&rsquo;Ecosse ouvert en 2001 par Dave McLeod. <strong>La section dure de 13 m\u00e8tres ne permet la pause d&rsquo;aucunes protections et ce film permet de bien ressentir l&rsquo;engagement n\u00e9cessaire \u00e0 l&rsquo;enchainement.<\/strong><\/p>\n<p><iframe loading=\"lazy\" width=\"560\" height=\"315\" src=\"https:\/\/www.youtube.com\/embed\/ugS2YRV0PLs\" frameborder=\"0\" allowfullscreen><\/iframe><\/p>\n","protected":false},"excerpt":{"rendered":"<p>Au mois de mai Babsi Zangerl s&rsquo;offrait la premi\u00e8re r\u00e9p\u00e9tition de \u00ab\u00a0Achemine\u00a0\u00bb (E9, 6c), le premier E9 d&rsquo;Ecosse ouvert en<\/p>\n","protected":false},"author":1,"featured_media":12161,"comment_status":"open","ping_status":"open","sticky":false,"template":"","format":"standard","meta":{"colormag_page_container_layout":"default_layout","colormag_page_sidebar_layout":"default_layout","_monsterinsights_skip_tracking":false,"_monsterinsights_sitenote_active":false,"_monsterinsights_sitenote_note":"","_monsterinsights_sitenote_category":0,"ngg_post_thumbnail":0,"jetpack_post_was_ever_published":false,"_jetpack_newsletter_access":"","_jetpack_dont_email_post_to_subs":false,"_jetpack_newsletter_tier_id":0,"_jetpack_memberships_contains_paywalled_content":false,"_jetpack_memberships_contains_paid_content":false,"footnotes":"","jetpack_publicize_message":"","jetpack_publicize_feature_enabled":true,"jetpack_social_post_already_shared":true,"jetpack_social_options":{"image_generator_settings":{"template":"highway","default_image_id":0,"font":"","enabled":false},"version":2}},"categories":[4,7],"tags":[],"class_list":["post-12159","post","type-post","status-publish","format-standard","has-post-thumbnail","hentry","category-escalade","category-videos"],"yoast_head":"<!-- This site is optimized with the Yoast SEO plugin v27.5 - https:\/\/yoast.com\/product\/yoast-seo-wordpress\/ -->\n<title>Vid\u00e9o: Babsi Zangerl dans &quot;Achemine&quot; E9, 6c &#8211; L&#039;Arqu\u00e9e Libre - Fred Vionnet entraineur\/moniteur escalade<\/title>\n<meta name=\"robots\" content=\"index, follow, max-snippet:-1, max-image-preview:large, max-video-preview:-1\" \/>\n<link rel=\"canonical\" href=\"https:\/\/www.escalade.pro\/news\/video-babsi-zangerl-dans-achemine-e9-6c\/\" \/>\n<meta property=\"og:locale\" content=\"fr_FR\" \/>\n<meta property=\"og:type\" content=\"article\" \/>\n<meta property=\"og:title\" content=\"Vid\u00e9o: Babsi Zangerl dans &quot;Achemine&quot; E9, 6c &#8211; L&#039;Arqu\u00e9e Libre - Fred Vionnet entraineur\/moniteur escalade\" \/>\n<meta property=\"og:description\" content=\"Au mois de mai Babsi Zangerl s&rsquo;offrait la premi\u00e8re r\u00e9p\u00e9tition de \u00ab\u00a0Achemine\u00a0\u00bb (E9, 6c), le premier E9 d&rsquo;Ecosse ouvert en\" \/>\n<meta property=\"og:url\" content=\"https:\/\/www.escalade.pro\/news\/video-babsi-zangerl-dans-achemine-e9-6c\/\" \/>\n<meta property=\"og:site_name\" content=\"L&#039;Arqu\u00e9e Libre - Fred Vionnet entraineur\/moniteur escalade\" \/>\n<meta property=\"article:publisher\" content=\"https:\/\/www.facebook.com\/grimpisme\/\" \/>\n<meta property=\"article:author\" content=\"https:\/\/www.facebook.com\/fredCaillouXvionnet\" \/>\n<meta property=\"article:published_time\" content=\"2016-07-08T15:16:41+00:00\" \/>\n<meta property=\"article:modified_time\" content=\"2016-07-08T15:25:59+00:00\" \/>\n<meta property=\"og:image\" content=\"https:\/\/www.escalade.pro\/news\/wp-content\/uploads\/2016\/07\/zangerl.jpg\" \/>\n\t<meta property=\"og:image:width\" content=\"845\" \/>\n\t<meta property=\"og:image:height\" content=\"476\" \/>\n\t<meta property=\"og:image:type\" content=\"image\/jpeg\" \/>\n<meta name=\"author\" content=\"Fred Vionnet\" \/>\n<meta name=\"twitter:card\" content=\"summary_large_image\" \/>\n<meta name=\"twitter:label1\" content=\"\u00c9crit par\" \/>\n\t<meta name=\"twitter:data1\" content=\"Fred Vionnet\" \/>\n<script type=\"application\/ld+json\" class=\"yoast-schema-graph\">{\"@context\":\"https:\\\/\\\/schema.org\",\"@graph\":[{\"@type\":\"Article\",\"@id\":\"https:\\\/\\\/www.escalade.pro\\\/news\\\/video-babsi-zangerl-dans-achemine-e9-6c\\\/#article\",\"isPartOf\":{\"@id\":\"https:\\\/\\\/www.escalade.pro\\\/news\\\/video-babsi-zangerl-dans-achemine-e9-6c\\\/\"},\"author\":{\"name\":\"Fred Vionnet\",\"@id\":\"https:\\\/\\\/www.escalade.pro\\\/news\\\/#\\\/schema\\\/person\\\/e0e0520aa48cfda56ae5406c2fe2caeb\"},\"headline\":\"Vid\u00e9o: Babsi Zangerl dans \u00ab\u00a0Achemine\u00a0\u00bb E9, 6c\",\"datePublished\":\"2016-07-08T15:16:41+00:00\",\"dateModified\":\"2016-07-08T15:25:59+00:00\",\"mainEntityOfPage\":{\"@id\":\"https:\\\/\\\/www.escalade.pro\\\/news\\\/video-babsi-zangerl-dans-achemine-e9-6c\\\/\"},\"wordCount\":57,\"commentCount\":0,\"publisher\":{\"@id\":\"https:\\\/\\\/www.escalade.pro\\\/news\\\/#organization\"},\"image\":{\"@id\":\"https:\\\/\\\/www.escalade.pro\\\/news\\\/video-babsi-zangerl-dans-achemine-e9-6c\\\/#primaryimage\"},\"thumbnailUrl\":\"https:\\\/\\\/www.escalade.pro\\\/news\\\/wp-content\\\/uploads\\\/2016\\\/07\\\/zangerl.jpg\",\"articleSection\":[\"Escalade\",\"Vid\u00e9os\"],\"inLanguage\":\"fr-FR\",\"potentialAction\":[{\"@type\":\"CommentAction\",\"name\":\"Comment\",\"target\":[\"https:\\\/\\\/www.escalade.pro\\\/news\\\/video-babsi-zangerl-dans-achemine-e9-6c\\\/#respond\"]}]},{\"@type\":\"WebPage\",\"@id\":\"https:\\\/\\\/www.escalade.pro\\\/news\\\/video-babsi-zangerl-dans-achemine-e9-6c\\\/\",\"url\":\"https:\\\/\\\/www.escalade.pro\\\/news\\\/video-babsi-zangerl-dans-achemine-e9-6c\\\/\",\"name\":\"Vid\u00e9o: Babsi Zangerl dans \\\"Achemine\\\" E9, 6c &#8211; L&#039;Arqu\u00e9e Libre - Fred Vionnet entraineur\\\/moniteur escalade\",\"isPartOf\":{\"@id\":\"https:\\\/\\\/www.escalade.pro\\\/news\\\/#website\"},\"primaryImageOfPage\":{\"@id\":\"https:\\\/\\\/www.escalade.pro\\\/news\\\/video-babsi-zangerl-dans-achemine-e9-6c\\\/#primaryimage\"},\"image\":{\"@id\":\"https:\\\/\\\/www.escalade.pro\\\/news\\\/video-babsi-zangerl-dans-achemine-e9-6c\\\/#primaryimage\"},\"thumbnailUrl\":\"https:\\\/\\\/www.escalade.pro\\\/news\\\/wp-content\\\/uploads\\\/2016\\\/07\\\/zangerl.jpg\",\"datePublished\":\"2016-07-08T15:16:41+00:00\",\"dateModified\":\"2016-07-08T15:25:59+00:00\",\"breadcrumb\":{\"@id\":\"https:\\\/\\\/www.escalade.pro\\\/news\\\/video-babsi-zangerl-dans-achemine-e9-6c\\\/#breadcrumb\"},\"inLanguage\":\"fr-FR\",\"potentialAction\":[{\"@type\":\"ReadAction\",\"target\":[\"https:\\\/\\\/www.escalade.pro\\\/news\\\/video-babsi-zangerl-dans-achemine-e9-6c\\\/\"]}]},{\"@type\":\"ImageObject\",\"inLanguage\":\"fr-FR\",\"@id\":\"https:\\\/\\\/www.escalade.pro\\\/news\\\/video-babsi-zangerl-dans-achemine-e9-6c\\\/#primaryimage\",\"url\":\"https:\\\/\\\/www.escalade.pro\\\/news\\\/wp-content\\\/uploads\\\/2016\\\/07\\\/zangerl.jpg\",\"contentUrl\":\"https:\\\/\\\/www.escalade.pro\\\/news\\\/wp-content\\\/uploads\\\/2016\\\/07\\\/zangerl.jpg\",\"width\":845,\"height\":476},{\"@type\":\"BreadcrumbList\",\"@id\":\"https:\\\/\\\/www.escalade.pro\\\/news\\\/video-babsi-zangerl-dans-achemine-e9-6c\\\/#breadcrumb\",\"itemListElement\":[{\"@type\":\"ListItem\",\"position\":1,\"name\":\"Accueil\",\"item\":\"https:\\\/\\\/www.escalade.pro\\\/news\\\/\"},{\"@type\":\"ListItem\",\"position\":2,\"name\":\"Vid\u00e9o: Babsi Zangerl dans \u00ab\u00a0Achemine\u00a0\u00bb E9, 6c\"}]},{\"@type\":\"WebSite\",\"@id\":\"https:\\\/\\\/www.escalade.pro\\\/news\\\/#website\",\"url\":\"https:\\\/\\\/www.escalade.pro\\\/news\\\/\",\"name\":\"L&#039;Arqu\u00e9e Libre - Fred Vionnet entraineur\\\/moniteur escalade\",\"description\":\"Coaching et entrainement escalade. Buoux, C\u00e9\u00fcse et Fontainebleau.\",\"publisher\":{\"@id\":\"https:\\\/\\\/www.escalade.pro\\\/news\\\/#organization\"},\"potentialAction\":[{\"@type\":\"SearchAction\",\"target\":{\"@type\":\"EntryPoint\",\"urlTemplate\":\"https:\\\/\\\/www.escalade.pro\\\/news\\\/?s={search_term_string}\"},\"query-input\":{\"@type\":\"PropertyValueSpecification\",\"valueRequired\":true,\"valueName\":\"search_term_string\"}}],\"inLanguage\":\"fr-FR\"},{\"@type\":\"Organization\",\"@id\":\"https:\\\/\\\/www.escalade.pro\\\/news\\\/#organization\",\"name\":\"L&#039;Arqu\u00e9e Libre - Fred Vionnet entraineur\\\/moniteur escalade\",\"url\":\"https:\\\/\\\/www.escalade.pro\\\/news\\\/\",\"logo\":{\"@type\":\"ImageObject\",\"inLanguage\":\"fr-FR\",\"@id\":\"https:\\\/\\\/www.escalade.pro\\\/news\\\/#\\\/schema\\\/logo\\\/image\\\/\",\"url\":\"https:\\\/\\\/www.escalade.pro\\\/news\\\/wp-content\\\/uploads\\\/2026\\\/04\\\/logo-wp-AL-avril-2026-1.jpg\",\"contentUrl\":\"https:\\\/\\\/www.escalade.pro\\\/news\\\/wp-content\\\/uploads\\\/2026\\\/04\\\/logo-wp-AL-avril-2026-1.jpg\",\"width\":1955,\"height\":902,\"caption\":\"L&#039;Arqu\u00e9e Libre - Fred Vionnet entraineur\\\/moniteur escalade\"},\"image\":{\"@id\":\"https:\\\/\\\/www.escalade.pro\\\/news\\\/#\\\/schema\\\/logo\\\/image\\\/\"},\"sameAs\":[\"https:\\\/\\\/www.facebook.com\\\/grimpisme\\\/\",\"https:\\\/\\\/www.instagram.com\\\/grimpisme\\\/\",\"https:\\\/\\\/www.linkedin.com\\\/in\\\/fred-vionnet-6284b96a\\\/\",\"https:\\\/\\\/fr.pinterest.com\\\/grimpisme\\\/\",\"https:\\\/\\\/www.youtube.com\\\/@grimpisme\"]},{\"@type\":\"Person\",\"@id\":\"https:\\\/\\\/www.escalade.pro\\\/news\\\/#\\\/schema\\\/person\\\/e0e0520aa48cfda56ae5406c2fe2caeb\",\"name\":\"Fred Vionnet\",\"image\":{\"@type\":\"ImageObject\",\"inLanguage\":\"fr-FR\",\"@id\":\"https:\\\/\\\/secure.gravatar.com\\\/avatar\\\/a2f6c5fc695da895033dcd95afaa6aeda795d5122ab3a22a03e24aab7f3d96a6?s=96&d=blank&r=g\",\"url\":\"https:\\\/\\\/secure.gravatar.com\\\/avatar\\\/a2f6c5fc695da895033dcd95afaa6aeda795d5122ab3a22a03e24aab7f3d96a6?s=96&d=blank&r=g\",\"contentUrl\":\"https:\\\/\\\/secure.gravatar.com\\\/avatar\\\/a2f6c5fc695da895033dcd95afaa6aeda795d5122ab3a22a03e24aab7f3d96a6?s=96&d=blank&r=g\",\"caption\":\"Fred Vionnet\"},\"description\":\"Coach escalade en Haute Savoie. Pas contre une grande voie non plus. Mais on va \u00e0 C\u00e9\u00fcse, Fontainebleau, Buoux ou encore les Gorges du Verdon quand vous voulez.\",\"sameAs\":[\"http:\\\/\\\/www.grimpisme.com\",\"https:\\\/\\\/www.facebook.com\\\/fredCaillouXvionnet\",\"https:\\\/\\\/www.linkedin.com\\\/profile\\\/preview?vpa=pub&locale=fr_FR\",\"https:\\\/\\\/fr.pinterest.com\\\/grimpisme\\\/\",\"https:\\\/\\\/www.youtube.com\\\/user\\\/grimpisme\",\"https:\\\/\\\/soundcloud.com\\\/fredvionnet\"],\"url\":\"https:\\\/\\\/www.escalade.pro\\\/news\\\/author\\\/fred\\\/\"}]}<\/script>\n<!-- \/ Yoast SEO plugin. -->","yoast_head_json":{"title":"Vid\u00e9o: Babsi Zangerl dans \"Achemine\" E9, 6c &#8211; L&#039;Arqu\u00e9e Libre - Fred Vionnet entraineur\/moniteur escalade","robots":{"index":"index","follow":"follow","max-snippet":"max-snippet:-1","max-image-preview":"max-image-preview:large","max-video-preview":"max-video-preview:-1"},"canonical":"https:\/\/www.escalade.pro\/news\/video-babsi-zangerl-dans-achemine-e9-6c\/","og_locale":"fr_FR","og_type":"article","og_title":"Vid\u00e9o: Babsi Zangerl dans \"Achemine\" E9, 6c &#8211; L&#039;Arqu\u00e9e Libre - Fred Vionnet entraineur\/moniteur escalade","og_description":"Au mois de mai Babsi Zangerl s&rsquo;offrait la premi\u00e8re r\u00e9p\u00e9tition de \u00ab\u00a0Achemine\u00a0\u00bb (E9, 6c), le premier E9 d&rsquo;Ecosse ouvert en","og_url":"https:\/\/www.escalade.pro\/news\/video-babsi-zangerl-dans-achemine-e9-6c\/","og_site_name":"L&#039;Arqu\u00e9e Libre - Fred Vionnet entraineur\/moniteur escalade","article_publisher":"https:\/\/www.facebook.com\/grimpisme\/","article_author":"https:\/\/www.facebook.com\/fredCaillouXvionnet","article_published_time":"2016-07-08T15:16:41+00:00","article_modified_time":"2016-07-08T15:25:59+00:00","og_image":[{"width":845,"height":476,"url":"https:\/\/www.escalade.pro\/news\/wp-content\/uploads\/2016\/07\/zangerl.jpg","type":"image\/jpeg"}],"author":"Fred Vionnet","twitter_card":"summary_large_image","twitter_misc":{"\u00c9crit par":"Fred Vionnet"},"schema":{"@context":"https:\/\/schema.org","@graph":[{"@type":"Article","@id":"https:\/\/www.escalade.pro\/news\/video-babsi-zangerl-dans-achemine-e9-6c\/#article","isPartOf":{"@id":"https:\/\/www.escalade.pro\/news\/video-babsi-zangerl-dans-achemine-e9-6c\/"},"author":{"name":"Fred Vionnet","@id":"https:\/\/www.escalade.pro\/news\/#\/schema\/person\/e0e0520aa48cfda56ae5406c2fe2caeb"},"headline":"Vid\u00e9o: Babsi Zangerl dans \u00ab\u00a0Achemine\u00a0\u00bb E9, 6c","datePublished":"2016-07-08T15:16:41+00:00","dateModified":"2016-07-08T15:25:59+00:00","mainEntityOfPage":{"@id":"https:\/\/www.escalade.pro\/news\/video-babsi-zangerl-dans-achemine-e9-6c\/"},"wordCount":57,"commentCount":0,"publisher":{"@id":"https:\/\/www.escalade.pro\/news\/#organization"},"image":{"@id":"https:\/\/www.escalade.pro\/news\/video-babsi-zangerl-dans-achemine-e9-6c\/#primaryimage"},"thumbnailUrl":"https:\/\/www.escalade.pro\/news\/wp-content\/uploads\/2016\/07\/zangerl.jpg","articleSection":["Escalade","Vid\u00e9os"],"inLanguage":"fr-FR","potentialAction":[{"@type":"CommentAction","name":"Comment","target":["https:\/\/www.escalade.pro\/news\/video-babsi-zangerl-dans-achemine-e9-6c\/#respond"]}]},{"@type":"WebPage","@id":"https:\/\/www.escalade.pro\/news\/video-babsi-zangerl-dans-achemine-e9-6c\/","url":"https:\/\/www.escalade.pro\/news\/video-babsi-zangerl-dans-achemine-e9-6c\/","name":"Vid\u00e9o: Babsi Zangerl dans \"Achemine\" E9, 6c &#8211; L&#039;Arqu\u00e9e Libre - Fred Vionnet entraineur\/moniteur escalade","isPartOf":{"@id":"https:\/\/www.escalade.pro\/news\/#website"},"primaryImageOfPage":{"@id":"https:\/\/www.escalade.pro\/news\/video-babsi-zangerl-dans-achemine-e9-6c\/#primaryimage"},"image":{"@id":"https:\/\/www.escalade.pro\/news\/video-babsi-zangerl-dans-achemine-e9-6c\/#primaryimage"},"thumbnailUrl":"https:\/\/www.escalade.pro\/news\/wp-content\/uploads\/2016\/07\/zangerl.jpg","datePublished":"2016-07-08T15:16:41+00:00","dateModified":"2016-07-08T15:25:59+00:00","breadcrumb":{"@id":"https:\/\/www.escalade.pro\/news\/video-babsi-zangerl-dans-achemine-e9-6c\/#breadcrumb"},"inLanguage":"fr-FR","potentialAction":[{"@type":"ReadAction","target":["https:\/\/www.escalade.pro\/news\/video-babsi-zangerl-dans-achemine-e9-6c\/"]}]},{"@type":"ImageObject","inLanguage":"fr-FR","@id":"https:\/\/www.escalade.pro\/news\/video-babsi-zangerl-dans-achemine-e9-6c\/#primaryimage","url":"https:\/\/www.escalade.pro\/news\/wp-content\/uploads\/2016\/07\/zangerl.jpg","contentUrl":"https:\/\/www.escalade.pro\/news\/wp-content\/uploads\/2016\/07\/zangerl.jpg","width":845,"height":476},{"@type":"BreadcrumbList","@id":"https:\/\/www.escalade.pro\/news\/video-babsi-zangerl-dans-achemine-e9-6c\/#breadcrumb","itemListElement":[{"@type":"ListItem","position":1,"name":"Accueil","item":"https:\/\/www.escalade.pro\/news\/"},{"@type":"ListItem","position":2,"name":"Vid\u00e9o: Babsi Zangerl dans \u00ab\u00a0Achemine\u00a0\u00bb E9, 6c"}]},{"@type":"WebSite","@id":"https:\/\/www.escalade.pro\/news\/#website","url":"https:\/\/www.escalade.pro\/news\/","name":"L&#039;Arqu\u00e9e Libre - Fred Vionnet entraineur\/moniteur escalade","description":"Coaching et entrainement escalade. Buoux, C\u00e9\u00fcse et Fontainebleau.","publisher":{"@id":"https:\/\/www.escalade.pro\/news\/#organization"},"potentialAction":[{"@type":"SearchAction","target":{"@type":"EntryPoint","urlTemplate":"https:\/\/www.escalade.pro\/news\/?s={search_term_string}"},"query-input":{"@type":"PropertyValueSpecification","valueRequired":true,"valueName":"search_term_string"}}],"inLanguage":"fr-FR"},{"@type":"Organization","@id":"https:\/\/www.escalade.pro\/news\/#organization","name":"L&#039;Arqu\u00e9e Libre - Fred Vionnet entraineur\/moniteur escalade","url":"https:\/\/www.escalade.pro\/news\/","logo":{"@type":"ImageObject","inLanguage":"fr-FR","@id":"https:\/\/www.escalade.pro\/news\/#\/schema\/logo\/image\/","url":"https:\/\/www.escalade.pro\/news\/wp-content\/uploads\/2026\/04\/logo-wp-AL-avril-2026-1.jpg","contentUrl":"https:\/\/www.escalade.pro\/news\/wp-content\/uploads\/2026\/04\/logo-wp-AL-avril-2026-1.jpg","width":1955,"height":902,"caption":"L&#039;Arqu\u00e9e Libre - Fred Vionnet entraineur\/moniteur escalade"},"image":{"@id":"https:\/\/www.escalade.pro\/news\/#\/schema\/logo\/image\/"},"sameAs":["https:\/\/www.facebook.com\/grimpisme\/","https:\/\/www.instagram.com\/grimpisme\/","https:\/\/www.linkedin.com\/in\/fred-vionnet-6284b96a\/","https:\/\/fr.pinterest.com\/grimpisme\/","https:\/\/www.youtube.com\/@grimpisme"]},{"@type":"Person","@id":"https:\/\/www.escalade.pro\/news\/#\/schema\/person\/e0e0520aa48cfda56ae5406c2fe2caeb","name":"Fred Vionnet","image":{"@type":"ImageObject","inLanguage":"fr-FR","@id":"https:\/\/secure.gravatar.com\/avatar\/a2f6c5fc695da895033dcd95afaa6aeda795d5122ab3a22a03e24aab7f3d96a6?s=96&d=blank&r=g","url":"https:\/\/secure.gravatar.com\/avatar\/a2f6c5fc695da895033dcd95afaa6aeda795d5122ab3a22a03e24aab7f3d96a6?s=96&d=blank&r=g","contentUrl":"https:\/\/secure.gravatar.com\/avatar\/a2f6c5fc695da895033dcd95afaa6aeda795d5122ab3a22a03e24aab7f3d96a6?s=96&d=blank&r=g","caption":"Fred Vionnet"},"description":"Coach escalade en Haute Savoie. Pas contre une grande voie non plus. Mais on va \u00e0 C\u00e9\u00fcse, Fontainebleau, Buoux ou encore les Gorges du Verdon quand vous voulez.","sameAs":["http:\/\/www.grimpisme.com","https:\/\/www.facebook.com\/fredCaillouXvionnet","https:\/\/www.linkedin.com\/profile\/preview?vpa=pub&locale=fr_FR","https:\/\/fr.pinterest.com\/grimpisme\/","https:\/\/www.youtube.com\/user\/grimpisme","https:\/\/soundcloud.com\/fredvionnet"],"url":"https:\/\/www.escalade.pro\/news\/author\/fred\/"}]}},"jetpack_publicize_connections":[],"jetpack_featured_media_url":"https:\/\/www.escalade.pro\/news\/wp-content\/uploads\/2016\/07\/zangerl.jpg","jetpack_sharing_enabled":true,"jetpack_shortlink":"https:\/\/wp.me\/p68Rw6-3a7","jetpack-related-posts":[{"id":14930,"url":"https:\/\/www.escalade.pro\/news\/video-zangerl-jlarcher-zodiac\/","url_meta":{"origin":12159,"position":0},"title":"Vid\u00e9o: Babsi Zangerl et Jacopo Larcher dans \u00ab\u00a0Zodiac\u00a0\u00bb (5.13d, Yosemite)","author":"Fred Vionnet","date":"10 ao\u00fbt 2017","format":false,"excerpt":"Voici Babsi Zangerl et Jacopo Larcher qui lib\u00e8rent la voie \u201cZodiac\u201d sur El Capitan. Celle voie d\u2019escalade artificielle, ouverte en 1972 par Charlie Porter, est lib\u00e9r\u00e9 par les fr\u00e8res Huber en 2003 avec quelques variantes.","rel":"","context":"Dans &quot;Escalade&quot;","block_context":{"text":"Escalade","link":"https:\/\/www.escalade.pro\/news\/category\/escalade\/"},"img":{"alt_text":"","src":"https:\/\/i0.wp.com\/www.escalade.pro\/news\/wp-content\/uploads\/2017\/08\/zodiac.jpg?resize=350%2C200&ssl=1","width":350,"height":200,"srcset":"https:\/\/i0.wp.com\/www.escalade.pro\/news\/wp-content\/uploads\/2017\/08\/zodiac.jpg?resize=350%2C200&ssl=1 1x, https:\/\/i0.wp.com\/www.escalade.pro\/news\/wp-content\/uploads\/2017\/08\/zodiac.jpg?resize=525%2C300&ssl=1 1.5x, https:\/\/i0.wp.com\/www.escalade.pro\/news\/wp-content\/uploads\/2017\/08\/zodiac.jpg?resize=700%2C400&ssl=1 2x"},"classes":[]},{"id":1716,"url":"https:\/\/www.escalade.pro\/news\/prises-taillees-roche-motte\/","url_meta":{"origin":12159,"position":1},"title":"Les prises taill\u00e9es de la Roche Motte (05)","author":"Fred Vionnet","date":"10 mai 2014","format":false,"excerpt":"Je ne comprends pas la motivation des ouvreurs. Leurs niveaux techniques ne leur permettait pas d'envisager la voie comme possible sans bidouiller?","rel":"","context":"Dans &quot;Coups de gueule&quot;","block_context":{"text":"Coups de gueule","link":"https:\/\/www.escalade.pro\/news\/category\/coup-de-gueule\/"},"img":{"alt_text":"escalade roche motte hautes alpes","src":"https:\/\/i0.wp.com\/www.escalade.pro\/news\/wp-content\/uploads\/2014\/05\/P1040135-300x225.jpg?resize=350%2C200","width":350,"height":200},"classes":[]},{"id":16461,"url":"https:\/\/www.escalade.pro\/news\/aiguille-purtscheller-arete-sud\/","url_meta":{"origin":12159,"position":2},"title":"Aiguille Purtscheller, ar\u00eate sud classique","author":"Fred Vionnet","date":"20 juillet 2018","format":false,"excerpt":"Chaque longueur est belle, avec une mention sp\u00e9ciale \u00e0 la chemin\u00e9e sur feuillets, que Kirsten d\u00e9crit comme \u201cune longueur de 4c avec un pas de 6c pour passer un bloc coinc\u00e9\u201d. Elle exag\u00e8re un peu, mais c\u2019est vrai que le r\u00e9ta est vraiment pas simple du tout.","rel":"","context":"Dans &quot;Alpinisme&quot;","block_context":{"text":"Alpinisme","link":"https:\/\/www.escalade.pro\/news\/category\/alpinisme\/"},"img":{"alt_text":"Aiguille Purtscheller, ar\u00eate sud classique escalade","src":"https:\/\/i0.wp.com\/www.escalade.pro\/news\/wp-content\/uploads\/2018\/07\/P1120240.jpg?resize=350%2C200&ssl=1","width":350,"height":200,"srcset":"https:\/\/i0.wp.com\/www.escalade.pro\/news\/wp-content\/uploads\/2018\/07\/P1120240.jpg?resize=350%2C200&ssl=1 1x, https:\/\/i0.wp.com\/www.escalade.pro\/news\/wp-content\/uploads\/2018\/07\/P1120240.jpg?resize=525%2C300&ssl=1 1.5x, https:\/\/i0.wp.com\/www.escalade.pro\/news\/wp-content\/uploads\/2018\/07\/P1120240.jpg?resize=700%2C400&ssl=1 2x, https:\/\/i0.wp.com\/www.escalade.pro\/news\/wp-content\/uploads\/2018\/07\/P1120240.jpg?resize=1050%2C600&ssl=1 3x"},"classes":[]},{"id":11583,"url":"https:\/\/www.escalade.pro\/news\/escalade-pouit\/","url_meta":{"origin":12159,"position":3},"title":"Geant Casino","author":"Fred Vionnet","date":"25 mars 2011","format":false,"excerpt":"Non non je ne suis pas all\u00e9 faire des courses au supermarch\u00e9 hier apr\u00e8s-midi, je suis plut\u00f4t all\u00e9 faire 3 longueurs au secteur Geant Casino du Pouit pour profiter de ces jolies voies parfois longues avec un ciel et un soleil magnifiques. Cela fait 2 s\u00e9ances de caillou cette semaine,\u2026","rel":"","context":"Dans &quot;News et actu&quot;","block_context":{"text":"News et actu","link":"https:\/\/www.escalade.pro\/news\/category\/news\/"},"img":{"alt_text":"","src":"","width":0,"height":0},"classes":[]},{"id":7826,"url":"https:\/\/www.escalade.pro\/news\/nouvelle-voie-paroi-duc-verdon-retrouvailles\/","url_meta":{"origin":12159,"position":4},"title":"Nouvelle voie dans la paroi du Duc, Verdon","author":"Fred Vionnet","date":"2 mars 2016","format":false,"excerpt":"Sandrine Ollagnier et Yann Rolland ont ouvert du bas en juin 2015 la voie \"Les Retrouvailles\" dans la paroi du Duc au Verdon. Voil\u00e0 une nouvelle voie dans cette paroi raide et prisu qui est un spot id\u00e9al pour les p\u00e9riodes chaudes (\"Alix\" et \"S\u00e9rie Limit\u00e9e\" sont des classiques) Avis\u2026","rel":"","context":"Dans &quot;Escalade&quot;","block_context":{"text":"Escalade","link":"https:\/\/www.escalade.pro\/news\/category\/escalade\/"},"img":{"alt_text":"voie escalade retrouvailles verdon duc","src":"https:\/\/i0.wp.com\/www.escalade.pro\/news\/wp-content\/uploads\/2016\/03\/retrouvailles_verdon_duc-1-225x300.jpg?resize=350%2C200","width":350,"height":200},"classes":[]},{"id":3887,"url":"https:\/\/www.escalade.pro\/news\/falaises_majorque\/","url_meta":{"origin":12159,"position":5},"title":"Grimpe sur les falaises de Majorque","author":"Fred Vionnet","date":"24 novembre 2014","format":false,"excerpt":"De retour d'une semaine \u00e0 Majorque avec une m\u00e9t\u00e9o bien moyenne, je vous propose un passage en revue des quelques spots visit\u00e9s et des infos pratiques. Cela pourra je l'esp\u00e8re vous aider \u00e0 pr\u00e9parer votre trip de grimpe sur cette belle \u00eele, en compl\u00e9ment de cet article du blog de\u2026","rel":"","context":"Dans &quot;News et actu&quot;","block_context":{"text":"News et actu","link":"https:\/\/www.escalade.pro\/news\/category\/news\/"},"img":{"alt_text":"","src":"https:\/\/i0.wp.com\/www.escalade.pro\/news\/wp-content\/uploads\/ngg_featured\/P1050525.jpg?resize=350%2C200&ssl=1","width":350,"height":200,"srcset":"https:\/\/i0.wp.com\/www.escalade.pro\/news\/wp-content\/uploads\/ngg_featured\/P1050525.jpg?resize=350%2C200&ssl=1 1x, https:\/\/i0.wp.com\/www.escalade.pro\/news\/wp-content\/uploads\/ngg_featured\/P1050525.jpg?resize=525%2C300&ssl=1 1.5x, https:\/\/i0.wp.com\/www.escalade.pro\/news\/wp-content\/uploads\/ngg_featured\/P1050525.jpg?resize=700%2C400&ssl=1 2x"},"classes":[]}],"_links":{"self":[{"href":"https:\/\/www.escalade.pro\/news\/wp-json\/wp\/v2\/posts\/12159","targetHints":{"allow":["GET"]}}],"collection":[{"href":"https:\/\/www.escalade.pro\/news\/wp-json\/wp\/v2\/posts"}],"about":[{"href":"https:\/\/www.escalade.pro\/news\/wp-json\/wp\/v2\/types\/post"}],"author":[{"embeddable":true,"href":"https:\/\/www.escalade.pro\/news\/wp-json\/wp\/v2\/users\/1"}],"replies":[{"embeddable":true,"href":"https:\/\/www.escalade.pro\/news\/wp-json\/wp\/v2\/comments?post=12159"}],"version-history":[{"count":6,"href":"https:\/\/www.escalade.pro\/news\/wp-json\/wp\/v2\/posts\/12159\/revisions"}],"predecessor-version":[{"id":12167,"href":"https:\/\/www.escalade.pro\/news\/wp-json\/wp\/v2\/posts\/12159\/revisions\/12167"}],"wp:featuredmedia":[{"embeddable":true,"href":"https:\/\/www.escalade.pro\/news\/wp-json\/wp\/v2\/media\/12161"}],"wp:attachment":[{"href":"https:\/\/www.escalade.pro\/news\/wp-json\/wp\/v2\/media?parent=12159"}],"wp:term":[{"taxonomy":"category","embeddable":true,"href":"https:\/\/www.escalade.pro\/news\/wp-json\/wp\/v2\/categories?post=12159"},{"taxonomy":"post_tag","embeddable":true,"href":"https:\/\/www.escalade.pro\/news\/wp-json\/wp\/v2\/tags?post=12159"}],"curies":[{"name":"wp","href":"https:\/\/api.w.org\/{rel}","templated":true}]}}